{"id":115943,"date":"2020-03-24T13:07:55","date_gmt":"2020-03-24T13:07:55","guid":{"rendered":"https:\/\/www.mundiplus.com\/el-pedron\/"},"modified":"2024-12-21T10:54:38","modified_gmt":"2024-12-21T10:54:38","slug":"el-pedron","status":"publish","type":"post","link":"https:\/\/www.mundiplus.com\/it\/blog\/el-pedron-origine-del-camino-de-santiago\/","title":{"rendered":"El Pedron"},"content":{"rendered":"<p><strong>Il Pedr\u00f3n \u00e8 un&#8217;ara romana di granito<\/strong>, dedicata al Dio Nettuno, Dio del mare, che fu costruita probabilmente nel II secolo e che d\u00e0 il nome alla citt\u00e0 di Padron, situata nel <a href=\"https:\/\/www.mundiplus.com\/it\/caminos\/a-pie\/camino-portugues\/tui-santiago\" target=\"_blank\" rel=\"noopener noreferrer\">Cammino Portoghese da Tui<\/a>.<\/p>\n<p>Sulla stessa appare la seguente iscrizione: &#8220;NO ORIS ESES D S P&#8221;, che viene interpretata come &#8220;A Nettuno, il Foro Iriense, con i suoi soldi&#8221; o &#8220;A Nettuno, gli Oriesi hanno eretto questo monumento a proprie spese&#8221; (poich\u00e9 molte lettere sono scomparse a causa dell&#8217;usura del tempo e della tradizione medievale di abbracciare la &#8220;pietra&#8221; da parte dei pellegrini che facevano <a href=\"https:\/\/www.mundiplus.com\/it\/\" target=\"_blank\" rel=\"noopener\">viaggi organizzati al Cammino di Santiago<\/a>).<\/p>\n<p><img fetchpriority=\"high\" decoding=\"async\" class=\"aligncenter wp-image-13308 size-full\" src=\"https:\/\/www.mundiplus.com\/wp-content\/uploads\/2024\/04\/Iglesia-santiago-padron.jpg\" alt=\"Iglesia-santiago-pedron\" width=\"1024\" height=\"683\" \/><\/p>\n<p>Veniva utilizzato per legare le imbarcazioni nel porto esterno di Iria Flavia, dai Fenici, e secondo la tradizione, il &#8220;Pedr\u00f3n&#8221; serv\u00ec per legare la barca che trasport\u00f2 il corpo dell&#8217;Apostolo Giacomo da Palestina alla Galizia. Potrebbe essere considerato parte del molo millenario di Iria Flavia. Per questo motivo, si \u00e8 derivata la grande importanza che ebbe la citt\u00e0 di Padr\u00f3n nei primi anni di pellegrinaggio, e infatti, tra i pellegrini, si sentiva spesso il detto: &#8220;Chi va a Santiago e non va a Padron, o fa la Romer\u00eda o non va.&#8221;<\/p>\n<p>Si trova sotto l&#8217;altare maggiore della Chiesa di Santiago di Padr\u00f3n, che si trova vicino al fiume Sar. Molti dicono che sia qui che realmente inizia l&#8217;origine del Cammino di Santiago.<\/p>\n<p><img decoding=\"async\" class=\"alignnone wp-image-21337 size-large\" src=\"https:\/\/www.mundiplus.com\/wp-content\/uploads\/2024\/04\/ermita-santiaguino-do-monte-1024x512.jpg\" alt=\"ermita santiaguino do monte\" width=\"1024\" height=\"512\" \/><\/p>\n<p>&nbsp;<\/p>\n<p>Molto vicino a essa, su una montagna vicina, si trova l&#8217;Altare dell&#8217;Apostolo, <a href=\"https:\/\/www.guiarepsol.com\/es\/fichas\/monumento\/ermita-de-santiaguino-del-monte-14842\/\" target=\"_blank\" rel=\"nofollow noopener\">Ermita de Santiagui\u00f1o do Monte<\/a>, in una zona rocciosa dove si trova un crocifisso e la figura dell&#8217;apostolo, dove secondo la tradizione si dice che avesse predicato ai gentili e dove, con il suo bastone, fece sorgere la fonte miracolosa che si trova sotto l&#8217;eremo, nelle vicinanze. Nel Medioevo, i pellegrini solitamente saliva i suoi gradini in ginocchio, pregando su ognuno di essi, l&#8217;inferno, il cielo e il purgatorio, come venivano chiamati.<\/p>\n<p>Alla localit\u00e0 di Padron si pu\u00f2 arrivare a piedi percorrendo la tappa Caldas de Rei-Padron, oppure si pu\u00f2 fare la <a href=\"https:\/\/www.mundiplus.com\/it\/blog\/variante-espiritual-del-camino-portugues-la-translatio\" target=\"_blank\" rel=\"noopener noreferrer\">variante spirituale<\/a> con La Translatio in barca, percorrendo gli ultimi 2,5 km a piedi. Altri pellegrini decidono di <a href=\"https:\/\/www.mundiplus.com\/it\/caminos\/a-pie\/camino-frances\/camino-de-santiago-desde-sarria\" target=\"_blank\" rel=\"noopener\">fare il Cammino di Santiago da Sarria<\/a> come primo approccio, data la sua popolarit\u00e0, per poi passare al Cammino Portoghese dove possono gi\u00e0 vedere il Pedr\u00f3n.<\/p>\n","protected":false},"excerpt":{"rendered":"<p>Il Pedr\u00f3n \u00e8 un&#8217;ara romana di granito, dedicata al Dio Nettuno, Dio del mare, che fu costruita probabilmente nel II secolo e che d\u00e0 il nome alla citt\u00e0 di Padron, situata nel Cammino Portoghese da Tui. Sulla stessa appare la seguente iscrizione: &#8220;NO ORIS ESES D S P&#8221;, che viene interpretata come &#8220;A Nettuno, il [&hellip;]<\/p>\n","protected":false},"author":1,"featured_media":82665,"comment_status":"open","ping_status":"open","sticky":false,"template":"","format":"standard","meta":{"footnotes":""},"categories":[573,577],"tags":[],"class_list":["post-115943","post","type-post","status-publish","format-standard","has-post-thumbnail","hentry","category-blog-del-cammino","category-cammino-a-piedi"],"_links":{"self":[{"href":"https:\/\/www.mundiplus.com\/it\/wp-json\/wp\/v2\/posts\/115943","targetHints":{"allow":["GET"]}}],"collection":[{"href":"https:\/\/www.mundiplus.com\/it\/wp-json\/wp\/v2\/posts"}],"about":[{"href":"https:\/\/www.mundiplus.com\/it\/wp-json\/wp\/v2\/types\/post"}],"author":[{"embeddable":true,"href":"https:\/\/www.mundiplus.com\/it\/wp-json\/wp\/v2\/users\/1"}],"replies":[{"embeddable":true,"href":"https:\/\/www.mundiplus.com\/it\/wp-json\/wp\/v2\/comments?post=115943"}],"version-history":[{"count":0,"href":"https:\/\/www.mundiplus.com\/it\/wp-json\/wp\/v2\/posts\/115943\/revisions"}],"wp:featuredmedia":[{"embeddable":true,"href":"https:\/\/www.mundiplus.com\/it\/wp-json\/wp\/v2\/media\/82665"}],"wp:attachment":[{"href":"https:\/\/www.mundiplus.com\/it\/wp-json\/wp\/v2\/media?parent=115943"}],"wp:term":[{"taxonomy":"category","embeddable":true,"href":"https:\/\/www.mundiplus.com\/it\/wp-json\/wp\/v2\/categories?post=115943"},{"taxonomy":"post_tag","embeddable":true,"href":"https:\/\/www.mundiplus.com\/it\/wp-json\/wp\/v2\/tags?post=115943"}],"curies":[{"name":"wp","href":"https:\/\/api.w.org\/{rel}","templated":true}]}}