{"id":115972,"date":"2018-01-27T15:53:43","date_gmt":"2018-01-27T15:53:43","guid":{"rendered":"https:\/\/www.mundiplus.com\/storia-del-cammino-di-santiago\/"},"modified":"2024-12-23T11:48:49","modified_gmt":"2024-12-23T11:48:49","slug":"storia-del-cammino-di-santiago","status":"publish","type":"post","link":"https:\/\/www.mundiplus.com\/it\/blog\/storia-del-cammino-di-santiago\/","title":{"rendered":"Storia del Cammino di Santiago"},"content":{"rendered":"<p>Il Cammino di Santiago \u00e8 considerato una via storica di pellegrinaggio da quando un eremita, di nome Paio, trov\u00f2 le reliquie dell&#8217;Apostolo Giacomo il Maggiore in Galizia, intorno all&#8217;anno 830. Da pi\u00f9 di 10 anni la nostra <a href=\"https:\/\/www.mundiplus.com\/it\" target=\"_blank\" rel=\"noopener\">Agenzia di viaggi del Cammino di Santiago<\/a> progetta pacchetti di viaggio con tutti i servizi necessari per il comfort e il piacere dei pellegrini.<\/p>\n<h2>ORIGINE DEL CAMMINO DI SANTIAGO<\/h2>\n<p>La storia del Cammino di Santiago racconta che le prime peregrinazioni nacquero nel Medioevo come pellegrinaggio cristiano verso la tomba di Santiago di Zebedeo, conosciuto anche come Santiago il Maggiore, uno dei principali apostoli di Ges\u00f9 Cristo. La leggenda narra che, una volta decapitato per ordine di Erode, nell\u2019anno 44 della nostra era, le sue spoglie furono trasportate dai suoi discepoli, dalla Palestina fino a un luogo situato in Gallaecia (l\u2019attuale comunit\u00e0 gallega), su una <strong>&#8220;barca di pietra&#8221;<\/strong> dove, dopo molte difficolt\u00e0, trasporti e vicissitudini, riposano all\u2019interno di una urna di legno intagliato in argento, situata sotto l&#8217;altare maggiore della <a href=\"https:\/\/www.mundiplus.com\/it\/blog\/catedral-de-santiago-de-compostela\" target=\"_blank\" rel=\"noopener\">Cattedrale di Santiago<\/a>, insieme ai suoi discepoli Atanasio e Teodoro.<\/p>\n<p>Santiago il Maggiore era fratello di Giovanni Battista, figli entrambi di Zebedeo, e faceva parte dei dodici apostoli che accompagnavano Ges\u00f9 Cristo. Dopo la morte del Signore, peregrin\u00f2 nella Hispania romana, dove gli apparve la Vergine Maria, in due occasioni, a Mux\u00eda (Galizia) e a Saragozza, per infondergli coraggio nella sua missione evangelizzatrice.<\/p>\n<p>Da allora, Santiago de Compostela, insieme a Roma e Gerusalemme, costituiscono i tre <strong>luoghi santi di pellegrinaggio nel mondo del Cristianesimo<\/strong>.<\/p>\n<p>Nel luogo dove furono trovate le <a href=\"https:\/\/www.mundiplus.com\/it\/blog\/la-tumba-del-apostol-santiago-y-sus-origenes\" target=\"_blank\" rel=\"noopener noreferrer\">spoglie dell&#8217;apostolo Santiago<\/a>, fu costruita una prima chiesa, che, dopo numerosi ampliamenti nel corso dei secoli, divenne quella che oggi \u00e8 la Cattedrale di Santiago de Compostela.<br \/>\n<img fetchpriority=\"high\" decoding=\"async\" class=\"alignnone wp-image-2347 size-full\" src=\"https:\/\/www.mundiplus.com\/wp-content\/uploads\/2024\/04\/Mapa-Camino-Santiago.jpg\" alt=\"mappa cammino di santiago\" width=\"1392\" height=\"1152\" \/><\/p>\n<h2>IL PRIMO PELLEGRINO DELLA STORIA DEL CAMMINO DI SANTIAGO<\/h2>\n<p>Ufficialmente, la tomba dell&#8217;Apostolo Santiago fu scoperta nel IX secolo, quando il Vescovo di Ir\u00eda Flavia, Teodomiro, lo comunic\u00f2 al <strong>re asturiano Alfonso II, il Casto, <\/strong>il quale intraprese la prima peregrinazione della storia e ordin\u00f2 la costruzione di un tempio sopra l&#8217;antica necropoli che in seguito diventer\u00e0 l\u2019attuale Cattedrale di Santiago.<\/p>\n<p>Nel 834, il re sopracitato, insieme alla sua corte, peregrin\u00f2 da Oviedo a Santiago de Compostela, in quello che oggi conosciamo come il <a href=\"https:\/\/www.mundiplus.com\/it\/caminos\/a-pie\/camino-primitivo\" target=\"_blank\" rel=\"noopener noreferrer\">Cammino Primitivo<\/a>, diventando cos\u00ec il primo pellegrino conosciuto su questa via. Per questo motivo la citt\u00e0 di Oviedo rappresenta il vero chilometro zero di tutti i Cammini di Santiago.<\/p>\n<p>Da quel momento inizi\u00f2 il pellegrinaggio verso la tomba dell&#8217;apostolo Santiago, proveniente principalmente dalla Francia, Italia, Inghilterra e dall&#8217;Impero Germanico, attraverso la parte settentrionale della Spagna, poich\u00e9 gran parte del territorio spagnolo era dominato dai musulmani che avevano invaso la Penisola iberica.<\/p>\n<h2>EVOLUZIONE DEI PELLEGRINAGGI VERSO IL CAMMINO DI SANTIAGO<\/h2>\n<p>I pellegrinaggi jacobei sono stati un fenomeno complesso, con motivazioni prevalentemente religiose, ma anche economiche.<\/p>\n<p>Man mano che avanzava la Reconquista e si consolidavano i diversi territori peninsulari, furono incorporate altre vie di pellegrinaggio, principalmente il cosiddetto <a href=\"https:\/\/www.mundiplus.com\/it\/caminos\/a-pie\/camino-frances\" target=\"_blank\" rel=\"noopener noreferrer\">Cammino Francese<\/a>, chiamato cos\u00ec perch\u00e9, per lo pi\u00f9, erano i francesi a recarsi a Santiago. Allo stesso modo, altre importanti vie di pellegrinaggio furono introdotte e consolidate, sebbene in misura minore, come il <a href=\"https:\/\/www.mundiplus.com\/it\/caminos\/a-pie\/camino-ingles\" target=\"_blank\" rel=\"noopener noreferrer\">Cammino Inglese<\/a>, che inizia a La Coru\u00f1a e Ferrol, e il <a href=\"https:\/\/www.mundiplus.com\/it\/caminos\/a-pie\/camino-portugues\" target=\"_blank\" rel=\"noopener noreferrer\">Cammino Portoghese<\/a>, che parte da Lisbona o Oporto.<\/p>\n<p>Il fervore jacobeo si diffuse come un incendio nel continente, soprattutto nei secoli XI e XII, raggiungendo il suo massimo apice. Frutto di questo fenomeno furono realizzate e stabilite numerose infrastrutture lungo i vari Cammini per facilitare l&#8217;accoglienza dei pellegrini, come alloggi, <a href=\"https:\/\/www.mundiplus.com\/it\/blog\/hospitales-de-peregrinos-en-el-camino-de-santiago\" target=\"_blank\" rel=\"noopener noreferrer\">assistenza sanitaria<\/a>, guado dei fiumi, buone condizioni delle strade, chiese e rifornimenti necessari.<\/p>\n<p><img decoding=\"async\" class=\"alignnone wp-image-13373 size-full\" src=\"https:\/\/www.mundiplus.com\/wp-content\/uploads\/2024\/04\/Camino-de-santiago-origen.jpg\" alt=\"Pellegrinaggi verso il Cammino di Santiago\" width=\"500\" height=\"282\" \/><\/p>\n<h2>NASCITA DI ORDINI RELIGIOSI E NUOVE CITT\u00c0<\/h2>\n<p>A occuparsi di ci\u00f2 furono, in gran parte, gli ordini religiosi che si insediarono lungo questo Cammino, principalmente l&#8217;Ordine di Cluny, originario della Francia, tutto con la protezione e i favori dei rispettivi re di Navarra, Castiglia e Le\u00f3n, tra cui spiccano Sancho Ram\u00edrez, Fernando I e Alfonso VI.<\/p>\n<p>Questo port\u00f2 alla creazione di <strong>nuove citt\u00e0<\/strong> e villaggi o al notevole aumento della popolazione, lungo i diversi Cammini che portavano a Santiago attraverso la Penisola, soprattutto nel Cammino Francese, poich\u00e9 molti pellegrini si stabilivano in queste citt\u00e0, cos\u00ec come altre persone provenienti dalla ripopolazione dei territori riconquistati dai musulmani.<\/p>\n<p>Esempi di alcune di queste citt\u00e0 sono: Boadilla del Camino, Redecilla del Camino, Hornillos del Camino, Villadangos.<\/p>\n<p>A causa dell&#8217;alto numero di pellegrini, furono <strong>stabilite norme per la loro protezione<\/strong>, vista la proliferazione di briganti lungo la strada, e furono creati Ordini religiosi\/militari, come l&#8217;Ordine di Santiago o i <a href=\"https:\/\/www.mundiplus.com\/it\/blog\/templarios-en-el-camino-de-santiago\" target=\"_blank\" rel=\"noopener noreferrer\">templari<\/a>, per proteggere i pellegrini lungo il cammino.<\/p>\n<p>Prima della partenza, venivano rilasciati ai pellegrini documenti\/lettere di raccomandazione dalle autorit\u00e0 civili e religiose affinch\u00e9 venisse loro facilitata l&#8217;assistenza.<\/p>\n<p><img decoding=\"async\" class=\"alignnone wp-image-13375 size-full\" src=\"https:\/\/www.mundiplus.com\/wp-content\/uploads\/2024\/04\/peregrinar-santiago-de-compostela.jpg\" alt=\"peregrinare al cammino di Santiago\" width=\"800\" height=\"450\" \/><\/p>\n<h2>IL CAMMINO DI SANTIAGO NEL MEDIOEVO<\/h2>\n<p>In alcuni anni, tra duecentomila e cinquecentomila persone percorrevano il Cammino, nel Medioevo, trasformandosi in un impressionante \u201cmovimento di massa\u201d; in molte localit\u00e0 lungo il Cammino c&#8217;erano pi\u00f9 \u201cpellegrini di passaggio\u201d che abitanti locali.<\/p>\n<p>Nella Cronaca Compostelana, si diceva che tra il 1121 e il 1124, l&#8217; <strong>Emiro Ali Ben Yusuf<\/strong>, affermava: <strong>\u201cTanta \u00e8 la moltitudine di quelli che vanno e vengono che a malapena lasciano libero il cammino che va verso Occidente\u201d<\/strong><\/p>\n<h3>MOTIVI PER FARE IL CAMMINO DI SANTIAGO<\/h3>\n<p>Nei primi secoli della peregrinazione nella storia del Cammino di Santiago, il motivo principale della persona che percorreva il Cammino era la fede religiosa che professava, e questo fatto veniva apprezzato e considerato dalla popolazione. Successivamente, ci furono persone che intraprendevano la peregrinazione \u201cper conto\u201d di altre, poich\u00e9 queste non potevano farlo, per gratitudine, per il conseguimento di una grazia o richiesta che ritenevano fosse stata concessa dall&#8217;Ap\u00f3stolo, per penitenza o come pena imposta dalle autorit\u00e0.<\/p>\n<p>La stragrande maggioranza dei pellegrini percorreva tutto il <a href=\"https:\/\/www.mundiplus.com\/it\/caminos\/a-pie\" target=\"_blank\" rel=\"noopener noreferrer\">Cammino a piedi<\/a>, sia all&#8217;andata che al ritorno nel loro paese, ma a seconda della loro situazione economica, come re, nobili o prelati della chiesa, lo facevano a cavallo o in carrozza, accompagnati da un seguito e servi. Quelli provenienti dall&#8217;Europa del Nord o dall&#8217;Inghilterra lo facevano in nave fino alle coste spagnole e da l\u00ec a piedi fino a Santiago de Compostela.<\/p>\n<p>Esistono prove documentali che l&#8217;anno 1126 sarebbe stato il <a href=\"https:\/\/www.mundiplus.com\/it\/blog\/ano-santo-2021\" target=\"_blank\" rel=\"noopener noreferrer\">Primo Anno Santo della storia del Cammino di Santiago<\/a>, stabilito dal Papa Callisto II, per il quale veniva concessa \u201cl&#8217;indulgenza plenaria o perdonanza\u201d a tutti i pellegrini che intraprendevano la loro peregrinazione negli Anni in cui la Festa di Santiago cadeva di domenica, fatto che si verificava con una frequenza di 6-5-6-11 anni. Questo evento avrebbe incrementato il numero di pellegrini che avrebbero percorso il loro Cammino negli Anni Santi successivi.<\/p>\n<h2>DECLINO<\/h2>\n<p>Il XVI secolo e gran parte del XVII secolo, a causa di motivi religiosi (Riforma Protestante, scissione della Chiesa Cattolica con le tesi di Martin Lutero) e delle guerre che si verificarono in Francia, determinarono un netto declino delle peregrinazioni verso Santiago e crearono un altro tipo di pellegrini, nei quali non predominava la fede e la devozione come motivo principale per intraprendere il Cammino, ma la mendicit\u00e0 e il vagabondaggio.<\/p>\n<p>Un&#8217;altra fase di regressione delle peregrinazioni si verific\u00f2 a causa del movimento di pensiero che si produsse, in occasione della Rivoluzione Francese e in Spagna, con la disamortizzazione di Mendiz\u00e1bal, che comport\u00f2 la confisca di numerosi beni alla Chiesa spagnola.<\/p>\n<p>Bisogner\u00e0 aspettare fino alla seconda met\u00e0 del XX secolo, quando la peregrinazione a Santiago de Compostela ebbe un notevole rilancio, grazie alla visita di Papa Giovanni Paolo II, nel 1982, e successivamente quella di Papa Benedetto XVI, nel 2010.<\/p>\n<p><img loading=\"lazy\" decoding=\"async\" class=\"alignnone size-medium wp-image-13376\" src=\"https:\/\/www.mundiplus.com\/wp-content\/uploads\/2024\/04\/ropa-camino-santiago-300x269.png\" alt=\"abbigliamento cammino santiago\" width=\"300\" height=\"269\" \/><\/p>\n<h2>L&#8217;APOGEO DEL CAMMINO DI SANTIAGO<\/h2>\n<p>Fu nell&#8217;<strong>Anno Santo del 1993<\/strong>, quando 93.000 persone peregrinarono a Santiago, cifra che non si era raggiunta da molti anni e che, a partire da allora, anno dopo anno, il numero di pellegrini \u00e8 aumentato, fino a raggiungere nel <strong>2019<\/strong> circa 350.000 &#8220;Compostelas&#8221; consegnate nell&#8217;<a href=\"https:\/\/oficinadelperegrino.com\/\" target=\"_blank\" rel=\"nofollow noopener\">Ufficio del Pellegrino di Santiago de Compostela<\/a>.<\/p>\n<h2>DISTINZIONI NELLA STORIA DEL CAMMINO DI SANTIAGO<\/h2>\n<p>La prova di questo fenomeno sociale, che trascende oltre i confini, sono le numerose distinzioni e premi con cui &#8220;Il Cammino&#8221; \u00e8 stato riconosciuto, tra cui citiamo i pi\u00f9 importanti o significativi:<\/p>\n<ul>\n<li>Nel 1985, la UNESCO gli ha attribuito la qualifica di \u201cPatrimonio dell&#8217;Umanit\u00e0\u201d<\/li>\n<li>Nel 1987, il Consiglio d&#8217;Europa lo ha designato come \u201cPrimo Itinerario Culturale Europeo\u201d<\/li>\n<li>Nel 1993, la UNESCO ha attribuito al &#8220;Cammino Francese&#8221; la qualifica di \u201cPatrimonio dell&#8217;Umanit\u00e0\u201d. Da allora, il <a href=\"https:\/\/www.mundiplus.com\/it\/caminos\/a-pie\/camino-frances\/camino-de-santiago-desde-sarria\" target=\"_blank\" rel=\"noopener\">Cammino di Santiago organizzato da Sarria<\/a> \u00e8 diventato il cammino pi\u00f9 frequentato e popolare.<\/li>\n<li>Nel 1998, la UNESCO ha attribuito la qualifica di \u201cPatrimonio dell&#8217;Umanit\u00e0\u201d ai Cammini che partono dalla Francia e si uniscono al Cammino Francese o Aragonesi, in Spagna, e al Cammino Portoghese.<\/li>\n<li>Nel 2004, ha ricevuto il Premio \u201cPrincipe delle Asturie della Concordia\u201d<\/li>\n<li>Nel 2015, la UNESCO ha attribuito la qualifica di \u201cPatrimonio dell&#8217;Umanit\u00e0\u201d ai <a href=\"https:\/\/www.mundiplus.com\/it\/caminos\/a-pie\/camino-norte\" target=\"_blank\" rel=\"noopener noreferrer\">Cammini del Nord<\/a> (Cammino Costiero, Cammino Primitivo, Cammino Lebaniego e Cammino Interno Vasco-Riojano)<\/li>\n<\/ul>\n<h2>L&#8217;EUROPA \u00c8 STATA COSTRUITA CAMMINANDO VERSO SANTIAGO<\/h2>\n<p>L&#8217;influenza della storia del Cammino di Santiago si \u00e8 concretizzata nella formazione del germe di una identit\u00e0 comune europea, sia in ambito economico, culturale, artistico e sociale, grazie alle persone che si stabilivano, emigravano e diffondevano idee lungo il cammino stesso.<\/p>\n<p>La peregrinazione a Santiago de Compostela ha contribuito in modo fondamentale alla formazione dell&#8217;Europa, principalmente nei secoli XI e XII. Questo \u00e8 il motivo per cui si afferma che \u201cl&#8217;Europa \u00e8 stata costruita camminando verso Santiago\u201d e che, ad oggi, lo consideriamo in pieno apogeo e in costante crescita.<\/p>\n<p>Gli esperti e gli studiosi del \u201cTema Jacobeo\u201d, nel corso della storia del Cammino di Santiago, sostengono argomentazioni e teorie diverse sulla possibile veridicit\u00e0 del fatto, poich\u00e9 non esistono prove definitive e conclusive, cos\u00ec come avviene in altri ambiti di diversa natura; ci\u00f2 che conta \u00e8 la fede e le credenze di ciascuno. Ci\u00f2 che \u00e8 certo \u00e8 che, secondo la tradizione cristiana, quando un apostolo moriva, si cercava di seppellirlo nella zona in cui aveva peregrinato.<\/p>\n<div class=\"mp-box mp-box--check\">\n<p>Fu la Bolla Papale di Leone XIII, datata 1884, a confermare definitivamente che i resti che si trovano nella Cattedrale di Santiago appartengono all&#8217;Apostolo Santiago e ai suoi discepoli.<\/p>\n<\/div>\n","protected":false},"excerpt":{"rendered":"<p>Il Cammino di Santiago \u00e8 considerato una via storica di pellegrinaggio da quando un eremita, di nome Paio, trov\u00f2 le reliquie dell&#8217;Apostolo Giacomo il Maggiore in Galizia, intorno all&#8217;anno 830. Da pi\u00f9 di 10 anni la nostra Agenzia di viaggi del Cammino di Santiago progetta pacchetti di viaggio con tutti i servizi necessari per il [&hellip;]<\/p>\n","protected":false},"author":1,"featured_media":82901,"comment_status":"open","ping_status":"open","sticky":false,"template":"","format":"standard","meta":{"footnotes":""},"categories":[573,585],"tags":[],"class_list":["post-115972","post","type-post","status-publish","format-standard","has-post-thumbnail","hentry","category-blog-del-cammino","category-storia"],"_links":{"self":[{"href":"https:\/\/www.mundiplus.com\/it\/wp-json\/wp\/v2\/posts\/115972","targetHints":{"allow":["GET"]}}],"collection":[{"href":"https:\/\/www.mundiplus.com\/it\/wp-json\/wp\/v2\/posts"}],"about":[{"href":"https:\/\/www.mundiplus.com\/it\/wp-json\/wp\/v2\/types\/post"}],"author":[{"embeddable":true,"href":"https:\/\/www.mundiplus.com\/it\/wp-json\/wp\/v2\/users\/1"}],"replies":[{"embeddable":true,"href":"https:\/\/www.mundiplus.com\/it\/wp-json\/wp\/v2\/comments?post=115972"}],"version-history":[{"count":0,"href":"https:\/\/www.mundiplus.com\/it\/wp-json\/wp\/v2\/posts\/115972\/revisions"}],"wp:featuredmedia":[{"embeddable":true,"href":"https:\/\/www.mundiplus.com\/it\/wp-json\/wp\/v2\/media\/82901"}],"wp:attachment":[{"href":"https:\/\/www.mundiplus.com\/it\/wp-json\/wp\/v2\/media?parent=115972"}],"wp:term":[{"taxonomy":"category","embeddable":true,"href":"https:\/\/www.mundiplus.com\/it\/wp-json\/wp\/v2\/categories?post=115972"},{"taxonomy":"post_tag","embeddable":true,"href":"https:\/\/www.mundiplus.com\/it\/wp-json\/wp\/v2\/tags?post=115972"}],"curies":[{"name":"wp","href":"https:\/\/api.w.org\/{rel}","templated":true}]}}