{"id":115998,"date":"2015-11-12T16:07:33","date_gmt":"2015-11-12T16:07:33","guid":{"rendered":"https:\/\/www.mundiplus.com\/anno-della-misericordia-2016\/"},"modified":"2015-11-12T16:07:33","modified_gmt":"2015-11-12T16:07:33","slug":"anno-della-misericordia-2016","status":"publish","type":"post","link":"https:\/\/www.mundiplus.com\/it\/blog\/anno-della-misericordia-2016\/","title":{"rendered":"Anno della Misericordia 2016"},"content":{"rendered":"<p>L&#8217;Anno della Misericordia ha luogo dopo il recente <a href=\"https:\/\/www.mundiplus.com\/it\/blog\/ano-franciscano-2014\" target=\"_blank\" rel=\"nofollow noopener\">Anno Francescano del 2014<\/a>. Papa Francesco ha proclamato un Giubileo straordinario, attraverso la bolla papale chiamata &#8220;Misericordia Vultus&#8221;, con al centro la misericordia di Dio. Siamo, quindi, di fronte a un Anno Santo della Misericordia. Il suo inizio ufficiale sar\u00e0 l&#8217;8 dicembre dell&#8217;anno in corso, giorno dell&#8217;Immacolata Concezione, e terminer\u00e0 il 20 novembre 2016, solennit\u00e0 di Cristo Re dell&#8217;Universo.<\/p>\n<p>Questo Giubileo inizier\u00e0 con l&#8217;<span style=\"font-family: Helvetica;\"><a href=\"https:\/\/es.catholic.net\/op\/articulos\/58439\/cat\/1135\/como-es-el-rito-de-apertura-de-la-puerta-santa.html\" target=\"_blank\" rel=\"nofollow noopener\">apertura della Porta Santa nella Basilica di San Pietro<\/a>, a Roma, e la domenica successiva verranno aperte le altre Porte Sante in tutte le Chiese del mondo, inclusi i Santuari.<\/span><\/p>\n<p>La Porta Santa si apre solo durante gli Anni Santi, rimanendo chiusa durante il resto del tempo, quindi questa apertura, nell&#8217;Anno della Misericordia, \u00e8 di particolare interesse per tutti coloro che intendono percorrere una delle vie del Cammino, concludendo a Santiago de Compostela, o per chi ha in programma di visitare la citt\u00e0.<\/p>\n<p>Durante il periodo in cui la Porta Santa rimarr\u00e0 aperta, viene simbolicamente offerto un &#8220;cammino verso la salvezza dei fedeli&#8221;; e per i non credenti l&#8217;opportunit\u00e0 di attraversare una porta di grande tradizione storica.<\/p>\n<p>Le radici del Giubileo derivano dalla religione ebraica. Grazie alla figura del Giubileo, tutto il popolo di Israele sarebbe in condizioni di uguaglianza, indipendentemente dalla sua situazione attuale. Sarebbe un nuovo inizio.<\/p>\n<p><img fetchpriority=\"high\" decoding=\"async\" class=\"img-circle aligncenter\" title=\"puerta-santa-catedral-santiago-de-compostela\" src=\"https:\/\/www.mundiplus.com\/wp-content\/uploads\/2024\/04\/puerta-santa-1.jpg\" alt=\"Ano-de-la-misericordia-2016-puerta-santa\" width=\"800\" height=\"600\" \/><\/p>\n<p>La tradizione dell&#8217;Anno Santo inizi\u00f2 nell&#8217;anno 1300 con Papa Bonifacio VIII, con la sua celebrazione che avviene una volta ogni secolo.<\/p>\n<p>In occasione di questa apertura straordinaria della Porta Santa nella Cattedrale di Santiago sar\u00e0 possibile ottenere il Giubileo<span style=\"font-family: Helvetica;\">, prima del <a href=\"https:\/\/www.mundiplus.com\/it\/blog\/ano-santo-2021\" target=\"_blank\" rel=\"nofollow noopener\">Giubileo 2021<\/a>, che sar\u00e0 il prossimo Anno Santo.<\/span><\/p>\n<h3 style=\"text-align: center;\"><b>E ricordati Pellegrino: ci\u00f2 che conta non \u00e8 la meta, ma il cammino stesso!!<\/b><\/h3>\n<div class=\"alert alert-info\">\n<p style=\"text-align: center;\"><span style=\"color: #323333; font-family: Helvetica;\">Totale dei pellegrini<\/span> arrivati alla Cattedrale di Santiago: <span style=\"color: #323333; font-family: Helvetica;\">278.041<\/span><\/p>\n<p style=\"text-align: center;\">Il <a href=\"https:\/\/www.mundiplus.com\/it\/caminos\/a-pie\/camino-frances\" target=\"_blank\" rel=\"noopener\"><b>Cammino Francese<\/b><\/a> con il 60% del totale \u00e8 il percorso pi\u00f9 lungo di tutti i Cammini di Santiago. E all&#8217;interno di questo Cammino <a href=\"https:\/\/www.mundiplus.com\/it\/caminos\/a-pie\/camino-frances\/camino-de-santiago-desde-sarria\" target=\"_blank\" rel=\"noopener\">fare il Cammino di Santiago da Sarria<\/a> \u00e8 stata la scelta maggioritaria.<\/p>\n<p style=\"text-align: center;\">Segue un Cammino emergente e molto attraente, come il <a href=\"https:\/\/www.mundiplus.com\/it\/caminos\/a-pie\/camino-portugues\" target=\"_blank\" rel=\"nofollow noopener\"><b>Cammino Portoghese<\/b><\/a>, con il 18%.<\/p>\n<\/div>\n","protected":false},"excerpt":{"rendered":"<p>L&#8217;Anno della Misericordia ha luogo dopo il recente Anno Francescano del 2014. Papa Francesco ha proclamato un Giubileo straordinario, attraverso la bolla papale chiamata &#8220;Misericordia Vultus&#8221;, con al centro la misericordia di Dio. Siamo, quindi, di fronte a un Anno Santo della Misericordia. Il suo inizio ufficiale sar\u00e0 l&#8217;8 dicembre dell&#8217;anno in corso, giorno dell&#8217;Immacolata [&hellip;]<\/p>\n","protected":false},"author":1,"featured_media":83292,"comment_status":"open","ping_status":"open","sticky":false,"template":"","format":"standard","meta":{"footnotes":""},"categories":[573,593],"tags":[],"class_list":["post-115998","post","type-post","status-publish","format-standard","has-post-thumbnail","hentry","category-blog-del-cammino","category-per-stranieri"],"_links":{"self":[{"href":"https:\/\/www.mundiplus.com\/it\/wp-json\/wp\/v2\/posts\/115998","targetHints":{"allow":["GET"]}}],"collection":[{"href":"https:\/\/www.mundiplus.com\/it\/wp-json\/wp\/v2\/posts"}],"about":[{"href":"https:\/\/www.mundiplus.com\/it\/wp-json\/wp\/v2\/types\/post"}],"author":[{"embeddable":true,"href":"https:\/\/www.mundiplus.com\/it\/wp-json\/wp\/v2\/users\/1"}],"replies":[{"embeddable":true,"href":"https:\/\/www.mundiplus.com\/it\/wp-json\/wp\/v2\/comments?post=115998"}],"version-history":[{"count":0,"href":"https:\/\/www.mundiplus.com\/it\/wp-json\/wp\/v2\/posts\/115998\/revisions"}],"wp:featuredmedia":[{"embeddable":true,"href":"https:\/\/www.mundiplus.com\/it\/wp-json\/wp\/v2\/media\/83292"}],"wp:attachment":[{"href":"https:\/\/www.mundiplus.com\/it\/wp-json\/wp\/v2\/media?parent=115998"}],"wp:term":[{"taxonomy":"category","embeddable":true,"href":"https:\/\/www.mundiplus.com\/it\/wp-json\/wp\/v2\/categories?post=115998"},{"taxonomy":"post_tag","embeddable":true,"href":"https:\/\/www.mundiplus.com\/it\/wp-json\/wp\/v2\/tags?post=115998"}],"curies":[{"name":"wp","href":"https:\/\/api.w.org\/{rel}","templated":true}]}}