{"id":116002,"date":"2014-02-20T16:09:32","date_gmt":"2014-02-20T16:09:32","guid":{"rendered":"https:\/\/www.mundiplus.com\/anno-francescano-2014\/"},"modified":"2014-02-20T16:09:32","modified_gmt":"2014-02-20T16:09:32","slug":"anno-francescano-2014","status":"publish","type":"post","link":"https:\/\/www.mundiplus.com\/it\/blog\/anno-francescano-2014\/","title":{"rendered":"Anno Francescano 2014"},"content":{"rendered":"<p>Il 17 gennaio 2014, l&#8217;Ordine Francescano ha inaugurato l&#8217;Anno Giubilare Francescano che commemora l&#8217;ottavo anniversario della pellegrinaggio di San Francesco d&#8217;Assisi a Santiago de Compostela.<\/p>\n<p>In onore di questo anniversario, verr\u00e0 consegnato il \u201cLa Cotolaya\u201d, un certificato rilasciato nella Chiesa di San Francesco, a Santiago, a tutti quei pellegrini che pellegrineranno alla <a href=\"https:\/\/www.mundiplus.com\/it\/blog\/la-tumba-del-apostol-santiago-y-sus-origenes\" target=\"_blank\" rel=\"noopener noreferrer\">tomba dell&#8217;Apostolo Giacomo<\/a> sotto la protezione di San Francesco d&#8217;Assisi e visiteranno il suo Convento.<\/p>\n<p>Questa specie di Compostela Francescana \u00e8 un omaggio aggiuntivo alla <a href=\"https:\/\/www.mundiplus.com\/it\/blog\/la-compostela-la-fisterrana-y-la-muxiana\" target=\"_blank\" rel=\"noopener noreferrer\">Compostela<\/a> tradizionale che viene consegnata presso l&#8217;ufficio di assistenza ai pellegrini. Tuttavia, il formato dell&#8217;attuale Compostela verr\u00e0 presto modificato, facendo un riferimento all&#8217;anniversario del pellegrinaggio di San Francesco d&#8217;Assisi.<\/p>\n<p>Inoltre, durante questo Anno Francescano 2014, verranno create nuove credenziali per i pellegrini per commemorare questo anniversario: San Francesco d&#8217;Assisi e l&#8217;Apostolo Giacomo condivideranno il cartellone per tutto il Cammino 2014. <a href=\"https:\/\/www.mundiplus.com\/it\/caminos\/a-pie\/camino-frances\/camino-de-santiago-desde-sarria\" target=\"_blank\" rel=\"noopener\">Percorrere il Cammino di Santiago da Sarria<\/a> sar\u00e0 una delle migliori e pi\u00f9 raccomandabili opzioni per persone con scarsa preparazione fisica e poco tempo disponibile, dato che in 7 giorni sar\u00e0 possibile completarlo.<\/p>\n<p class=\"p1\"><span class=\"s1\">Secondo la tradizione, si crede che tra novembre 1213 e la Settimana Santa del 1215<\/span>, San Francesco d&#8217;Assisi dovette fare il pellegrinaggio a Santiago de Compostela. Partendo dall&#8217;Italia, attraverserebbe la Francia e infine la Spagna come punto finale del suo Cammino.<\/p>\n<p>Tra le attivit\u00e0 previste per questa celebrazione spiccano le tre giornate di porte aperte che alla fine di marzo permetteranno la visita del convento di Santiago e delle sue strutture nella citt\u00e0 galiziana, con spiegazioni sul lavoro che attualmente svolgono i francescani. Anche la citt\u00e0 di Assisi (Italia) si unir\u00e0 ai festeggiamenti.<\/p>\n<p>\u00c8 prevista l&#8217;inaugurazione di una grande mostra collettiva con opere di artisti del calibro di Tapies, Lamazares o Boltanski, che avr\u00e0 come sede il Pazo di Xelm\u00edrez, la chiesa e il cimitero di Bonaval.<\/p>\n<p>Se vuoi continuare a leggere ulteriori informazioni su Anni speciali per fare <a href=\"https:\/\/www.mundiplus.com\/it\/\" target=\"_blank\" rel=\"noopener\">Viaggi organizzati per il Cammino di Santiago<\/a>, ti consigliamo di leggere l&#8217;<a href=\"https:\/\/www.mundiplus.com\/it\/blog\/ano-de-la-misericordia-2016\" target=\"_blank\" rel=\"noopener noreferrer\">Anno della Misericordia 2016<\/a> e il prossimo <a href=\"https:\/\/www.mundiplus.com\/it\/blog\/ano-santo-2021\" target=\"_blank\" rel=\"noopener noreferrer\">Anno Santo 2021<\/a>.<\/p>\n<hr \/>\n<p>&nbsp;<\/p>\n","protected":false},"excerpt":{"rendered":"<p>Il 17 gennaio 2014, l&#8217;Ordine Francescano ha inaugurato l&#8217;Anno Giubilare Francescano che commemora l&#8217;ottavo anniversario della pellegrinaggio di San Francesco d&#8217;Assisi a Santiago de Compostela. In onore di questo anniversario, verr\u00e0 consegnato il \u201cLa Cotolaya\u201d, un certificato rilasciato nella Chiesa di San Francesco, a Santiago, a tutti quei pellegrini che pellegrineranno alla tomba dell&#8217;Apostolo Giacomo [&hellip;]<\/p>\n","protected":false},"author":1,"featured_media":94234,"comment_status":"open","ping_status":"open","sticky":false,"template":"","format":"standard","meta":{"footnotes":""},"categories":[573,577,593],"tags":[],"class_list":["post-116002","post","type-post","status-publish","format-standard","has-post-thumbnail","hentry","category-blog-del-cammino","category-cammino-a-piedi","category-per-stranieri"],"_links":{"self":[{"href":"https:\/\/www.mundiplus.com\/it\/wp-json\/wp\/v2\/posts\/116002","targetHints":{"allow":["GET"]}}],"collection":[{"href":"https:\/\/www.mundiplus.com\/it\/wp-json\/wp\/v2\/posts"}],"about":[{"href":"https:\/\/www.mundiplus.com\/it\/wp-json\/wp\/v2\/types\/post"}],"author":[{"embeddable":true,"href":"https:\/\/www.mundiplus.com\/it\/wp-json\/wp\/v2\/users\/1"}],"replies":[{"embeddable":true,"href":"https:\/\/www.mundiplus.com\/it\/wp-json\/wp\/v2\/comments?post=116002"}],"version-history":[{"count":0,"href":"https:\/\/www.mundiplus.com\/it\/wp-json\/wp\/v2\/posts\/116002\/revisions"}],"wp:featuredmedia":[{"embeddable":true,"href":"https:\/\/www.mundiplus.com\/it\/wp-json\/wp\/v2\/media\/94234"}],"wp:attachment":[{"href":"https:\/\/www.mundiplus.com\/it\/wp-json\/wp\/v2\/media?parent=116002"}],"wp:term":[{"taxonomy":"category","embeddable":true,"href":"https:\/\/www.mundiplus.com\/it\/wp-json\/wp\/v2\/categories?post=116002"},{"taxonomy":"post_tag","embeddable":true,"href":"https:\/\/www.mundiplus.com\/it\/wp-json\/wp\/v2\/tags?post=116002"}],"curies":[{"name":"wp","href":"https:\/\/api.w.org\/{rel}","templated":true}]}}