{"id":116610,"date":"2025-02-08T09:53:55","date_gmt":"2025-02-08T09:53:55","guid":{"rendered":"https:\/\/www.mundiplus.com\/?p=116610"},"modified":"2025-02-08T09:55:52","modified_gmt":"2025-02-08T09:55:52","slug":"cosa-vedere-a-gernika","status":"publish","type":"post","link":"https:\/\/www.mundiplus.com\/it\/cosa-vedere-a-gernika\/","title":{"rendered":"Cosa vedere a Gernika"},"content":{"rendered":"<p><img fetchpriority=\"high\" decoding=\"async\" class=\"alignnone wp-image-116537 size-full\" src=\"https:\/\/www.mundiplus.com\/wp-content\/uploads\/2025\/01\/Gernika-Mundiplus.jpg\" alt=\"\" width=\"1024\" height=\"768\" srcset=\"https:\/\/www.mundiplus.com\/wp-content\/uploads\/2025\/01\/Gernika-Mundiplus.jpg 1024w, https:\/\/www.mundiplus.com\/wp-content\/uploads\/2025\/01\/Gernika-Mundiplus-300x225.jpg 300w, https:\/\/www.mundiplus.com\/wp-content\/uploads\/2025\/01\/Gernika-Mundiplus-768x576.jpg 768w, https:\/\/www.mundiplus.com\/wp-content\/uploads\/2025\/01\/Gernika-Mundiplus-600x450.jpg 600w\" sizes=\"(max-width: 1024px) 100vw, 1024px\" \/><\/p>\n<p><span style=\"font-weight: 400;\">Situata strategicamente lungo il <\/span><b>Cammino del Nord<\/b><span style=\"font-weight: 400;\">, <\/span><b>Gernika<\/b><span style=\"font-weight: 400;\"> offre ai pellegrini una sosta arricchente, ricca di storia e significato. Questo emblematico luogo dei Paesi Baschi non \u00e8 solo un punto fondamentale nel tuo percorso, ma anche un posto dove l&#8217;eredit\u00e0 del Cammino si intreccia con la ricca tradizione basca.<\/span><\/p>\n<p><span style=\"font-weight: 400;\">Mentre procedi su questo percorso, ogni strada e angolo di <\/span><b>questa localit\u00e0 ti invita a esplorare i suoi segreti e a connetterti con il suo profondo simbolismo<\/b><span style=\"font-weight: 400;\">. Vuoi scoprire quali tesori storici e culturali ti aspettano in questo punto? Continua a leggere per scoprire le meraviglie che Gernika ha preparato per arricchire il tuo pellegrinaggio.<\/span><\/p>\n<p>&nbsp;<\/p>\n<h2><b>Un punto di partenza per i pellegrini<\/b><\/h2>\n<p><span style=\"font-weight: 400;\">Scegliere il Cammino del Nord significa optare per un percorso che offre una combinazione di paesaggi costieri, ricca storia culturale e un&#8217;esperienza pi\u00f9 serena rispetto ad altri itinerari del Cammino di Santiago. Come specialisti in <\/span><a href=\"https:\/\/www.mundiplus.com\/it\/\"><b>viaggi Cammino di Santiago<\/b><\/a><span style=\"font-weight: 400;\">, permettici di darti delle buone ragioni per scegliere questa rotta.<\/span><\/p>\n<p><span style=\"font-weight: 400;\">A differenza del<\/span><a href=\"https:\/\/www.mundiplus.com\/it\/caminos\/a-pie\/camino-sanabres\/camino-de-santiago-desde-orense\/\"> <b>Cammino di Santiago da Ourense<\/b><\/a><span style=\"font-weight: 400;\"> o del<\/span><a href=\"https:\/\/www.mundiplus.com\/it\/caminos\/a-pie\/camino-primitivo\/camino-de-santiago-desde-lugo\/\"> <b>Cammino Primitivo da Lugo<\/b><\/a><span style=\"font-weight: 400;\">, offre un <\/span><b>percorso meno affollato<\/b><span style=\"font-weight: 400;\">. Questo permette di connettersi in modo pi\u00f9 intimo con l&#8217;ambiente naturale e le comunit\u00e0 locali.<\/span><\/p>\n<p><span style=\"font-weight: 400;\">Una delle sue principali attrazioni \u00e8 la <\/span><b>diversit\u00e0 di paesaggi<\/b><span style=\"font-weight: 400;\">. Dalle maestose montagne della Cantabria alle lussureggianti spiagge delle Asturie e dei Paesi Baschi, ogni tratto di questa rotta presenta nuove sfide e panorami spettacolari. Questa variet\u00e0 rende ogni giorno del pellegrinaggio un&#8217;esperienza unica, mantenendo entusiasmo e motivazione lungo il cammino.<\/span><\/p>\n<p><span style=\"font-weight: 400;\">Inoltre, \u00e8 famosa per la sua <\/span><b>gastronomia<\/b><span style=\"font-weight: 400;\">. I pellegrini possono deliziarsi con un&#8217;offerta culinaria che include frutti di mare freschi, pintxos e vini locali. Questa esperienza gastronomica non solo soddisfa il palato, ma arricchisce anche il viaggio, permettendo ai pellegrini di immergersi nelle tradizioni culinarie dei Paesi Baschi e di tutta la costa cantabrica.<\/span><\/p>\n<p><span style=\"font-weight: 400;\">La sua ricchezza storica e culturale \u00e8 un altro motivo per scegliere questa rotta. Lungo il cammino si incontrano numerosi monumenti, chiese e musei che raccontano la storia della regione. Ad esempio, a Gernika, puoi visitare la <\/span><b>Casa delle Riunioni<\/b><span style=\"font-weight: 400;\"> e l&#8217;<\/span><b>Albero di Gernika<\/b><span style=\"font-weight: 400;\">, simboli emblematici della libert\u00e0 basca, nonch\u00e9 il <\/span><b>Museo della Pace<\/b><span style=\"font-weight: 400;\">, che invita alla riflessione sul passato e sull&#8217;impegno verso un futuro di pace.<\/span><\/p>\n<p><span style=\"font-weight: 400;\">Se fai il <\/span><a href=\"https:\/\/www.mundiplus.com\/it\/caminos\/a-pie\/camino-norte\/camino-de-santiago-desde-irun\/\"><b>Cammino di Santiago da Ir\u00fan<\/b><\/a><span style=\"font-weight: 400;\">, vivrai un&#8217;esperienza pi\u00f9 <\/span><b>personale e tranquilla<\/b><span style=\"font-weight: 400;\">. Il Cammino del Nord si distingue per la sua minore affluenza di pellegrini, permettendo una connessione maggiore con l&#8217;ambiente e le persone incontrate lungo il percorso.<\/span><\/p>\n<p><span style=\"font-weight: 400;\">Un altro aspetto da considerare \u00e8 l&#8217;<\/span><b>ospitalit\u00e0 delle comunit\u00e0 locali<\/b><span style=\"font-weight: 400;\">. I piccoli villaggi e paesi lungo il cammino sono noti per la loro calorosa accoglienza, offrendo rifugio, amicizia e supporto ai pellegrini. Questa interazione con i locali arricchisce l&#8217;esperienza del viaggio, creando ricordi duraturi e un senso di appartenenza.<\/span><\/p>\n<p><span style=\"font-weight: 400;\">Infine, scegliere il Cammino del Nord ti permette di esplorare l&#8217;<\/span><b>identit\u00e0 unica dei Paesi Baschi<\/b><span style=\"font-weight: 400;\"> nel contesto del Cammino di Santiago. Dalla storia di Gernika ai paesaggi verdi che bordano la rotta, ogni passo \u00e8 un&#8217;opportunit\u00e0 per scoprire e apprezzare l&#8217;eredit\u00e0 culturale e naturale di questa regione.<\/span><\/p>\n<p>&nbsp;<\/p>\n<h2><b>Casa delle Riunioni e Albero di Gernika: il simbolo della libert\u00e0 basca<\/b><\/h2>\n<p><img decoding=\"async\" class=\"alignnone wp-image-116531 size-full\" src=\"https:\/\/www.mundiplus.com\/wp-content\/uploads\/2025\/01\/Casa-de-Juntas-Gernika-Mundiplus.jpg\" alt=\"\" width=\"1024\" height=\"768\" srcset=\"https:\/\/www.mundiplus.com\/wp-content\/uploads\/2025\/01\/Casa-de-Juntas-Gernika-Mundiplus.jpg 1024w, https:\/\/www.mundiplus.com\/wp-content\/uploads\/2025\/01\/Casa-de-Juntas-Gernika-Mundiplus-300x225.jpg 300w, https:\/\/www.mundiplus.com\/wp-content\/uploads\/2025\/01\/Casa-de-Juntas-Gernika-Mundiplus-768x576.jpg 768w, https:\/\/www.mundiplus.com\/wp-content\/uploads\/2025\/01\/Casa-de-Juntas-Gernika-Mundiplus-600x450.jpg 600w\" sizes=\"(max-width: 1024px) 100vw, 1024px\" \/><\/p>\n<p><span style=\"font-weight: 400;\">La <\/span><b>Casa delle Riunioni<\/b><span style=\"font-weight: 400;\"> fu costruita <\/span><b>tra il 1826 e il 1833<\/b><span style=\"font-weight: 400;\">, sotto la direzione dell&#8217;architetto <\/span><b>Antonio de Etxebarria<\/b><span style=\"font-weight: 400;\">, in uno stile <\/span><b>neoclassico<\/b><span style=\"font-weight: 400;\">. Questo edificio \u00e8 la sede dell&#8217;<\/span><b>organo istituzionale supremo di Bizkaia<\/b><span style=\"font-weight: 400;\"> ed \u00e8 stato il luogo dove si sono tenute le Riunioni Generali fin dalla sua costruzione.<\/span><\/p>\n<p><span style=\"font-weight: 400;\">Inizialmente, le riunioni si svolgevano nell&#8217;eremo di Santa Mar\u00eda de la Antigua, ma questo fu demolito per fare spazio alla nuova costruzione. La Casa delle Riunioni \u00e8 anche uno spazio culturale che <\/span><b>riflette la storia e le tradizioni del popolo basco<\/b><span style=\"font-weight: 400;\">.<\/span><\/p>\n<p><span style=\"font-weight: 400;\">L&#8217;<\/span><b>Albero di Gernika<\/b><span style=\"font-weight: 400;\">, una quercia venerata, \u00e8 stato <\/span><b>testimone dei giuramenti dei privilegi fin dal XIV secolo<\/b><span style=\"font-weight: 400;\">. Questo albero ha simboleggiato la libert\u00e0 e i diritti del popolo basco. Era un punto di incontro tra i rappresentanti delle diverse localit\u00e0 per discutere questioni comuni.\u00a0<\/span><\/p>\n<p><span style=\"font-weight: 400;\">Sebbene l&#8217;albero attuale sia stato piantato nel 2015, occupa il posto dei suoi predecessori, alcuni dei quali sono vissuti pi\u00f9 di 100 anni.<\/span><\/p>\n<p>&nbsp;<\/p>\n<h2><b>Museo della Pace: riflessione sul passato e sul futuro<\/b><\/h2>\n<p><span style=\"font-weight: 400;\">Il <\/span><b>Museo della Pace<\/b><span style=\"font-weight: 400;\"> \u00e8 uno spazio dedicato alla <\/span><b>memoria e riflessione sugli orrori del passato<\/b><span style=\"font-weight: 400;\">, promuovendo valori di pace e riconciliazione. Inaugurato l&#8217;8 gennaio del <\/span><b>2003<\/b><span style=\"font-weight: 400;\">, il luogo si ispira al <\/span><b>bombardamento del 26 aprile 1937<\/b><span style=\"font-weight: 400;\">, un evento devastante durante la Guerra Civile Spagnola.<\/span><\/p>\n<p><span style=\"font-weight: 400;\">Attraverso esposizioni interattive e attivit\u00e0 educative, come documentari che raccontano le esperienze dei sopravvissuti, invita a riflettere sulle conseguenze del conflitto armato.<\/span><\/p>\n<p><span style=\"font-weight: 400;\">La sua esposizione permanente affronta temi come il concetto di pace, l&#8217;eredit\u00e0 del bombardamento e la situazione attuale dei diritti umani nel mondo. Inoltre, offre visite guidate che permettono di esplorare il <\/span><b>patrimonio memoriale di Gernika<\/b><span style=\"font-weight: 400;\">, diventando un punto di riferimento per la cultura della pace e della memoria storica.<\/span><\/p>\n<p>&nbsp;<\/p>\n<h2><b>Chiesa di Santa Mar\u00eda: architettura gotica con fascino locale<\/b><\/h2>\n<p><span style=\"font-weight: 400;\">La <\/span><b>Chiesa di Santa Mar\u00eda<\/b><span style=\"font-weight: 400;\"> \u00e8 uno dei monumenti religiosi pi\u00f9 significativi della localit\u00e0, costruita tra i <\/span><b>secoli XV e XVII<\/b><span style=\"font-weight: 400;\">. Il suo <\/span><b>stile gotico<\/b><span style=\"font-weight: 400;\"> si manifesta nella straordinaria facciata e nei dettagli architettonici unici, anche se presenta influenze rinascimentali, specialmente nel suo interno.<\/span><\/p>\n<p><span style=\"font-weight: 400;\">Questo edificio, che si erge su una collina, ha tre navate coperte da volte a crociera ed \u00e8 sostenuto da eleganti colonne ioniche. Al suo interno, i visitatori possono ammirare preziose opere d&#8217;arte sacra che riflettono la ricca devozione locale. La chiesa \u00e8 stata un luogo di culto e un punto di riferimento per le tradizioni religiose e sociali del popolo.<\/span><\/p>\n<p>&nbsp;<\/p>\n<h2><b>Parco dei Popoli d&#8217;Europa: arte e natura in perfetta sintonia<\/b><\/h2>\n<p><img decoding=\"async\" class=\"alignnone wp-image-116543 size-full\" src=\"https:\/\/www.mundiplus.com\/wp-content\/uploads\/2025\/01\/Parque-de-los-Pueblos-de-Europa-Gernika-Mundiplus.jpg\" alt=\"\" width=\"1024\" height=\"680\" srcset=\"https:\/\/www.mundiplus.com\/wp-content\/uploads\/2025\/01\/Parque-de-los-Pueblos-de-Europa-Gernika-Mundiplus.jpg 1024w, https:\/\/www.mundiplus.com\/wp-content\/uploads\/2025\/01\/Parque-de-los-Pueblos-de-Europa-Gernika-Mundiplus-300x199.jpg 300w, https:\/\/www.mundiplus.com\/wp-content\/uploads\/2025\/01\/Parque-de-los-Pueblos-de-Europa-Gernika-Mundiplus-768x510.jpg 768w, https:\/\/www.mundiplus.com\/wp-content\/uploads\/2025\/01\/Parque-de-los-Pueblos-de-Europa-Gernika-Mundiplus-600x398.jpg 600w\" sizes=\"(max-width: 1024px) 100vw, 1024px\" \/><\/p>\n<p><span style=\"font-weight: 400;\">Il <\/span><b>Parco dei Popoli d&#8217;Europa<\/b><span style=\"font-weight: 400;\">, inaugurato nel <\/span><b>1991<\/b><span style=\"font-weight: 400;\">, \u00e8 uno spazio emblematico. Qui l&#8217;arte e la natura coesistono perfettamente.<\/span><\/p>\n<p><span style=\"font-weight: 400;\">Questo spazio verde ospita sculture di rilievo come &#8220;<\/span><b>Gure Aitaren Etxea<\/b><span style=\"font-weight: 400;\">&#8221; di Eduardo Chillida e &#8220;<\/span><b>Large Figure in a Shelter<\/b><span style=\"font-weight: 400;\">&#8221; di Henry Moore, che simboleggiano la pace e l&#8217;unit\u00e0 europea. La scultura di Chillida, alta quasi <\/span><b>8 metri<\/b><span style=\"font-weight: 400;\">, rappresenta la casa del popolo basco e si collega all&#8217;Albero di Gernika.<\/span><\/p>\n<p><span style=\"font-weight: 400;\">Inoltre, il parco \u00e8 ricco di alberi e arbusti autoctoni, cos\u00ec come di uno stagno che aggiunge bellezza all&#8217;ambiente. Passeggiare in questo luogo offre un respiro nella natura e una profonda riflessione sull&#8217;impegno per la pace e la memoria storica.<\/span><\/p>\n<p>&nbsp;<\/p>\n<h2><b>Mercato di Gernika: sapori e tradizioni locali<\/b><\/h2>\n<p><span style=\"font-weight: 400;\">Il <\/span><b>Mercato di Gernika<\/b><span style=\"font-weight: 400;\"> \u00e8 un centro vivace dove si respira la vita locale. Questo mercato offre prodotti freschi e tipici come i fagioli e i celebri peperoni.<\/span><\/p>\n<p><span style=\"font-weight: 400;\">I visitatori possono godersi l&#8217;esplorazione delle bancarelle piene di colori e sapori che riflettono le tradizioni culinarie basche. Per vivere un&#8217;esperienza autentica, assicurati di interagire con i venditori locali e assaporare alcuni pintxos tradizionali nelle taverne vicine.<\/span><\/p>\n<p>&nbsp;<\/p>\n<h2><b>Rotta del Bombardamento: memoria viva di un passato tragico<\/b><\/h2>\n<p><span style=\"font-weight: 400;\">La <\/span><b>Rotta del Bombardamento<\/b><span style=\"font-weight: 400;\"> \u00e8 un percorso che consente ai visitatori di esplorare i <\/span><b>luoghi chiave legati all&#8217;attacco aereo devastante<\/b><span style=\"font-weight: 400;\"> che Gernika sub\u00ec il 26 aprile 1937. Questo evento, condotto dalla Legione Condor tedesca e dall&#8217;Aviazione Legionaria italiana, aveva come obiettivo demoralizzare la popolazione e ostacolare la ritirata delle truppe repubblicane.<\/span><\/p>\n<p><span style=\"font-weight: 400;\">Il percorso include placche commemorative e testimonianze dei sopravvissuti. In questo modo, la memoria storica di quel tragico evento viene mantenuta viva.<\/span><\/p>\n<p><span style=\"font-weight: 400;\">Attraverso esposizioni interattive e racconti personali, i visitatori possono riflettere sull&#8217;impatto del bombardamento sulla comunit\u00e0 e su come ricordare questi eventi possa contribuire a costruire un futuro pi\u00f9 pacifico. Conoscere la storia \u00e8 un modo per comprendere l&#8217;impegno attuale per la pace e la riconciliazione nella regione.<\/span><\/p>\n","protected":false},"excerpt":{"rendered":"<p>Situata strategicamente lungo il Cammino del Nord, Gernika offre ai pellegrini una sosta arricchente, ricca di storia e significato. Questo emblematico luogo dei Paesi Baschi non \u00e8 solo un punto fondamentale nel tuo percorso, ma anche un posto dove l&#8217;eredit\u00e0 del Cammino si intreccia con la ricca tradizione basca. Mentre procedi su questo percorso, ogni [&hellip;]<\/p>\n","protected":false},"author":1,"featured_media":116541,"comment_status":"open","ping_status":"open","sticky":false,"template":"","format":"standard","meta":{"footnotes":""},"categories":[573,577,601,605],"tags":[],"class_list":["post-116610","post","type-post","status-publish","format-standard","has-post-thumbnail","hentry","category-blog-del-cammino","category-cammino-a-piedi","category-paesi-e-regioni","category-siti-iconici"],"_links":{"self":[{"href":"https:\/\/www.mundiplus.com\/it\/wp-json\/wp\/v2\/posts\/116610","targetHints":{"allow":["GET"]}}],"collection":[{"href":"https:\/\/www.mundiplus.com\/it\/wp-json\/wp\/v2\/posts"}],"about":[{"href":"https:\/\/www.mundiplus.com\/it\/wp-json\/wp\/v2\/types\/post"}],"author":[{"embeddable":true,"href":"https:\/\/www.mundiplus.com\/it\/wp-json\/wp\/v2\/users\/1"}],"replies":[{"embeddable":true,"href":"https:\/\/www.mundiplus.com\/it\/wp-json\/wp\/v2\/comments?post=116610"}],"version-history":[{"count":0,"href":"https:\/\/www.mundiplus.com\/it\/wp-json\/wp\/v2\/posts\/116610\/revisions"}],"wp:featuredmedia":[{"embeddable":true,"href":"https:\/\/www.mundiplus.com\/it\/wp-json\/wp\/v2\/media\/116541"}],"wp:attachment":[{"href":"https:\/\/www.mundiplus.com\/it\/wp-json\/wp\/v2\/media?parent=116610"}],"wp:term":[{"taxonomy":"category","embeddable":true,"href":"https:\/\/www.mundiplus.com\/it\/wp-json\/wp\/v2\/categories?post=116610"},{"taxonomy":"post_tag","embeddable":true,"href":"https:\/\/www.mundiplus.com\/it\/wp-json\/wp\/v2\/tags?post=116610"}],"curies":[{"name":"wp","href":"https:\/\/api.w.org\/{rel}","templated":true}]}}