{"id":117607,"date":"2025-02-19T19:22:19","date_gmt":"2025-02-19T19:22:19","guid":{"rendered":"https:\/\/www.mundiplus.com\/?p=117607"},"modified":"2025-02-19T19:24:44","modified_gmt":"2025-02-19T19:24:44","slug":"cosa-vedere-a-laredo","status":"publish","type":"post","link":"https:\/\/www.mundiplus.com\/it\/cosa-vedere-a-laredo\/","title":{"rendered":"Cosa vedere a Laredo"},"content":{"rendered":"<p><img fetchpriority=\"high\" decoding=\"async\" class=\"alignnone wp-image-117556 size-full\" src=\"https:\/\/www.mundiplus.com\/wp-content\/uploads\/2025\/02\/Laredo-Mundiplus.jpg\" alt=\"\" width=\"1024\" height=\"686\" srcset=\"https:\/\/www.mundiplus.com\/wp-content\/uploads\/2025\/02\/Laredo-Mundiplus.jpg 1024w, https:\/\/www.mundiplus.com\/wp-content\/uploads\/2025\/02\/Laredo-Mundiplus-300x201.jpg 300w, https:\/\/www.mundiplus.com\/wp-content\/uploads\/2025\/02\/Laredo-Mundiplus-768x515.jpg 768w, https:\/\/www.mundiplus.com\/wp-content\/uploads\/2025\/02\/Laredo-Mundiplus-600x402.jpg 600w\" sizes=\"(max-width: 1024px) 100vw, 1024px\" \/><\/p>\n<p><b>Laredo<\/b><span style=\"font-weight: 400;\">, sulla costa della Cantabria, \u00e8 una localit\u00e0 di passaggio obbligato sul <\/span><b>Cammino del Nord<\/b><span style=\"font-weight: 400;\">, una delle rotte pi\u00f9 emblematiche del Cammino di Santiago. La sua posizione e la sua storia legata al mare la rendono una tappa imprescindibile per i pellegrini. Qui, tradizione e natura si combinano per offrire riposo e stupore a chi percorre le sue strade.<\/span><\/p>\n<p><span style=\"font-weight: 400;\">In questa guida, scoprirai i tesori che Laredo nasconde: dalla sua Puebla Vieja, alle sue spiagge infinite e ai punti panoramici con vista sul Cantabrico. Potrai anche conoscere le festivit\u00e0 locali che animano questa villa marinara.\u00a0<\/span><\/p>\n<p><span style=\"font-weight: 400;\">Resta con Mundiplus, specialisti nei <\/span><a href=\"https:\/\/www.mundiplus.com\/it\/\"><b>viaggi del Cammino di Santiago<\/b><\/a><span style=\"font-weight: 400;\">, <\/span><span style=\"font-weight: 400;\">e scopri tutto quello che questa localit\u00e0 ha da offrire prima di intraprendere l&#8217;avventura.\u00a0<\/span><\/p>\n<p>&nbsp;<\/p>\n<h2><b>Perch\u00e9 scegliere la Via del Nord?<\/b><\/h2>\n<p><span style=\"font-weight: 400;\">Se stai pianificando il tuo Cammino di Santiago, probabilmente ti chiederai quale sia la rotta pi\u00f9 adatta a te. Tra le opzioni, spiccano il Cammino del Nord, il Cammino Francese, il Cammino Primitivo, il Cammino Portoghese e il Cammino Inglese.<\/span><\/p>\n<p><span style=\"font-weight: 400;\">Il Cammino del Nord \u00e8 una rotta costiera che offre <\/span><b>impressionanti vedute del Cantabrico<\/b><span style=\"font-weight: 400;\">, una ricca storia e l&#8217;opportunit\u00e0 di godere della cultura marinara.\u00a0<\/span><\/p>\n<p><span style=\"font-weight: 400;\">Altre rotte, come il<\/span><a href=\"https:\/\/www.mundiplus.com\/it\/caminos\/a-pie\/camino-sanabres\/camino-de-santiago-desde-orense\/\"> <b>Cammino di Santiago da Ourense<\/b><\/a><span style=\"font-weight: 400;\">, sono conosciute per i loro paesaggi interni, mentre altre, come il <\/span><a href=\"https:\/\/www.mundiplus.com\/it\/caminos\/a-pie\/camino-primitivo\/camino-de-santiago-desde-lugo\/\"><b>Cammino Primitivo da Lugo<\/b><\/a><span style=\"font-weight: 400;\">, hanno un profilo pi\u00f9 montuoso. Il Cammino del Nord si distingue per le sue dolci <\/span><b>brezze marine e il patrimonio culturale legato al mare<\/b><span style=\"font-weight: 400;\">.<\/span><\/p>\n<p>&nbsp;<\/p>\n<h2><b>La Puebla Vieja: un viaggio nel passato<\/b><\/h2>\n<p><span style=\"font-weight: 400;\">La <\/span><b>Puebla Vieja<\/b><span style=\"font-weight: 400;\"> di Laredo, dichiarata <\/span><b>Complesso Storico-Artistico<\/b><span style=\"font-weight: 400;\">, \u00e8 uno dei migliori esempi di <\/span><b>urbanistica medievale nella Cantabria<\/b><span style=\"font-weight: 400;\">. Fondata nel <\/span><b>XIII secolo<\/b><span style=\"font-weight: 400;\">, questa zona fortificata era un importante punto di commercio e difesa, grazie alla sua posizione strategica vicino al mare.\u00a0<\/span><\/p>\n<p><span style=\"font-weight: 400;\">Percorrendo le sue strade acciottolate, ti imbatterai in edifici emblematici come: la <\/span><b>Casa di Zarauz<\/b><span style=\"font-weight: 400;\">, una costruzione nobiliare del XVIII secolo; e la <\/span><b>Casa dei Pellegrini<\/b><span style=\"font-weight: 400;\">, che, sebbene in rovina, conserva lo spirito del suo passato medievale. Un&#8217;altra gemma storica \u00e8 il <\/span><b>Convento di San Francesco<\/b><span style=\"font-weight: 400;\">, attuale sede delle MM. Trinitarie, dove spiccano elementi gotici e un chiostro che invita alla contemplazione.<\/span><\/p>\n<p><span style=\"font-weight: 400;\">Le mura della villa, costruite per proteggerla dalle invasioni, conservano ancora diverse porte originali, come la <\/span><b>Porta di San Lorenzo<\/b><span style=\"font-weight: 400;\"> e la <\/span><b>Porta di San Marcial<\/b><span style=\"font-weight: 400;\">. Entrambe sono testimoni del fermento commerciale dei tempi passati. La <\/span><b>Porta della Scala<\/b><span style=\"font-weight: 400;\">, invece, collegava direttamente al porto, sottolineando la relazione vitale di Laredo con il mare.<\/span><\/p>\n<p><span style=\"font-weight: 400;\">In questo percorso non pu\u00f2 mancare la <\/span><b>Chiesa di San Martino<\/b><span style=\"font-weight: 400;\">, la pi\u00f9 antica della villa, che mostra resti romanici di grande valore storico. Ogni angolo della Puebla Vieja racconta la storia di un Laredo medievale prospero, oggi testimone vivo di secoli di tradizione e cultura.<\/span><\/p>\n<p>&nbsp;<\/p>\n<h2><b>Monumenti emblematici: chiesa e punti panoramici<\/b><\/h2>\n<p><img decoding=\"async\" class=\"alignnone wp-image-117562 size-full\" src=\"https:\/\/www.mundiplus.com\/wp-content\/uploads\/2025\/02\/Iglesia-de-Santa-Maria-de-la-Asuncion-Laredo-Mundiplus.jpg\" alt=\"\" width=\"1024\" height=\"684\" srcset=\"https:\/\/www.mundiplus.com\/wp-content\/uploads\/2025\/02\/Iglesia-de-Santa-Maria-de-la-Asuncion-Laredo-Mundiplus.jpg 1024w, https:\/\/www.mundiplus.com\/wp-content\/uploads\/2025\/02\/Iglesia-de-Santa-Maria-de-la-Asuncion-Laredo-Mundiplus-300x200.jpg 300w, https:\/\/www.mundiplus.com\/wp-content\/uploads\/2025\/02\/Iglesia-de-Santa-Maria-de-la-Asuncion-Laredo-Mundiplus-768x513.jpg 768w, https:\/\/www.mundiplus.com\/wp-content\/uploads\/2025\/02\/Iglesia-de-Santa-Maria-de-la-Asuncion-Laredo-Mundiplus-600x401.jpg 600w\" sizes=\"(max-width: 1024px) 100vw, 1024px\" \/><\/p>\n<p><span style=\"font-weight: 400;\">La <\/span><b>Chiesa di Santa Maria dell&#8217;Assunzione<\/b><span style=\"font-weight: 400;\">, situata in cima alla Puebla Vieja, \u00e8 un impressionante esempio di <\/span><b>gotico cantabrico<\/b><span style=\"font-weight: 400;\">, risalente al <\/span><b>XIII secolo<\/b><span style=\"font-weight: 400;\">. Questa chiesa, considerata la parrocchia principale e patrona, si distingue per la sua architettura, in particolare per le quattro navate terminate con absidi semicircolari.<\/span><\/p>\n<p><span style=\"font-weight: 400;\">Il suo design la rende uno dei templi gotici pi\u00f9 notevoli della Spagna, non solo per la sua struttura, ma anche per la ricchezza del suo interno. Al suo altare si trova il <\/span><b>retablo fiammingo della Vergine di Betlemme<\/b><span style=\"font-weight: 400;\">, una scultura del <\/span><b>XV secolo<\/b><span style=\"font-weight: 400;\"> che spicca per i suoi colori e i dettagli.<\/span><\/p>\n<p><span style=\"font-weight: 400;\">Inoltre, la porta principale della chiesa, con un arco a sesto acuto e tre archivolte decorate, mostra la maestria dell&#8217;epoca.\u00a0<\/span><\/p>\n<p><span style=\"font-weight: 400;\">Ma non solo la chiesa in s\u00e9 \u00e8 un&#8217;attrazione, anche la sua posizione permette di godere di <\/span><b>spettacolari viste sul mare Cantabrico<\/b><span style=\"font-weight: 400;\">. Dai punti panoramici vicini, puoi ammirare un panorama mozzafiato del paesaggio costiero, mentre la storia di Laredo si dispiega davanti a te.\u00a0<\/span><\/p>\n<p>&nbsp;<\/p>\n<h2><b>Spiagge e coste: bellezza naturale<\/b><\/h2>\n<p><span style=\"font-weight: 400;\">Laredo \u00e8 conosciuto per le sue bellissime spiagge, che offrono una combinazione perfetta di natura e attivit\u00e0 all&#8217;aria aperta.\u00a0<\/span><\/p>\n<p><span style=\"font-weight: 400;\">Ad esempio, la <\/span><b>Playa Salv\u00e9<\/b><span style=\"font-weight: 400;\"> \u00e8 la pi\u00f9 lunga della Cantabria, estendendosi per <\/span><b>4.250 metri<\/b><span style=\"font-weight: 400;\">. Si trova alla fine dell&#8217;estuario del fiume As\u00f3n, all&#8217;interno di una baia protetta dal Monte Buciero, creando acque tranquille e sicure. La sua sabbia \u00e8 fine, bianca e dorata, ideale per trascorrere del tempo in famiglia.\u00a0<\/span><\/p>\n<p><span style=\"font-weight: 400;\">Dal 2007, ha la <\/span><b>certificazione ISO 14.001 di gestione ambientale<\/b><span style=\"font-weight: 400;\">, e dal 2008, con la &#8220;<\/span><b>Q di Qualit\u00e0 Turistica<\/b><span style=\"font-weight: 400;\">&#8220;, entrambe continuamente rinnovate. Dispone di numerosi accessi, anche per persone con mobilit\u00e0 ridotta.<\/span><\/p>\n<p><span style=\"font-weight: 400;\">La spiaggia offre servizi di salvataggio, sorveglianza della polizia, pulizia e trasporto pubblico. Inoltre, dispone di docce, lavapiedi, bagni, passerelle di legno, punti di riciclo, biblioteca estiva, aree sportive e ricreative, giochi per bambini e stand di gelati e bibite.\u00a0<\/span><\/p>\n<p><span style=\"font-weight: 400;\">D&#8217;altra parte, la<\/span><b> Playa de La Soledad<\/b><span style=\"font-weight: 400;\">, sebbene piccola e non molto utilizzata per fare il bagno a causa della sua natura rocciosa e della forte erosione causata dalle onde. Tuttavia, offre un ambiente tranquillo e viste mozzafiato sul mare Cantabrico. Il suo accesso moderato e il pronunciato dislivello verso l&#8217;acqua la rendono pi\u00f9 adatta per godere del paesaggio naturale che per attivit\u00e0 acquatiche intense.<\/span><\/p>\n<p>&nbsp;<\/p>\n<h3><b>Escursionismo a Laredo: percorsi naturali e paesaggi unici<\/b><\/h3>\n<p><span style=\"font-weight: 400;\">Laredo offre diverse rotte di escursionismo ideali per connettersi con la natura, godere dell&#8217;aria aperta e scoprire angoli unici. I suoi paesaggi, dalle paludi alle scogliere, combinano la bellezza del mare Cantabrico con un ambiente di grande valore ecologico e storico.\u00a0<\/span><\/p>\n<p><span style=\"font-weight: 400;\">Il <\/span><b>Parco Naturale delle Paludi di Santo\u00f1a, Victoria e Joyel <\/b><span style=\"font-weight: 400;\">\u00e8 una gemma ecologica sulla costa cantabrica con <\/span><b>pi\u00f9 di 6.500 ettari di paludi protette<\/b><span style=\"font-weight: 400;\">. \u00c8 un luogo perfetto per chi ama l&#8217;escursionismo tranquillo e l&#8217;<\/span><b>osservazione degli uccelli<\/b><span style=\"font-weight: 400;\">. Inoltre, puoi visitare il centro di interpretazione per conoscere di pi\u00f9 sull&#8217;importanza di questo ecosistema.<\/span><\/p>\n<p><span style=\"font-weight: 400;\">L&#8217;accesso al <\/span><b>Faro del Cavallo<\/b><span style=\"font-weight: 400;\">, a Santo\u00f1a, richiede <\/span><b>di scendere pi\u00f9 di 700 gradini<\/b><span style=\"font-weight: 400;\"> scolpiti nella roccia, aggiungendo una sfida all&#8217;avventura. Questo percorso offre spettacolari vedute delle scogliere e del mare Cantabrico, e lo sforzo \u00e8 ripagato con l&#8217;opportunit\u00e0 di ammirare questo faro storico.<\/span><\/p>\n<p><span style=\"font-weight: 400;\">Il <\/span><b>Mirador de La Atalaya <\/b><span style=\"font-weight: 400;\">offre panorami eccezionali sul mare e sull&#8217;ambiente urbano. \u00c8 il luogo ideale per una passeggiata breve, perfetto per godersi un tramonto spettacolare. Inoltre, la sua vicinanza alla Puebla Vieja lo rende una tappa obbligata dopo aver esplorato il centro storico della villa.<\/span><\/p>\n<p>&nbsp;<\/p>\n<h2><b>Cultura locale e eventi festivi<\/b><\/h2>\n<p><img decoding=\"async\" class=\"alignnone wp-image-117568 size-full\" src=\"https:\/\/www.mundiplus.com\/wp-content\/uploads\/2025\/02\/Batalla-de-las-Flores-Laredo-Mundiplus.jpg\" alt=\"\" width=\"1024\" height=\"682\" srcset=\"https:\/\/www.mundiplus.com\/wp-content\/uploads\/2025\/02\/Batalla-de-las-Flores-Laredo-Mundiplus.jpg 1024w, https:\/\/www.mundiplus.com\/wp-content\/uploads\/2025\/02\/Batalla-de-las-Flores-Laredo-Mundiplus-300x200.jpg 300w, https:\/\/www.mundiplus.com\/wp-content\/uploads\/2025\/02\/Batalla-de-las-Flores-Laredo-Mundiplus-768x512.jpg 768w, https:\/\/www.mundiplus.com\/wp-content\/uploads\/2025\/02\/Batalla-de-las-Flores-Laredo-Mundiplus-600x400.jpg 600w\" sizes=\"(max-width: 1024px) 100vw, 1024px\" \/><\/p>\n<p><span style=\"font-weight: 400;\">La cultura marinara di Laredo si vive intensamente in eventi locali che riflettono la sua ricca eredit\u00e0 pescatoria e le tradizioni festive<\/span><\/p>\n<p><span style=\"font-weight: 400;\">La <\/span><b>Battaglia dei Fiori<\/b><span style=\"font-weight: 400;\"> \u00e8 un evento molto colorato e atteso. Si celebra annualmente e consiste in una spettacolare sfilata dove i partecipanti adornano <\/span><b>carrozzelle allegoriche con fiori freschi<\/b><span style=\"font-weight: 400;\">, creando un&#8217;atmosfera affascinante e festosa. La competizione tra i diversi gruppi partecipanti aggiunge un tocco emozionante all&#8217;evento.<\/span><\/p>\n<p><span style=\"font-weight: 400;\">I <\/span><b>festival marittimi<\/b><span style=\"font-weight: 400;\"> sono celebrazioni che onorano le tradizioni pescatorie locali, evidenziando l&#8217;importanza storica del mare per la comunit\u00e0. Durante questi festival, si organizzano attivit\u00e0 come processioni marittime, concerti dal vivo e degustazioni gastronomiche tipiche cantabriche.\u00a0<\/span><\/p>\n<p><span style=\"font-weight: 400;\">Inoltre, si rendono omaggi ai santi protettori locali, come San Pietro o la Vergine del Carmine. Questi eventi sono un&#8217;espressione viva dell&#8217;identit\u00e0 culturale e un&#8217;opportunit\u00e0 per i visitatori e i residenti di condividere insieme la gioia e lo spirito comunitario che caratterizzano questo affascinante villaggio. Se ancora non lo conosci, questo \u00e8 il momento ideale per farlo.<\/span><\/p>\n<p><span style=\"font-weight: 400;\">Non perdere l&#8217;opportunit\u00e0 di viverlo in prima persona e far parte della magia che rende Laredo un luogo indimenticabile.<\/span><\/p>\n","protected":false},"excerpt":{"rendered":"<p>Laredo, sulla costa della Cantabria, \u00e8 una localit\u00e0 di passaggio obbligato sul Cammino del Nord, una delle rotte pi\u00f9 emblematiche del Cammino di Santiago. La sua posizione e la sua storia legata al mare la rendono una tappa imprescindibile per i pellegrini. Qui, tradizione e natura si combinano per offrire riposo e stupore a chi [&hellip;]<\/p>\n","protected":false},"author":1,"featured_media":117560,"comment_status":"open","ping_status":"open","sticky":false,"template":"","format":"standard","meta":{"footnotes":""},"categories":[573,577,601,605],"tags":[],"class_list":["post-117607","post","type-post","status-publish","format-standard","has-post-thumbnail","hentry","category-blog-del-cammino","category-cammino-a-piedi","category-paesi-e-regioni","category-siti-iconici"],"_links":{"self":[{"href":"https:\/\/www.mundiplus.com\/it\/wp-json\/wp\/v2\/posts\/117607","targetHints":{"allow":["GET"]}}],"collection":[{"href":"https:\/\/www.mundiplus.com\/it\/wp-json\/wp\/v2\/posts"}],"about":[{"href":"https:\/\/www.mundiplus.com\/it\/wp-json\/wp\/v2\/types\/post"}],"author":[{"embeddable":true,"href":"https:\/\/www.mundiplus.com\/it\/wp-json\/wp\/v2\/users\/1"}],"replies":[{"embeddable":true,"href":"https:\/\/www.mundiplus.com\/it\/wp-json\/wp\/v2\/comments?post=117607"}],"version-history":[{"count":0,"href":"https:\/\/www.mundiplus.com\/it\/wp-json\/wp\/v2\/posts\/117607\/revisions"}],"wp:featuredmedia":[{"embeddable":true,"href":"https:\/\/www.mundiplus.com\/it\/wp-json\/wp\/v2\/media\/117560"}],"wp:attachment":[{"href":"https:\/\/www.mundiplus.com\/it\/wp-json\/wp\/v2\/media?parent=117607"}],"wp:term":[{"taxonomy":"category","embeddable":true,"href":"https:\/\/www.mundiplus.com\/it\/wp-json\/wp\/v2\/categories?post=117607"},{"taxonomy":"post_tag","embeddable":true,"href":"https:\/\/www.mundiplus.com\/it\/wp-json\/wp\/v2\/tags?post=117607"}],"curies":[{"name":"wp","href":"https:\/\/api.w.org\/{rel}","templated":true}]}}