{"id":117915,"date":"2025-03-03T19:49:06","date_gmt":"2025-03-03T19:49:06","guid":{"rendered":"https:\/\/www.mundiplus.com\/?p=117915"},"modified":"2025-03-03T19:50:57","modified_gmt":"2025-03-03T19:50:57","slug":"altotting-il-pellegrinaggio-piu-importante-della-germania","status":"publish","type":"post","link":"https:\/\/www.mundiplus.com\/it\/altotting-il-cuore-spirituale-della-baviera\/","title":{"rendered":"Alt\u00f6tting, il pellegrinaggio pi\u00f9 importante della Germania"},"content":{"rendered":"<p><img fetchpriority=\"high\" decoding=\"async\" class=\"alignnone wp-image-117857 size-full\" src=\"https:\/\/www.mundiplus.com\/wp-content\/uploads\/2025\/02\/Altotting-Mundiplus.jpg\" alt=\"\" width=\"1024\" height=\"768\" srcset=\"https:\/\/www.mundiplus.com\/wp-content\/uploads\/2025\/02\/Altotting-Mundiplus.jpg 1024w, https:\/\/www.mundiplus.com\/wp-content\/uploads\/2025\/02\/Altotting-Mundiplus-300x225.jpg 300w, https:\/\/www.mundiplus.com\/wp-content\/uploads\/2025\/02\/Altotting-Mundiplus-768x576.jpg 768w, https:\/\/www.mundiplus.com\/wp-content\/uploads\/2025\/02\/Altotting-Mundiplus-600x450.jpg 600w\" sizes=\"(max-width: 1024px) 100vw, 1024px\" \/><\/p>\n<p><b>Sapevi che la Germania ha un centro di pellegrinaggio che attira centinaia di migliaia di persone ogni anno?<\/b><span style=\"font-weight: 400;\"> Quando pensiamo ai viaggi di fede, probabilmente il primo che ci viene in mente \u00e8 il Cammino di Santiago, ma <\/span><b>Alt\u00f6tting<\/b><span style=\"font-weight: 400;\">, in Baviera, \u00e8 in realt\u00e0 il cuore spirituale del paese tedesco.<\/span><\/p>\n<p><span style=\"font-weight: 400;\">Questo piccolo paese \u00e8 diventato una meta importante per i fedeli che cercano un miracolo, una connessione con la fede o vogliono scoprire un luogo con una storia straordinaria. Se vuoi scoprire perch\u00e9 migliaia di persone scelgono questo santuario ogni anno, continua a leggere.<\/span><\/p>\n<p>&nbsp;<\/p>\n<h2><b>Diverse vie di pellegrinaggio verso destinazioni sacre<\/b><\/h2>\n<p><span style=\"font-weight: 400;\">Il pellegrinaggio \u00e8 un viaggio che trascende il semplice spostamento fisico per diventare un&#8217;esperienza spirituale e personale. Ogni cammino invita il pellegrino a<\/span><b> fermarsi, riflettere e connettersi con una tradizione<\/b><span style=\"font-weight: 400;\"> che \u00e8 stata trasmessa di generazione in generazione, trasformando il percorso in un autentico rituale di fede.<\/span><\/p>\n<p><span style=\"font-weight: 400;\">Nel corso della storia, numerosi itinerari hanno acquisito fama per il loro significato simbolico. Da sentieri che attraversano paesaggi naturali maestosi a quelli che passano per luoghi ricchi di storia, ogni cammino ha una sua identit\u00e0 e sfida.<\/span><\/p>\n<p><span style=\"font-weight: 400;\">Oltre ai sentieri iconici, esistono itinerari meno conosciuti che invitano a esplorare territori dove la devozione <\/span><b>si mescola con la cultura locale<\/b><span style=\"font-weight: 400;\">. Questi percorsi permettono al pellegrino di immergersi in tradizioni locali e partecipare a rituali che, nel corso del tempo, hanno <\/span><b>rafforzato il legame tra il credente e il sacro<\/b><span style=\"font-weight: 400;\">.<\/span><\/p>\n<p><span style=\"font-weight: 400;\">Infatti, molte rotte conducono a destinazioni di pellegrinaggio emblematiche in Europa. Alcuni percorsi includono tragitti tradizionali che sono stati percorsi dai fedeli per secoli. Le <\/span><a href=\"https:\/\/www.mundiplus.com\/it\/\"><b>agenzie Camino de Santiago<\/b><\/a><span style=\"font-weight: 400;\"> offrono opzioni per coloro che desiderano intraprendere un viaggio con assistenza specializzata.<\/span><\/p>\n<p><span style=\"font-weight: 400;\">S\u00ec, riteniamo che il pellegrinaggio pi\u00f9 importante d&#8217;Europa sia quello di Santiago. Inoltre, oltre al carico simbolico, offre diversi percorsi che variano sia per ubicazione, impegno e distanza percorsa.<\/span><\/p>\n<p><span style=\"font-weight: 400;\">Tra i percorsi pi\u00f9 scelti ci sono:<\/span><\/p>\n<ul>\n<li style=\"font-weight: 400;\" aria-level=\"1\"><span style=\"font-weight: 400;\">Il <\/span><a href=\"https:\/\/www.mundiplus.com\/it\/caminos\/a-pie\/camino-sanabres\/camino-de-santiago-desde-orense\/\"><b>Cammino di Santiago Ourense<\/b><\/a><span style=\"font-weight: 400;\">, che si distingue per la sua ricchezza storica.<\/span><\/li>\n<\/ul>\n<p>&nbsp;<\/p>\n<ul>\n<li style=\"font-weight: 400;\" aria-level=\"1\"><span style=\"font-weight: 400;\">Un&#8217;altra opzione popolare \u00e8 il <\/span><a href=\"https:\/\/www.mundiplus.com\/it\/caminos\/a-pie\/camino-primitivo\/camino-de-santiago-desde-lugo\/\"><b>Cammino di Santiago da Lugo<\/b><\/a><span style=\"font-weight: 400;\">, ideale per chi cerca un percorso ricco di cultura e spiritualit\u00e0.<\/span><\/li>\n<\/ul>\n<p>&nbsp;<\/p>\n<ul>\n<li style=\"font-weight: 400;\" aria-level=\"1\"><span style=\"font-weight: 400;\">D&#8217;altra parte, il <\/span><a href=\"https:\/\/www.mundiplus.com\/it\/caminos\/a-pie\/camino-norte\/camino-de-santiago-desde-irun\/\"><b>Cammino del nord Irun Bilbao<\/b><\/a><span style=\"font-weight: 400;\"> attira i pellegrini che preferiscono paesaggi costieri e una sfida fisica pi\u00f9 impegnativa.<\/span><\/li>\n<\/ul>\n<p>&nbsp;<\/p>\n<p><span style=\"font-weight: 400;\">Indipendentemente dalla scelta, tutte queste rotte condividono uno stesso scopo: portare i camminatori verso un&#8217;esperienza personale di fede e riflessione.<\/span><\/p>\n<p>&nbsp;<\/p>\n<h2><b>Alt\u00f6tting: un centro di fede con pi\u00f9 di 1200 anni di storia<\/b><\/h2>\n<p><span style=\"font-weight: 400;\">Questo luogo \u00e8 conosciuto come il <\/span><b>cuore spirituale della Baviera<\/b><span style=\"font-weight: 400;\"> ed \u00e8 stato una meta importante di pellegrinaggio per <\/span><b>pi\u00f9 di 1200 anni<\/b><span style=\"font-weight: 400;\">.<\/span><\/p>\n<p><span style=\"font-weight: 400;\">La fama di Alt\u00f6tting \u00e8 dovuta principalmente all&#8217;immagine venerata della <\/span><b>Vergine Nera<\/b><span style=\"font-weight: 400;\">, chiamata anche <\/span><i><span style=\"font-weight: 400;\">Schwarze Muttergottes<\/span><\/i><span style=\"font-weight: 400;\">, alla quale vengono attribuiti numerosi miracoli. In particolare, uno nel <\/span><b>1489<\/b><span style=\"font-weight: 400;\">, quando un bambino annegato fu resuscitato dopo una preghiera davanti alla sua immagine.<\/span><\/p>\n<p><span style=\"font-weight: 400;\">Questo luogo accoglie <\/span><b>pi\u00f9 di mezzo milione di pellegrini ogni anno<\/b><span style=\"font-weight: 400;\"> ed \u00e8 considerato uno dei santuari mariani pi\u00f9 importanti d&#8217;Europa, insieme a luoghi come Lourdes e Fatima. La sua importanza \u00e8 stata sottolineata da figure religiose prominenti, tra cui papi come <\/span><b>Benedetto XVI<\/b><span style=\"font-weight: 400;\">, che lo ha descritto come il cuore spirituale della Baviera e uno dei cuori spirituali europei.<\/span><\/p>\n<p>&nbsp;<\/p>\n<h2><b>La Gnadenkapelle: il centro spirituale della Baviera<\/b><\/h2>\n<p><img decoding=\"async\" class=\"alignnone wp-image-117863 size-full\" src=\"https:\/\/www.mundiplus.com\/wp-content\/uploads\/2025\/02\/Gnadenkapelle-Mundiplus.jpg\" alt=\"\" width=\"1024\" height=\"768\" srcset=\"https:\/\/www.mundiplus.com\/wp-content\/uploads\/2025\/02\/Gnadenkapelle-Mundiplus.jpg 1024w, https:\/\/www.mundiplus.com\/wp-content\/uploads\/2025\/02\/Gnadenkapelle-Mundiplus-300x225.jpg 300w, https:\/\/www.mundiplus.com\/wp-content\/uploads\/2025\/02\/Gnadenkapelle-Mundiplus-768x576.jpg 768w, https:\/\/www.mundiplus.com\/wp-content\/uploads\/2025\/02\/Gnadenkapelle-Mundiplus-600x450.jpg 600w\" sizes=\"(max-width: 1024px) 100vw, 1024px\" \/><\/p>\n<p><span style=\"font-weight: 400;\">Il simbolo pi\u00f9 importante di Alt\u00f6tting \u00e8 la <\/span><b>Gnadenkapelle<\/b><span style=\"font-weight: 400;\"> o <\/span><b>Capella della Grazia<\/b><span style=\"font-weight: 400;\">. Questo santuario \u00e8 il luogo di culto mariano pi\u00f9 antico della Germania e si trova in Baviera. La cappella ospita un&#8217;immagine della Vergine Nera scolpita in legno di tiglio, <\/span><b>venerata dal IX secolo<\/b><span style=\"font-weight: 400;\">. La sua fama \u00e8 dovuta a numerosi racconti di miracoli e guarigioni inspiegabili.<\/span><\/p>\n<p><span style=\"font-weight: 400;\">La cappella \u00e8 una meta importante per i pellegrini che cercano di pregare, accendere candele e lasciare ex voto come segno di gratitudine. L&#8217;atmosfera del luogo \u00e8 solenne ma piena di speranza per coloro che cercano pace e spiritualit\u00e0.<\/span><\/p>\n<p>&nbsp;<\/p>\n<h2><b>Come e perch\u00e9 migliaia di fedeli intraprendono il pellegrinaggio ogni anno<\/b><\/h2>\n<p><span style=\"font-weight: 400;\">Ogni anno, migliaia di persone percorrono diverse vie per arrivare ad Alt\u00f6tting, come abbiamo detto, una delle mete di pellegrinaggio pi\u00f9 importanti della Germania. Alcuni partono da citt\u00e0 vicine, mentre altri intraprendono viaggi di diversi giorni o addirittura settimane.<\/span><\/p>\n<p><span style=\"font-weight: 400;\">I pellegrini di solito camminano in gruppi, cantando canti religiosi, pregando e sostenendosi a vicenda durante il viaggio. Per molti, lo sforzo fisico \u00e8 anche una forma di riflessione e raccoglimento spirituale.<\/span><\/p>\n<p><span style=\"font-weight: 400;\">Le<\/span> <span style=\"font-weight: 400;\">motivazioni per il viaggio sono varie: alcuni cercano <\/span><b>guarigione fisica o emotiva<\/b><span style=\"font-weight: 400;\">, altri <\/span><b>ringraziano per i favori ricevuti<\/b><span style=\"font-weight: 400;\"> e molti lo fanno come parte di una <\/span><b>tradizione familiare<\/b><span style=\"font-weight: 400;\"> tramandata di generazione in generazione.<\/span><\/p>\n<p><span style=\"font-weight: 400;\">L&#8217;arrivo in citt\u00e0 \u00e8 un momento profondamente emotivo. \u00c8 segnato da cerimonie religiose, incontri con altri pellegrini e la possibilit\u00e0 di partecipare a messe speciali nella famosa Cappella della Grazia, dove si venera l&#8217;immagine della Madonna Nera, considerata miracolosa.<\/span><\/p>\n<p>&nbsp;<\/p>\n<h2><b>Alt\u00f6tting oltre la fede: cultura e architettura<\/b><\/h2>\n<p><img decoding=\"async\" class=\"alignnone wp-image-117851 size-full\" src=\"https:\/\/www.mundiplus.com\/wp-content\/uploads\/2025\/02\/Basilica-de-San-Felipe-Mundiplus.jpg\" alt=\"\" width=\"1024\" height=\"683\" srcset=\"https:\/\/www.mundiplus.com\/wp-content\/uploads\/2025\/02\/Basilica-de-San-Felipe-Mundiplus.jpg 1024w, https:\/\/www.mundiplus.com\/wp-content\/uploads\/2025\/02\/Basilica-de-San-Felipe-Mundiplus-300x200.jpg 300w, https:\/\/www.mundiplus.com\/wp-content\/uploads\/2025\/02\/Basilica-de-San-Felipe-Mundiplus-768x512.jpg 768w, https:\/\/www.mundiplus.com\/wp-content\/uploads\/2025\/02\/Basilica-de-San-Felipe-Mundiplus-600x400.jpg 600w\" sizes=\"(max-width: 1024px) 100vw, 1024px\" \/><\/p>\n<p><span style=\"font-weight: 400;\">Sebbene Alt\u00f6tting sia principalmente conosciuto per la sua importanza religiosa, offre anche un grande valore culturale che attira visitatori oltre ai pellegrini. L&#8217; <\/span><b>architettura barocca<\/b><span style=\"font-weight: 400;\"> domina le strade del centro storico, con chiese, monasteri e edifici che riflettono secoli di tradizione e devozione.<\/span><\/p>\n<p><span style=\"font-weight: 400;\">Spiccano la <\/span><b>Basilica di San Filippo e Giacomo<\/b><span style=\"font-weight: 400;\">, un imponente tempio con un interno riccamente decorato; e il <\/span><b>Tesoro della Chiesa<\/b><span style=\"font-weight: 400;\">, che ospita preziose reliquie e oggetti liturgici di grande importanza storica.<\/span><\/p>\n<p><span style=\"font-weight: 400;\">Allo stesso modo, i <\/span><b>musei locali<\/b><span style=\"font-weight: 400;\"> presentano mostre sulla storia del pellegrinaggio e della devozione mariana, permettendo di comprendere meglio il significato di Alt\u00f6tting nel corso del tempo.<\/span><\/p>\n<p><span style=\"font-weight: 400;\">La musica sacra \u00e8 anche una parte importante della vita culturale della citt\u00e0, con cori, concerti e festival che si tengono in vari momenti dell&#8217;anno. Contribuiscono a creare un&#8217;atmosfera solenne e spirituale che arricchisce l&#8217;esperienza dei visitatori.<\/span><\/p>\n<p>&nbsp;<\/p>\n<h2><b>Consigli per visitare Alt\u00f6tting e vivere un&#8217;esperienza completa<\/b><\/h2>\n<p><span style=\"font-weight: 400;\">Se decidi di visitare Alt\u00f6tting, \u00e8 importante <\/span><b>pianificare il tuo viaggio in anticipo<\/b><span style=\"font-weight: 400;\"> per sfruttare al massimo tutto ci\u00f2 che la citt\u00e0 ha da offrire. Questo luogo \u00e8 ben collegato da treno e strada, facilitando l&#8217;accesso da altre citt\u00e0 tedesche.<\/span><\/p>\n<p><span style=\"font-weight: 400;\">Inoltre, la <\/span><b>variet\u00e0 di opzioni di alloggio<\/b><span style=\"font-weight: 400;\"> ti permetter\u00e0 di scegliere tra case per pellegrini, che offrono un&#8217;esperienza pi\u00f9 austera e autentica. Gli hotel offrono maggiore comfort se cerchi un riposo pi\u00f9 rilassante.<\/span><\/p>\n<p><span style=\"font-weight: 400;\">La gastronomia locale \u00e8 una delle grandi attrazioni della citt\u00e0. Puoi gustare piatti tipici bavaresi come le famose <\/span><b>salsicce bianche<\/b><span style=\"font-weight: 400;\"> (<\/span><i><span style=\"font-weight: 400;\">Wei\u00dfwurst<\/span><\/i><span style=\"font-weight: 400;\">) accompagnate da senape dolce, o il tradizionale <\/span><b>pretzel<\/b><span style=\"font-weight: 400;\">, ideale per una colazione o merenda. I ristoranti e caff\u00e8 del centro storico ti permetteranno di degustare queste prelibatezze mentre godi dell&#8217;atmosfera accogliente della citt\u00e0.<\/span><\/p>\n<p><span style=\"font-weight: 400;\">Per vivere un&#8217;esperienza veramente completa, ti consigliamo di <\/span><b>partecipare a una messa nella Gnadenkapelle<\/b><span style=\"font-weight: 400;\">, un luogo sacro che \u00e8 il cuore spirituale della citt\u00e0.<\/span><\/p>\n<p><span style=\"font-weight: 400;\">Inoltre, assicurati di visitare i principali monumenti storici della zona, come la cappella, la piazza del mercato e le varie chiese. Questo ti permetter\u00e0 di conoscere meglio la ricca storia religiosa e culturale di questa destinazione simbolica. Indipendentemente dal fatto che arrivi come pellegrino o turista, Alt\u00f6tting promette di essere un&#8217;esperienza unica che<\/span><b> fonde fede, tradizione e cultura<\/b><span style=\"font-weight: 400;\">.<\/span><\/p>\n","protected":false},"excerpt":{"rendered":"<p>Sapevi che la Germania ha un centro di pellegrinaggio che attira centinaia di migliaia di persone ogni anno? Quando pensiamo ai viaggi di fede, probabilmente il primo che ci viene in mente \u00e8 il Cammino di Santiago, ma Alt\u00f6tting, in Baviera, \u00e8 in realt\u00e0 il cuore spirituale del paese tedesco. Questo piccolo paese \u00e8 diventato [&hellip;]<\/p>\n","protected":false},"author":1,"featured_media":117861,"comment_status":"open","ping_status":"open","sticky":false,"template":"","format":"standard","meta":{"footnotes":""},"categories":[573,577,605,585],"tags":[],"class_list":["post-117915","post","type-post","status-publish","format-standard","has-post-thumbnail","hentry","category-blog-del-cammino","category-cammino-a-piedi","category-siti-iconici","category-storia"],"_links":{"self":[{"href":"https:\/\/www.mundiplus.com\/it\/wp-json\/wp\/v2\/posts\/117915","targetHints":{"allow":["GET"]}}],"collection":[{"href":"https:\/\/www.mundiplus.com\/it\/wp-json\/wp\/v2\/posts"}],"about":[{"href":"https:\/\/www.mundiplus.com\/it\/wp-json\/wp\/v2\/types\/post"}],"author":[{"embeddable":true,"href":"https:\/\/www.mundiplus.com\/it\/wp-json\/wp\/v2\/users\/1"}],"replies":[{"embeddable":true,"href":"https:\/\/www.mundiplus.com\/it\/wp-json\/wp\/v2\/comments?post=117915"}],"version-history":[{"count":0,"href":"https:\/\/www.mundiplus.com\/it\/wp-json\/wp\/v2\/posts\/117915\/revisions"}],"wp:featuredmedia":[{"embeddable":true,"href":"https:\/\/www.mundiplus.com\/it\/wp-json\/wp\/v2\/media\/117861"}],"wp:attachment":[{"href":"https:\/\/www.mundiplus.com\/it\/wp-json\/wp\/v2\/media?parent=117915"}],"wp:term":[{"taxonomy":"category","embeddable":true,"href":"https:\/\/www.mundiplus.com\/it\/wp-json\/wp\/v2\/categories?post=117915"},{"taxonomy":"post_tag","embeddable":true,"href":"https:\/\/www.mundiplus.com\/it\/wp-json\/wp\/v2\/tags?post=117915"}],"curies":[{"name":"wp","href":"https:\/\/api.w.org\/{rel}","templated":true}]}}