{"id":118551,"date":"2025-03-17T18:19:17","date_gmt":"2025-03-17T18:19:17","guid":{"rendered":"https:\/\/www.mundiplus.com\/?p=118551"},"modified":"2025-03-17T18:24:18","modified_gmt":"2025-03-17T18:24:18","slug":"cosa-vedere-a-santillana-del-mar","status":"publish","type":"post","link":"https:\/\/www.mundiplus.com\/it\/cosa-vedere-a-santillana-del-mar\/","title":{"rendered":"Cosa vedere a Santillana del Mar"},"content":{"rendered":"<p><img fetchpriority=\"high\" decoding=\"async\" class=\"alignnone wp-image-118508 size-full\" src=\"https:\/\/www.mundiplus.com\/wp-content\/uploads\/2025\/03\/Santillana-del-Mar-Mundiplus.jpg\" alt=\"\" width=\"1024\" height=\"680\" srcset=\"https:\/\/www.mundiplus.com\/wp-content\/uploads\/2025\/03\/Santillana-del-Mar-Mundiplus.jpg 1024w, https:\/\/www.mundiplus.com\/wp-content\/uploads\/2025\/03\/Santillana-del-Mar-Mundiplus-300x199.jpg 300w, https:\/\/www.mundiplus.com\/wp-content\/uploads\/2025\/03\/Santillana-del-Mar-Mundiplus-768x510.jpg 768w, https:\/\/www.mundiplus.com\/wp-content\/uploads\/2025\/03\/Santillana-del-Mar-Mundiplus-600x398.jpg 600w\" sizes=\"(max-width: 1024px) 100vw, 1024px\" \/><\/p>\n<p><span style=\"font-weight: 400;\">Per i pellegrini che percorrono il Cammino di Santiago, <\/span><b>Santillana del Mar<\/b><span style=\"font-weight: 400;\"> si presenta come una tappa imprescindibile. <\/span><\/p>\n<p><span style=\"font-weight: 400;\">Questo borgo medievale, con il suo centro storico immacolato, \u00e8 un autentico rifugio per coloro che sono sulla via del <\/span><b>Cammino del Nord<\/b><span style=\"font-weight: 400;\">. Le sue strade acciottolate, piene di angoli che raccontano secoli di tradizione, invitano alla riflessione e a godere della spiritualit\u00e0 del pellegrinaggio. <\/span><\/p>\n<p><span style=\"font-weight: 400;\">Inoltre, la presenza di monumenti emblematici e la vicinanza a siti di interesse preistorico arricchiscono l&#8217;esperienza culturale del cammino. Da <\/span><b>Mundiplus<\/b><span style=\"font-weight: 400;\">, esperti di <\/span><a href=\"https:\/\/www.mundiplus.com\/it\/\"><b>viaggi Cammino di Santiago<\/b><\/a><span style=\"font-weight: 400;\">, vogliamo mostrarti quali sono i suoi principali punti di interesse.<\/span><\/p>\n<p>&nbsp;<\/p>\n<h2><b>Santillana del Mar, un gioiello nel Cammino del Nord<\/b><\/h2>\n<p><span style=\"font-weight: 400;\">Come ti abbiamo detto, <\/span><b>Santillana del Mar<\/b><span style=\"font-weight: 400;\"> \u00e8 uno dei punti pi\u00f9 emblematici del <\/span><b>Cammino del Nord<\/b><span style=\"font-weight: 400;\">. Lungo questa rotta costiera, l&#8217;atmosfera si impregna della <\/span><b>brezza del Cantabrico<\/b><span style=\"font-weight: 400;\"> e della malinconia dei <\/span><b>paesi che conservano la loro essenza medievale<\/b><span style=\"font-weight: 400;\">.<\/span><\/p>\n<p><span style=\"font-weight: 400;\">La singolarit\u00e0 del Cammino del Nord risiede nella sua capacit\u00e0 di regalare <\/span><b>paesaggi spettacolari<\/b><span style=\"font-weight: 400;\"> senza rinunciare alla ricchezza culturale di ogni tappa. A differenza di altri itinerari, dove il percorso inizia in ambienti urbani o si addentra nell&#8217;entroterra selvaggio, il tragitto costiero consente di godere di <\/span><b>scogliere, spiagge solitarie e un ambiente naturale incontaminato<\/b><span style=\"font-weight: 400;\">. <\/span><\/p>\n<p><span style=\"font-weight: 400;\">Questo scenario offre un contrasto affascinante con percorsi pi\u00f9 interni come il<\/span><a href=\"https:\/\/www.mundiplus.com\/caminos\/a-pie\/camino-sanabres\/camino-de-santiago-desde-orense\/\"> <b>Cammino di Santiago da Ourense<\/b><\/a><span style=\"font-weight: 400;\"> o il<\/span><a href=\"https:\/\/www.mundiplus.com\/caminos\/a-pie\/camino-primitivo\/camino-de-santiago-desde-lugo\/\"> <b>Cammino di Santiago da Lugo<\/b><\/a><span style=\"font-weight: 400;\">. In entrambi i casi, l&#8217;esperienza si immerge in paesaggi montuosi e boschi che, sebbene siano altrettanto arricchenti, propongono un percorso con sfide e sensazioni molto diverse.<\/span><\/p>\n<p><span style=\"font-weight: 400;\">Il<\/span><a href=\"https:\/\/www.mundiplus.com\/caminos\/a-pie\/camino-norte\/camino-de-santiago-desde-irun\/\"> <b>Cammino di Santiago da Ir\u00fan<\/b><\/a><span style=\"font-weight: 400;\">, che puoi percorrere fino a Bilbao, \u00e8 la porta d&#8217;ingresso a questa rotta costiera, segnando l&#8217;inizio di un viaggio in cui ogni chilometro attraversa scenari di bellezza incomparabile.<\/span><\/p>\n<p><span style=\"font-weight: 400;\">Continuare lungo il Cammino del Nord \u00e8 intraprendere un <\/span><b>esperienza trasformante<\/b><span style=\"font-weight: 400;\">, dove ogni passo ti invita a connetterti con la natura e con te stesso. La sensazione di camminare sotto un cielo ampio, con il suono ritmico delle onde e la fragranza salina del mare, crea un<\/span><b> ambiente propizio per l&#8217;introspezione e la riflessione<\/b><span style=\"font-weight: 400;\">. <\/span><\/p>\n<p><span style=\"font-weight: 400;\">Il percorso ti offre l&#8217;opportunit\u00e0 di fermarti in affascinanti paesini e villaggi, dove l&#8217;ospitalit\u00e0 della gente ti avvolge in un&#8217;atmosfera di calma e cordialit\u00e0. In questi luoghi, <\/span><b>la tradizione e la modernit\u00e0<\/b><span style=\"font-weight: 400;\"> convivono armoniosamente, permettendoti di degustare una ricca gastronomia locale che delizia il palato e conforta l&#8217;anima. <\/span><\/p>\n<p><span style=\"font-weight: 400;\">La <\/span><b>calma dell&#8217;ambiente<\/b><span style=\"font-weight: 400;\"> e il ritmo lento del viaggio facilitano momenti di riflessione e meditazione. Ogni passo sembra un&#8217;opportunit\u00e0 per lasciarsi alle spalle lo stress quotidiano e riconnettersi con l&#8217;essenziale. In questo viaggio, la bellezza della costa si combina con la storia viva di ogni paese, creando uno scenario unico che stimola tutti i sensi e nutre sia il corpo che la mente.<\/span><\/p>\n<p><span style=\"font-weight: 400;\">Anche se in misura minore rispetto ad altre rotte, il percorso <\/span><b>favorisce l&#8217;incontro e lo scambio tra pellegrini<\/b><span style=\"font-weight: 400;\">. Questi momenti di convivialit\u00e0 sono tanto arricchenti quanto i paesaggi stessi, poich\u00e9 permettono di tessere legami e scoprire nuove prospettive della vita.<\/span><\/p>\n<p>&nbsp;<\/p>\n<h2><b>Cosa vedere a Santillana del Mar<\/b><\/h2>\n<p><span style=\"font-weight: 400;\">Santillana del Mar \u00e8 una destinazione che coniuga perfettamente storia, arte e spiritualit\u00e0, offrendo ai pellegrini una via ricca di dettagli che parlano di secoli di tradizione. <\/span> A seguire, ti presentiamo diversi punti di interesse che ti aiuteranno a pianificare la tua visita.<\/p>\n<p>&nbsp;<\/p>\n<h3><b>Colegiata di Santa Juliana<\/b><\/h3>\n<p><img decoding=\"async\" class=\"alignnone wp-image-118514 size-full\" src=\"https:\/\/www.mundiplus.com\/wp-content\/uploads\/2025\/03\/Colegiata-de-Santa-Juliana-Mundiplus.jpg\" alt=\"\" width=\"1024\" height=\"768\" srcset=\"https:\/\/www.mundiplus.com\/wp-content\/uploads\/2025\/03\/Colegiata-de-Santa-Juliana-Mundiplus.jpg 1024w, https:\/\/www.mundiplus.com\/wp-content\/uploads\/2025\/03\/Colegiata-de-Santa-Juliana-Mundiplus-300x225.jpg 300w, https:\/\/www.mundiplus.com\/wp-content\/uploads\/2025\/03\/Colegiata-de-Santa-Juliana-Mundiplus-768x576.jpg 768w, https:\/\/www.mundiplus.com\/wp-content\/uploads\/2025\/03\/Colegiata-de-Santa-Juliana-Mundiplus-600x450.jpg 600w\" sizes=\"(max-width: 1024px) 100vw, 1024px\" \/><\/p>\n<p><span style=\"font-weight: 400;\">La <\/span><b>Colegiata di Santa Juliana<\/b><span style=\"font-weight: 400;\"> \u00e8 un emblema religioso e architettonico della Cantabria. Costruita nel <\/span><b>XII secolo<\/b><span style=\"font-weight: 400;\">, questa chiesa <\/span><b>romanica<\/b><span style=\"font-weight: 400;\"> \u00e8 stata dichiarata Bene di Interesse Culturale e si distingue per la sua impressionante facciata e il suo interno sobrio, in cui si conserva un&#8217;atmosfera di raccoglimento. <\/span><\/p>\n<p><span style=\"font-weight: 400;\">Uno dei suoi maggiori punti di attrazione \u00e8 il <\/span><b>chiostro<\/b><span style=\"font-weight: 400;\">, le cui colonne e capitelli sono finemente scolpiti, rappresentando scene bibliche e elementi dell&#8217;iconografia medievale. La troverai nel centro storico, il che ti permetter\u00e0 di combinare la sua visita con una passeggiata per le strette e acciottolate strade del paese.<\/span><\/p>\n<p>&nbsp;<\/p>\n<h3><b>Grotta di Altamira e la neogrotta<\/b><\/h3>\n<p><img decoding=\"async\" class=\"alignnone wp-image-118502 size-full\" src=\"https:\/\/www.mundiplus.com\/wp-content\/uploads\/2025\/03\/Cueva-de-Altamira-Mundiplus.jpg\" alt=\"\" width=\"1024\" height=\"768\" srcset=\"https:\/\/www.mundiplus.com\/wp-content\/uploads\/2025\/03\/Cueva-de-Altamira-Mundiplus.jpg 1024w, https:\/\/www.mundiplus.com\/wp-content\/uploads\/2025\/03\/Cueva-de-Altamira-Mundiplus-300x225.jpg 300w, https:\/\/www.mundiplus.com\/wp-content\/uploads\/2025\/03\/Cueva-de-Altamira-Mundiplus-768x576.jpg 768w, https:\/\/www.mundiplus.com\/wp-content\/uploads\/2025\/03\/Cueva-de-Altamira-Mundiplus-600x450.jpg 600w\" sizes=\"(max-width: 1024px) 100vw, 1024px\" \/><\/p>\n<p><span style=\"font-weight: 400;\">Riconosciuta a livello mondiale come la \u201c<\/span><b>Cappella Sistina dell&#8217;arte rupestre<\/b><span style=\"font-weight: 400;\">\u201d, la Grotta di Altamira \u00e8 un testimone unico del talento creativo dei nostri antenati. Sebbene la grotta originale, scoperta nel 1879, sia <\/span><b>chiusa al pubblico<\/b><span style=\"font-weight: 400;\"> per garantire la sua conservazione, la Neogrotta \u00e8 una <\/span><b>replica esatta<\/b><span style=\"font-weight: 400;\"> che riproduce fedelmente gli affreschi del Paleolitico. <\/span><\/p>\n<p><span style=\"font-weight: 400;\">Qui potrai ammirare da vicino le famose rappresentazioni di bisonti, cervi e cavalli, dipinte <\/span><b>pi\u00f9 di 36.000 anni fa<\/b><span style=\"font-weight: 400;\">. La Neocueva offre un&#8217;esperienza immersiva e dettagliata, permettendoti di comprendere le tecniche e i materiali utilizzati dai primi artisti preistorici. <\/span><\/p>\n<p><span style=\"font-weight: 400;\">Accanto alla Neocueva, il <\/span><b>Museo de Altamira<\/b><span style=\"font-weight: 400;\"> completa l&#8217;esperienza preistorica con una <\/span><b>mostra permanente dedicata all&#8217;arte e alla vita del Paleolitico<\/b><span style=\"font-weight: 400;\">. Qui troverai una collezione di strumenti, resti archeologici e repliche di elementi che permettono di comprendere il contesto in cui sono state realizzate le pitture rupestri. <\/span><\/p>\n<p><span style=\"font-weight: 400;\">Il museo offre informazioni dettagliate sulle <\/span><b>scoperte effettuate dalla prima esplorazione nel XIX secolo<\/b><span style=\"font-weight: 400;\">. Fornisce dati precisi sulle tecniche artistiche e sull&#8217;ambiente naturale che ha influenzato i primi abitanti.<\/span><\/p>\n<p>&nbsp;<\/p>\n<h3><b>Piazza Maggiore<\/b><\/h3>\n<p><span style=\"font-weight: 400;\">La <\/span><b>Piazza Maggiore<\/b><span style=\"font-weight: 400;\"> \u00e8 il nucleo centrale del villaggio. Circondata da case storiche e edifici con un&#8217;architettura tradizionale, conserva il fascino delle epoche passate grazie al suo <\/span><b>pavimento in pietra<\/b><span style=\"font-weight: 400;\"> e all&#8217;armonia delle sue strutture. \u00c8 il luogo ideale per fermarsi a prendere un caff\u00e8 in una delle terrazze o per gustare un pranzo con piatti tipici della Cantabria. <\/span><\/p>\n<p><span style=\"font-weight: 400;\">Di solito \u00e8 il palcoscenico di eventi culturali e mercati tradizionali, il che la rende un punto di incontro imperdibile per qualsiasi viandante.<\/span><\/p>\n<p><span style=\"font-weight: 400;\">Tra i resti medievali che si trovano qui spiccano la <\/span><b>Torre de Don Borja<\/b><span style=\"font-weight: 400;\"> e la <\/span><b>Torre del Merino<\/b><span style=\"font-weight: 400;\">. Entrambe le strutture fanno parte della<\/span><b> rete difensiva del villaggio<\/b><span style=\"font-weight: 400;\">, riflettendo l&#8217;importanza strategica e la presenza della nobilt\u00e0 cantabrica nei secoli passati. <\/span><\/p>\n<p><span style=\"font-weight: 400;\">La Torre de Don Borja, con i suoi rilievi e dettagli architettonici, e la Torre del Merino, anch&#8217;essa imponente, sono costruite in pietra e hanno un design robusto.<\/span><\/p>\n<p>&nbsp;<\/p>\n<h3><b>Palazzo di Velarde<\/b><\/h3>\n<p><span style=\"font-weight: 400;\">Accanto alla collegiata, il <\/span><b>Palazzo di Velarde<\/b><span style=\"font-weight: 400;\"> \u00e8 un altro dei tesori di Santillana del Mar che non puoi perdere. Questo edificio del XVI secolo, rappresentativo dello <\/span><b>stile rinascimentale<\/b><span style=\"font-weight: 400;\">, impressiona per la sua eleganza e simmetria. La facciata del palazzo, decorata con dettagli ornamentali tipici dell&#8217;epoca, rivela la ricchezza e il raffinamento delle famiglie nobili che vi risiedevano. <\/span><\/p>\n<p><span style=\"font-weight: 400;\">All&#8217;interno, si conservano spazi che permettono di apprezzare la qualit\u00e0 delle finiture e l&#8217;influenza del Rinascimento nell&#8217;architettura cantabrica.<\/span><\/p>\n<p>&nbsp;<\/p>\n<h3><b>Convento di San Ildefonso<\/b><\/h3>\n<p><span style=\"font-weight: 400;\">Fondato nel <\/span><b>XVII secolo<\/b><span style=\"font-weight: 400;\">, il Convento di San Ildefonso \u00e8 un chiaro esempio del patrimonio religioso che ha segnato l&#8217;identit\u00e0 di Santillana del Mar. Questo edificio, che ha mantenuto gran parte della sua essenza originale, offre un <\/span><b>ambiente di raccoglimento e spiritualit\u00e0<\/b><span style=\"font-weight: 400;\"> che contrasta con il trambusto del centro storico. <\/span><\/p>\n<p><span style=\"font-weight: 400;\">Il luogo spicca per il suo chiostro, i cui archi e colonne invitano alla meditazione, e per la sua decorazione interna, che conserva<\/span><b> elementi artistici e liturgici tipici dell&#8217;epoca<\/b><span style=\"font-weight: 400;\">.<\/span><\/p>\n<p>&nbsp;<\/p>\n<h2><b>Gastronomia e tradizioni<\/b><\/h2>\n<p><span style=\"font-weight: 400;\">La gastronomia della Cantabria \u00e8 un riflesso vivo della sua storia e delle condizioni del suo ambiente, e a Santillana del Mar \u00e8 percepita in modo molto autentico. <\/span><\/p>\n<p><span style=\"font-weight: 400;\">Ad esempio, il <\/span><b>cocido monta\u00f1\u00e9s<\/b><span style=\"font-weight: 400;\"> \u00e8 un piatto sostanzioso e confortante, preparato con fagioli bianchi, verza e diversi tagli di carne di maiale che vengono cotti lentamente per circa tre ore. Questo stufato \u00e8 tradizionale nei mesi freddi.<\/span><\/p>\n<p><span style=\"font-weight: 400;\">Nel campo dei dolci, spiccano le <\/span><b>quesadas pasiegas<\/b><span style=\"font-weight: 400;\"> e i <\/span><b>sobaos pasiegos<\/b><span style=\"font-weight: 400;\">. Queste delizie, che risalgono a epoche tanto remote quanto il XVIII secolo, sono preparate con ingredienti semplici ma di grande qualit\u00e0, come formaggio fresco, uova, zucchero, farina e un tocco di cannella. <\/span><\/p>\n<p><span style=\"font-weight: 400;\">Un altro prodotto di punta \u00e8 l&#8217;<\/span><b>acciuga di Santo\u00f1a<\/b><span style=\"font-weight: 400;\">, che viene coltivata a meno di 20 chilometri da Santillana del Mar. Queste acciughe vengono salate per un periodo che va dai tre ai cinque mesi, conferendo loro una consistenza e un sapore unici, riconosciuti a livello internazionale e protetti dalla Denominazione di Origine. Vengono utilizzate in insalate, pintxos e altri piatti che esaltano la freschezza del mare Cantabrico.<\/span><\/p>\n","protected":false},"excerpt":{"rendered":"<p>Per i pellegrini che percorrono il Cammino di Santiago, Santillana del Mar si presenta come una tappa imprescindibile. Questo borgo medievale, con il suo centro storico immacolato, \u00e8 un autentico rifugio per coloro che sono sulla via del Cammino del Nord. Le sue strade acciottolate, piene di angoli che raccontano secoli di tradizione, invitano alla [&hellip;]<\/p>\n","protected":false},"author":1,"featured_media":118512,"comment_status":"open","ping_status":"open","sticky":false,"template":"","format":"standard","meta":{"footnotes":""},"categories":[573,577,601],"tags":[],"class_list":["post-118551","post","type-post","status-publish","format-standard","has-post-thumbnail","hentry","category-blog-del-cammino","category-cammino-a-piedi","category-paesi-e-regioni"],"_links":{"self":[{"href":"https:\/\/www.mundiplus.com\/it\/wp-json\/wp\/v2\/posts\/118551","targetHints":{"allow":["GET"]}}],"collection":[{"href":"https:\/\/www.mundiplus.com\/it\/wp-json\/wp\/v2\/posts"}],"about":[{"href":"https:\/\/www.mundiplus.com\/it\/wp-json\/wp\/v2\/types\/post"}],"author":[{"embeddable":true,"href":"https:\/\/www.mundiplus.com\/it\/wp-json\/wp\/v2\/users\/1"}],"replies":[{"embeddable":true,"href":"https:\/\/www.mundiplus.com\/it\/wp-json\/wp\/v2\/comments?post=118551"}],"version-history":[{"count":0,"href":"https:\/\/www.mundiplus.com\/it\/wp-json\/wp\/v2\/posts\/118551\/revisions"}],"wp:featuredmedia":[{"embeddable":true,"href":"https:\/\/www.mundiplus.com\/it\/wp-json\/wp\/v2\/media\/118512"}],"wp:attachment":[{"href":"https:\/\/www.mundiplus.com\/it\/wp-json\/wp\/v2\/media?parent=118551"}],"wp:term":[{"taxonomy":"category","embeddable":true,"href":"https:\/\/www.mundiplus.com\/it\/wp-json\/wp\/v2\/categories?post=118551"},{"taxonomy":"post_tag","embeddable":true,"href":"https:\/\/www.mundiplus.com\/it\/wp-json\/wp\/v2\/tags?post=118551"}],"curies":[{"name":"wp","href":"https:\/\/api.w.org\/{rel}","templated":true}]}}