{"id":119053,"date":"2025-04-05T09:36:23","date_gmt":"2025-04-05T09:36:23","guid":{"rendered":"https:\/\/www.mundiplus.com\/?p=119053"},"modified":"2025-04-05T09:45:35","modified_gmt":"2025-04-05T09:45:35","slug":"caravaca-de-la-cruz-pellegrinaggio-ad-unaltra-citta-santa","status":"publish","type":"post","link":"https:\/\/www.mundiplus.com\/it\/caravaca-de-la-cruz-pellegrinaggio-e-citta-santa\/","title":{"rendered":"Caravaca de la Cruz, pellegrinaggio ad un&#8217;altra citt\u00e0 santa"},"content":{"rendered":"<p><img fetchpriority=\"high\" decoding=\"async\" class=\"alignnone wp-image-118987 size-full\" src=\"https:\/\/www.mundiplus.com\/wp-content\/uploads\/2025\/04\/Blog-Mundiplus.png\" alt=\"\" width=\"1023\" height=\"539\" srcset=\"https:\/\/www.mundiplus.com\/wp-content\/uploads\/2025\/04\/Blog-Mundiplus.png 1023w, https:\/\/www.mundiplus.com\/wp-content\/uploads\/2025\/04\/Blog-Mundiplus-300x158.png 300w, https:\/\/www.mundiplus.com\/wp-content\/uploads\/2025\/04\/Blog-Mundiplus-768x405.png 768w, https:\/\/www.mundiplus.com\/wp-content\/uploads\/2025\/04\/Blog-Mundiplus-600x316.png 600w\" sizes=\"(max-width: 1023px) 100vw, 1023px\" \/><\/p>\n<p><span style=\"font-weight: 400;\">In Spagna, la peregrinazione pi\u00f9 conosciuta \u00e8, senza dubbio, il Cammino di Santiago. Tuttavia, c&#8217;\u00e8 un altro destino che ogni anno attira migliaia di pellegrini per motivi di fede, storia e spiritualit\u00e0: <\/span><b>Caravaca de la Cruz<\/b><span style=\"font-weight: 400;\">, nella regione di Murcia. <\/span><\/p>\n<p><span style=\"font-weight: 400;\">Questa citt\u00e0 ha l&#8217;onore di essere una delle<\/span><b> cinque citt\u00e0 sante del cristianesimo<\/b><span style=\"font-weight: 400;\">, e il suo santuario ospita una delle reliquie pi\u00f9 venerate del mondo: <\/span><b>la Vera Cruz<\/b><span style=\"font-weight: 400;\">.<\/span><\/p>\n<p>&nbsp;<\/p>\n<h2><b>Caravaca de la Cruz: una delle cinque citt\u00e0 sante del cristianesimo<\/b><\/h2>\n<p><span style=\"font-weight: 400;\">Il titolo di &#8220;citt\u00e0 santa&#8221; non \u00e8 comune. Solo cinque citt\u00e0 nel mondo lo possiedono: <\/span><b>Gerusalemme, Roma, Santiago de Compostela, Santo Toribio de Li\u00e9bana e Caravaca de la Cruz<\/b><span style=\"font-weight: 400;\">. <\/span><\/p>\n<p><span style=\"font-weight: 400;\">Il riconoscimento le fu concesso da Papa Giovanni Paolo II nel 1998, insieme alla <\/span><b>celebrazione di un Anno Giubilare Perpetuo ogni sette anni<\/b><span style=\"font-weight: 400;\">. Questo \u00e8 un privilegio che fino ad allora condivideva solo Santiago de Compostela nel mondo ispanico.<\/span><\/p>\n<p><span style=\"font-weight: 400;\">Questa distinzione la rende un <\/span><b>punto di incontro per i credenti<\/b><span style=\"font-weight: 400;\">. I pellegrini possono ottenere l&#8217;indulgenza plenaria pellegrinando fino alla sua basilica durante gli anni giubilari o durante il resto dell&#8217;anno sotto determinate condizioni religiose.<\/span><\/p>\n<p>&nbsp;<\/p>\n<h3><b>Storia della Vera Cruz e origine della peregrinazione<\/b><\/h3>\n<p><img decoding=\"async\" class=\"alignnone wp-image-119003 size-full\" src=\"https:\/\/www.mundiplus.com\/wp-content\/uploads\/2025\/04\/Vera-Cruz-Caravaca-Mundiplus.jpg\" alt=\"\" width=\"1023\" height=\"648\" srcset=\"https:\/\/www.mundiplus.com\/wp-content\/uploads\/2025\/04\/Vera-Cruz-Caravaca-Mundiplus.jpg 1023w, https:\/\/www.mundiplus.com\/wp-content\/uploads\/2025\/04\/Vera-Cruz-Caravaca-Mundiplus-300x190.jpg 300w, https:\/\/www.mundiplus.com\/wp-content\/uploads\/2025\/04\/Vera-Cruz-Caravaca-Mundiplus-768x486.jpg 768w, https:\/\/www.mundiplus.com\/wp-content\/uploads\/2025\/04\/Vera-Cruz-Caravaca-Mundiplus-600x380.jpg 600w\" sizes=\"(max-width: 1023px) 100vw, 1023px\" \/><\/p>\n<p><span style=\"font-weight: 400;\">La devozione alla Vera Cruz di Caravaca nasce da una storia che mescola fede e leggenda. <\/span><\/p>\n<p><span style=\"font-weight: 400;\">Secondo la tradizione, nel XIII secolo un sacerdote fu portato prigioniero dai musulmani nella citt\u00e0. L\u00ec, gli fu chiesto di celebrare una messa, ma non avendo una croce sull&#8217;altare, l&#8217;atto fu sospeso. Fu allora che due angeli discesero dal cielo portando una croce a doppio braccio orizzontale: la <\/span><b>reliquia della Vera Cruz<\/b><span style=\"font-weight: 400;\">.<\/span><\/p>\n<p><span style=\"font-weight: 400;\">Al di l\u00e0 della leggenda, la reliquia \u2014un frammento della croce su cui fu crocifisso Ges\u00f9 Cristo\u2014 \u00e8 stata <\/span><b>custodita per secoli da diverse ordini religiosi<\/b><span style=\"font-weight: 400;\">. Oggi, \u00e8 ancora il centro spirituale della citt\u00e0 e il motore della peregrinazione.<\/span><\/p>\n<p>&nbsp;<\/p>\n<h3><b>Il Cammino della Croce: percorsi, tappe e durata<\/b><\/h3>\n<p><span style=\"font-weight: 400;\">Pur avendo un carattere pi\u00f9 religioso, il Cammino della Croce si ispira al Cammino di Santiago. Inoltre, offre ai pellegrini diversi percorsi per arrivare a Caravaca. I due principali sono:<\/span><\/p>\n<ul>\n<li style=\"font-weight: 400;\" aria-level=\"1\"><b>Cammino dell&#8217;Apostolo<\/b><span style=\"font-weight: 400;\">: Parte da <\/span><b>Roncesvalles<\/b><span style=\"font-weight: 400;\"> e percorre circa 900 km fino a Caravaca, collegandosi con il Cammino di Santiago fino a Puente la Reina. \u00c8 il percorso pi\u00f9 lungo e spirituale.<\/span><\/li>\n<\/ul>\n<p>&nbsp;<\/p>\n<ul>\n<li style=\"font-weight: 400;\" aria-level=\"1\"><b>Cammino del Levante<\/b><span style=\"font-weight: 400;\">: Parte da <\/span><b>Orihuela<\/b><span style=\"font-weight: 400;\">, Alicante, e si addentra nell&#8217;entroterra murciano. Ha circa 120 km ed \u00e8 il pi\u00f9 frequentato attualmente.<\/span><\/li>\n<\/ul>\n<p>&nbsp;<\/p>\n<p><span style=\"font-weight: 400;\">Entrambi i percorsi sono segnalati, con rifugi e servizi, e attraversano paesaggi di grande bellezza e valore patrimoniale. Il Cammino della Croce non \u00e8 solo un percorso religioso, ma anche culturale e naturale.<\/span><\/p>\n<p><span style=\"font-weight: 400;\">Questi due sono i pi\u00f9 popolari, ma in totale ci sono 8 modi per arrivare, anche se, tranne il Cammino dell&#8217;Apostolo, si tratta di percorsi di poco pi\u00f9 di 100 chilometri.<\/span><\/p>\n<p>&nbsp;<\/p>\n<h2><b>Cosa vedere a Caravaca de la Cruz oltre alla basilica<\/b><\/h2>\n<p><img decoding=\"async\" class=\"alignnone wp-image-119009 size-full\" src=\"https:\/\/www.mundiplus.com\/wp-content\/uploads\/2025\/04\/Real-Basilica-Santuario-Mundiplus.jpg\" alt=\"\" width=\"1024\" height=\"683\" srcset=\"https:\/\/www.mundiplus.com\/wp-content\/uploads\/2025\/04\/Real-Basilica-Santuario-Mundiplus.jpg 1024w, https:\/\/www.mundiplus.com\/wp-content\/uploads\/2025\/04\/Real-Basilica-Santuario-Mundiplus-300x200.jpg 300w, https:\/\/www.mundiplus.com\/wp-content\/uploads\/2025\/04\/Real-Basilica-Santuario-Mundiplus-768x512.jpg 768w, https:\/\/www.mundiplus.com\/wp-content\/uploads\/2025\/04\/Real-Basilica-Santuario-Mundiplus-600x400.jpg 600w\" sizes=\"(max-width: 1024px) 100vw, 1024px\" \/><\/p>\n<p><span style=\"font-weight: 400;\">Sebbene il Santuario della Vera Cruz sia l&#8217;attrazione principale, <\/span><b>Caravaca<\/b><span style=\"font-weight: 400;\"> offre molto di pi\u00f9 al visitatore:<\/span><\/p>\n<ul>\n<li style=\"font-weight: 400;\" aria-level=\"1\"><b>Real Basilica-Santuario della Vera Cruz<\/b><span style=\"font-weight: 400;\">: Situata su una collina all&#8217;interno del castello medievale, \u00e8 il cuore della citt\u00e0 santa. Il suo stile barocco e l&#8217;interno ricco di simbolismo impressionano il pellegrino.<\/span><\/li>\n<\/ul>\n<p>&nbsp;<\/p>\n<ul>\n<li style=\"font-weight: 400;\" aria-level=\"1\"><b>Castello di Caravaca<\/b><span style=\"font-weight: 400;\">: Fortezza del XV secolo da cui si domina tutta la citt\u00e0.<\/span><\/li>\n<\/ul>\n<p>&nbsp;<\/p>\n<ul>\n<li style=\"font-weight: 400;\" aria-level=\"1\"><b>Museo della Festa<\/b><span style=\"font-weight: 400;\">: Dedicato alle celebrazioni pi\u00f9 famose di Caravaca: le <\/span><b>Feste della Santissima e Vera Cruz<\/b><span style=\"font-weight: 400;\">, con i loro cavalli del vino, dichiarate di Interesse Turistico Internazionale.<\/span><\/li>\n<\/ul>\n<p>&nbsp;<\/p>\n<ul>\n<li style=\"font-weight: 400;\" aria-level=\"1\"><b>Parco delle Fonti del Marchese<\/b><span style=\"font-weight: 400;\">: Un&#8217;area naturale vicino alla citt\u00e0, ideale per il riposo del pellegrino.<\/span><\/li>\n<\/ul>\n<p>&nbsp;<\/p>\n<ul>\n<li style=\"font-weight: 400;\" aria-level=\"1\"><b>Bagni di Archivel<\/b><span style=\"font-weight: 400;\">: Terme naturali conosciute sin dall&#8217;epoca romana, perfette per rilassarsi dopo il cammino.<\/span><\/li>\n<\/ul>\n<p>&nbsp;<\/p>\n<h2><b>Pellegrinare a Caravaca vs. Cammino di Santiago: due percorsi di fede con anima propria<\/b><\/h2>\n<p><span style=\"font-weight: 400;\">Sebbene Caravaca de la Cruz e Santiago de Compostela condividano una radice cristiana profonda, ogni pellegrinaggio ha la sua essenza unica. Entrambi offrono esperienze spirituali e personali indimenticabili, ma <\/span><b>differiscono per storia, magnitudine e profilo del pellegrino<\/b><span style=\"font-weight: 400;\">.<\/span><\/p>\n<p><span style=\"font-weight: 400;\">Il <\/span><b>Cammino di Santiago<\/b><span style=\"font-weight: 400;\"> \u00e8 uno dei percorsi pi\u00f9 antichi al mondo, dichiarato Patrimonio dell&#8217;Umanit\u00e0. Il suo tracciato si estende per migliaia di chilometri <\/span><b>in tutta Europa<\/b><span style=\"font-weight: 400;\"> (come saprai, ha tratti in Portogallo e Francia).<\/span><\/p>\n<p><span style=\"font-weight: 400;\">Grazie all&#8217;infrastruttura sviluppata nel tempo, molti pellegrini scelgono un<\/span><a href=\"https:\/\/www.mundiplus.com\/it\/\"> <b>Cammino di Santiago organizzato<\/b><\/a><span style=\"font-weight: 400;\"> che permette loro di godersi l&#8217;esperienza con servizi inclusi, come il trasporto degli zaini, l&#8217;alloggio e l&#8217;assistenza.<\/span><\/p>\n<p><span style=\"font-weight: 400;\">Tra i percorsi pi\u00f9 rinomati del Cammino di Santiago ci sono:<\/span><\/p>\n<ul>\n<li style=\"font-weight: 400;\" aria-level=\"1\"><span style=\"font-weight: 400;\">Il<\/span><a href=\"https:\/\/www.mundiplus.com\/it\/caminos\/a-pie\/camino-de-santiago-desde-ribadeo\/\"> <b>Cammino di Santiago da Ribadeo<\/b><\/a><span style=\"font-weight: 400;\">, che fa parte del Cammino del Nord, attraversa la costa galiziana con paesaggi marini spettacolari e tappe ben segnalate.<\/span><\/li>\n<\/ul>\n<p>&nbsp;<\/p>\n<ul>\n<li style=\"font-weight: 400;\" aria-level=\"1\"><span style=\"font-weight: 400;\">Il<\/span><a href=\"https:\/\/www.mundiplus.com\/it\/caminos\/a-pie\/camino-norte\/camino-de-santiago-desde-bilbao\/\"> <b>Cammino di Santiago da Bilbao<\/b><\/a><span style=\"font-weight: 400;\">, anch&#8217;esso nel Cammino del Nord, combina cultura urbana, arte e tradizione basca con la spiritualit\u00e0 del viaggio.<\/span><\/li>\n<\/ul>\n<p>&nbsp;<\/p>\n<ul>\n<li style=\"font-weight: 400;\" aria-level=\"1\"><span style=\"font-weight: 400;\">Il<\/span><a href=\"https:\/\/www.mundiplus.com\/it\/caminos\/a-pie\/camino-portugues\/camino-de-santiago-desde-tui\/\"> <b>Cammino di Santiago da Tui<\/b><\/a><span style=\"font-weight: 400;\">, punto d&#8217;ingresso del Cammino Portoghese in Galizia, \u00e8 ideale per chi ha poco tempo, poich\u00e9 copre gli ultimi 100 km necessari per ottenere la Compostela.<\/span><\/li>\n<\/ul>\n<p>&nbsp;<\/p>\n<p><span style=\"font-weight: 400;\">Caravaca, da parte sua, offre un <\/span><b>percorso meno affollato<\/b><span style=\"font-weight: 400;\">, che consente una connessione pi\u00f9 intima con l&#8217;ambiente e la fede. Inoltre, la maggior parte dei percorsi verso Caravaca \u00e8 ancora in fase di consolidamento, il che rappresenta un&#8217;attrattiva per chi cerca qualcosa di pi\u00f9 autentico e meno trafficato.<\/span><\/p>\n<p>&nbsp;<\/p>\n<h2><b>Quando peregrinare a Caravaca de la Cruz? Date chiave<\/b><\/h2>\n<p><img loading=\"lazy\" decoding=\"async\" class=\"alignnone wp-image-118997 size-full\" src=\"https:\/\/www.mundiplus.com\/wp-content\/uploads\/2025\/04\/Fiestas-de-la-Santisima-y-Vera-Cruz-Mundiplus.jpg\" alt=\"\" width=\"1024\" height=\"793\" srcset=\"https:\/\/www.mundiplus.com\/wp-content\/uploads\/2025\/04\/Fiestas-de-la-Santisima-y-Vera-Cruz-Mundiplus.jpg 1024w, https:\/\/www.mundiplus.com\/wp-content\/uploads\/2025\/04\/Fiestas-de-la-Santisima-y-Vera-Cruz-Mundiplus-300x232.jpg 300w, https:\/\/www.mundiplus.com\/wp-content\/uploads\/2025\/04\/Fiestas-de-la-Santisima-y-Vera-Cruz-Mundiplus-768x595.jpg 768w, https:\/\/www.mundiplus.com\/wp-content\/uploads\/2025\/04\/Fiestas-de-la-Santisima-y-Vera-Cruz-Mundiplus-600x465.jpg 600w\" sizes=\"(max-width: 1024px) 100vw, 1024px\" \/><\/p>\n<p><span style=\"font-weight: 400;\">Il periodo migliore per fare il Cammino della Croce dipende dagli interessi del pellegrino:<\/span><\/p>\n<ul>\n<li style=\"font-weight: 400;\" aria-level=\"1\"><b>Anni Giubilari<\/b><span style=\"font-weight: 400;\">: Si celebrano ogni 7 anni (il prossimo sar\u00e0 nel 2030). Durante questi anni si vive un&#8217;atmosfera molto speciale, con migliaia di pellegrini e attivit\u00e0 religiose, culturali e festive.<\/span><\/li>\n<\/ul>\n<p>&nbsp;<\/p>\n<ul>\n<li style=\"font-weight: 400;\" aria-level=\"1\"><b>1-5 maggio<\/b><span style=\"font-weight: 400;\">: Le Feste della Santissima e Vera Cruz, con i Cavalli del Vino, sono una delle celebrazioni pi\u00f9 singolari della Spagna. Vale la pena pianificare l&#8217;arrivo a Caravaca in questi giorni.<\/span><\/li>\n<\/ul>\n<p>&nbsp;<\/p>\n<ul>\n<li style=\"font-weight: 400;\" aria-level=\"1\"><b>Primavera e autunno<\/b><span style=\"font-weight: 400;\">: Climi miti, ideali per camminare lunghe distanze senza caldo estremo.<\/span><\/li>\n<\/ul>\n<p>&nbsp;<\/p>\n<h2><b>Consigli pratici per pianificare la tua peregrinazione a Caravaca<\/b><\/h2>\n<ul>\n<li style=\"font-weight: 400;\" aria-level=\"1\"><b>Alloggio<\/b><span style=\"font-weight: 400;\">: Caravaca dispone di ostelli, case rurali, pensioni e hotel. Durante l&#8217;alta stagione o gli anni giubilari \u00e8 consigliabile prenotare in anticipo.<\/span><\/li>\n<\/ul>\n<p>&nbsp;<\/p>\n<ul>\n<li style=\"font-weight: 400;\" aria-level=\"1\"><b>Segnaletica<\/b><span style=\"font-weight: 400;\">: I 2 percorsi principali sono ben segnalati (non cos\u00ec le altre 6), ma \u00e8 utile portare GPS o mappe se si opta per percorsi secondari.<\/span><\/li>\n<\/ul>\n<p>&nbsp;<\/p>\n<ul>\n<li style=\"font-weight: 400;\" aria-level=\"1\"><b>Equipaggiamento<\/b><span style=\"font-weight: 400;\">: Scarpe comode, protezione solare, bastone e zaino leggero sono essenziali. \u00c8 anche utile portare acqua e qualche cibo se si attraversano zone rurali senza servizi.<\/span><\/li>\n<\/ul>\n<p>&nbsp;<\/p>\n<ul>\n<li style=\"font-weight: 400;\" aria-level=\"1\"><b>Servizi al pellegrino<\/b><span style=\"font-weight: 400;\">: A Caravaca \u00e8 possibile ottenere la credenziale del pellegrino e il certificato di pellegrinaggio, simile alla Compostela.<\/span><\/li>\n<\/ul>\n<p><b><br \/>\n<\/b><span style=\"font-weight: 400;\">Caravaca de la Cruz non \u00e8 solo una citt\u00e0 santa, \u00e8 una destinazione di pellegrinaggio con una propria anima. La sua storia, il suo paesaggio e la sua profonda spiritualit\u00e0 la rendono un&#8217;alternativa complementare \u2014e non esclusiva\u2014 al Cammino di Santiago. Che sia per devozione, cultura o avventura interiore, il Cammino della Croce merita un posto nel cuore di ogni pellegrino.<\/span><\/p>\n","protected":false},"excerpt":{"rendered":"<p>In Spagna, la peregrinazione pi\u00f9 conosciuta \u00e8, senza dubbio, il Cammino di Santiago. Tuttavia, c&#8217;\u00e8 un altro destino che ogni anno attira migliaia di pellegrini per motivi di fede, storia e spiritualit\u00e0: Caravaca de la Cruz, nella regione di Murcia. Questa citt\u00e0 ha l&#8217;onore di essere una delle cinque citt\u00e0 sante del cristianesimo, e il [&hellip;]<\/p>\n","protected":false},"author":1,"featured_media":119013,"comment_status":"open","ping_status":"open","sticky":false,"template":"","format":"standard","meta":{"footnotes":""},"categories":[573,577,585],"tags":[],"class_list":["post-119053","post","type-post","status-publish","format-standard","has-post-thumbnail","hentry","category-blog-del-cammino","category-cammino-a-piedi","category-storia"],"_links":{"self":[{"href":"https:\/\/www.mundiplus.com\/it\/wp-json\/wp\/v2\/posts\/119053","targetHints":{"allow":["GET"]}}],"collection":[{"href":"https:\/\/www.mundiplus.com\/it\/wp-json\/wp\/v2\/posts"}],"about":[{"href":"https:\/\/www.mundiplus.com\/it\/wp-json\/wp\/v2\/types\/post"}],"author":[{"embeddable":true,"href":"https:\/\/www.mundiplus.com\/it\/wp-json\/wp\/v2\/users\/1"}],"replies":[{"embeddable":true,"href":"https:\/\/www.mundiplus.com\/it\/wp-json\/wp\/v2\/comments?post=119053"}],"version-history":[{"count":0,"href":"https:\/\/www.mundiplus.com\/it\/wp-json\/wp\/v2\/posts\/119053\/revisions"}],"wp:featuredmedia":[{"embeddable":true,"href":"https:\/\/www.mundiplus.com\/it\/wp-json\/wp\/v2\/media\/119013"}],"wp:attachment":[{"href":"https:\/\/www.mundiplus.com\/it\/wp-json\/wp\/v2\/media?parent=119053"}],"wp:term":[{"taxonomy":"category","embeddable":true,"href":"https:\/\/www.mundiplus.com\/it\/wp-json\/wp\/v2\/categories?post=119053"},{"taxonomy":"post_tag","embeddable":true,"href":"https:\/\/www.mundiplus.com\/it\/wp-json\/wp\/v2\/tags?post=119053"}],"curies":[{"name":"wp","href":"https:\/\/api.w.org\/{rel}","templated":true}]}}