{"id":119147,"date":"2025-04-11T18:02:41","date_gmt":"2025-04-11T18:02:41","guid":{"rendered":"https:\/\/www.mundiplus.com\/?p=119147"},"modified":"2025-04-11T18:09:06","modified_gmt":"2025-04-11T18:09:06","slug":"cosa-vedere-a-llanes","status":"publish","type":"post","link":"https:\/\/www.mundiplus.com\/it\/cosa-vedere-a-llanes\/","title":{"rendered":"Cosa vedere a Llanes"},"content":{"rendered":"<p><img fetchpriority=\"high\" decoding=\"async\" class=\"alignnone wp-image-118987 size-full\" src=\"https:\/\/www.mundiplus.com\/wp-content\/uploads\/2025\/04\/Blog-Mundiplus.png\" alt=\"\" width=\"1023\" height=\"539\" srcset=\"https:\/\/www.mundiplus.com\/wp-content\/uploads\/2025\/04\/Blog-Mundiplus.png 1023w, https:\/\/www.mundiplus.com\/wp-content\/uploads\/2025\/04\/Blog-Mundiplus-300x158.png 300w, https:\/\/www.mundiplus.com\/wp-content\/uploads\/2025\/04\/Blog-Mundiplus-768x405.png 768w, https:\/\/www.mundiplus.com\/wp-content\/uploads\/2025\/04\/Blog-Mundiplus-600x316.png 600w\" sizes=\"(max-width: 1023px) 100vw, 1023px\" \/><\/p>\n<p><span style=\"font-weight: 400;\">Situata tra il mar Cantabrico e i Picchi d&#8217;Europa, <\/span><b>Llanes<\/b><span style=\"font-weight: 400;\"> \u00e8 una delle destinazioni pi\u00f9 affascinanti del nord della Spagna. Questa citt\u00e0 asturiana non solo si distingue per la sua bellezza naturale e il suo patrimonio storico, ma anche per essere una tappa rilevante del <\/span><b>Cammino di Santiago del Nord<\/b><span style=\"font-weight: 400;\">, uno dei percorsi jacobei pi\u00f9 spettacolari per la sua vicinanza alla costa.<\/span><\/p>\n<p><span style=\"font-weight: 400;\">In questo articolo scopriremo <\/span><b>tutto quello che c&#8217;\u00e8 da vedere a Llanes<\/b><span style=\"font-weight: 400;\">, dal suo centro storico alle sue spiagge selvagge, con una particolare attenzione al ruolo del luogo come punto chiave per i pellegrini.<\/span><\/p>\n<p>&nbsp;<\/p>\n<h2><b>Llanes nel Cammino di Santiago: tappa fondamentale del Cammino del Nord<\/b><\/h2>\n<p><span style=\"font-weight: 400;\">Scegliere un percorso del Cammino non \u00e8 sempre facile, e per questo molti optano per un<\/span><a href=\"https:\/\/www.mundiplus.com\/it\/\"> <b>cammino di santiago organizzato<\/b><\/a><span style=\"font-weight: 400;\">, che facilita la logistica e permette di concentrarsi sull&#8217;esperienza spirituale e culturale. Questo tipo di servizi sono disponibili su tutti i percorsi principali e offrono supporto costante, trasporto bagagli, alloggi selezionati e assistenza in caso di necessit\u00e0.<\/span><\/p>\n<p><span style=\"font-weight: 400;\">Scegliere di iniziare il<\/span><a href=\"https:\/\/www.mundiplus.com\/it\/caminos\/a-pie\/camino-norte\/camino-de-santiago-desde-bilbao\/\"> <b>cammino di santiago da Bilbao<\/b><\/a><span style=\"font-weight: 400;\"> consente di godere sin dal primo giorno dell&#8217;architettura basca, dei porti pescherecci e di una costa frastagliata di straordinaria bellezza. Pi\u00f9 avanti, il<\/span><a href=\"https:\/\/www.mundiplus.com\/it\/caminos\/a-pie\/camino-de-santiago-desde-ribadeo\/\"> <b>cammino santiago da Ribadeo<\/b><\/a><span style=\"font-weight: 400;\">, gi\u00e0 in Galizia, offre un ingresso diretto alla Mari\u00f1a Lucense e alla fase finale di questa rotta atlantica. <\/span><\/p>\n<p><span style=\"font-weight: 400;\">Ogni percorso ha le sue peculiarit\u00e0. Ad esempio, il<\/span><a href=\"https:\/\/www.mundiplus.com\/it\/caminos\/a-pie\/camino-portugues\/camino-de-santiago-desde-tui\/\"> <b>cammino santiago da Tui<\/b><\/a><span style=\"font-weight: 400;\"> \u00e8 una delle opzioni pi\u00f9 popolari. Soprattutto per chi ha poco tempo e vuole c<\/span><b>ompletare gli ultimi 100 chilometri fino a Santiago<\/b><span style=\"font-weight: 400;\">. \u00c8 un percorso ben segnalato e con un profilo pi\u00f9 dolce rispetto al Nord. Ideale per chi cerca un <\/span><b>esperienza pi\u00f9 sociale o accessibile<\/b><span style=\"font-weight: 400;\">.<\/span><\/p>\n<p>&nbsp;<\/p>\n<h2><b>Il centro storico di Llanes: una passeggiata nel Medioevo<\/b><\/h2>\n<p><span style=\"font-weight: 400;\">Llanes conserva un tracciato medievale che invita a percorrerlo senza fretta. Il suo centro storico, dichiarato <\/span><b>Complesso Storico-Artistico<\/b><span style=\"font-weight: 400;\">, \u00e8 <\/span><b>uno dei pi\u00f9 curati delle Asturie<\/b><span style=\"font-weight: 400;\">. Tra strade acciottolate, case con stemmi e mura, il pellegrino e il viaggiatore possono connettersi con secoli di storia.<\/span><\/p>\n<p>&nbsp;<\/p>\n<h3><b>Luoghi imprescindibili<\/b><\/h3>\n<p><img decoding=\"async\" class=\"alignnone wp-image-119105 size-full\" src=\"https:\/\/www.mundiplus.com\/wp-content\/uploads\/2025\/04\/Basilica-de-Santa-Maria-del-Conceyu-Mundiplus.jpg\" alt=\"\" width=\"1024\" height=\"683\" srcset=\"https:\/\/www.mundiplus.com\/wp-content\/uploads\/2025\/04\/Basilica-de-Santa-Maria-del-Conceyu-Mundiplus.jpg 1024w, https:\/\/www.mundiplus.com\/wp-content\/uploads\/2025\/04\/Basilica-de-Santa-Maria-del-Conceyu-Mundiplus-300x200.jpg 300w, https:\/\/www.mundiplus.com\/wp-content\/uploads\/2025\/04\/Basilica-de-Santa-Maria-del-Conceyu-Mundiplus-768x512.jpg 768w, https:\/\/www.mundiplus.com\/wp-content\/uploads\/2025\/04\/Basilica-de-Santa-Maria-del-Conceyu-Mundiplus-600x400.jpg 600w\" sizes=\"(max-width: 1024px) 100vw, 1024px\" \/><\/p>\n<ul>\n<li style=\"font-weight: 400;\" aria-level=\"1\"><b>Basilica di Santa Maria del Conceyu<\/b><span style=\"font-weight: 400;\">: questa chiesa gotica del XIII secolo \u00e8 una delle poche costruzioni religiose in stile gotico che si conservano nelle Asturie. Si distingue per la sua sobriet\u00e0 esterna e la ricchezza interna, con altari barocchi e una struttura robusta che riflette l&#8217;importanza di Llanes durante il Medioevo.<\/span><\/li>\n<\/ul>\n<p>&nbsp;<\/p>\n<ul>\n<li style=\"font-weight: 400;\" aria-level=\"1\"><b>Mura e Torre<\/b><span style=\"font-weight: 400;\">: costruite tra il XIII e il XV secolo, proteggevano la citt\u00e0 dalle incursioni marittime. Ancora oggi si conservano tratti visibili e la imponente Torre, che serviva come difesa e sorveglianza. Oggi ospita l&#8217;ufficio del turismo.<\/span><\/li>\n<\/ul>\n<p>&nbsp;<\/p>\n<ul>\n<li style=\"font-weight: 400;\" aria-level=\"1\"><b>Palazzi<\/b><span style=\"font-weight: 400;\">: sparsi per il centro storico, troviamo eleganti palazzi come quello di Gasta\u00f1aga, in stile rinascimentale; quello dei Duchi di Estrada, con influenze barocche; e la Casa di Rivero. Queste residenze signorili riflettono lo splendore economico di Llanes nei secoli passati.<\/span><\/li>\n<\/ul>\n<p>&nbsp;<\/p>\n<ul>\n<li style=\"font-weight: 400;\" aria-level=\"1\"><b>Piazza di Santa Ana<\/b><span style=\"font-weight: 400;\">: questa piazza \u00e8 uno degli angoli pi\u00f9 vivaci del centro storico. Circondata da edifici tradizionali, ospita terrazze, negozi ed eventi culturali. Al centro si erge la cappella omonima, e tutto l&#8217;ambiente invita a riposare e osservare il ritmo quotidiano della citt\u00e0.<\/span><\/li>\n<\/ul>\n<p>&nbsp;<\/p>\n<h2><b>Le spiagge di Llanes: natura allo stato puro<\/b><\/h2>\n<p><span style=\"font-weight: 400;\">Il comune di Llanes conta pi\u00f9 di <\/span><b>30 spiagge<\/b><span style=\"font-weight: 400;\">, molte delle quali quasi selvagge, che rendono questa porzione di costa una delle pi\u00f9 spettacolari del nord della penisola. Alcune sono molto vicine al Cammino del Nord, quindi sono accessibili per i pellegrini che vogliono riposarsi vicino al mare.<\/span><\/p>\n<p>&nbsp;<\/p>\n<h3><b>Spiagge principali<\/b><\/h3>\n<ul>\n<li style=\"font-weight: 400;\" aria-level=\"1\"><b>Playa de Tor\u00f3<\/b><span style=\"font-weight: 400;\">: con le sue caratteristiche rocce appuntite.<\/span><\/li>\n<\/ul>\n<p>&nbsp;<\/p>\n<ul>\n<li style=\"font-weight: 400;\" aria-level=\"1\"><b>Playa de Poo<\/b><span style=\"font-weight: 400;\">: tranquilla, ideale per un bagno dopo una lunga giornata di cammino.<\/span><\/li>\n<\/ul>\n<p>&nbsp;<\/p>\n<ul>\n<li style=\"font-weight: 400;\" aria-level=\"1\"><b>Playa de Gulpiyuri<\/b><span style=\"font-weight: 400;\">: una spiaggia interna dichiarata monumento naturale.<\/span><\/li>\n<\/ul>\n<p>&nbsp;<\/p>\n<ul>\n<li style=\"font-weight: 400;\" aria-level=\"1\"><b>Playa de Andr\u00edn<\/b><span style=\"font-weight: 400;\">: ampia e circondata da scogliere.<\/span><\/li>\n<\/ul>\n<p>&nbsp;<\/p>\n<p><span style=\"font-weight: 400;\">Sono angoli ideali per connettersi con la natura, meditare, riposarsi o semplicemente godersi il paesaggio.<\/span><\/p>\n<p>&nbsp;<\/p>\n<h2><b>Monumenti e luoghi di interesse da non perdere<\/b><\/h2>\n<p><img decoding=\"async\" class=\"alignnone wp-image-119111 size-full\" src=\"https:\/\/www.mundiplus.com\/wp-content\/uploads\/2025\/04\/Cubos-de-la-Memoria-Mundiplus.jpg\" alt=\"\" width=\"1024\" height=\"683\" srcset=\"https:\/\/www.mundiplus.com\/wp-content\/uploads\/2025\/04\/Cubos-de-la-Memoria-Mundiplus.jpg 1024w, https:\/\/www.mundiplus.com\/wp-content\/uploads\/2025\/04\/Cubos-de-la-Memoria-Mundiplus-300x200.jpg 300w, https:\/\/www.mundiplus.com\/wp-content\/uploads\/2025\/04\/Cubos-de-la-Memoria-Mundiplus-768x512.jpg 768w, https:\/\/www.mundiplus.com\/wp-content\/uploads\/2025\/04\/Cubos-de-la-Memoria-Mundiplus-600x400.jpg 600w\" sizes=\"(max-width: 1024px) 100vw, 1024px\" \/><\/p>\n<p><span style=\"font-weight: 400;\">Oltre al centro storico e alle spiagge, questo luogo vanta spazi culturali e naturali di grande valore.<\/span><\/p>\n<ul>\n<li style=\"font-weight: 400;\" aria-level=\"1\"><b>Cubos de la Memoria: <\/b><span style=\"font-weight: 400;\">quest&#8217;opera dell&#8217;artista basco Agust\u00edn Ibarrola trasforma il molo del porto di Llanes in una galleria all&#8217;aperto. I blocchi di cemento, decorati con forme, colori e simboli, riflettono la memoria collettiva della citt\u00e0 marinara, la sua storia, cultura e identit\u00e0 visiva di fronte al Cantabrico.<\/span><\/li>\n<\/ul>\n<p>&nbsp;<\/p>\n<ul>\n<li style=\"font-weight: 400;\" aria-level=\"1\"><b>Passeggiata di San Pedro<\/b><span style=\"font-weight: 400;\">: costruita nel XIX secolo su una scogliera, questa passeggiata alberata offre uno dei panorami pi\u00f9 spettacolari di Llanes. Da qui si vedono il mare, il porto e i tetti del centro storico. \u00c8 un luogo ideale per passeggiare al tramonto e godersi la brezza marina.<\/span><\/li>\n<\/ul>\n<p>&nbsp;<\/p>\n<ul>\n<li style=\"font-weight: 400;\" aria-level=\"1\"><b>Chiese e cappelle rurali<\/b><span style=\"font-weight: 400;\">: sparse per il comune di Llanes, piccole cappelle come quella di La Magdalena o San Ant\u00f3n conservano l&#8217;architettura popolare asturiana e sono testimoni delle antiche tradizioni religiose. Molte sono legate alle feste locali e riflettono la profonda devozione che caratterizza la comunit\u00e0 di Llanes.<\/span><\/li>\n<\/ul>\n<p>&nbsp;<\/p>\n<ul>\n<li style=\"font-weight: 400;\" aria-level=\"1\"><b>Museo Etnografico dell&#8217;Oriente delle Asturie<\/b><span style=\"font-weight: 400;\">: situato nel paese di Porr\u00faa, a pochi minuti da Llanes, questo museo raccoglie la vita quotidiana delle comunit\u00e0 rurali asturiane. Qui si possono vedere strumenti tradizionali, abiti, utensili domestici e ricostruzioni di abitazioni, offrendo uno sguardo prezioso al passato contadino dell&#8217;Oriente delle Asturie.<\/span><\/li>\n<\/ul>\n<p>&nbsp;<\/p>\n<h2><b>Feste e tradizioni locali da vivere se capiti al momento giusto<\/b><\/h2>\n<p><span style=\"font-weight: 400;\">Questo luogo meraviglioso conserva un calendario festivo molto attivo, con celebrazioni piene di colore, musica e tradizione. Se il tuo passaggio coincide con una di esse, potrai godere dell&#8217;ospitalit\u00e0 asturiana al massimo.<\/span><\/p>\n<p><span style=\"font-weight: 400;\">Alcune delle principali feste sono: <\/span><b>La Magdalena<\/b><span style=\"font-weight: 400;\"> (22 luglio), <\/span><b>San Roque<\/b><span style=\"font-weight: 400;\"> (16 agosto), <\/span><b>La Virgen del Conceyu<\/b><span style=\"font-weight: 400;\"> (15 agosto), <\/span><b>Festa del Cristo Rey<\/b><span style=\"font-weight: 400;\"> (settembre).<\/span><\/p>\n<p>&nbsp;<\/p>\n<h2><b>Gastronomia di Llanes per ricaricare le energie<\/b><\/h2>\n<p><span style=\"font-weight: 400;\">La cucina asturiana \u00e8 famosa per la sua consistenza e il suo sapore. A Llanes, pellegrini e turisti possono gustare piatti tradizionali e prodotti locali che aiutano a recuperare le forze dopo una lunga tappa. Alcuni piatti tipici sono la fabada asturiana, il chorizo alla sidra, il formaggio cabrales, i pesci del Cantabrico, la torta di cabracho e i bollos pre\u00f1aos, ideali da portare nello zaino.<\/span><\/p>\n<p>&nbsp;<\/p>\n<h2><b>Percorsi ed escursioni da Llanes per chi si ferma un giorno in pi\u00f9<\/b><\/h2>\n<p><img loading=\"lazy\" decoding=\"async\" class=\"alignnone wp-image-119099 size-full\" src=\"https:\/\/www.mundiplus.com\/wp-content\/uploads\/2025\/04\/Idolo-de-Pena-Tu-Mundiplus.jpg\" alt=\"\" width=\"1024\" height=\"683\" srcset=\"https:\/\/www.mundiplus.com\/wp-content\/uploads\/2025\/04\/Idolo-de-Pena-Tu-Mundiplus.jpg 1024w, https:\/\/www.mundiplus.com\/wp-content\/uploads\/2025\/04\/Idolo-de-Pena-Tu-Mundiplus-300x200.jpg 300w, https:\/\/www.mundiplus.com\/wp-content\/uploads\/2025\/04\/Idolo-de-Pena-Tu-Mundiplus-768x512.jpg 768w, https:\/\/www.mundiplus.com\/wp-content\/uploads\/2025\/04\/Idolo-de-Pena-Tu-Mundiplus-600x400.jpg 600w\" sizes=\"(max-width: 1024px) 100vw, 1024px\" \/><\/p>\n<p><span style=\"font-weight: 400;\">Se decidi di fare una pausa pi\u00f9 lunga a Llanes, puoi approfittarne per esplorare i suoi dintorni, pieni di natura e cultura.<\/span><\/p>\n<ul>\n<li style=\"font-weight: 400;\" aria-level=\"1\"><b>Bufones di Pr\u00eda e Arenillas<\/b><span style=\"font-weight: 400;\">: questi fenomeni geologici sono vere e proprie camini naturali formati nella roccia calcarea, da cui il mare si infiltra con pressione. Quando c&#8217;\u00e8 alta marea o forti onde, i bufones emettono colonne d&#8217;acqua e producono un suono assordante. Uno spettacolo naturale unico che mescola forza e bellezza.<\/span><\/li>\n<\/ul>\n<p>&nbsp;<\/p>\n<ul>\n<li style=\"font-weight: 400;\" aria-level=\"1\"><b>Idolo di Pe\u00f1a T\u00fa<\/b><span style=\"font-weight: 400;\">: si tratta di un monolito verticale con incisioni e pitture rupestri, situato su una collina a 12 chilometri con magnifiche viste. Questo sito megalitico, datato all&#8217;Et\u00e0 del Bronzo, \u00e8 uno dei pi\u00f9 importanti della regione e permette di scoprire le origini pi\u00f9 remote dell&#8217;arte nelle Asturie.<\/span><\/li>\n<\/ul>\n<p>&nbsp;<\/p>\n<ul>\n<li style=\"font-weight: 400;\" aria-level=\"1\"><b>Cam\u00edn Encant\u00e1u<\/b><span style=\"font-weight: 400;\">: questo sentiero circolare di circa 9 chilometri percorre la valle di Ardisana ed \u00e8 costellato di sculture della mitologia asturiana: il cu\u00e9lebre, il busgosu, la xana&#8230; \u00c8 ideale da fare in famiglia e combina natura, leggende locali e un&#8217;atmosfera magica nella montagna di Llanes.<\/span><\/li>\n<\/ul>\n<p>&nbsp;<\/p>\n<ul>\n<li style=\"font-weight: 400;\" aria-level=\"1\"><b>Grotte vicine<\/b><span style=\"font-weight: 400;\">: nei dintorni di Llanes si possono visitare grotte come quella del Pindal, Patrimonio dell&#8217;Umanit\u00e0 per i suoi dipinti paleolitici, o la grotta di Nueva, con stalattiti e stalagmiti che mostrano la ricchezza sotterranea della zona. Sono escursioni culturali perfette per giorni di pioggia o riposo.<\/span><\/li>\n<\/ul>\n<p><span style=\"font-weight: 400;\">Llanes \u00e8 molto pi\u00f9 di una sosta nel Cammino. \u00c8 un luogo dove storia, cultura, natura e spiritualit\u00e0 si incontrano. Che tu sia pellegrino o viaggiatore, qui troverai un angolo dove riposare, contemplare e continuare a camminare con il cuore pieno.<\/span><\/p>\n","protected":false},"excerpt":{"rendered":"<p>Situata tra il mar Cantabrico e i Picchi d&#8217;Europa, Llanes \u00e8 una delle destinazioni pi\u00f9 affascinanti del nord della Spagna. Questa citt\u00e0 asturiana non solo si distingue per la sua bellezza naturale e il suo patrimonio storico, ma anche per essere una tappa rilevante del Cammino di Santiago del Nord, uno dei percorsi jacobei pi\u00f9 [&hellip;]<\/p>\n","protected":false},"author":1,"featured_media":119109,"comment_status":"open","ping_status":"open","sticky":false,"template":"","format":"standard","meta":{"footnotes":""},"categories":[573,577,601],"tags":[],"class_list":["post-119147","post","type-post","status-publish","format-standard","has-post-thumbnail","hentry","category-blog-del-cammino","category-cammino-a-piedi","category-paesi-e-regioni"],"_links":{"self":[{"href":"https:\/\/www.mundiplus.com\/it\/wp-json\/wp\/v2\/posts\/119147","targetHints":{"allow":["GET"]}}],"collection":[{"href":"https:\/\/www.mundiplus.com\/it\/wp-json\/wp\/v2\/posts"}],"about":[{"href":"https:\/\/www.mundiplus.com\/it\/wp-json\/wp\/v2\/types\/post"}],"author":[{"embeddable":true,"href":"https:\/\/www.mundiplus.com\/it\/wp-json\/wp\/v2\/users\/1"}],"replies":[{"embeddable":true,"href":"https:\/\/www.mundiplus.com\/it\/wp-json\/wp\/v2\/comments?post=119147"}],"version-history":[{"count":0,"href":"https:\/\/www.mundiplus.com\/it\/wp-json\/wp\/v2\/posts\/119147\/revisions"}],"wp:featuredmedia":[{"embeddable":true,"href":"https:\/\/www.mundiplus.com\/it\/wp-json\/wp\/v2\/media\/119109"}],"wp:attachment":[{"href":"https:\/\/www.mundiplus.com\/it\/wp-json\/wp\/v2\/media?parent=119147"}],"wp:term":[{"taxonomy":"category","embeddable":true,"href":"https:\/\/www.mundiplus.com\/it\/wp-json\/wp\/v2\/categories?post=119147"},{"taxonomy":"post_tag","embeddable":true,"href":"https:\/\/www.mundiplus.com\/it\/wp-json\/wp\/v2\/tags?post=119147"}],"curies":[{"name":"wp","href":"https:\/\/api.w.org\/{rel}","templated":true}]}}