{"id":122288,"date":"2025-07-22T07:53:06","date_gmt":"2025-07-22T07:53:06","guid":{"rendered":"https:\/\/www.mundiplus.com\/?p=122288"},"modified":"2025-08-05T10:04:28","modified_gmt":"2025-08-05T10:04:28","slug":"il-monastero-di-san-juan-de-ortega-e-il-suo-legame-con-il-cammino","status":"publish","type":"post","link":"https:\/\/www.mundiplus.com\/it\/il-monastero-di-san-juan-de-ortega\/","title":{"rendered":"Il monastero di San Juan de Ortega e il suo legame con il Cammino"},"content":{"rendered":"<p><img fetchpriority=\"high\" decoding=\"async\" class=\"alignnone wp-image-122261 size-full\" src=\"https:\/\/www.mundiplus.com\/wp-content\/uploads\/2025\/07\/San-Juan-de-Ortega-Mundiplus.jpg\" alt=\"\" width=\"1024\" height=\"683\" srcset=\"https:\/\/www.mundiplus.com\/wp-content\/uploads\/2025\/07\/San-Juan-de-Ortega-Mundiplus.jpg 1024w, https:\/\/www.mundiplus.com\/wp-content\/uploads\/2025\/07\/San-Juan-de-Ortega-Mundiplus-300x200.jpg 300w, https:\/\/www.mundiplus.com\/wp-content\/uploads\/2025\/07\/San-Juan-de-Ortega-Mundiplus-768x512.jpg 768w, https:\/\/www.mundiplus.com\/wp-content\/uploads\/2025\/07\/San-Juan-de-Ortega-Mundiplus-600x400.jpg 600w\" sizes=\"(max-width: 1024px) 100vw, 1024px\" \/><\/p>\n<p><span style=\"font-weight: 400;\">A circa 30 chilometri da Burgos si trova un luogo che, pur essendo discreto nell&#8217;aspetto, \u00e8 stato per secoli uno dei rifugi pi\u00f9 emblematici del Cammino di Santiago: <\/span><b>il monastero di San Juan de Ortega<\/b><span style=\"font-weight: 400;\">. Situato in una delle tappe chiave del <\/span><b>Cammino Francese<\/b><span style=\"font-weight: 400;\">, questo <\/span><b>complesso monastico romanico<\/b><span style=\"font-weight: 400;\"> si distingue per il suo valore architettonico e per la profonda carica simbolica che rappresenta.<\/span><\/p>\n<p><span style=\"font-weight: 400;\">San Juan de Ortega, discepolo del leggendario Santo Domingo de la Calzada, dedic\u00f2 la sua vita a <\/span><b>facilitare la peregrinazione<\/b><span style=\"font-weight: 400;\"> in una delle zone pi\u00f9 inospitali del percorso jacobeo. All&#8217;inizio del XII secolo, ordin\u00f2 la costruzione di <\/span><b>una chiesa e un ospedale<\/b><span style=\"font-weight: 400;\"> per accogliere i pellegrini, trasformando un luogo solitario in un punto di riposo e protezione. <\/span><\/p>\n<p><span style=\"font-weight: 400;\">Nel corso dei secoli, il monastero \u00e8 stato testimone di guerre, riforme, abbandoni e recuperi. Nonostante tutto, la sua essenza \u00e8 rimasta intatta: quella di essere un <\/span><b>rifugio di spiritualit\u00e0 nel mezzo del cammino<\/b><span style=\"font-weight: 400;\">.<\/span><\/p>\n<p><span style=\"font-weight: 400;\">Questo articolo ripercorre la storia, il presente e l&#8217;eredit\u00e0 spirituale di San Juan de Ortega, un luogo che non solo si percorre, ma si vive. Perch\u00e9 ci sono luoghi che, oltre alla loro ubicazione, segnano un prima e un dopo nell&#8217;esperienza interiore del pellegrino. E questo monastero \u00e8, senza dubbio, uno di questi.<\/span><\/p>\n<p>&nbsp;<\/p>\n<h2><b>San Juan de Ortega: l&#8217;eredit\u00e0 di un uomo santo al servizio del pellegrino<\/b><\/h2>\n<p><b>Juan de Quintanaortu\u00f1o<\/b><span style=\"font-weight: 400;\"> nacque a met\u00e0 del <\/span><b>XI secolo<\/b><span style=\"font-weight: 400;\"> in un piccolo villaggio di Burgos. La sua vita fu segnata dalla vocazione religiosa e dal servizio verso gli altri. Soprattutto, verso i pellegrini che attraversavano le montagne e le lande del nord della penisola diretti a Santiago di Compostela. <\/span><\/p>\n<p><span style=\"font-weight: 400;\">Fu discepolo e collaboratore di <\/span><b>Santo Domingo de la Calzada<\/b><span style=\"font-weight: 400;\">, con cui condivise non solo l&#8217;ideale cristiano, ma anche la preoccupazione di migliorare le infrastrutture del Cammino. Insieme, lavorarono nella <\/span><b>costruzione di ponti, strade e ospedali<\/b><span style=\"font-weight: 400;\"> in un&#8217;epoca in cui percorrere lunghe distanze a piedi significava esporsi alla fame, alle malattie e alla violenza. <\/span><\/p>\n<p><span style=\"font-weight: 400;\">Dopo la morte del suo maestro, Juan prosegu\u00ec quella missione da solo. Dopo aver compiuto un pellegrinaggio a Gerusalemme, si ritir\u00f2 nei <\/span><b>Monti di Oca<\/b><span style=\"font-weight: 400;\"> \u2014una zona allora quasi disabitata e considerata pericolosa\u2014 e fond\u00f2 l\u00ec un piccolo <\/span><b>monastero con chiesa e ospedale<\/b><span style=\"font-weight: 400;\">, dedicato a San Nicola di Bari. Con il tempo, questo luogo fin\u00ec per prendere il suo nome.<\/span><\/p>\n<p><span style=\"font-weight: 400;\">L&#8217;impulso definitivo arriv\u00f2 nel <\/span><b>1142<\/b><span style=\"font-weight: 400;\">, quando il re <\/span><b>Alfonso VII<\/b><span style=\"font-weight: 400;\"> don\u00f2 terreni e privilegi al monastero, consolidando il suo ruolo come punto strategico nel <\/span><b>Cammino Francese<\/b><span style=\"font-weight: 400;\">. Oltre ad accogliere i pellegrini, il luogo divenne anche un <\/span><b>centro di diffusione del culto jacobeo<\/b><span style=\"font-weight: 400;\"> e di riorganizzazione del territorio. <\/span><\/p>\n<p><span style=\"font-weight: 400;\">San Juan <\/span><b>mor\u00ec nel 1163<\/b><span style=\"font-weight: 400;\"> e, sebbene non sia mai stato canonizzato ufficialmente da Roma, la sua venerazione locale fu immediata. La prova di ci\u00f2 \u00e8 che la sua tomba, situata all&#8217;interno della chiesa romanica che lui stesso fece costruire, divenne presto un <\/span><b>luogo di pellegrinaggio secondario<\/b><span style=\"font-weight: 400;\">.<\/span><\/p>\n<p><span style=\"font-weight: 400;\">Nel tempo, la sua figura \u00e8 stata associata alla <\/span><b>protezione dei pellegrini<\/b><span style=\"font-weight: 400;\">. Infatti, una delle devozioni popolari pi\u00f9 antiche legate al monastero lo presenta come <\/span><b>intercessore per problemi di fertilit\u00e0 e gravidanze difficili<\/b><span style=\"font-weight: 400;\">. Fino al XX secolo, era comune che le donne di tutta la zona si avvicinassero alla sua tomba per chiedere il suo aiuto nel parto.<\/span><\/p>\n<p><span style=\"font-weight: 400;\">Cos\u00ec, la storia di San Juan de Ortega non pu\u00f2 essere compresa senza il Cammino di Santiago. La sua vita e la sua opera incarnano lo spirito ospitale che ancora oggi definisce questo antico percorso: l&#8217;attenzione disinteressata, la fede incarnata in azioni concrete e la profonda convinzione che aiutare l&#8217;altro sia anche avanzare nel proprio cammino.<\/span><\/p>\n<p>&nbsp;<\/p>\n<h2><b>Il monastero oggi<\/b><\/h2>\n<p><img fetchpriority=\"high\" decoding=\"async\" class=\"alignnone wp-image-122261 size-full\" src=\"https:\/\/www.mundiplus.com\/wp-content\/uploads\/2025\/07\/San-Juan-de-Ortega-Mundiplus.jpg\" alt=\"\" width=\"1024\" height=\"683\" srcset=\"https:\/\/www.mundiplus.com\/wp-content\/uploads\/2025\/07\/San-Juan-de-Ortega-Mundiplus.jpg 1024w, https:\/\/www.mundiplus.com\/wp-content\/uploads\/2025\/07\/San-Juan-de-Ortega-Mundiplus-300x200.jpg 300w, https:\/\/www.mundiplus.com\/wp-content\/uploads\/2025\/07\/San-Juan-de-Ortega-Mundiplus-768x512.jpg 768w, https:\/\/www.mundiplus.com\/wp-content\/uploads\/2025\/07\/San-Juan-de-Ortega-Mundiplus-600x400.jpg 600w\" sizes=\"(max-width: 1024px) 100vw, 1024px\" \/><\/p>\n<h3><b>Stato attuale del monastero e recenti riforme<\/b><\/h3>\n<p><span style=\"font-weight: 400;\">Dopo <\/span><b>secoli di abbandono parziale e deterioramento<\/b><span style=\"font-weight: 400;\">, ha vissuto importanti interventi di recupero negli ultimi decenni. Dichiarato <\/span><b>Bene di Interesse Culturale<\/b><span style=\"font-weight: 400;\">, \u00e8 stato oggetto di diverse campagne di restauro promosse dalla Junta de Castilla y Le\u00f3n, dall&#8217;Arcidiocesi di Burgos e da organizzazioni legate al patrimonio del Cammino.<\/span><\/p>\n<p><span style=\"font-weight: 400;\">Gli interventi pi\u00f9 significativi si sono concentrati sulla <\/span><b>consolidamento delle strutture, il restauro delle coperture, il recupero del chiostro e il miglioramento degli accessi<\/b><span style=\"font-weight: 400;\">. Grazie a questo, il complesso ha riacquistato la sua dignit\u00e0 architettonica e continua a funzionare come luogo di culto e accoglienza.<\/span><\/p>\n<p><span style=\"font-weight: 400;\">Attualmente, l&#8217;ambiente del monastero mantiene un <\/span><b>equilibrio tra ci\u00f2 che \u00e8 monumentale e ci\u00f2 che \u00e8 rurale<\/b><span style=\"font-weight: 400;\">, senza urbanizzazione di massa.<\/span><\/p>\n<p>&nbsp;<\/p>\n<h3><b>Una gemma del romanico: chiesa, tomba e chiostro<\/b><\/h3>\n<p><img decoding=\"async\" class=\"alignnone wp-image-122249 size-full\" src=\"https:\/\/www.mundiplus.com\/wp-content\/uploads\/2025\/07\/Tumba-San-Juan-de-Ortega-Mundiplus.jpg\" alt=\"\" width=\"1024\" height=\"683\" srcset=\"https:\/\/www.mundiplus.com\/wp-content\/uploads\/2025\/07\/Tumba-San-Juan-de-Ortega-Mundiplus.jpg 1024w, https:\/\/www.mundiplus.com\/wp-content\/uploads\/2025\/07\/Tumba-San-Juan-de-Ortega-Mundiplus-300x200.jpg 300w, https:\/\/www.mundiplus.com\/wp-content\/uploads\/2025\/07\/Tumba-San-Juan-de-Ortega-Mundiplus-768x512.jpg 768w, https:\/\/www.mundiplus.com\/wp-content\/uploads\/2025\/07\/Tumba-San-Juan-de-Ortega-Mundiplus-600x400.jpg 600w\" sizes=\"(max-width: 1024px) 100vw, 1024px\" \/><\/p>\n<p><span style=\"font-weight: 400;\">Il cuore del complesso monastico \u00e8 la <\/span><b>chiesa romanica<\/b><span style=\"font-weight: 400;\">, iniziata dallo stesso San Juan e conclusa a met\u00e0 del <\/span><b>XII secolo<\/b><span style=\"font-weight: 400;\"> (da qui i suoi dettagli gotici). Si tratta di un edificio a navata unica con transetto e testata tripla. Al suo interno si conservano alcuni degli elementi scultorei pi\u00f9 significativi del romanico burgalese, come i capitelli con scene bibliche e vegetali.<\/span><\/p>\n<p><span style=\"font-weight: 400;\">Uno dei punti di maggiore interesse \u00e8 la <\/span><b>tomba del santo<\/b><span style=\"font-weight: 400;\">, situata sul lato destro del presbiterio. La tomba, decorata con motivi gotici del XV secolo, fu commissionata dal vescovo <\/span><b>Pedro de Ag\u00e9n<\/b><span style=\"font-weight: 400;\">, che promosse una delle riforme del tempio nel basso Medioevo.<\/span><\/p>\n<p><span style=\"font-weight: 400;\">Il <\/span><b>chiostro<\/b><span style=\"font-weight: 400;\">, sebbene pi\u00f9 modesto, conserva parte della sua struttura originale. Il suo restauro negli ultimi decenni ha permesso di rivalutarlo come spazio di raccoglimento. Attorno ad esso si trovano le stanze monastiche, alcune delle quali sono state adattate per l&#8217;uso liturgico e per l&#8217;ospitalit\u00e0.<\/span><\/p>\n<p>&nbsp;<\/p>\n<h3><b>La luce dell&#8217;equinozio: un fenomeno di fede e geometria<\/b><\/h3>\n<p><img decoding=\"async\" class=\"alignnone wp-image-122255 size-full\" src=\"https:\/\/www.mundiplus.com\/wp-content\/uploads\/2025\/07\/La-luz-del-equinoccio-San-Juan-de-Ortega-Mundiplus.jpg\" alt=\"\" width=\"1024\" height=\"682\" srcset=\"https:\/\/www.mundiplus.com\/wp-content\/uploads\/2025\/07\/La-luz-del-equinoccio-San-Juan-de-Ortega-Mundiplus.jpg 1024w, https:\/\/www.mundiplus.com\/wp-content\/uploads\/2025\/07\/La-luz-del-equinoccio-San-Juan-de-Ortega-Mundiplus-300x200.jpg 300w, https:\/\/www.mundiplus.com\/wp-content\/uploads\/2025\/07\/La-luz-del-equinoccio-San-Juan-de-Ortega-Mundiplus-768x512.jpg 768w, https:\/\/www.mundiplus.com\/wp-content\/uploads\/2025\/07\/La-luz-del-equinoccio-San-Juan-de-Ortega-Mundiplus-600x400.jpg 600w\" sizes=\"(max-width: 1024px) 100vw, 1024px\" \/><\/p>\n<p><span style=\"font-weight: 400;\">Uno degli aspetti pi\u00f9 singolari del monastero \u00e8 il fenomeno luminoso che si verifica due volte all&#8217;anno, in coincidenza con gli <\/span><b>equinozi di primavera e autunno<\/b><span style=\"font-weight: 400;\">. In quei giorni, al tramonto, un raggio di sole entra da una finestra dell&#8217;abside e attraversa la navata per <\/span><b>illuminare direttamente uno dei capitelli del tempio<\/b><span style=\"font-weight: 400;\">, quello che rappresenta l&#8217;Annunciazione.<\/span><\/p>\n<p><span style=\"font-weight: 400;\">Al di l\u00e0 di questo dato curioso, molti interpretano questo evento come una metafora visiva del cammino interiore: la luce che arriva dopo il passaggio nell&#8217;oscurit\u00e0 della foresta dei Monti di Oca.<\/span><\/p>\n<p>&nbsp;<\/p>\n<h3><b>Spazio di silenzio, preghiera e ascolto per il pellegrino<\/b><\/h3>\n<p><span style=\"font-weight: 400;\">San Juan de Ortega non \u00e8 solo una tappa del Cammino Francese; \u00e8 anche un <\/span><b>luogo di contemplazione<\/b><span style=\"font-weight: 400;\">. La sua posizione isolata e la sobriet\u00e0 della sua architettura favoriscono la meditazione. Molti pellegrini lo considerano una sosta spirituale, ideale per riflettere sul cammino o semplicemente riposare in un ambiente sereno.<\/span><\/p>\n<p>&nbsp;<\/p>\n<h2><b>Perch\u00e9 scegliere il Cammino Francese? Confronto con altri percorsi del Cammino di Santiago<\/b><\/h2>\n<p><span style=\"font-weight: 400;\">Una delle ragioni principali per cui molti pellegrini scelgono questo percorso \u00e8 la sua <\/span><b>infrastruttura consolidata<\/b><span style=\"font-weight: 400;\">: ostelli, segnaletica chiara, offerta culturale e servizi al pellegrino in quasi ogni tappa. <\/span><\/p>\n<p><span style=\"font-weight: 400;\">Inoltre, il suo tracciato permette di vivere una <\/span><b>evoluzione geografica ed emotiva progressiva<\/b><span style=\"font-weight: 400;\">. Il pellegrino passa dai boschi pirenaici alla pianura castigliana, per arrivare poi alla verdeggiante Galicia, come un viaggio interiore che accompagna il movimento del corpo.<\/span><\/p>\n<p><span style=\"font-weight: 400;\">Ma il Cammino Francese non \u00e8 l&#8217;unica opzione. Ogni itinerario jacobeo ha il suo carattere, i suoi paesaggi e il suo ritmo. Di seguito, vediamo brevemente alcune delle principali alternative, ciascuna con le proprie attrattive.<\/span><\/p>\n<p>&nbsp;<\/p>\n<ul>\n<li aria-level=\"1\"><b>Cammino del Nord<\/b><span style=\"font-weight: 400;\">. Per chi cerca un ambiente pi\u00f9 selvaggio e meno affollato, qui si offre un percorso parallelo al mare Cantabrico, passando per citt\u00e0 come Bilbao, Santander e Gij\u00f3n. Inoltre, offre una grande variet\u00e0 geografica e culturale. Il <\/span><a href=\"https:\/\/www.mundiplus.com\/it\/caminos\/a-pie\/camino-norte\/camino-de-santiago-desde-santander\/\"><b>Cammino del Nord da Santander a Gij\u00f3n<\/b><\/a><span style=\"font-weight: 400;\"> combina patrimonio, gastronomia e spettacolari paesaggi marini.<\/span><\/li>\n<\/ul>\n<p>&nbsp;<\/p>\n<p><span style=\"font-weight: 400;\">Questo tracciato \u00e8 fisicamente pi\u00f9 impegnativo, a causa dei continui dislivelli e tratti montuosi, ma offre in cambio un&#8217;esperienza pi\u00f9 intima e solitaria. \u00c8 ideale per chi apprezza il contatto con la natura e il silenzio.<\/span><\/p>\n<p>&nbsp;<\/p>\n<ul>\n<li aria-level=\"1\"><b>Cammino Portoghese<\/b><span style=\"font-weight: 400;\">. Un&#8217;altra via in crescita \u00e8 questa, che attraversa il paese vicino da sud a nord, partendo da Lisbona o da Porto. Il <\/span><a href=\"https:\/\/www.mundiplus.com\/it\/caminos\/strada-da-porto-a-a-guarda\/\"><b>Cammino di Santiago Portoghese da Porto a A Guarda<\/b><\/a><span style=\"font-weight: 400;\"> rappresenta una combinazione eccellente di storia, villaggi incantevoli e paesaggi rurali.<\/span><\/li>\n<\/ul>\n<p>&nbsp;<\/p>\n<p><span style=\"font-weight: 400;\">Durante il percorso, il pellegrino si imbatte in chiese barocche, strade romane, antiche tenute vinicole e un&#8217;atmosfera accogliente. Questo cammino si distingue per il suo <\/span><b>equilibrio tra comodit\u00e0 e tradizione<\/b><span style=\"font-weight: 400;\">, oltre che per la sua bellezza paesaggistica nel tratto di confine con la Galizia.<\/span><\/p>\n<p>&nbsp;<\/p>\n<ul>\n<li aria-level=\"1\"><b>Cammino Portoghese lungo la Costa<\/b><span style=\"font-weight: 400;\">. Per chi preferisce la costa e la brezza atlantica, il <\/span><a href=\"https:\/\/www.mundiplus.com\/it\/caminos\/a-pie\/camino-portugues-costa\/camino-de-santiago-desde-a-guarda\/\"><b>Cammino da A Guarda a Santiago<\/b><\/a><span style=\"font-weight: 400;\"> \u00e8 un&#8217;ottima alternativa. Questa variante costiera consente di camminare lungo il mare, godersi spiagge solitarie e conoscere luoghi storici come Baiona o Vigo prima di entrare nell&#8217;entroterra galiziano.<\/span><\/li>\n<\/ul>\n<p>&nbsp;<\/p>\n<p><span style=\"font-weight: 400;\">Anche se dispone di meno infrastrutture, questa rotta ha guadagnato popolarit\u00e0 negli ultimi anni grazie alla sua autenticit\u00e0 e bellezza naturale. Inoltre, \u00e8 meno affollata, il che consente un&#8217;esperienza pi\u00f9 introspettiva.<\/span><\/p>\n<p>&nbsp;<\/p>\n<ul>\n<li aria-level=\"1\"><b>Cammino Primitivo<\/b><span style=\"font-weight: 400;\">. Il suo profilo \u00e8 montuoso, con tappe fisicamente dure, specialmente tra l&#8217;Alto del Palo e Lugo. Chi sceglie questa rotta apprezza il silenzio, lo sforzo e l&#8217;autenticit\u00e0. La bassa densit\u00e0 di pellegrini, combinata con un ambiente naturale spettacolare, rende questa opzione una delle pi\u00f9 apprezzate da camminatori esperti o da chi cerca un&#8217;esperienza profondamente spirituale.<\/span><\/li>\n<\/ul>\n<p>&nbsp;<\/p>\n<ul>\n<li aria-level=\"1\"><b>Cammino Inglese<\/b><span style=\"font-weight: 400;\">. \u00c8 un&#8217;ottima scelta per chi ha poco tempo o per chi vuole vivere una prima esperienza jacobea. Sebbene breve, la sua storia e l&#8217;ambiente lo rendono un percorso completo, con tratti rurali e urbani ben segnalati e una buona rete di servizi.<\/span><\/li>\n<\/ul>\n<p>&nbsp;<\/p>\n<h3><b>Cammino Francese: il cuore spirituale del Cammino<\/b><\/h3>\n<p><span style=\"font-weight: 400;\">Nonostante la ricchezza di queste rotte alternative, il <\/span><b>Cammino Francese<\/b><span style=\"font-weight: 400;\"> rimane, per molti, l&#8217;<\/span><b>asse centrale della tradizione jacobea<\/b><span style=\"font-weight: 400;\">. Non solo per la sua storia, ma anche per la concentrazione di simboli e riferimenti culturali: la cattedrale di Burgos, il passaggio per i Monti de Oca, la Cruz de Ferro, O Cebreiro&#8230; luoghi dove la spiritualit\u00e0 e la storia si intrecciano.<\/span><\/p>\n<p><span style=\"font-weight: 400;\">E naturalmente, luoghi come San Juan de Ortega, con il suo monastero romanico e la sua luce equinoziale, offrono al pellegrino momenti unici di silenzio, raccoglimento e connessione. \u00c8 questa somma di elementi \u2014tradizione, accoglienza, bellezza, ritmo\u2014 che fa s\u00ec che tanti viaggiatori, anche dopo aver percorso altre rotte, tornino ancora e ancora al Cammino Francese.<\/span><\/p>\n<p><span style=\"font-weight: 400;\">Alcuni optano per percorrerlo a tappe, altri lo percorrono per intero. E molti, per facilitare l&#8217;esperienza senza perdere autenticit\u00e0, decidono di unirsi a un&#8217;agenzia specializzata in <\/span><a href=\"https:\/\/www.mundiplus.com\/it\/\"><b>viaggi organizzati Camino de Santiago<\/b><\/a><span style=\"font-weight: 400;\">. Senza dubbio, un modo pratico per scoprire i diversi cammini con sicurezza, pianificazione e libert\u00e0 di camminare senza preoccupazioni.<\/span><\/p>\n<p>&nbsp;<\/p>\n<h2><b>Come visitare San Juan de Ortega: consigli pratici<\/b><\/h2>\n<p><span style=\"font-weight: 400;\">Il monastero di San Juan de Ortega si trova nella regione dell&#8217;Alfoz de Burgos, all&#8217;interno del comune di <\/span><b>Barrios de Colina<\/b><span style=\"font-weight: 400;\">, nei Monti de Oca. A piedi, si accede ad esso passando per localit\u00e0 emblematiche come Atapuerca e Ag\u00e9s, seguendo le frecce gialle del Cammino.<\/span><\/p>\n<p>&nbsp;<\/p>\n<h3><b>La luce dell&#8217;equinozio: quando assistere al fenomeno solare<\/b><\/h3>\n<p><span style=\"font-weight: 400;\">Una delle principali attrattive del luogo \u00e8 il cosiddetto <\/span><b>&#8220;miracolo della luce&#8221;<\/b><span style=\"font-weight: 400;\">, un fenomeno solare che si verifica solo due volte all&#8217;anno: intorno al <\/span><b>21 marzo<\/b><span style=\"font-weight: 400;\"> e al <\/span><b>22 settembre<\/b><span style=\"font-weight: 400;\">, date che coincidono con gli equinozi di primavera e autunno.<\/span><\/p>\n<p><span style=\"font-weight: 400;\">In quei giorni, <\/span><b>poco dopo le 17 ore<\/b><span style=\"font-weight: 400;\"> (ora solare), un raggio di sole entra da una finestra situata nell&#8217;abside della chiesa e illumina con precisione il capitello che rappresenta l&#8217;Annunciazione. Questo effetto, frutto di un calcolo architettonico millimetrico, <\/span><b>dura solo pochi minuti<\/b><span style=\"font-weight: 400;\">, ma lascia una profonda impressione tra i presenti.<\/span><\/p>\n<p><span style=\"font-weight: 400;\">Se si vuole vivere questa esperienza, \u00e8 consigliabile arrivare in anticipo e mantenere il silenzio all&#8217;interno del tempio.<\/span><\/p>\n<p>&nbsp;<\/p>\n<h3><b>Dove dormire nelle vicinanze se non si pernotta nel monastero<\/b><\/h3>\n<p><span style=\"font-weight: 400;\">L&#8217;ostello di San Juan de Ortega ha <\/span><b>posti limitati<\/b><span style=\"font-weight: 400;\"> e, durante i mesi di maggiore affluenza (specialmente tra maggio e settembre), potrebbe riempirsi rapidamente. In tal caso, una buona opzione \u00e8 alloggiare nelle localit\u00e0 vicine, come Ag\u00e9s (a 3,5 km) o Atapuerca (a 6 km), entrambe ben collegate a piedi dal tracciato ufficiale del Cammino.<\/span><\/p>\n<p><span style=\"font-weight: 400;\">\u00c8 meglio pianificare in anticipo l&#8217;itinerario con<\/span><b> l&#8217;aiuto di servizi specializzati<\/b><span style=\"font-weight: 400;\">, come quelli offerti da <\/span><b>Mundiplus<\/b><span style=\"font-weight: 400;\">. Ti aiutiamo a camminare con maggiore flessibilit\u00e0, ci occupiamo di prenotare l&#8217;alloggio in anticipo e organizziamo il trasporto del bagaglio tappa dopo tappa.<\/span><\/p>\n<p>&nbsp;<\/p>\n<h3><b>Norme di visita, prezzi e orari<\/b><\/h3>\n<p><span style=\"font-weight: 400;\">L&#8217;accesso al monastero \u00e8 <\/span><b>libero e gratuito<\/b><span style=\"font-weight: 400;\">. Tuttavia, come luogo di culto attivo e spazio storico protetto, \u00e8 necessario seguire alcune norme di comportamento di base:<\/span><\/p>\n<ul>\n<li style=\"font-weight: 400;\" aria-level=\"1\"><b>Mantenere il silenzio<\/b><span style=\"font-weight: 400;\"> all&#8217;interno del tempio e delle stanze monastiche.<\/span><\/li>\n<\/ul>\n<p>&nbsp;<\/p>\n<ul>\n<li style=\"font-weight: 400;\" aria-level=\"1\"><b>Rispettare gli orari liturgici<\/b><span style=\"font-weight: 400;\"> se si \u00e8 presenti durante le celebrazioni.<\/span><\/li>\n<\/ul>\n<p>&nbsp;<\/p>\n<ul>\n<li style=\"font-weight: 400;\" aria-level=\"1\"><b>Non fare fotografie con flash<\/b><span style=\"font-weight: 400;\"> n\u00e9 registrazioni senza esplicito permesso.<\/span><\/li>\n<\/ul>\n<p>&nbsp;<\/p>\n<ul>\n<li style=\"font-weight: 400;\" aria-level=\"1\"><b>Non lasciare rifiuti<\/b><span style=\"font-weight: 400;\"> n\u00e9 transitare per aree ristrette.<\/span><\/li>\n<\/ul>\n<p>&nbsp;<\/p>\n<p><span style=\"font-weight: 400;\">La chiesa \u00e8 generalmente <\/span><b>aperta durante il giorno<\/b><span style=\"font-weight: 400;\"> (approssimativamente tra le 9:30 e le 19:00 nelle stagioni di alta affluenza), anche se questi orari potrebbero variare leggermente a seconda del periodo dell&#8217;anno o di eventi liturgici speciali. Non c&#8217;\u00e8 biglietteria n\u00e9 controllo d&#8217;ingresso, ma sono gradite le <\/span><b>donazioni volontarie<\/b><span style=\"font-weight: 400;\"> che aiutano al suo mantenimento.<\/span><\/p>\n","protected":false},"excerpt":{"rendered":"<p>A circa 30 chilometri da Burgos si trova un luogo che, pur essendo discreto nell&#8217;aspetto, \u00e8 stato per secoli uno dei rifugi pi\u00f9 emblematici del Cammino di Santiago: il monastero di San Juan de Ortega. Situato in una delle tappe chiave del Cammino Francese, questo complesso monastico romanico si distingue per il suo valore architettonico [&hellip;]<\/p>\n","protected":false},"author":31,"featured_media":122265,"comment_status":"open","ping_status":"open","sticky":false,"template":"","format":"standard","meta":{"_joinchat":[],"footnotes":""},"categories":[573,577,605],"tags":[],"class_list":["post-122288","post","type-post","status-publish","format-standard","has-post-thumbnail","hentry","category-blog-del-cammino","category-cammino-a-piedi","category-siti-iconici"],"_links":{"self":[{"href":"https:\/\/www.mundiplus.com\/it\/wp-json\/wp\/v2\/posts\/122288","targetHints":{"allow":["GET"]}}],"collection":[{"href":"https:\/\/www.mundiplus.com\/it\/wp-json\/wp\/v2\/posts"}],"about":[{"href":"https:\/\/www.mundiplus.com\/it\/wp-json\/wp\/v2\/types\/post"}],"author":[{"embeddable":true,"href":"https:\/\/www.mundiplus.com\/it\/wp-json\/wp\/v2\/users\/31"}],"replies":[{"embeddable":true,"href":"https:\/\/www.mundiplus.com\/it\/wp-json\/wp\/v2\/comments?post=122288"}],"version-history":[{"count":3,"href":"https:\/\/www.mundiplus.com\/it\/wp-json\/wp\/v2\/posts\/122288\/revisions"}],"predecessor-version":[{"id":122894,"href":"https:\/\/www.mundiplus.com\/it\/wp-json\/wp\/v2\/posts\/122288\/revisions\/122894"}],"wp:featuredmedia":[{"embeddable":true,"href":"https:\/\/www.mundiplus.com\/it\/wp-json\/wp\/v2\/media\/122265"}],"wp:attachment":[{"href":"https:\/\/www.mundiplus.com\/it\/wp-json\/wp\/v2\/media?parent=122288"}],"wp:term":[{"taxonomy":"category","embeddable":true,"href":"https:\/\/www.mundiplus.com\/it\/wp-json\/wp\/v2\/categories?post=122288"},{"taxonomy":"post_tag","embeddable":true,"href":"https:\/\/www.mundiplus.com\/it\/wp-json\/wp\/v2\/tags?post=122288"}],"curies":[{"name":"wp","href":"https:\/\/api.w.org\/{rel}","templated":true}]}}