{"id":122629,"date":"2025-08-11T20:16:44","date_gmt":"2025-08-11T20:16:44","guid":{"rendered":"https:\/\/www.mundiplus.com\/?p=122629"},"modified":"2025-08-11T20:19:05","modified_gmt":"2025-08-11T20:19:05","slug":"il-cammino-di-santiago-come-neurodivergente-consigli-ed-esperienze","status":"publish","type":"post","link":"https:\/\/www.mundiplus.com\/it\/camino-de-santiago-y-neurodivergencia-consiglio\/","title":{"rendered":"Il Cammino di Santiago come neurodivergente: consigli ed esperienze"},"content":{"rendered":"<p><img fetchpriority=\"high\" decoding=\"async\" class=\"alignnone wp-image-118987 size-full\" src=\"https:\/\/www.mundiplus.com\/wp-content\/uploads\/2025\/04\/Blog-Mundiplus.png\" alt=\"\" width=\"1023\" height=\"539\" srcset=\"https:\/\/www.mundiplus.com\/wp-content\/uploads\/2025\/04\/Blog-Mundiplus.png 1023w, https:\/\/www.mundiplus.com\/wp-content\/uploads\/2025\/04\/Blog-Mundiplus-300x158.png 300w, https:\/\/www.mundiplus.com\/wp-content\/uploads\/2025\/04\/Blog-Mundiplus-768x405.png 768w, https:\/\/www.mundiplus.com\/wp-content\/uploads\/2025\/04\/Blog-Mundiplus-600x316.png 600w\" sizes=\"(max-width: 1023px) 100vw, 1023px\" \/><\/p>\n<p><span style=\"font-weight: 400;\">Camminare verso Santiago pu\u00f2 essere un\u2019esperienza trasformativa, ma anche una sfida importante per chi vive con una condizione neurodivergente. Lungi dall\u2019essere un impedimento, la neurodivergenza pu\u00f2 dare luogo a un\u2019esperienza <\/span><b>unica<\/b><span style=\"font-weight: 400;\">, pi\u00f9 ricca e personale, purch\u00e9 si disponga delle informazioni adeguate e di una pianificazione adattata.<\/span><\/p>\n<p><span style=\"font-weight: 400;\">In questo articolo affrontiamo <\/span><b>come preparare e godersi il Cammino di Santiago dal punto di vista delle persone neurodivergenti<\/b><span style=\"font-weight: 400;\">. Esploriamo quali sono i percorsi migliori, consigli pratici, testimonianze reali e chiavi per sfruttare al massimo il viaggio, rispettando i propri tempi e bisogni.<\/span><\/p>\n<p>&nbsp;<\/p>\n<h2><b>Cosa significa essere neurodivergenti sul Cammino<\/b><\/h2>\n<p><span style=\"font-weight: 400;\">Il termine <\/span><i><span style=\"font-weight: 400;\">neurodivergente<\/span><\/i><span style=\"font-weight: 400;\"> si usa per riferirsi a persone che <\/span><b>processano il mondo in modo diverso dalla maggioranza<\/b><span style=\"font-weight: 400;\">. Questo include condizioni come il disturbo dello spettro autistico (DSA), ADHD, dislessia, ansia sociale, disturbo ossessivo-compulsivo, Tourette o anche sinestesie e profili misti. La diversit\u00e0 \u00e8 ampia e ricca, ma comporta anche necessit\u00e0 specifiche.<\/span><\/p>\n<p><span style=\"font-weight: 400;\">Alcune persone neurodivergenti possono sperimentare:<\/span><\/p>\n<ul>\n<li style=\"font-weight: 400;\" aria-level=\"1\"><b>Ipersensibilit\u00e0<\/b><span style=\"font-weight: 400;\"> a rumori, luci o tatto.<\/span><\/li>\n<\/ul>\n<p>&nbsp;<\/p>\n<ul>\n<li style=\"font-weight: 400;\" aria-level=\"1\"><span style=\"font-weight: 400;\">Necessit\u00e0 di <\/span><b>routine stabili<\/b><span style=\"font-weight: 400;\"> e prevedibilit\u00e0.<\/span><\/li>\n<\/ul>\n<p>&nbsp;<\/p>\n<ul>\n<li style=\"font-weight: 400;\" aria-level=\"1\"><b>Difficolt\u00e0 a improvvisare<\/b><span style=\"font-weight: 400;\"> o ad adattarsi a cambiamenti dell\u2019ultimo minuto.<\/span><\/li>\n<\/ul>\n<p>&nbsp;<\/p>\n<ul>\n<li style=\"font-weight: 400;\" aria-level=\"1\"><b>Ansia<\/b><span style=\"font-weight: 400;\"> di fronte a situazioni sociali sconosciute.<\/span><\/li>\n<\/ul>\n<p>&nbsp;<\/p>\n<p><span style=\"font-weight: 400;\">Ma possono anche avere:<\/span><\/p>\n<ul>\n<li style=\"font-weight: 400;\" aria-level=\"1\"><span style=\"font-weight: 400;\">Capacit\u00e0 di <\/span><b>osservazione profonda<\/b><span style=\"font-weight: 400;\"> dell\u2019ambiente.<\/span><\/li>\n<\/ul>\n<p>&nbsp;<\/p>\n<ul>\n<li style=\"font-weight: 400;\" aria-level=\"1\"><b>Grande resilienza<\/b><span style=\"font-weight: 400;\"> di fronte a sfide prolungate.<\/span><\/li>\n<\/ul>\n<p>&nbsp;<\/p>\n<ul>\n<li style=\"font-weight: 400;\" aria-level=\"1\"><b>Percezione dettagliata<\/b><span style=\"font-weight: 400;\"> degli stimoli naturali.<\/span><\/li>\n<\/ul>\n<p>&nbsp;<\/p>\n<ul>\n<li style=\"font-weight: 400;\" aria-level=\"1\"><b>Autenticit\u00e0<\/b><span style=\"font-weight: 400;\"> nel modo di vivere e sentire.<\/span><\/li>\n<\/ul>\n<p>&nbsp;<\/p>\n<p><span style=\"font-weight: 400;\">Perci\u00f2, pi\u00f9 che un ostacolo, la neurodivergenza pu\u00f2 arricchire l\u2019esperienza se il percorso viene adattato alle esigenze individuali.<\/span><\/p>\n<p>&nbsp;<\/p>\n<h2><b>Benefici del Cammino secondo ogni profilo neurodivergente<\/b><\/h2>\n<p><img decoding=\"async\" class=\"alignnone wp-image-122582 size-full\" src=\"https:\/\/www.mundiplus.com\/wp-content\/uploads\/2025\/07\/El-Camino-de-Santiago-siendo-neurodivergente-Mundiplus.jpg\" alt=\"\" width=\"1000\" height=\"667\" srcset=\"https:\/\/www.mundiplus.com\/wp-content\/uploads\/2025\/07\/El-Camino-de-Santiago-siendo-neurodivergente-Mundiplus.jpg 1000w, https:\/\/www.mundiplus.com\/wp-content\/uploads\/2025\/07\/El-Camino-de-Santiago-siendo-neurodivergente-Mundiplus-300x200.jpg 300w, https:\/\/www.mundiplus.com\/wp-content\/uploads\/2025\/07\/El-Camino-de-Santiago-siendo-neurodivergente-Mundiplus-768x512.jpg 768w, https:\/\/www.mundiplus.com\/wp-content\/uploads\/2025\/07\/El-Camino-de-Santiago-siendo-neurodivergente-Mundiplus-600x400.jpg 600w\" sizes=\"(max-width: 1000px) 100vw, 1000px\" \/><\/p>\n<h3><b>Disturbo dello Spettro Autistico (DSA)<\/b><\/h3>\n<p><span style=\"font-weight: 400;\">L\u2019avventura pu\u00f2 offrire alle persone con DSA un\u2019esperienza profondamente strutturata e prevedibile se pianificata in anticipo.<\/span><\/p>\n<p><span style=\"font-weight: 400;\">La <\/span><b>ripetizione di routine quotidiane<\/b><span style=\"font-weight: 400;\"> \u2014 alzarsi, camminare, riposare \u2014 genera una sensazione di controllo. Inoltre, gli ambienti naturali<\/span><b> favoriscono la regolazione sensoriale ed emotiva<\/b><span style=\"font-weight: 400;\">, mentre la libert\u00e0 di socializzare o mantenere le distanze permette di interagire senza pressione.<\/span><\/p>\n<p>&nbsp;<\/p>\n<h3><b>ADHD (Disturbo da Deficit di Attenzione e Iperattivit\u00e0)<\/b><\/h3>\n<p><span style=\"font-weight: 400;\">L\u2019attivit\u00e0 fisica costante aiuta a <\/span><b>canalizzare l\u2019energia in modo sano<\/b><span style=\"font-weight: 400;\">. Allo stesso tempo, la variet\u00e0 di paesaggi e stimoli mantiene l\u2019attenzione attiva senza annoiare. L\u2019esperienza pu\u00f2 rafforzare la capacit\u00e0 di pianificazione e organizzazione e favorire la connessione con il presente.<\/span><\/p>\n<p>&nbsp;<\/p>\n<h3><b>Dislessia<\/b><\/h3>\n<p><span style=\"font-weight: 400;\">Anche se le difficolt\u00e0 di lettura possono rappresentare una sfida in certi momenti, tutti i percorsi offrono molti strumenti visivi (segnali, frecce, mappe) che facilitano l\u2019orientamento. Il processo <\/span><b>non richiede lettura e scrittura costanti<\/b><span style=\"font-weight: 400;\"> e permette alle persone con dislessia di connettersi con l\u2019ambiente attraverso l\u2019osservazione, l\u2019ascolto e l\u2019esperienza pratica.<\/span><\/p>\n<p>&nbsp;<\/p>\n<h3><b>Ansia sociale<\/b><\/h3>\n<p><span style=\"font-weight: 400;\">Permette di <\/span><b>controllare il livello di interazione sociale<\/b><span style=\"font-weight: 400;\">. Ci sono tappe dove si pu\u00f2 camminare da soli o accompagnati, e non c\u2019\u00e8 pressione a mantenere conversazioni. Questo ambiente di accettazione pu\u00f2 favorire l\u2019esposizione progressiva a nuove relazioni da uno spazio sicuro, potenziando la fiducia e l\u2019autosostegno.<\/span><\/p>\n<p>&nbsp;<\/p>\n<h3><b>Disturbo Ossessivo-Compulsivo (DOC)<\/b><\/h3>\n<p><span style=\"font-weight: 400;\">La ripetizione di compiti quotidiani (preparare lo zaino, camminare, riposare) pu\u00f2 offrire una <\/span><b>sensazione di ordine e stabilit\u00e0<\/b><span style=\"font-weight: 400;\">. Inoltre, il contatto con la natura e il cambiamento di ambiente favoriscono il distacco dai pensieri intrusivi, aiutando a concentrare l\u2019attenzione sul presente.<\/span><\/p>\n<p>&nbsp;<\/p>\n<h3><b>Sindrome di Tourette<\/b><\/h3>\n<p><span style=\"font-weight: 400;\">Le persone con Tourette possono sentirsi <\/span><b>pi\u00f9 libere da giudizi sociali<\/b><span style=\"font-weight: 400;\">, dato che i pellegrini sono generalmente tolleranti e diversi. L\u2019esercizio fisico, il ritmo costante e l\u2019ambiente rilassato possono contribuire anche a una diminuzione dei tic o a una migliore gestione degli stessi.<\/span><\/p>\n<p>&nbsp;<\/p>\n<h2><b>Prepararsi al Cammino: aspetti chiave da considerare<\/b><\/h2>\n<p><img decoding=\"async\" class=\"alignnone wp-image-122576 size-full\" src=\"https:\/\/www.mundiplus.com\/wp-content\/uploads\/2025\/07\/El-Camino-de-Santiago-para-personas-neurodivergentes-Mundiplus.jpg\" alt=\"\" width=\"1000\" height=\"667\" srcset=\"https:\/\/www.mundiplus.com\/wp-content\/uploads\/2025\/07\/El-Camino-de-Santiago-para-personas-neurodivergentes-Mundiplus.jpg 1000w, https:\/\/www.mundiplus.com\/wp-content\/uploads\/2025\/07\/El-Camino-de-Santiago-para-personas-neurodivergentes-Mundiplus-300x200.jpg 300w, https:\/\/www.mundiplus.com\/wp-content\/uploads\/2025\/07\/El-Camino-de-Santiago-para-personas-neurodivergentes-Mundiplus-768x512.jpg 768w, https:\/\/www.mundiplus.com\/wp-content\/uploads\/2025\/07\/El-Camino-de-Santiago-para-personas-neurodivergentes-Mundiplus-600x400.jpg 600w\" sizes=\"(max-width: 1000px) 100vw, 1000px\" \/><\/p>\n<p><span style=\"font-weight: 400;\">Prima di lanciarsi nell\u2019avventura, la preparazione \u00e8 fondamentale. Un cammino ben pianificato riduce l\u2019incertezza, permette di godersi di pi\u00f9 l\u2019ambiente e minimizza il rischio di sovraccarico.<\/span><\/p>\n<ul>\n<li><b>Abbigliamento e attrezzatura adeguati<\/b><span style=\"font-weight: 400;\">. Le persone con sensibilit\u00e0 tattile devono scegliere capi comodi, senza cuciture fastidiose o materiali sintetici che irritino la pelle. Lo stesso vale per le scarpe: devono essere adatte al piede, gi\u00e0 usate e traspiranti. Etichette tagliate e cuciture piatte fanno la differenza.<\/span><\/li>\n<\/ul>\n<p>&nbsp;<\/p>\n<ul>\n<li aria-level=\"1\"><b>Anticipazione e struttura<\/b><span style=\"font-weight: 400;\">. Molti profili neurodivergenti beneficiano di avere uno schema chiaro. Usare mappe semplificate, app specializzate e avere le tappe stampate pu\u00f2 aiutare. Creare un itinerario flessibile ma strutturato d\u00e0 una sensazione di controllo.<\/span><\/li>\n<\/ul>\n<p>&nbsp;<\/p>\n<ul>\n<li aria-level=\"1\"><b>Alimentazione e riposo<\/b><span style=\"font-weight: 400;\">. Seguire una routine alimentare stabile \u00e8 importante. Se ci sono restrizioni alimentari, portare snack personali (frutta secca, barrette, biscotti senza glutine, ecc.) \u00e8 consigliabile. Naturalmente, dormire bene \u00e8 fondamentale: valutare alloggi con un ambiente tranquillo pu\u00f2 evitare disregolazioni emotive.<\/span><\/li>\n<\/ul>\n<p>&nbsp;<\/p>\n<ul>\n<li aria-level=\"1\"><b>Regolazione emotiva<\/b><span style=\"font-weight: 400;\"><span style=\"font-weight: 400;\">. Portare un oggetto di conforto, un taccuino per disegnare o scrivere, cuffie con musica rilassante o tecniche di respirazione aiuta a gestire i momenti di<\/span><\/span>saturazione. Le pause sensoriali durante la giornata \u2014 nella natura o in luoghi tranquilli \u2014 favoriscono il benessere.<\/li>\n<\/ul>\n<p>&nbsp;<\/p>\n<ul>\n<li aria-level=\"1\"><b>Accompagnamento consapevole<\/b><span style=\"font-weight: 400;\">. Camminare con qualcuno che comprenda e rispetti i tuoi tempi pu\u00f2 essere positivo. Tuttavia, ci sono anche persone che preferiscono camminare da sole e mantenere un ritmo proprio. Entrambe le opzioni sono valide: l\u2019importante \u00e8 scegliere liberamente.<\/span><\/li>\n<\/ul>\n<p>&nbsp;<\/p>\n<h2><b>Percorsi del Cammino di Santiago: come scegliere secondo il tuo profilo neurodivergente<\/b><\/h2>\n<p><span style=\"font-weight: 400;\">Uno degli aspetti pi\u00f9 importanti nella pianificazione del Cammino \u00e8 <\/span><b>scegliere il percorso giusto<\/b><span style=\"font-weight: 400;\">. Ogni percorso ha caratteristiche che possono influire positivamente o negativamente sull\u2019esperienza.<\/span><\/p>\n<p>&nbsp;<\/p>\n<h3><b>Cammino Francese<\/b><\/h3>\n<p><span style=\"font-weight: 400;\">Il pi\u00f9 frequentato, con un\u2019ampia infrastruttura. Ideale se preferisci avere molte opzioni di alloggio, segnaletica costante e compagnia. Tuttavia, in alta stagione<\/span><b> pu\u00f2 risultare soffocante per chi cerca tranquillit\u00e0<\/b><span style=\"font-weight: 400;\">.<\/span><\/p>\n<p>&nbsp;<\/p>\n<h3><b>Cammino Portoghese<\/b><\/h3>\n<p><span style=\"font-weight: 400;\">Perfetto per chi apprezza <\/span><b>tappe dolci e buona organizzazione<\/b><span style=\"font-weight: 400;\">. Il tratto costiero offre bellezza naturale e meno affollamento. Equilibra cultura, patrimonio e natura. Le sue tappe sono ben segnalate e accessibili, con possibilit\u00e0 di suddividerle in tratti pi\u00f9 brevi. Buona scelta per chi deve mantenere un ritmo costante e godersi la variet\u00e0 di ambienti.<\/span><\/p>\n<p><span style=\"font-weight: 400;\">Il<\/span><a href=\"https:\/\/www.mundiplus.com\/it\/caminos\/strada-da-porto-a-a-guarda\/\"> <b>Cammino di Santiago da Porto a A Guarda<\/b><\/a><span style=\"font-weight: 400;\"> \u00e8 un\u2019eccellente alternativa che combina natura costiera e borghi incantevoli. \u00c8 ideale per chi cerca un equilibrio tra stimoli moderati e buona segnaletica. Successivamente, il tratto del <\/span><a href=\"https:\/\/www.mundiplus.com\/it\/caminos\/a-pie\/camino-portugues-costa\/camino-de-santiago-desde-a-guarda\/\"><b>Cammino da A Guarda a Santiago<\/b><\/a><span style=\"font-weight: 400;\"> permette di camminare in un ambiente sereno, perfetto per persone che si saturano facilmente.<\/span><\/p>\n<p>&nbsp;<\/p>\n<h3><b>Cammino del Nord<\/b><\/h3>\n<p><span style=\"font-weight: 400;\">Con viste impressionanti sul Cantabrico, questo percorso richiede maggiore sforzo fisico, ma \u00e8 <\/span><b>ricompensato da solitudine, spazi aperti e tratti silenziosi<\/b><span style=\"font-weight: 400;\">. Questo percorso, soprattutto il tratto del <\/span><a href=\"https:\/\/www.mundiplus.com\/it\/caminos\/a-pie\/camino-norte\/camino-de-santiago-desde-santander\/%22%3Ecamino%20de%20santiago%20desde%20santander%20a%20gij%C3%B3n\"><b>Cammino di Santiago da Santander a Gij\u00f3n<\/b><\/a><span style=\"font-weight: 400;\">, \u00e8 ideale per chi cerca un\u2019esperienza pi\u00f9 introspettiva e ha tolleranza per i dislivelli.<\/span><\/p>\n<p>&nbsp;<\/p>\n<h3><b>Cammino Primitivo<\/b><\/h3>\n<p><span style=\"font-weight: 400;\">Il pi\u00f9 antico e anche uno dei pi\u00f9 impegnativi. Terreno montuoso e meno servizi. Raccomandato <\/span><b>a chi ha gi\u00e0 esperienza<\/b><span style=\"font-weight: 400;\"> e desidera una connessione profonda con la natura e l\u2019isolamento.<\/span><\/p>\n<p>&nbsp;<\/p>\n<h3><b>Cammino Inglese e Finisterre\/Mux\u00eda<\/b><\/h3>\n<p><b>Entrambi i percorsi sono pi\u00f9 brevi<\/b><span style=\"font-weight: 400;\">. Il primo inizia a Ferrol o La Coru\u00f1a; il secondo parte da Santiago verso la costa. Sono alternative meno affollate, ideali se preferisci evitare il trambusto.<\/span><\/p>\n<p>&nbsp;<\/p>\n<h2><b>Esperienze reali: testimonianze di persone neurodivergenti sul Cammino<\/b><\/h2>\n<p><span style=\"font-weight: 400;\">Le esperienze condivise sui social, forum e blog mostrano che il Cammino pu\u00f2 essere particolarmente significativo per persone con questa condizione. Alcune testimonianze riflettono:<\/span><\/p>\n<p><i><span style=\"font-weight: 400;\">\u201cNon ero mai riuscito a mantenere una routine prima. Sul Cammino ho scoperto che potevo organizzarmi, alzarmi presto, camminare ogni giorno\u2026 e godermelo\u201d.<\/span><\/i><\/p>\n<p><i><span style=\"font-weight: 400;\">\u201cMi preoccupava dover parlare con molte persone, ma ho trovato l\u2019equilibrio. A volte mi univo agli altri e altre camminavo da solo. Nessuno lo metteva in discussione. Mi sono sentito libero.\u201d<\/span><\/i><\/p>\n<p><i><span style=\"font-weight: 400;\">\u201cHo un autismo lieve e faccio fatica a improvvisare. Ho preparato tutto a tappe, e comunque ci sono stati imprevisti. Ma ho imparato ad adattarmi senza ansia. L\u2019ambiente ha aiutato molto\u201d.<\/span><\/i><\/p>\n<p><span style=\"font-weight: 400;\">Storie come queste mostrano che <\/span><b>non esiste un \u201cmodo corretto\u201d di fare il Cammino<\/b><span style=\"font-weight: 400;\">. Ognuno pu\u00f2 e deve costruire la propria esperienza, con autenticit\u00e0 e rispetto per le proprie esigenze.<\/span><\/p>\n<p>&nbsp;<\/p>\n<h2><b>Consigli pratici durante il Cammino<\/b><\/h2>\n<p><img loading=\"lazy\" decoding=\"async\" class=\"alignnone wp-image-122570 size-full\" src=\"https:\/\/www.mundiplus.com\/wp-content\/uploads\/2025\/07\/El-Camino-de-Santiago-para-neurodivergentes-Mundiplus.jpg\" alt=\"\" width=\"1000\" height=\"667\" srcset=\"https:\/\/www.mundiplus.com\/wp-content\/uploads\/2025\/07\/El-Camino-de-Santiago-para-neurodivergentes-Mundiplus.jpg 1000w, https:\/\/www.mundiplus.com\/wp-content\/uploads\/2025\/07\/El-Camino-de-Santiago-para-neurodivergentes-Mundiplus-300x200.jpg 300w, https:\/\/www.mundiplus.com\/wp-content\/uploads\/2025\/07\/El-Camino-de-Santiago-para-neurodivergentes-Mundiplus-768x512.jpg 768w, https:\/\/www.mundiplus.com\/wp-content\/uploads\/2025\/07\/El-Camino-de-Santiago-para-neurodivergentes-Mundiplus-600x400.jpg 600w\" sizes=\"(max-width: 1000px) 100vw, 1000px\" \/><\/p>\n<p><span style=\"font-weight: 400;\">Oltre alla preparazione preliminare, \u00e8 importante considerare alcune risorse durante il percorso:<\/span><\/p>\n<ul>\n<li style=\"font-weight: 400;\" aria-level=\"1\"><b>Adattabilit\u00e0 ai cambiamenti<\/b><span style=\"font-weight: 400;\">: il clima, l\u2019alloggio o la salute possono modificare il piano. Avere un \u201cpiano B\u201d scritto, con opzioni alternative, pu\u00f2 ridurre lo stress.<\/span><\/li>\n<\/ul>\n<p>&nbsp;<\/p>\n<ul>\n<li style=\"font-weight: 400;\" aria-level=\"1\"><b>Cartelli visivi o schede di comunicazione<\/b><span style=\"font-weight: 400;\">: in caso di difficolt\u00e0 a parlare nei momenti di sovraccarico, avere messaggi scritti (in varie lingue) pu\u00f2 aiutare.<\/span><\/li>\n<\/ul>\n<p>&nbsp;<\/p>\n<ul>\n<li style=\"font-weight: 400;\" aria-level=\"1\"><b>App con GPS e tappe<\/b><span style=\"font-weight: 400;\">: facilitano il monitoraggio giornaliero e danno sicurezza.<\/span><\/li>\n<\/ul>\n<p>&nbsp;<\/p>\n<ul>\n<li style=\"font-weight: 400;\" aria-level=\"1\"><b>Pausa programmate<\/b><span style=\"font-weight: 400;\">: riposare non solo quando si \u00e8 stanchi, ma anche per prevenire la saturazione.<\/span><\/li>\n<\/ul>\n<p>&nbsp;<\/p>\n<ul>\n<li style=\"font-weight: 400;\" aria-level=\"1\"><b>Registri giornalieri<\/b><span style=\"font-weight: 400;\">: prendere appunti, registrare audio o fare disegni pu\u00f2 servire come scarico emotivo e memoria del percorso.<\/span><\/li>\n<\/ul>\n<p>&nbsp;<\/p>\n<h2><b>Il valore dell\u2019ambiente: come il Cammino favorisce il benessere neurodivergente<\/b><\/h2>\n<p><span style=\"font-weight: 400;\">Il Cammino offre un contesto difficile da trovare nella vita quotidiana: assenza di pressione, tempo per s\u00e9 stessi, contatto diretto con la natura e una comunit\u00e0 che, in generale, rispetta i ritmi individuali.<\/span><\/p>\n<p><span style=\"font-weight: 400;\">Molte persone neurodivergenti possono trovare in questa esperienza uno <\/span><b>spazio di riconnessione<\/b><span style=\"font-weight: 400;\">. L\u2019ambiente naturale agisce come <\/span><b>regolatore sensoriale<\/b><span style=\"font-weight: 400;\">: il canto degli uccelli, il mormorio dell\u2019acqua, il ritmo lento dei passi&#8230; Tutto contribuisce a una sensazione di calma profonda.<\/span><\/p>\n<p><span style=\"font-weight: 400;\">Inoltre, la spiritualit\u00e0 dell\u2019avventura \u2014sia essa religiosa o laica\u2014 invita a guardare dentro di s\u00e9. Quel silenzio, quella solitudine scelta, possono essere immensamente rigeneranti.<\/span><\/p>\n<p>&nbsp;<\/p>\n<h2><b>Cosa pu\u00f2 apportare il Cammino allo sviluppo personale di una persona neurodivergente?<\/b><\/h2>\n<p><span style=\"font-weight: 400;\">I benefici del pellegrinaggio vanno oltre il fisico. Per chi convive con una neurodivergenza, questo viaggio pu\u00f2 offrire:<\/span><\/p>\n<ul>\n<li style=\"font-weight: 400;\" aria-level=\"1\"><b>Maggiore fiducia e autonomia<\/b><span style=\"font-weight: 400;\">, affrontando nuove situazioni e risolvendole da soli.<\/span><\/li>\n<\/ul>\n<p>&nbsp;<\/p>\n<ul>\n<li style=\"font-weight: 400;\" aria-level=\"1\"><b>Accettazione personale<\/b><span style=\"font-weight: 400;\">, riconoscendo punti di forza prima trascurati.<\/span><\/li>\n<\/ul>\n<p>&nbsp;<\/p>\n<ul>\n<li style=\"font-weight: 400;\" aria-level=\"1\"><b>Ridefinizione dei propri limiti<\/b><span style=\"font-weight: 400;\">, senza dover aderire agli standard sociali.<\/span><\/li>\n<\/ul>\n<p>&nbsp;<\/p>\n<ul>\n<li style=\"font-weight: 400;\" aria-level=\"1\"><b>Rivalutazione del silenzio, della calma e della connessione con se stessi<\/b><span style=\"font-weight: 400;\">.<\/span><\/li>\n<\/ul>\n<p>&nbsp;<\/p>\n<ul>\n<li style=\"font-weight: 400;\" aria-level=\"1\"><b>Rafforzamento della resilienza<\/b><span style=\"font-weight: 400;\">, affrontando e superando il disagio.<\/span><\/li>\n<\/ul>\n<p>&nbsp;<\/p>\n<p><span style=\"font-weight: 400;\">Tutto questo, senza la necessit\u00e0 di \u201cadeguarsi\u201d o \u201ccorreggersi\u201d. Qualsiasi percorso, nella sua essenza, onora ci\u00f2 che \u00e8 autentico.<\/span><\/p>\n<p><span style=\"font-weight: 400;\">Fare il Cammino di Santiago essendo neurodivergenti non \u00e8 solo possibile, ma anche arricchente. Ogni passo pu\u00f2 essere una <\/span><b>affermazione di identit\u00e0, una conquista del presente, un modo diverso di abitare il mondo<\/b><span style=\"font-weight: 400;\">.<\/span><\/p>\n<p><span style=\"font-weight: 400;\">Non serve fare il percorso pi\u00f9 lungo, n\u00e9 camminare pi\u00f9 veloce, n\u00e9 parlare con tutti. Serve ascoltare ci\u00f2 di cui si ha bisogno, rispettarlo e costruire un percorso personale, valido quanto qualunque altro.<\/span><\/p>\n<p><span style=\"font-weight: 400;\">Se vuoi conoscere opzioni per organizzare la tua esperienza su misura, consulta le proposte di Mundiplus, specialisti in <\/span><a href=\"https:\/\/www.mundiplus.com\/it\/\"><b>viaggi sul Cammino di Santiago<\/b><\/a><span style=\"font-weight: 400;\">. Da percorsi tranquilli a itinerari culturali, c\u2019\u00e8 sempre un\u2019alternativa perfetta per te.<\/span><\/p>\n","protected":false},"excerpt":{"rendered":"<p>Camminare verso Santiago pu\u00f2 essere un\u2019esperienza trasformativa, ma anche una sfida importante per chi vive con una condizione neurodivergente. Lungi dall\u2019essere un impedimento, la neurodivergenza pu\u00f2 dare luogo a un\u2019esperienza unica, pi\u00f9 ricca e personale, purch\u00e9 si disponga delle informazioni adeguate e di una pianificazione adattata. In questo articolo affrontiamo come preparare e godersi il [&hellip;]<\/p>\n","protected":false},"author":1,"featured_media":122586,"comment_status":"open","ping_status":"open","sticky":false,"template":"","format":"standard","meta":{"footnotes":""},"categories":[573,577,597],"tags":[],"class_list":["post-122629","post","type-post","status-publish","format-standard","has-post-thumbnail","hentry","category-blog-del-cammino","category-cammino-a-piedi","category-preparativi-per-il-viaggio"],"_links":{"self":[{"href":"https:\/\/www.mundiplus.com\/it\/wp-json\/wp\/v2\/posts\/122629","targetHints":{"allow":["GET"]}}],"collection":[{"href":"https:\/\/www.mundiplus.com\/it\/wp-json\/wp\/v2\/posts"}],"about":[{"href":"https:\/\/www.mundiplus.com\/it\/wp-json\/wp\/v2\/types\/post"}],"author":[{"embeddable":true,"href":"https:\/\/www.mundiplus.com\/it\/wp-json\/wp\/v2\/users\/1"}],"replies":[{"embeddable":true,"href":"https:\/\/www.mundiplus.com\/it\/wp-json\/wp\/v2\/comments?post=122629"}],"version-history":[{"count":3,"href":"https:\/\/www.mundiplus.com\/it\/wp-json\/wp\/v2\/posts\/122629\/revisions"}],"predecessor-version":[{"id":122643,"href":"https:\/\/www.mundiplus.com\/it\/wp-json\/wp\/v2\/posts\/122629\/revisions\/122643"}],"wp:featuredmedia":[{"embeddable":true,"href":"https:\/\/www.mundiplus.com\/it\/wp-json\/wp\/v2\/media\/122586"}],"wp:attachment":[{"href":"https:\/\/www.mundiplus.com\/it\/wp-json\/wp\/v2\/media?parent=122629"}],"wp:term":[{"taxonomy":"category","embeddable":true,"href":"https:\/\/www.mundiplus.com\/it\/wp-json\/wp\/v2\/categories?post=122629"},{"taxonomy":"post_tag","embeddable":true,"href":"https:\/\/www.mundiplus.com\/it\/wp-json\/wp\/v2\/tags?post=122629"}],"curies":[{"name":"wp","href":"https:\/\/api.w.org\/{rel}","templated":true}]}}