{"id":122872,"date":"2025-08-22T15:09:22","date_gmt":"2025-08-22T15:09:22","guid":{"rendered":"https:\/\/www.mundiplus.com\/?p=122872"},"modified":"2025-08-22T15:14:54","modified_gmt":"2025-08-22T15:14:54","slug":"il-cammino-ignaziano-come-preparazione-al-cammino-di-santiago","status":"publish","type":"post","link":"https:\/\/www.mundiplus.com\/it\/il-cammino-ignaziano-formazione-spirituale\/","title":{"rendered":"Il Cammino Ignaziano come preparazione al Cammino di Santiago"},"content":{"rendered":"<p><img fetchpriority=\"high\" decoding=\"async\" class=\"alignnone wp-image-118987 size-full\" src=\"https:\/\/www.mundiplus.com\/wp-content\/uploads\/2025\/04\/Blog-Mundiplus.png\" alt=\"\" width=\"1023\" height=\"539\" srcset=\"https:\/\/www.mundiplus.com\/wp-content\/uploads\/2025\/04\/Blog-Mundiplus.png 1023w, https:\/\/www.mundiplus.com\/wp-content\/uploads\/2025\/04\/Blog-Mundiplus-300x158.png 300w, https:\/\/www.mundiplus.com\/wp-content\/uploads\/2025\/04\/Blog-Mundiplus-768x405.png 768w, https:\/\/www.mundiplus.com\/wp-content\/uploads\/2025\/04\/Blog-Mundiplus-600x316.png 600w\" sizes=\"(max-width: 1023px) 100vw, 1023px\" \/><\/p>\n<p><span style=\"font-weight: 400;\">L\u2019esperienza del pellegrinaggio in Spagna non si limita al famoso Cammino di Santiago. Esiste un altro percorso di grande valore storico e spirituale: il <\/span><b>Cammino Ignaziano<\/b><span style=\"font-weight: 400;\">. In questa guida, esploreremo come percorrerlo possa rappresentare un\u2019eccellente preparazione per affrontare successivamente la grande esperienza di arrivare alla Cattedrale di Santiago.\u00a0<\/span><\/p>\n<p><span style=\"font-weight: 400;\">Analizzeremo la sua origine e la sua storia, l\u2019itinerario attuale e le somiglianze e differenze rispetto ai principali percorsi giacobei. Alla fine comprenderai perch\u00e9 questo pellegrinaggio pu\u00f2 essere l\u2019allenamento perfetto prima di dirigersi a Santiago de Compostela.<\/span><\/p>\n<p>&nbsp;<\/p>\n<h2><b>L\u2019origine storica del Cammino Ignaziano<\/b><\/h2>\n<p><img decoding=\"async\" class=\"alignnone wp-image-122829 size-full\" src=\"https:\/\/www.mundiplus.com\/wp-content\/uploads\/2025\/08\/Loyola-Mundiplus.jpg\" alt=\"\" width=\"1024\" height=\"683\" srcset=\"https:\/\/www.mundiplus.com\/wp-content\/uploads\/2025\/08\/Loyola-Mundiplus.jpg 1024w, https:\/\/www.mundiplus.com\/wp-content\/uploads\/2025\/08\/Loyola-Mundiplus-300x200.jpg 300w, https:\/\/www.mundiplus.com\/wp-content\/uploads\/2025\/08\/Loyola-Mundiplus-768x512.jpg 768w, https:\/\/www.mundiplus.com\/wp-content\/uploads\/2025\/08\/Loyola-Mundiplus-600x400.jpg 600w\" sizes=\"(max-width: 1024px) 100vw, 1024px\" \/><\/p>\n<p><span style=\"font-weight: 400;\">Il Cammino Ignaziano ha origine dalla figura di <\/span><b>\u00cd\u00f1igo de Loyola<\/b><span style=\"font-weight: 400;\"> (pi\u00f9 conosciuto come Sant\u2019Ignazio di Loyola), fondatore della Compagnia di Ges\u00f9 (i gesuiti).\u00a0<\/span><\/p>\n<p><span style=\"font-weight: 400;\">Nel <\/span><b>1522<\/b><span style=\"font-weight: 400;\">, \u00cd\u00f1igo intraprese un viaggio trasformativo dopo la sua conversione spirituale. Part\u00ec dalla sua casa natale a <\/span><b>Loyola<\/b><span style=\"font-weight: 400;\"> (Azpeitia, Paesi Baschi) e percorse a piedi circa 650 km fino alla citt\u00e0 di <\/span><b>Manresa<\/b><span style=\"font-weight: 400;\"> (Catalogna).\u00a0<\/span><\/p>\n<p><span style=\"font-weight: 400;\">Durante il tragitto pass\u00f2 per luoghi emblematici come il Santuario di Montserrat. Qui si spogli\u00f2 della sua armatura di cavaliere davanti alla Vergine Nera, simbolizzando l\u2019inizio di una nuova vita spirituale. Questo percorso personale segn\u00f2 il <\/span><b>passaggio da \u00cd\u00f1igo &#8220;il soldato&#8221; a Ignazio &#8220;il pellegrino&#8221;<\/b><span style=\"font-weight: 400;\">, culminando nella grotta di Manresa, dove medit\u00f2 intensamente e gett\u00f2 le basi dei suoi <\/span><i><span style=\"font-weight: 400;\">Esercizi Spirituali<\/span><\/i><span style=\"font-weight: 400;\">.<\/span><\/p>\n<p><span style=\"font-weight: 400;\">Oggi, quella impresa \u00e8 diventata un itinerario di pellegrinaggio <\/span><b>ufficialmente riconosciuto<\/b><span style=\"font-weight: 400;\">. Il percorso moderno ricrea fedelmente il tragitto del 1522, permettendo ai pellegrini di seguire le orme di Sant\u2019Ignazio.\u00a0<\/span><\/p>\n<p><span style=\"font-weight: 400;\">Il progetto di segnalare e promuovere il cammino ha preso slancio negli anni 2010, grazie alla comunit\u00e0 gesuita, in concomitanza con i 500 anni dalla conversione di Ignazio. Nel 2012, il percorso \u00e8 stato omologato come <\/span><b>sentiero di Grande Percorrenza<\/b><span style=\"font-weight: 400;\"> (GR-21) e da allora ha guadagnato sempre pi\u00f9 rilevanza all\u2019interno del turismo culturale e religioso in Spagna.<\/span><\/p>\n<p>&nbsp;<\/p>\n<h2><b>Il Cammino Ignaziano oggi: percorso, tappe e sfide<\/b><\/h2>\n<p><span style=\"font-weight: 400;\">Il Cammino Ignaziano si estende per <\/span><b>circa 650 km suddivisi in 27 tappe<\/b><span style=\"font-weight: 400;\">, attraversando cinque comunit\u00e0 autonome della Spagna: <\/span><b>Paesi Baschi, La Rioja, Navarra, Aragona e Catalogna<\/b><span style=\"font-weight: 400;\">.\u00a0<\/span><\/p>\n<p><span style=\"font-weight: 400;\">Il percorso inizia al Santuario di Loyola, attraversa citt\u00e0 e paesi ricchi di storia e termina presso la <\/span><b>Cova di Sant\u2019Ignazio<\/b><span style=\"font-weight: 400;\"> a Manresa. Lungo il cammino, il pellegrino ignaziano scopre una <\/span><b>grande variet\u00e0 di paesaggi<\/b><span style=\"font-weight: 400;\">: le verdi valli basche, le terre vinicole della Rioja, le rive dell\u2019Ebro in Navarra e Aragona e le montagne catalane coronate dal monastero di Montserrat.\u00a0<\/span><\/p>\n<p>&nbsp;<\/p>\n<h3><b>Itinerario completo del Cammino Ignaziano: tappe e chilometri<\/b><\/h3>\n<p><img decoding=\"async\" class=\"alignnone wp-image-122823 size-full\" src=\"https:\/\/www.mundiplus.com\/wp-content\/uploads\/2025\/08\/Manresa-Mundiplus.jpg\" alt=\"\" width=\"1024\" height=\"683\" srcset=\"https:\/\/www.mundiplus.com\/wp-content\/uploads\/2025\/08\/Manresa-Mundiplus.jpg 1024w, https:\/\/www.mundiplus.com\/wp-content\/uploads\/2025\/08\/Manresa-Mundiplus-300x200.jpg 300w, https:\/\/www.mundiplus.com\/wp-content\/uploads\/2025\/08\/Manresa-Mundiplus-768x512.jpg 768w, https:\/\/www.mundiplus.com\/wp-content\/uploads\/2025\/08\/Manresa-Mundiplus-600x400.jpg 600w\" sizes=\"(max-width: 1024px) 100vw, 1024px\" \/><\/p>\n<p><span style=\"font-weight: 400;\">Di seguito presentiamo l\u2019itinerario abituale del Cammino Ignaziano, suddiviso in 27 tappe. Sebbene non esista un\u2019unica suddivisione ufficiale, questa \u00e8 la distribuzione pi\u00f9 comune tra i pellegrini:<\/span><\/p>\n<p>&nbsp;<\/p>\n<ul>\n<li style=\"font-weight: 400;\" aria-level=\"1\"><b>Tappa 1<\/b><span style=\"font-weight: 400;\">: Loyola \u2013 Zum\u00e1rraga (18,5 km)<\/span><\/li>\n<li style=\"font-weight: 400;\" aria-level=\"1\"><b>Tappa 2<\/b><span style=\"font-weight: 400;\">: Zum\u00e1rraga \u2013 Arantzazu (17,7 km)<\/span><\/li>\n<li style=\"font-weight: 400;\" aria-level=\"1\"><b>Tappa 3<\/b><span style=\"font-weight: 400;\">: Arantzazu \u2013 Araia (21,4 km)<\/span><\/li>\n<li style=\"font-weight: 400;\" aria-level=\"1\"><b>Tappa 4<\/b><span style=\"font-weight: 400;\">: Araia \u2013 Alda (25 km)<\/span><\/li>\n<li style=\"font-weight: 400;\" aria-level=\"1\"><b>Tappa 5<\/b><span style=\"font-weight: 400;\">: Alda \u2013 Genevilla (22,8 km)<\/span><\/li>\n<li style=\"font-weight: 400;\" aria-level=\"1\"><b>Tappa 6<\/b><span style=\"font-weight: 400;\">: Genevilla \u2013 Laguardia (27,3 km)<\/span><\/li>\n<li style=\"font-weight: 400;\" aria-level=\"1\"><b>Tappa 7<\/b><span style=\"font-weight: 400;\">: Laguardia \u2013 Navarrete (27,3 km)<\/span><\/li>\n<li style=\"font-weight: 400;\" aria-level=\"1\"><b>Tappa 8<\/b><span style=\"font-weight: 400;\">: Navarrete \u2013 Logro\u00f1o (13 km)<\/span><\/li>\n<li style=\"font-weight: 400;\" aria-level=\"1\"><b>Tappa 9<\/b><span style=\"font-weight: 400;\">: Logro\u00f1o \u2013 Alcanadre (30,6 km)<\/span><\/li>\n<li style=\"font-weight: 400;\" aria-level=\"1\"><b>Tappa 10<\/b><span style=\"font-weight: 400;\">: Alcanadre \u2013 Calahorra (21,5 km)<\/span><\/li>\n<li style=\"font-weight: 400;\" aria-level=\"1\"><b>Tappa 11<\/b><span style=\"font-weight: 400;\">: Calahorra \u2013 Alfaro (23,1 km)<\/span><\/li>\n<li style=\"font-weight: 400;\" aria-level=\"1\"><b>Tappa 12<\/b><span style=\"font-weight: 400;\">: Alfaro \u2013 Tudela (25,8 km)<\/span><\/li>\n<li style=\"font-weight: 400;\" aria-level=\"1\"><b>Tappa 13<\/b><span style=\"font-weight: 400;\">: Tudela \u2013 Gallur (39,2 km)<\/span><\/li>\n<li style=\"font-weight: 400;\" aria-level=\"1\"><b>Tappa 14<\/b><span style=\"font-weight: 400;\">: Gallur \u2013 Alag\u00f3n (21,7 km)<\/span><\/li>\n<li style=\"font-weight: 400;\" aria-level=\"1\"><b>Tappa 15<\/b><span style=\"font-weight: 400;\">: Alag\u00f3n \u2013 Saragozza (30,5 km)<\/span><\/li>\n<li style=\"font-weight: 400;\" aria-level=\"1\"><b>Tappa 16<\/b><span style=\"font-weight: 400;\">: Saragozza \u2013 Fuentes de Ebro (25,6 km)<\/span><\/li>\n<li style=\"font-weight: 400;\" aria-level=\"1\"><b>Tappa 17<\/b><span style=\"font-weight: 400;\">: Fuentes de Ebro \u2013 Venta de Santa Luc\u00eda (29,6 km)<\/span><\/li>\n<li style=\"font-weight: 400;\" aria-level=\"1\"><b>Tappa 18<\/b><span style=\"font-weight: 400;\">: Venta de Santa Luc\u00eda \u2013 Bujaraloz (21,3 km)<\/span><\/li>\n<li style=\"font-weight: 400;\" aria-level=\"1\"><b>Tappa 19<\/b><span style=\"font-weight: 400;\">: Bujaraloz \u2013 Candasnos (21 km)<\/span><\/li>\n<li style=\"font-weight: 400;\" aria-level=\"1\"><b>Tappa 20<\/b><span style=\"font-weight: 400;\">: Candasnos \u2013 Fraga (26,8 km)<\/span><\/li>\n<li style=\"font-weight: 400;\" aria-level=\"1\"><b>Tappa 21<\/b><span style=\"font-weight: 400;\">: Fraga \u2013 Lleida (31,9 km)<\/span><\/li>\n<li style=\"font-weight: 400;\" aria-level=\"1\"><b>Tappa 22<\/b><span style=\"font-weight: 400;\">: Lleida \u2013 Palau d\u2019Anglesola (25,7 km)<\/span><\/li>\n<li style=\"font-weight: 400;\" aria-level=\"1\"><b>Tappa 23<\/b><span style=\"font-weight: 400;\">: Palau d\u2019Anglesola \u2013 Verd\u00fa (24,7 km)<\/span><\/li>\n<li style=\"font-weight: 400;\" aria-level=\"1\"><b>Tappa 24<\/b><span style=\"font-weight: 400;\">: Verd\u00fa \u2013 Cervera (17 km)<\/span><\/li>\n<li style=\"font-weight: 400;\" aria-level=\"1\"><b>Tappa 25<\/b><span style=\"font-weight: 400;\">: Cervera \u2013 Igualada (38,6 km)<\/span><\/li>\n<li style=\"font-weight: 400;\" aria-level=\"1\"><b>Tappa 26<\/b><span style=\"font-weight: 400;\">: Igualada \u2013 Montserrat (27 km)<\/span><\/li>\n<li style=\"font-weight: 400;\" aria-level=\"1\"><b>Tappa 27<\/b><span style=\"font-weight: 400;\">: Montserrat \u2013 Manresa (24,6 km)<\/span><\/li>\n<\/ul>\n<p>&nbsp;<\/p>\n<p><span style=\"font-weight: 400;\">Anche se suddiviso in 27 giornate, non tutti i pellegrini percorrono l\u2019intero cammino. Alcuni scelgono tratte specifiche o combinano parti a piedi con tratti in trasporto.\u00a0<\/span><\/p>\n<p><span style=\"font-weight: 400;\">Completarlo interamente richiede circa <\/span><b>30 giorni di cammino<\/b><span style=\"font-weight: 400;\">. Diverse tappe superano i 25-30 km, con la pi\u00f9 lunga che raggiunge quasi i 40 km (tra Tudela e Gallur), il che rappresenta una sfida fisica considerevole. Per questo, \u00e8 consigliabile una preparazione fisica preventiva <\/span><b>simile a quella per qualsiasi percorso a lunga distanza<\/b><span style=\"font-weight: 400;\">: allenamenti a piedi, uso di calzature adeguate e pianificazione delle pause.\u00a0<\/span><\/p>\n<p><span style=\"font-weight: 400;\">Il percorso \u00e8 <\/span><b>ben segnalato<\/b><span style=\"font-weight: 400;\"> con le caratteristiche <\/span><b><i>frecce arancioni<\/i><\/b><span style=\"font-weight: 400;\"> dipinte su rocce e pali (a differenza delle frecce gialle del Cammino di Santiago). Inoltre, trattandosi di un sentiero GR ufficiale, troveremo anche segni bianchi e rossi di grande percorso in molti tratti.<\/span><\/p>\n<p>&nbsp;<\/p>\n<h3><b>Infrastrutture e servizi<\/b><\/h3>\n<p><span style=\"font-weight: 400;\">A differenza degli itinerari giacobei pi\u00f9 frequentati, le infrastrutture sono ancora <\/span><b>limitate in alcune zone<\/b><span style=\"font-weight: 400;\">. Ci sono alloggi disponibili nella maggior parte delle tappe (ostelli per pellegrini, case rurali, pensioni e persino conventi), ma l\u2019offerta \u00e8 ovviamente pi\u00f9 ridotta.\u00a0<\/span><\/p>\n<p><span style=\"font-weight: 400;\">In tratti isolati (ad esempio, nella steppa aragonese) pu\u00f2 esserci maggiore distanza tra i paesi con servizi, costringendo il pellegrino a pianificare bene il rifornimento di acqua e cibo ogni giorno.\u00a0<\/span><\/p>\n<p><span style=\"font-weight: 400;\">Tuttavia, anno dopo anno <\/span><b>cresce la rete di supporto<\/b><span style=\"font-weight: 400;\">: sono stati creati nuovi ostelli e punti informativi. Inoltre, le comunit\u00e0 locali sono sempre pi\u00f9 coinvolte nell\u2019accoglienza dei camminatori. I pellegrini possono far timbrare una <\/span><b>credenziale ignaziana<\/b><span style=\"font-weight: 400;\"> (passaporto simile a quello compostelano) in ogni tappa e, una volta arrivati a Manresa, possono ottenere un certificato che attesta il compimento del pellegrinaggio.<\/span><\/p>\n<p>&nbsp;<\/p>\n<h3><b>Sforzo e difficolt\u00e0\u00a0<\/b><\/h3>\n<p><span style=\"font-weight: 400;\">il profilo alterna <\/span><b>tratti pianeggianti ad altri di media montagna<\/b><span style=\"font-weight: 400;\">. Non ci sono passaggi di alta montagna estremi, ma ci sono salite rilevanti come quella a Montserrat nella penultima tappa, che richiede una buona resistenza fisica.\u00a0<\/span><\/p>\n<p><span style=\"font-weight: 400;\">Inoltre, <\/span><b>il clima varia<\/b><span style=\"font-weight: 400;\"> dalle piogge del nord della penisola al caldo secco della valle dell\u2019Ebro. Ad esempio, in estate alcune tappe in Navarra e Aragona possono superare i 35\u00b0C, rendendo consigliabile iniziare il cammino molto presto al mattino.\u00a0<\/span><\/p>\n<p><span style=\"font-weight: 400;\">La solitudine del percorso (pochissimi pellegrini al giorno) rappresenta un\u2019ulteriore sfida: \u00e8 un cammino <\/span><b>poco frequentato<\/b><span style=\"font-weight: 400;\">, ideale per chi cerca tranquillit\u00e0, ma che implica camminare a lungo senza compagnia n\u00e9 aiuti immediati.\u00a0<\/span><\/p>\n<p><span style=\"font-weight: 400;\">Attualmente solo qualche centinaio di pellegrini completa il Cammino Ignaziano ogni anno (circa <\/span><b>300-500 negli ultimi anni<\/b><span style=\"font-weight: 400;\">), rispetto alle centinaia di migliaia che percorrono quello di Santiago. Questa scarsa affluenza fa s\u00ec che ogni incontro lungo il percorso sia significativo e che il pellegrinaggio assuma un carattere pi\u00f9 introspettivo e personale.<\/span><\/p>\n<p>&nbsp;<\/p>\n<h2><b>Un allenamento fisico e spirituale per il Cammino di Santiago<\/b><\/h2>\n<p><img loading=\"lazy\" decoding=\"async\" class=\"alignnone wp-image-122835 size-full\" src=\"https:\/\/www.mundiplus.com\/wp-content\/uploads\/2025\/08\/Montserrat-Mundiplus.jpg\" alt=\"\" width=\"1024\" height=\"683\" srcset=\"https:\/\/www.mundiplus.com\/wp-content\/uploads\/2025\/08\/Montserrat-Mundiplus.jpg 1024w, https:\/\/www.mundiplus.com\/wp-content\/uploads\/2025\/08\/Montserrat-Mundiplus-300x200.jpg 300w, https:\/\/www.mundiplus.com\/wp-content\/uploads\/2025\/08\/Montserrat-Mundiplus-768x512.jpg 768w, https:\/\/www.mundiplus.com\/wp-content\/uploads\/2025\/08\/Montserrat-Mundiplus-600x400.jpg 600w\" sizes=\"(max-width: 1024px) 100vw, 1024px\" \/><\/p>\n<p><span style=\"font-weight: 400;\">Percorrere il Cammino Ignaziano \u00e8, sotto molti aspetti, un eccellente allenamento per chi pianifica in seguito di arrivare fino alla Cattedrale di Santiago.\u00a0<\/span><\/p>\n<p><span style=\"font-weight: 400;\">Innanzitutto, dal punto di vista fisico, entrambi sono percorsi di lunga distanza che <\/span><b>richiedono resistenza<\/b><span style=\"font-weight: 400;\">. Se un pellegrino riesce a completare i circa 650 km da Loyola a Manresa, sar\u00e0 pi\u00f9 che preparato ad affrontare gli ~800 km del Cammino francese verso Santiago o qualsiasi altro percorso pi\u00f9 breve.<\/span><\/p>\n<p><span style=\"font-weight: 400;\">Durante questo pellegrinaggio si acquisisce <\/span><b>esperienza pratica<\/b><span style=\"font-weight: 400;\">: stabilire un ritmo di cammino quotidiano, abituarsi a portare lo zaino, gestire vesciche o piccoli infortuni e comprendere l&#8217;importanza di una buona idratazione e alimentazione durante la giornata. Tutta questa <\/span><i><span style=\"font-weight: 400;\">curva di apprendimento<\/span><\/i><span style=\"font-weight: 400;\"> sar\u00e0 preziosissima nell&#8217;affrontare successivamente tappe pi\u00f9 impegnative, permettendo di evitare errori da principiante.<\/span><\/p>\n<p><span style=\"font-weight: 400;\">Oltre alla preparazione fisica, offre una <\/span><b>preparazione mentale e spirituale<\/b><span style=\"font-weight: 400;\"> eccezionale. Questo percorso \u00e8 concepito come una <\/span><b>via di introspezione<\/b><span style=\"font-weight: 400;\">: molti pellegrini lo vivono come un ritiro spirituale in movimento, grazie ai riferimenti ignaziani e alle proposte di meditazione che lo accompagnano.<\/span><\/p>\n<p><span style=\"font-weight: 400;\">Camminando praticamente in solitudine per giorni, si impara a gestire i propri pensieri, a superare momenti di calo d&#8217;umore e a trovare motivazione interiore per proseguire. Sviluppare questa forza mentale \u00e8 fondamentale per il successo nel Cammino di Santiago. Sebbene qui ci sia pi\u00f9 compagnia, emergono comunque momenti di stanchezza o dubbio in cui la determinazione personale gioca un ruolo importante.<\/span><\/p>\n<p><span style=\"font-weight: 400;\">Allo stesso modo, chi ha affrontato la logistica pi\u00f9 complessa del Cammino Ignaziano (con meno segnaletica e servizi) si sentir\u00e0 molto a suo agio su un percorso jacobeo dove praticamente ogni paese offre alloggio e ogni incrocio \u00e8 segnalato.<\/span><\/p>\n<p>&nbsp;<\/p>\n<h2><b>Confronto con le principali rotte del Cammino di Santiago<\/b><\/h2>\n<p><span style=\"font-weight: 400;\">Il Cammino di Santiago conta su <\/span><b>molteplici rotte<\/b><span style=\"font-weight: 400;\"> ufficiali, ognuna con caratteristiche proprie. Di seguito le confrontiamo brevemente con alcune delle rotte jacobee pi\u00f9 conosciute, evidenziando somiglianze e differenze:<\/span><\/p>\n<p>&nbsp;<\/p>\n<ul>\n<li style=\"font-weight: 400;\" aria-level=\"1\"><b>Cammino Francese<\/b><span style=\"font-weight: 400;\">: \u00e8 la rotta jacobea pi\u00f9 popolare, con circa 780 km da Saint-Jean-Pied-de-Port (Francia) a Santiago de Compostela. In questo caso:<\/span><\/li>\n<\/ul>\n<p>&nbsp;<\/p>\n<ul>\n<li style=\"list-style-type: none;\">\n<ul>\n<li style=\"font-weight: 400;\" aria-level=\"2\"><span style=\"font-weight: 400;\">Ospita migliaia di pellegrini contemporaneamente in alta stagione, quindi <\/span><b>non sarai mai solo<\/b><span style=\"font-weight: 400;\">.<\/span><\/li>\n<\/ul>\n<\/li>\n<\/ul>\n<p>&nbsp;<\/p>\n<ul>\n<li style=\"list-style-type: none;\">\n<ul>\n<li style=\"font-weight: 400;\" aria-level=\"2\"><span style=\"font-weight: 400;\">Dispone di <\/span><b>infrastrutture molto sviluppate<\/b><span style=\"font-weight: 400;\">: alloggi quasi in ogni paese, bar e negozi frequenti, e segnaletica abbondante con frecce gialle.<\/span><\/li>\n<\/ul>\n<\/li>\n<\/ul>\n<p>&nbsp;<\/p>\n<p>&nbsp;<\/p>\n<ul>\n<li style=\"list-style-type: none;\">\n<ul>\n<li style=\"font-weight: 400;\" aria-level=\"2\"><span style=\"font-weight: 400;\">Il profilo <\/span><b>combina montagne<\/b><span style=\"font-weight: 400;\"> (i Pirenei all&#8217;inizio, O Cebreiro verso la fine) con<\/span><b> lunghe zone pianeggianti<\/b><span style=\"font-weight: 400;\"> (la Meseta centrale).<\/span><\/li>\n<\/ul>\n<\/li>\n<\/ul>\n<p>&nbsp;<\/p>\n<ul>\n<li style=\"list-style-type: none;\">\n<ul>\n<li style=\"font-weight: 400;\" aria-level=\"2\"><span style=\"font-weight: 400;\">La <\/span><b>ricchezza culturale<\/b><span style=\"font-weight: 400;\"> \u00e8 diversa: mentre l&#8217;Ignaziano si concentra sulla figura di San Ignazio, questo percorso attraversa tappe medievali della tradizione jacobea (monasteri, cattedrali, borghi monumentali).<\/span><\/li>\n<\/ul>\n<\/li>\n<\/ul>\n<p>&nbsp;<\/p>\n<ul>\n<li style=\"list-style-type: none;\">\n<ul>\n<li style=\"font-weight: 400;\" aria-level=\"2\"><span style=\"font-weight: 400;\">Entrambe le rotte condividono l&#8217;impegno fisico di camminare circa <\/span><b>25-30 km al giorno<\/b><span style=\"font-weight: 400;\">. Non in modo rigido, il Cammino Francese \u00e8 pi\u00f9 facile da adattare grazie alla moltitudine di opzioni di sosta.<\/span><\/li>\n<\/ul>\n<\/li>\n<\/ul>\n<p>&nbsp;<\/p>\n<ul>\n<li style=\"font-weight: 400;\" aria-level=\"1\"><b>Cammino del Nord<\/b><span style=\"font-weight: 400;\"> (percorso costiero): a differenza dell&#8217;entroterra peninsulare che attraversa Ignacio, il sentiero segue la costa cantabrica con paesaggi marini.<\/span><\/li>\n<\/ul>\n<p>&nbsp;<\/p>\n<p><span style=\"font-weight: 400;\">Un esempio di questo percorso \u00e8 il <\/span><a href=\"https:\/\/www.mundiplus.com\/it\/caminos\/a-pie\/camino-norte\/camino-de-santiago-desde-santander\/\"><b>Cammino del Nord da Santander a Gij\u00f3n<\/b><\/a><span style=\"font-weight: 400;\">, un tratto di circa 200 km che costeggia spiagge e scogliere del Cantabrico. Questa alternativa presenta <\/span><b>tappe di difficolt\u00e0 moderata<\/b><span style=\"font-weight: 400;\"> con continui saliscendi, passando per localit\u00e0 turistiche come Santillana del Mar, Llanes o Ribadesella.<\/span><\/p>\n<p>&nbsp;<\/p>\n<ul>\n<li style=\"font-weight: 400;\" aria-level=\"2\"><span style=\"font-weight: 400;\">Per quanto riguarda l&#8217;affluenza, \u00e8 meno trafficato del Francese, ma comunque decisamente <\/span><b>pi\u00f9 del Ignaziano<\/b><span style=\"font-weight: 400;\">: incontrerai pellegrini regolarmente, anche se in numero inferiore rispetto al percorso principale.<\/span><\/li>\n<\/ul>\n<p>&nbsp;<\/p>\n<ul>\n<li style=\"font-weight: 400;\" aria-level=\"2\"><span style=\"font-weight: 400;\">Le <\/span><b>infrastrutture sono buone in generale<\/b><span style=\"font-weight: 400;\">, ma con meno servizi di alloggio rispetto al Cammino Francese e con alcuni tratti rurali.<\/span><\/li>\n<\/ul>\n<p>&nbsp;<\/p>\n<ul>\n<li style=\"font-weight: 400;\" aria-level=\"1\"><b>Cammino Portoghese<\/b><span style=\"font-weight: 400;\"> (variante costiera): il percorso tradizionale va da Porto a Santiago, potendo scegliere tra il percorso interno o quello costiero. L&#8217;opzione costiera \u00e8 molto apprezzata per le sue viste sull&#8217;Atlantico.<\/span><\/li>\n<\/ul>\n<p>&nbsp;<\/p>\n<p><span style=\"font-weight: 400;\">Ad esempio, il <\/span><a href=\"https:\/\/www.mundiplus.com\/it\/caminos\/strada-da-porto-a-a-guarda\/\"><b>Cammino di Santiago portoghese da Porto a A Guarda<\/b><\/a><span style=\"font-weight: 400;\"> percorre la costa del Portogallo verso la Galizia. Sono circa 160-180 km dalla citt\u00e0 di <\/span><b>Porto<\/b><span style=\"font-weight: 400;\"> fino al confine a <\/span><b>A Guarda<\/b><span style=\"font-weight: 400;\"> (Galizia), passando per localit\u00e0 di pescatori e balneari come Viana do Castelo e Caminha.<\/span><\/p>\n<p>&nbsp;<\/p>\n<ul>\n<li style=\"font-weight: 400;\" aria-level=\"2\"><span style=\"font-weight: 400;\">Questo tratto si caratterizza per <\/span><b>sentieri litoranei pianeggianti e brezza marina<\/b><span style=\"font-weight: 400;\">, rendendo un percorso fisicamente <\/span><b>pi\u00f9 agevole rispetto a molte tappe montuose<\/b><span style=\"font-weight: 400;\"> del Cammino Ignaziano.<\/span><\/li>\n<\/ul>\n<p>&nbsp;<\/p>\n<ul>\n<li style=\"font-weight: 400;\" aria-level=\"2\"><span style=\"font-weight: 400;\">L&#8217;offerta di alloggi e la segnaletica <\/span><b>sono molto migliorate<\/b><span style=\"font-weight: 400;\"> negli ultimi anni grazie all\u2019aumento dei pellegrini, specialmente dopo la pandemia.<\/span><\/li>\n<\/ul>\n<p>&nbsp;<\/p>\n<ul>\n<li style=\"font-weight: 400;\" aria-level=\"2\"><span style=\"font-weight: 400;\">L\u2019<\/span><b>esperienza sociale<\/b><span style=\"font-weight: 400;\"> \u00e8 tranquilla, simile all&#8217;esempio precedente per numero di camminatori, e si gode dell\u2019ospitalit\u00e0 portoghese nei paesi.<\/span><\/li>\n<\/ul>\n<p>&nbsp;<\/p>\n<ul>\n<li style=\"font-weight: 400;\" aria-level=\"1\"><span style=\"font-weight: 400;\">La maggior parte dei pellegrini continua dal confine fino a Santiago lungo la costa galiziana. Il <\/span><a href=\"https:\/\/www.mundiplus.com\/it\/caminos\/a-pie\/camino-portugues-costa\/camino-de-santiago-desde-a-guarda\/\"><b>Cammino da A Guarda a Santiago de Compostela<\/b><\/a><span style=\"font-weight: 400;\"> corrisponde all\u2019ultima parte di questo percorso. Da qui si percorrono circa <\/span><b>150 km<\/b><span style=\"font-weight: 400;\"> fino a Santiago, normalmente in 6 o 7 tappe. Attraversa localit\u00e0 come Baiona, Vigo, Pontevedra e Redondela (dove si unisce al Cammino Portoghese centrale), prima di dirigersi verso Compostela.<\/span><\/li>\n<\/ul>\n<p>&nbsp;<\/p>\n<ul>\n<li style=\"list-style-type: none;\">\n<ul>\n<li style=\"font-weight: 400;\" aria-level=\"2\"><span style=\"font-weight: 400;\">Questo tratto finale combina <\/span><b>tratti costieri<\/b><span style=\"font-weight: 400;\"> con l\u2019accesso al verde paesaggio interno della Galizia.<\/span><\/li>\n<\/ul>\n<\/li>\n<\/ul>\n<p>&nbsp;<\/p>\n<ul>\n<li style=\"list-style-type: none;\">\n<ul>\n<li style=\"font-weight: 400;\" aria-level=\"2\"><span style=\"font-weight: 400;\">Rispetto alla fine del Cammino Ignaziano, questo percorso offre <\/span><b>pi\u00f9 servizi e compagnia<\/b><span style=\"font-weight: 400;\">. Essendo gli ultimi 100+ km fino alla meta, solitamente si registra un aumento di pellegrini che si uniscono per ottenere la <\/span><b>Compostela<\/b><span style=\"font-weight: 400;\">, rendendo i sentieri animati.<\/span><\/li>\n<\/ul>\n<\/li>\n<\/ul>\n<p>&nbsp;<\/p>\n<ul>\n<li style=\"list-style-type: none;\">\n<ul>\n<li style=\"font-weight: 400;\" aria-level=\"2\"><span style=\"font-weight: 400;\">Tuttavia, rimane <\/span><b>meno affollato<\/b><span style=\"font-weight: 400;\"> rispetto al Cammino Francese.<\/span><\/li>\n<\/ul>\n<\/li>\n<\/ul>\n<p>&nbsp;<\/p>\n<p><i><span style=\"font-weight: 400;\">(Vale la pena menzionare che esistono altri importanti percorsi giacobini, come il Cammino Primitivo da Oviedo o la Via de la Plata da Siviglia, tra gli altri. Ognuno ha una propria identit\u00e0, ma abbiamo evidenziato i pi\u00f9 popolari per il confronto con l\u2019esperienza ignaziana.)<\/span><\/i><\/p>\n<p>&nbsp;<\/p>\n<h3><b>\u00c8 possibile farlo al contrario? Connessioni con il Cammino di Santiago<\/b><\/h3>\n<p><span style=\"font-weight: 400;\">S\u00ec, <\/span><b>certo che pu\u00f2 essere fatto in senso inverso<\/b><span style=\"font-weight: 400;\">, da Manresa a Loyola. Anche se non \u00e8 il percorso ufficiale, alcuni pellegrini scelgono questa opzione per unire la spiritualit\u00e0 ignaziana con il loro ingresso successivo in qualche percorso giacobino. Al termine nel Paese Basco, ci sono diverse opzioni per connettersi con il Cammino di Santiago.<\/span><\/p>\n<p><span style=\"font-weight: 400;\">Da Loyola (Azpeitia), puoi collegarti al <\/span><b>Cammino del Nord<\/b><span style=\"font-weight: 400;\"> tramite citt\u00e0 vicine come Zarautz o Deba. In questo modo, puoi integrarti nella costa cantabrica in direzione Santiago.<\/span><\/p>\n<p><span style=\"font-weight: 400;\">Tuttavia, anche seguendo il senso abituale, \u00e8 possibile collegarsi con il percorso francese durante il tragitto. Esistono connessioni naturali in due punti chiave:<\/span><\/p>\n<p>&nbsp;<\/p>\n<ul>\n<li style=\"font-weight: 400;\" aria-level=\"1\"><b>In Navarra<\/b><span style=\"font-weight: 400;\">: All\u2019altezza di <\/span><b>Tudela<\/b><span style=\"font-weight: 400;\"> entrambi i cammini sono quasi tangenti.<\/span><\/li>\n<\/ul>\n<p>&nbsp;<\/p>\n<ul>\n<li style=\"font-weight: 400;\" aria-level=\"1\"><b>In La Rioja:<\/b><span style=\"font-weight: 400;\"> Entrambi i percorsi passano per la capitale della Rioja.<\/span><\/li>\n<\/ul>\n<p>&nbsp;<\/p>\n<p><span style=\"font-weight: 400;\">Entrambe le esperienze offrono due forme complementari di pellegrinaggio. Lontano dall\u2019essere esclusive, possono <\/span><b>essere vissute come tappe successive<\/b><span style=\"font-weight: 400;\"> dello stesso cammino personale.<\/span><\/p>\n<p><span style=\"font-weight: 400;\">Il Cammino Ignaziano funziona quasi come un \u201c<\/span><b>allenamento da pellegrino<\/b><span style=\"font-weight: 400;\">\u201d. Chi ha completato il tragitto da Loyola a Manresa affronta solitamente con maggiore fiducia il percorso verso Compostela, apprezzando la vasta infrastruttura giacobina (alloggio, segnaletica costante e anche l\u2019opzione di supporto logistico tramite qualche <\/span><a href=\"https:\/\/www.mundiplus.com\/it\/\"><b>agenzia Camino de Santiago<\/b><\/a><span style=\"font-weight: 400;\"> specializzata se lo desidera).<\/span><\/p>\n<p><span style=\"font-weight: 400;\">Ma al di l\u00e0 della preparazione fisica, il valore principale \u00e8 nella <\/span><b>trasformazione interiore<\/b><span style=\"font-weight: 400;\">: il silenzio e la riflessione dei passi di San Ignazio preparano il pellegrino a vivere il Cammino di Santiago con un atteggiamento pi\u00f9 ricettivo, umile e aperto agli insegnamenti del viaggio.<\/span><\/p>\n<p><span style=\"font-weight: 400;\">Che tu cerchi una <\/span><b>sfida personale<\/b><span style=\"font-weight: 400;\"> o voglia rafforzare il tuo spirito prima di unirti alla moltitudine di pellegrini verso Santiago, considerare il Cammino Ignaziano come un prologo \u00e8 un\u2019idea molto consigliata. Entrambi i percorsi offrono esperienze uniche e complementari che ti formeranno come pellegrino e ti regaleranno ricordi indelebili nel corpo e nell\u2019anima. <\/span><b>Forza Ignazio<\/b><span style=\"font-weight: 400;\">!<\/span><\/p>\n","protected":false},"excerpt":{"rendered":"<p>L\u2019esperienza del pellegrinaggio in Spagna non si limita al famoso Cammino di Santiago. Esiste un altro percorso di grande valore storico e spirituale: il Cammino Ignaziano. In questa guida, esploreremo come percorrerlo possa rappresentare un\u2019eccellente preparazione per affrontare successivamente la grande esperienza di arrivare alla Cattedrale di Santiago.\u00a0 Analizzeremo la sua origine e la sua [&hellip;]<\/p>\n","protected":false},"author":1,"featured_media":122833,"comment_status":"open","ping_status":"open","sticky":false,"template":"","format":"standard","meta":{"footnotes":""},"categories":[573,577,585],"tags":[],"class_list":["post-122872","post","type-post","status-publish","format-standard","has-post-thumbnail","hentry","category-blog-del-cammino","category-cammino-a-piedi","category-storia"],"_links":{"self":[{"href":"https:\/\/www.mundiplus.com\/it\/wp-json\/wp\/v2\/posts\/122872","targetHints":{"allow":["GET"]}}],"collection":[{"href":"https:\/\/www.mundiplus.com\/it\/wp-json\/wp\/v2\/posts"}],"about":[{"href":"https:\/\/www.mundiplus.com\/it\/wp-json\/wp\/v2\/types\/post"}],"author":[{"embeddable":true,"href":"https:\/\/www.mundiplus.com\/it\/wp-json\/wp\/v2\/users\/1"}],"replies":[{"embeddable":true,"href":"https:\/\/www.mundiplus.com\/it\/wp-json\/wp\/v2\/comments?post=122872"}],"version-history":[{"count":2,"href":"https:\/\/www.mundiplus.com\/it\/wp-json\/wp\/v2\/posts\/122872\/revisions"}],"predecessor-version":[{"id":122906,"href":"https:\/\/www.mundiplus.com\/it\/wp-json\/wp\/v2\/posts\/122872\/revisions\/122906"}],"wp:featuredmedia":[{"embeddable":true,"href":"https:\/\/www.mundiplus.com\/it\/wp-json\/wp\/v2\/media\/122833"}],"wp:attachment":[{"href":"https:\/\/www.mundiplus.com\/it\/wp-json\/wp\/v2\/media?parent=122872"}],"wp:term":[{"taxonomy":"category","embeddable":true,"href":"https:\/\/www.mundiplus.com\/it\/wp-json\/wp\/v2\/categories?post=122872"},{"taxonomy":"post_tag","embeddable":true,"href":"https:\/\/www.mundiplus.com\/it\/wp-json\/wp\/v2\/tags?post=122872"}],"curies":[{"name":"wp","href":"https:\/\/api.w.org\/{rel}","templated":true}]}}