{"id":123972,"date":"2025-09-22T18:55:10","date_gmt":"2025-09-22T18:55:10","guid":{"rendered":"https:\/\/www.mundiplus.com\/?p=123972"},"modified":"2025-10-14T14:45:45","modified_gmt":"2025-10-14T14:45:45","slug":"perche-percorrere-il-cammino-di-santiago-in-autunno","status":"publish","type":"post","link":"https:\/\/www.mundiplus.com\/it\/perche-percorrere-il-cammino-di-santiago-in-autunno\/","title":{"rendered":"Perch\u00e9 percorrere il Cammino di Santiago in autunno?"},"content":{"rendered":"<p><img fetchpriority=\"high\" decoding=\"async\" class=\"alignnone wp-image-118987 size-full\" src=\"https:\/\/www.mundiplus.com\/wp-content\/uploads\/2025\/04\/Blog-Mundiplus.png\" alt=\"\" width=\"1023\" height=\"539\" srcset=\"https:\/\/www.mundiplus.com\/wp-content\/uploads\/2025\/04\/Blog-Mundiplus.png 1023w, https:\/\/www.mundiplus.com\/wp-content\/uploads\/2025\/04\/Blog-Mundiplus-300x158.png 300w, https:\/\/www.mundiplus.com\/wp-content\/uploads\/2025\/04\/Blog-Mundiplus-768x405.png 768w, https:\/\/www.mundiplus.com\/wp-content\/uploads\/2025\/04\/Blog-Mundiplus-600x316.png 600w\" sizes=\"(max-width: 1023px) 100vw, 1023px\" \/><\/p>\n<p><span style=\"font-weight: 400;\">Il Cammino di Santiago \u00e8 un&#8217;esperienza che migliaia di pellegrini vivono ogni anno alla ricerca di avventura, spiritualit\u00e0 o semplicemente di un momento di disconnessione. <\/span><\/p>\n<p><span style=\"font-weight: 400;\">Sebbene la primavera e l&#8217;estate siano solitamente le stagioni pi\u00f9 popolari per intraprendere il cammino, <\/span><b>sempre pi\u00f9 pellegrini scoprono i vantaggi di farlo in autunno<\/b><span style=\"font-weight: 400;\">. Colori unici, minore affollamento e un clima pi\u00f9 mite fanno di questi mesi un periodo privilegiato per percorrere i sentieri jacobei.<\/span><\/p>\n<p><span style=\"font-weight: 400;\">Se preferisci avere una pianificazione pi\u00f9 definita \u2014specialmente durante i ponti o le festivit\u00e0\u2014, alcune persone scelgono di coordinarlo con <\/span><a href=\"https:\/\/www.mundiplus.com\/it\/\"><b>agenzie Camino de Santiago<\/b><\/a><span style=\"font-weight: 400;\"> di fiducia. Qualunque sia il tuo stile, pianificazione libera o con l&#8217;aiuto di qualcuno, questa stagione ti regaler\u00e0 giornate perfette per camminare.<\/span><\/p>\n<p><span style=\"font-weight: 400;\">In questo articolo esploreremo<\/span><b> perch\u00e9 l&#8217;autunno \u00e8 il momento ideale per fare il Cammino<\/b><span style=\"font-weight: 400;\">, come vengono vissute le principali rotte in questa stagione e consigli pratici per goderselo al massimo.<\/span><\/p>\n<p>&nbsp;<\/p>\n<h2><b>Il fascino del Cammino di Santiago in autunno<\/b><\/h2>\n<p><img decoding=\"async\" class=\"alignnone wp-image-123927 size-full\" src=\"https:\/\/www.mundiplus.com\/wp-content\/uploads\/2025\/09\/Por-que-hacer-el-Camino-de-Santiago-en-otono-Mundiplus.jpg\" alt=\"\" width=\"1000\" height=\"668\" srcset=\"https:\/\/www.mundiplus.com\/wp-content\/uploads\/2025\/09\/Por-que-hacer-el-Camino-de-Santiago-en-otono-Mundiplus.jpg 1000w, https:\/\/www.mundiplus.com\/wp-content\/uploads\/2025\/09\/Por-que-hacer-el-Camino-de-Santiago-en-otono-Mundiplus-300x200.jpg 300w, https:\/\/www.mundiplus.com\/wp-content\/uploads\/2025\/09\/Por-que-hacer-el-Camino-de-Santiago-en-otono-Mundiplus-768x513.jpg 768w, https:\/\/www.mundiplus.com\/wp-content\/uploads\/2025\/09\/Por-que-hacer-el-Camino-de-Santiago-en-otono-Mundiplus-600x401.jpg 600w\" sizes=\"(max-width: 1000px) 100vw, 1000px\" \/><\/p>\n<p><span style=\"font-weight: 400;\">L&#8217;autunno trasforma il Cammino in uno spettacolo di contrasti. I boschi di querce, castagni e faggi mostrano una <\/span><b>palette di colori caldi<\/b><span style=\"font-weight: 400;\"> che accompagna il pellegrino chilometro dopo chilometro. Vigneti in vendemmia, prati ricoperti di rugiada e nebbie morbide all&#8217;alba creano un&#8217;atmosfera intima e molto fotogenica.<\/span><\/p>\n<p><span style=\"font-weight: 400;\">Inoltre, la <\/span><b>riduzione del numero di pellegrini<\/b><span style=\"font-weight: 400;\"> rispetto a luglio e agosto rende il cammino uno spazio di calma. Le conversazioni con altri pellegrini sorgono in modo pi\u00f9 spontaneo e autentico, e gli ostelli recuperano un ritmo pi\u00f9 tranquillo che favorisce il riposo e la convivenza.<\/span><\/p>\n<p><span style=\"font-weight: 400;\">Il clima gioca a favore: <\/span><b>temperature miti<\/b><span style=\"font-weight: 400;\"> e meno afa rispetto all&#8217;estate. \u00c8 vero che aumentano le probabilit\u00e0 di pioggia, soprattutto nel nord, ma quella stessa umidit\u00e0 ravviva il verde dei paesaggi e rinfresca l&#8217;ambiente. Con una buona giacca impermeabile, questi giorni si godono anche sotto una pioggia leggera.<\/span><\/p>\n<p>&nbsp;<\/p>\n<h2><b>Vantaggi di fare il pellegrinaggio in autunno<\/b><\/h2>\n<p><img decoding=\"async\" class=\"alignnone wp-image-123933 size-full\" src=\"https:\/\/www.mundiplus.com\/wp-content\/uploads\/2025\/09\/Motivos-para-hacer-el-Camino-de-Santiago-en-otono.jpg\" alt=\"\" width=\"1000\" height=\"667\" srcset=\"https:\/\/www.mundiplus.com\/wp-content\/uploads\/2025\/09\/Motivos-para-hacer-el-Camino-de-Santiago-en-otono.jpg 1000w, https:\/\/www.mundiplus.com\/wp-content\/uploads\/2025\/09\/Motivos-para-hacer-el-Camino-de-Santiago-en-otono-300x200.jpg 300w, https:\/\/www.mundiplus.com\/wp-content\/uploads\/2025\/09\/Motivos-para-hacer-el-Camino-de-Santiago-en-otono-768x512.jpg 768w, https:\/\/www.mundiplus.com\/wp-content\/uploads\/2025\/09\/Motivos-para-hacer-el-Camino-de-Santiago-en-otono-600x400.jpg 600w\" sizes=\"(max-width: 1000px) 100vw, 1000px\" \/><\/p>\n<ul>\n<li aria-level=\"1\"><b>Maggiore disponibilit\u00e0 di alloggi e servizi<\/b><span style=\"font-weight: 400;\">. Con meno affluenza, trovare un posto letto \u00e8 pi\u00f9 facile e puoi permetterti di essere un po&#8217; pi\u00f9 flessibile con le tappe. Durante i fine settimana lunghi o le festivit\u00e0 locali \u00e8 consigliato prenotare, ma la pressione diminuisce notevolmente rispetto all&#8217;alta stagione.<\/span><\/li>\n<\/ul>\n<p>&nbsp;<\/p>\n<ul>\n<li aria-level=\"1\"><b>Passeggiate pi\u00f9 comode<\/b><span style=\"font-weight: 400;\">. A settembre, ottobre e novembre le temperature medie sono solitamente nel range &#8220;piacevole&#8221; per camminare. Questo aiuta a mantenere un ritmo costante e a terminare la tappa con sensazioni fisiche migliori.<\/span><\/li>\n<\/ul>\n<p>&nbsp;<\/p>\n<ul>\n<li aria-level=\"1\"><b>Cultura e feste locali<\/b><span style=\"font-weight: 400;\">. In autunno coincidono le vendemmie, i magosti di castagne, le fiere gastronomiche e le celebrazioni patronali. Integrarsi nella vita locale aggiunge valore al viaggio e moltiplica i ricordi: musica nelle piazze, prodotti artigianali, cucina stagionale\u2026<\/span><\/li>\n<\/ul>\n<p>&nbsp;<\/p>\n<ul>\n<li aria-level=\"1\"><b>Gastronomia che consola<\/b><span style=\"font-weight: 400;\">. Funghi, brodi, stufati, castagne arrostite e vini giovani. La cucina autunnale d\u00e0 energia e calore dopo la tappa. Inoltre, il minor numero di visitatori permette di godersi con calma i bar e le taverne.<\/span><\/li>\n<\/ul>\n<p>&nbsp;<\/p>\n<h2><b>Le diverse rotte del Cammino di Santiago in autunno<\/b><\/h2>\n<p><span style=\"font-weight: 400;\">Ogni percorso ha il suo carattere e questa stagione si percepisce chiaramente. Di seguito, esaminiamo i pi\u00f9 popolari, collegando i loro paesaggi con i vantaggi della stagione.<\/span><\/p>\n<p>&nbsp;<\/p>\n<h3><b>Cammino Francese<\/b><\/h3>\n<p><span style=\"font-weight: 400;\">Il percorso pi\u00f9 conosciuto e con la migliore infrastruttura durante tutto l&#8217;anno. In autunno, il Cammino Francese si &#8220;ralenta&#8221;: gli ostelli si riempiono meno, i paesi sono pi\u00f9 tranquilli e le conversazioni si allungano.<\/span><\/p>\n<ul>\n<li style=\"font-weight: 400;\" aria-level=\"1\"><b>Paesaggio e clima<\/b><span style=\"font-weight: 400;\">: vigneti della Rioja e del Bierzo in vendemmia, altipiani dorati in Castiglia e boschi umidi in Galizia. Temperature miti di giorno e fresche al tramonto.<\/span><\/li>\n<\/ul>\n<p>&nbsp;<\/p>\n<ul>\n<li style=\"font-weight: 400;\" aria-level=\"1\"><b>Affluenza e infrastrutture<\/b><span style=\"font-weight: 400;\">: eccellente rete di servizi aperti; minore affollamento rispetto all&#8217;estate, il che facilita l&#8217;improvvisazione di una tappa pi\u00f9 breve o di allungarla se ci si sente in forma.<\/span><\/li>\n<\/ul>\n<p>&nbsp;<\/p>\n<ul>\n<li style=\"font-weight: 400;\" aria-level=\"1\"><b>Gastronomia stagionale<\/b><span style=\"font-weight: 400;\">: vini giovani, funghi e piatti da cucchiaio che riscaldano dopo lunghe giornate.<\/span><\/li>\n<\/ul>\n<p>&nbsp;<\/p>\n<h3><b>Cammino del Nord<\/b><\/h3>\n<p><span style=\"font-weight: 400;\">Percorso costiero di grande bellezza, con scogliere, spiagge e montagne che si affacciano sul Cantabrico. Questi mesi sono particolarmente favorevoli, anche se bisogna accettare il suo clima variabile.<\/span><\/p>\n<ul>\n<li style=\"font-weight: 400;\" aria-level=\"1\"><b>Paesaggio e clima<\/b><span style=\"font-weight: 400;\">: cieli pi\u00f9 drammatici, nebbie mattutine e verde intenso. Temperature miti, ma con piogge pi\u00f9 frequenti rispetto all&#8217;interno.<\/span><\/li>\n<\/ul>\n<p>&nbsp;<\/p>\n<ul>\n<li style=\"font-weight: 400;\" aria-level=\"1\"><b>Affluenza e infrastrutture<\/b><span style=\"font-weight: 400;\">: meno gente rispetto all&#8217;estate; paesi e citt\u00e0 costiere pi\u00f9 vivibili, con una buona offerta di alloggi.<\/span><\/li>\n<\/ul>\n<p>&nbsp;<\/p>\n<ul>\n<li style=\"font-weight: 400;\" aria-level=\"1\"><b>Tratto consigliato<\/b><span style=\"font-weight: 400;\">: se cerchi un&#8217;esperienza costiera pi\u00f9 breve e tranquilla, il <\/span><a href=\"https:\/\/www.mundiplus.com\/it\/caminos\/a-pie\/camino-norte\/camino-de-santiago-desde-santander\/\"><b>Cammino di Santiago Santander Gij\u00f3n<\/b><\/a><span style=\"font-weight: 400;\"> concentra l&#8217;essenza marina, buone viste e servizi sufficienti in autunno.<\/span><\/li>\n<\/ul>\n<p>&nbsp;<\/p>\n<ul>\n<li style=\"font-weight: 400;\" aria-level=\"1\"><b>Gastronomia<\/b><span style=\"font-weight: 400;\">: pesce e frutti di mare freschi, sidro e piatti caldi che sono una meraviglia dopo la pioggia.<\/span><\/li>\n<\/ul>\n<p>&nbsp;<\/p>\n<h3><b>Cammino Portoghese<\/b><\/h3>\n<p><span style=\"font-weight: 400;\">Ha guadagnato popolarit\u00e0 per il suo equilibrio tra natura, patrimonio e servizi. Offre varianti interne e costiere, entrambe molto piacevoli in autunno.<\/span><\/p>\n<ul>\n<li style=\"font-weight: 400;\" aria-level=\"1\"><b>Paisaggio e clima<\/b><span style=\"font-weight: 400;\">: boschi e valli sempre verdi, con tonalit\u00e0 dorate al cadere delle foglie; temperature miti e un ambiente umido che rende la camminata molto piacevole.<\/span><\/li>\n<\/ul>\n<p>&nbsp;<\/p>\n<ul>\n<li style=\"font-weight: 400;\" aria-level=\"1\"><b>Afluenza e infrastrutture<\/b><span style=\"font-weight: 400;\">: meno affollamento rispetto ad agosto; localit\u00e0 accoglienti e ben preparate per i pellegrini.<\/span><\/li>\n<\/ul>\n<p>&nbsp;<\/p>\n<ul>\n<li style=\"font-weight: 400;\" aria-level=\"1\"><b>Varianti consigliate<\/b><span style=\"font-weight: 400;\">:<\/span>\n<ul>\n<li style=\"font-weight: 400;\" aria-level=\"2\"><span style=\"font-weight: 400;\">Il <\/span><a href=\"https:\/\/www.mundiplus.com\/it\/caminos\/strada-da-porto-a-a-guarda\/\"><b>Cammino di Santiago Portoghese da Oporto a A Guarda<\/b><\/a><span style=\"font-weight: 400;\"> \u00e8 un&#8217;alternativa tranquilla, ideale se cerchi un equilibrio tra mare e zone verdi, con meno afflusso di camminatori.<\/span><\/li>\n<\/ul>\n<\/li>\n<\/ul>\n<p>&nbsp;<\/p>\n<ul>\n<li style=\"list-style-type: none;\">\n<ul>\n<li style=\"font-weight: 400;\" aria-level=\"2\"><span style=\"font-weight: 400;\">Il <\/span><a href=\"https:\/\/www.mundiplus.com\/it\/caminos\/a-pie\/camino-portugues-costa\/camino-de-santiago-desde-a-guarda\/\"><b>Cammino da A Guarda a Santiago de Compostela<\/b><\/a><span style=\"font-weight: 400;\"> offre un carattere marittimo, fari, passeggiate lungo l&#8217;Atlantico e cucina atlantica (pesce, frutti di mare).<\/span><\/li>\n<\/ul>\n<\/li>\n<\/ul>\n<p>&nbsp;<\/p>\n<ul>\n<li style=\"font-weight: 400;\" aria-level=\"1\"><b>Gastronomia<\/b><span style=\"font-weight: 400;\">: zuppe, baccal\u00e0, vini verdi, empanadas e frutti di mare all&#8217;arrivo in Galizia.<\/span><\/li>\n<\/ul>\n<p>&nbsp;<\/p>\n<h3><b>Cammino Primitivo<\/b><\/h3>\n<p><span style=\"font-weight: 400;\">Montuoso, impegnativo e molto autentico. Settembre, ottobre e novembre brillano per la loro tranquillit\u00e0 e paesaggi.<\/span><\/p>\n<ul>\n<li style=\"font-weight: 400;\" aria-level=\"1\"><b>Paisaggio e clima<\/b><span style=\"font-weight: 400;\">: nebbie mattutine che si aprono su valli, faggi dai toni rossastri e fiumi con un flusso vivo. Temperature fresche; pioggia possibile, quindi \u00e8 necessario un buon paio di scarpe e un impermeabile.<\/span><\/li>\n<\/ul>\n<p>&nbsp;<\/p>\n<ul>\n<li style=\"font-weight: 400;\" aria-level=\"1\"><b>Afluenza e infrastrutture<\/b><span style=\"font-weight: 400;\">: meno pellegrini, il che rafforza la sensazione di avventura; conviene controllare gli orari e la disponibilit\u00e0 degli alloggi nei tratti meno popolati.<\/span><\/li>\n<\/ul>\n<p>&nbsp;<\/p>\n<ul>\n<li style=\"font-weight: 400;\" aria-level=\"1\"><b>Esperienza<\/b><span style=\"font-weight: 400;\">: tappe intense che ricompensano con il silenzio, l&#8217;introspezione e una natura incontaminata.<\/span><\/li>\n<\/ul>\n<p>&nbsp;<\/p>\n<h3><b>Cammino Inglese<\/b><\/h3>\n<p><span style=\"font-weight: 400;\">Opzione ideale se hai meno giorni a disposizione. In autunno \u00e8 particolarmente sereno.<\/span><\/p>\n<ul>\n<li style=\"font-weight: 400;\" aria-level=\"1\"><b>Paisaggio e clima<\/b><span style=\"font-weight: 400;\">: villaggi galiziani, carballeiras e sentieri umidi; temperature miti con possibilit\u00e0 di rovesci.<\/span><\/li>\n<\/ul>\n<p>&nbsp;<\/p>\n<ul>\n<li style=\"font-weight: 400;\" aria-level=\"1\"><b>Afluenza e infrastrutture<\/b><span style=\"font-weight: 400;\">: facile trovare un letto; ambiente locale molto autentico e accogliente.<\/span><\/li>\n<\/ul>\n<p>&nbsp;<\/p>\n<ul>\n<li style=\"font-weight: 400;\" aria-level=\"1\"><b>Gastronomia<\/b><span style=\"font-weight: 400;\">: brodi, lac\u00f3n, empanadas e dolci tradizionali che ristabiliscono corpo e spirito.<\/span><\/li>\n<\/ul>\n<p>&nbsp;<\/p>\n<h3><b>Cammino di Finisterre<\/b><\/h3>\n<p><span style=\"font-weight: 400;\">Prolungamento da Santiago fino alla costa atlantica: un \u201ccamminare oltre\u201d carico di simbolismo.<\/span><\/p>\n<ul>\n<li style=\"font-weight: 400;\" aria-level=\"1\"><b>Paisaggio e clima<\/b><span style=\"font-weight: 400;\">: boschi che si aprono su scogliere e spiagge affacciate sull&#8217;oceano; tramonti da cartolina. L&#8217;autunno porta cieli vibranti e meno visitatori.<\/span><\/li>\n<\/ul>\n<p>&nbsp;<\/p>\n<ul>\n<li style=\"font-weight: 400;\" aria-level=\"1\"><b>Afluenza e infrastrutture<\/b><span style=\"font-weight: 400;\">: bassa densit\u00e0 di pellegrini, ritmo intimo e alloggi disponibili; un buon momento per gustare ogni chilometro senza fretta.<\/span><\/li>\n<\/ul>\n<p>&nbsp;<\/p>\n<ul>\n<li style=\"font-weight: 400;\" aria-level=\"1\"><b>Esperienza<\/b><span style=\"font-weight: 400;\">: arrivare a Fisterra o Mux\u00eda in queste date accentua quella sensazione di chiusura di ciclo; il mare e il vento completano la peregrinazione con un finale emozionale difficile da dimenticare.<\/span><\/li>\n<\/ul>\n<p>&nbsp;<\/p>\n<h2><b>Consigli pratici per fare il Cammino in autunno<\/b><\/h2>\n<p><img loading=\"lazy\" decoding=\"async\" class=\"alignnone wp-image-123921 size-full\" src=\"https:\/\/www.mundiplus.com\/wp-content\/uploads\/2025\/09\/Hacer-el-Camino-de-Santiago-en-otono-Mundiplus.jpg\" alt=\"\" width=\"1000\" height=\"667\" srcset=\"https:\/\/www.mundiplus.com\/wp-content\/uploads\/2025\/09\/Hacer-el-Camino-de-Santiago-en-otono-Mundiplus.jpg 1000w, https:\/\/www.mundiplus.com\/wp-content\/uploads\/2025\/09\/Hacer-el-Camino-de-Santiago-en-otono-Mundiplus-300x200.jpg 300w, https:\/\/www.mundiplus.com\/wp-content\/uploads\/2025\/09\/Hacer-el-Camino-de-Santiago-en-otono-Mundiplus-768x512.jpg 768w, https:\/\/www.mundiplus.com\/wp-content\/uploads\/2025\/09\/Hacer-el-Camino-de-Santiago-en-otono-Mundiplus-600x400.jpg 600w\" sizes=\"(max-width: 1000px) 100vw, 1000px\" \/><\/p>\n<ul>\n<li style=\"font-weight: 400;\" aria-level=\"1\"><b>Abbigliamento e attrezzatura a strati<\/b><span style=\"font-weight: 400;\">. Magliette traspiranti, giacca leggera o primaloft impermeabile (meglio con cappuccio). Aggiungi una copertura per lo zaino o una sacca impermeabile e un asciugamano ad asciugatura rapida. Guanti sottili e berretto leggero possono fare la differenza nelle prime ore del mattino.<\/span><\/li>\n<\/ul>\n<p>&nbsp;<\/p>\n<ul>\n<li style=\"font-weight: 400;\" aria-level=\"1\"><b>Calzature e piedi asciutti<\/b><span style=\"font-weight: 400;\">. Scarpe o scarponi da trekking con suola aderente e impermeabile (membrana \u201cwaterproof\u201d). Porta due paia di calzini tecnici e alternali. Vaselina o crema antifrizione per prevenire vesciche in caso di umidit\u00e0.<\/span><\/li>\n<\/ul>\n<p>&nbsp;<\/p>\n<ul>\n<li style=\"font-weight: 400;\" aria-level=\"1\"><b>Pianificazione delle tappe e luce<\/b><span style=\"font-weight: 400;\">. Alla fine dell&#8217;estate, i giorni si accorciano: alzati presto per sfruttare al massimo la mattina ed evita di arrivare di notte. Come riferimento, tra settembre e novembre la quantit\u00e0 di luce disponibile diminuisce, quindi \u00e8 consigliabile regolare le distanze e i ritmi.<\/span><\/li>\n<\/ul>\n<p>&nbsp;<\/p>\n<ul>\n<li style=\"font-weight: 400;\" aria-level=\"1\"><b>Servizi aperti<\/b><span style=\"font-weight: 400;\">. Sebbene la maggior parte delle localit\u00e0 mantenga bar e negozi aperti, nei tratti meno affollati gli orari potrebbero essere pi\u00f9 ridotti. Controlla in anticipo le opzioni di cibo e acqua; porta qualcosa di energetico (noci, barrette).<\/span><\/li>\n<\/ul>\n<p>&nbsp;<\/p>\n<ul>\n<li style=\"font-weight: 400;\" aria-level=\"1\"><b>Sicurezza e meteo<\/b><span style=\"font-weight: 400;\">. Controlla le previsioni prima di partire. Se sono previste forti piogge o venti intensi, evita le creste esposte e adatta la tappa. I bastoni aiutano nelle discese fangose. Un fischietto e una torcia frontale (con batterie cariche) sono alleati semplici e molto utili.<\/span><\/li>\n<\/ul>\n<p>&nbsp;<\/p>\n<ul>\n<li style=\"font-weight: 400;\" aria-level=\"1\"><b>Credenziale, timbri e Compostela<\/b><span style=\"font-weight: 400;\">. La Credenziale \u00e8 attiva in qualsiasi stagione dell&#8217;anno e i timbri si continuano a ottenere in ostelli, parrocchie, bar e uffici turistici. Mantieni l&#8217;abitudine di timbrare almeno due volte al giorno nelle tappe galiziane per la Compostela.<\/span><\/li>\n<\/ul>\n<p>&nbsp;<\/p>\n<ul>\n<li style=\"font-weight: 400;\" aria-level=\"1\"><b>Trasporto e logistica<\/b><span style=\"font-weight: 400;\">. In autunno c&#8217;\u00e8 solitamente una buona connessione con le citt\u00e0 di partenza e arrivo delle tappe, e meno affollamento su treni e autobus. Se decidi di dividere una tappa, consulta i trasporti locali o i taxi rurali della zona.<\/span><\/li>\n<\/ul>\n<p>&nbsp;<\/p>\n<h2><b>Quale mese scegliere per l&#8217;autunno?<\/b><\/h2>\n<ul>\n<li style=\"font-weight: 400;\" aria-level=\"1\"><b>Settembre<\/b><span style=\"font-weight: 400;\">: transizione dolce dall&#8217;estate; temperature miti, vendemmia, giorni ancora lunghi. Un po&#8217; pi\u00f9 di afflusso all&#8217;inizio del mese.<\/span><\/li>\n<\/ul>\n<p>&nbsp;<\/p>\n<ul>\n<li style=\"font-weight: 400;\" aria-level=\"1\"><b>Ottobre<\/b><span style=\"font-weight: 400;\">: il \u201cdolce\u201d dell&#8217;autunno per molti pellegrini: colori al massimo, clima piacevole e ambiente molto tranquillo.<\/span><\/li>\n<\/ul>\n<p>&nbsp;<\/p>\n<ul>\n<li style=\"font-weight: 400;\" aria-level=\"1\"><b>Novembre<\/b><span style=\"font-weight: 400;\">: l&#8217;opzione pi\u00f9 serena e contemplativa. Giorni pi\u00f9 corti e piogge pi\u00f9 frequenti, ma con un&#8217;intimit\u00e0 difficile da eguagliare.<\/span><\/li>\n<\/ul>\n<p>&nbsp;<\/p>\n<h2><b>Autunno nel Cammino: un&#8217;esperienza trasformante<\/b><\/h2>\n<p><span style=\"font-weight: 400;\">Fare il Cammino in autunno non significa solo scegliere una stagione diversa: \u00e8 <\/span><b>vivere con un altro ritmo<\/b><span style=\"font-weight: 400;\">. Il silenzio dei boschi, la calda tonalit\u00e0 dei colori e l&#8217;assenza di sovraffollamento permettono di connettersi meglio con te stesso e con l&#8217;ambiente circostante. Il ciclo delle foglie che cadono simboleggia chiusure e nuovi inizi, in sintonia con ci\u00f2 che molti pellegrini sentono arrivando a Santiago&#8230; o continuando fino all&#8217;oceano a Finisterre.<\/span><\/p>\n<p><span style=\"font-weight: 400;\">Qualunque sia il cammino scelto, questa stagione ti regaler\u00e0 camminate pi\u00f9 comode, paesi tranquilli e sapori stagionali che sanno di casa. Con una pianificazione sensata, un equipaggiamento adeguato per la pioggia e la voglia di goderti il viaggio, percorrere il Cammino in queste date diventa un&#8217;esperienza profonda, autentica e indimenticabile.<\/span><\/p>\n","protected":false},"excerpt":{"rendered":"<p>Il Cammino di Santiago \u00e8 un&#8217;esperienza che migliaia di pellegrini vivono ogni anno alla ricerca di avventura, spiritualit\u00e0 o semplicemente di un momento di disconnessione. Sebbene la primavera e l&#8217;estate siano solitamente le stagioni pi\u00f9 popolari per intraprendere il cammino, sempre pi\u00f9 pellegrini scoprono i vantaggi di farlo in autunno. Colori unici, minore affollamento e [&hellip;]<\/p>\n","protected":false},"author":1,"featured_media":123931,"comment_status":"open","ping_status":"open","sticky":false,"template":"","format":"standard","meta":{"footnotes":""},"categories":[573,577],"tags":[],"class_list":["post-123972","post","type-post","status-publish","format-standard","has-post-thumbnail","hentry","category-blog-del-cammino","category-cammino-a-piedi"],"_links":{"self":[{"href":"https:\/\/www.mundiplus.com\/it\/wp-json\/wp\/v2\/posts\/123972","targetHints":{"allow":["GET"]}}],"collection":[{"href":"https:\/\/www.mundiplus.com\/it\/wp-json\/wp\/v2\/posts"}],"about":[{"href":"https:\/\/www.mundiplus.com\/it\/wp-json\/wp\/v2\/types\/post"}],"author":[{"embeddable":true,"href":"https:\/\/www.mundiplus.com\/it\/wp-json\/wp\/v2\/users\/1"}],"replies":[{"embeddable":true,"href":"https:\/\/www.mundiplus.com\/it\/wp-json\/wp\/v2\/comments?post=123972"}],"version-history":[{"count":2,"href":"https:\/\/www.mundiplus.com\/it\/wp-json\/wp\/v2\/posts\/123972\/revisions"}],"predecessor-version":[{"id":124011,"href":"https:\/\/www.mundiplus.com\/it\/wp-json\/wp\/v2\/posts\/123972\/revisions\/124011"}],"wp:featuredmedia":[{"embeddable":true,"href":"https:\/\/www.mundiplus.com\/it\/wp-json\/wp\/v2\/media\/123931"}],"wp:attachment":[{"href":"https:\/\/www.mundiplus.com\/it\/wp-json\/wp\/v2\/media?parent=123972"}],"wp:term":[{"taxonomy":"category","embeddable":true,"href":"https:\/\/www.mundiplus.com\/it\/wp-json\/wp\/v2\/categories?post=123972"},{"taxonomy":"post_tag","embeddable":true,"href":"https:\/\/www.mundiplus.com\/it\/wp-json\/wp\/v2\/tags?post=123972"}],"curies":[{"name":"wp","href":"https:\/\/api.w.org\/{rel}","templated":true}]}}