{"id":124327,"date":"2025-10-23T10:25:32","date_gmt":"2025-10-23T10:25:32","guid":{"rendered":"https:\/\/www.mundiplus.com\/?p=124327"},"modified":"2025-10-23T10:32:57","modified_gmt":"2025-10-23T10:32:57","slug":"come-scegliere-il-percorso-del-cammino-di-santiago-in-base-alla-tua-eta-e-alla-tua-forma-fisica","status":"publish","type":"post","link":"https:\/\/www.mundiplus.com\/it\/come-scegliere-il-percorso-del-cammino-di-santiago\/","title":{"rendered":"Come scegliere il percorso del Cammino di Santiago in base alla tua et\u00e0 e alla tua forma fisica"},"content":{"rendered":"<p><img fetchpriority=\"high\" decoding=\"async\" class=\"alignnone wp-image-118987 size-full\" src=\"https:\/\/www.mundiplus.com\/wp-content\/uploads\/2025\/04\/Blog-Mundiplus.png\" alt=\"\" width=\"1023\" height=\"539\" srcset=\"https:\/\/www.mundiplus.com\/wp-content\/uploads\/2025\/04\/Blog-Mundiplus.png 1023w, https:\/\/www.mundiplus.com\/wp-content\/uploads\/2025\/04\/Blog-Mundiplus-300x158.png 300w, https:\/\/www.mundiplus.com\/wp-content\/uploads\/2025\/04\/Blog-Mundiplus-768x405.png 768w, https:\/\/www.mundiplus.com\/wp-content\/uploads\/2025\/04\/Blog-Mundiplus-600x316.png 600w\" sizes=\"(max-width: 1023px) 100vw, 1023px\" \/><\/p>\n<p>Scegliere bene l\u2019itinerario fa la differenza tra godersi ogni tappa\u2026 o soffrire pi\u00f9 del necessario. Ecco una guida chiara e utile \u2014 con informazioni reali, consigli pratici e soluzioni \u2014 per decidere <b>quale percorso ti conviene in base alla tua forma fisica, alla tua et\u00e0 e al tempo a disposizione<\/b>.<\/p>\n<p>&nbsp;<\/p>\n<h2><b>Prima di decidere: fattori che contano davvero<\/b><\/h2>\n<p><img decoding=\"async\" class=\"alignnone wp-image-124279 size-full\" src=\"https:\/\/www.mundiplus.com\/wp-content\/uploads\/2025\/10\/Como-elegir-la-ruta-del-Camino-de-Santiago-Mundiplus.jpg\" alt=\"\" width=\"1000\" height=\"667\" srcset=\"https:\/\/www.mundiplus.com\/wp-content\/uploads\/2025\/10\/Como-elegir-la-ruta-del-Camino-de-Santiago-Mundiplus.jpg 1000w, https:\/\/www.mundiplus.com\/wp-content\/uploads\/2025\/10\/Como-elegir-la-ruta-del-Camino-de-Santiago-Mundiplus-300x200.jpg 300w, https:\/\/www.mundiplus.com\/wp-content\/uploads\/2025\/10\/Como-elegir-la-ruta-del-Camino-de-Santiago-Mundiplus-768x512.jpg 768w, https:\/\/www.mundiplus.com\/wp-content\/uploads\/2025\/10\/Como-elegir-la-ruta-del-Camino-de-Santiago-Mundiplus-600x400.jpg 600w\" sizes=\"(max-width: 1000px) 100vw, 1000px\" \/><\/p>\n<h3><b>Distanza totale e chilometri al giorno<\/b><\/h3>\n<p>Definisci quanti giorni hai e quanti chilometri puoi percorrere comodamente. Come riferimento orientativo:<\/p>\n<ul>\n<li aria-level=\"1\"><b>Francese<\/b> (Saint-Jean\u2013Santiago): ~790 km.<\/li>\n<\/ul>\n<p>&nbsp;<\/p>\n<ul>\n<li aria-level=\"1\"><b>Norte<\/b> (Ir\u00fan\u2013Santiago): ~820 km.<\/li>\n<\/ul>\n<p>&nbsp;<\/p>\n<ul>\n<li aria-level=\"1\"><b>Primitivo<\/b> (Oviedo\u2013Santiago): ~313 km.<\/li>\n<\/ul>\n<p>&nbsp;<\/p>\n<ul>\n<li aria-level=\"1\"><b>Portoghese Centrale<\/b> (Oporto\u2013Santiago): ~240 km;<\/li>\n<\/ul>\n<p>&nbsp;<\/p>\n<ul>\n<li style=\"list-style-type: none;\">\n<ul>\n<li aria-level=\"2\"><b>lungo la Costa<\/b>: ~260\u2013280 km.<\/li>\n<\/ul>\n<\/li>\n<\/ul>\n<p>&nbsp;<\/p>\n<ul>\n<li aria-level=\"1\"><b>Inglese<\/b> (Ferrol\u2013Santiago): ~119\u2013120 km.<\/li>\n<\/ul>\n<p>&nbsp;<\/p>\n<ul>\n<li aria-level=\"1\"><b>Sanabr\u00e9s<\/b> (Granja de Moreruela\u2013Santiago): ~370 km.<\/li>\n<\/ul>\n<p>&nbsp;<\/p>\n<ul>\n<li aria-level=\"1\"><b>Invernale<\/b> (Ponferrada\u2013Santiago): ~239\u2013260 km.<\/li>\n<\/ul>\n<p>&nbsp;<\/p>\n<ul>\n<li aria-level=\"1\"><b>Finisterre\/Mux\u00eda<\/b> (epilogo da Santiago): ~90 km fino a Fisterra; ~86 km fino a Mux\u00eda; ~115\u2013120 km se fai entrambi i capi.<\/li>\n<\/ul>\n<p>&nbsp;<\/p>\n<p><b>Media consigliata di chilometri al giorno<\/b>: 18\u201324 km\/giorno (15\u201320 km se sei all\u2019inizio; 22\u201328 km se hai gi\u00e0 una buona base e il terreno lo consente).<\/p>\n<p>&nbsp;<\/p>\n<p><b>Ultimi 100 km<\/b> (punti di partenza consigliati):<\/p>\n<ul>\n<li aria-level=\"1\"><b>Francese:<\/b> <a href=\"https:\/\/www.mundiplus.com\/it\/caminos\/percorsi-pedonali\/cammino-da-sarria-a-santiago\/\"><b>Cammino Francese da Sarria<\/b><\/a> (\u2248111\u2013116 km).<\/li>\n<\/ul>\n<p>&nbsp;<\/p>\n<ul>\n<li aria-level=\"1\"><b>Norte:<\/b> <a href=\"https:\/\/www.mundiplus.com\/it\/caminos\/a-pie\/camino-norte\/camino-de-santiago-desde-vilalba\/\"><b>Cammino del Nord da Vilalba<\/b><\/a> (\u2248122 km).<\/li>\n<\/ul>\n<p>&nbsp;<\/p>\n<ul>\n<li aria-level=\"1\"><b>Primitivo:<\/b> <a href=\"https:\/\/www.mundiplus.com\/it\/caminos\/a-pie\/camino-primitivo\/camino-de-santiago-desde-lugo\/\"><b>Cammino Primitivo da Lugo<\/b><\/a> (\u224898\u2013100 km; valido per ottenere la Compostela).<\/li>\n<\/ul>\n<p>&nbsp;<\/p>\n<ul>\n<li aria-level=\"1\"><b>Portoghese Centrale:<\/b> <a href=\"https:\/\/www.mundiplus.com\/it\/caminos\/a-pie\/camino-portugues\/camino-de-santiago-desde-tui\/\"><b>Cammino Portoghese da Tui<\/b><\/a> (\u2248116\u2013117 km).<\/li>\n<\/ul>\n<p>&nbsp;<\/p>\n<ul>\n<li aria-level=\"1\"><b>Portoghese lungo la Costa:<\/b> <a href=\"https:\/\/www.mundiplus.com\/it\/caminos\/a-pie\/camino-portugues-costa\/camino-de-santiago-desde-a-guarda\/\"><b>Cammino Portoghese lungo la costa da A Guarda<\/b><\/a> (\u2248140 km).<\/li>\n<\/ul>\n<p>&nbsp;<\/p>\n<ul>\n<li aria-level=\"1\"><b>Sanabr\u00e9s:<\/b> <a href=\"https:\/\/www.mundiplus.com\/it\/caminos\/a-pie\/camino-sanabres\/camino-de-santiago-desde-orense\/\"><b>Cammino da Ourense<\/b><\/a> (\u2248103\u2013111 km a seconda del tracciato).<\/li>\n<\/ul>\n<p>&nbsp;<\/p>\n<p><b>Trucco utile<\/b>: timbra la credenziale all\u2019inizio e alla fine di ogni giornata; nelle zone rurali chiedi il timbro in bar, chiese o municipi. Nelle ultime tappe si consigliano due timbri al giorno per evitare problemi all\u2019arrivo.<\/p>\n<p>&nbsp;<\/p>\n<h3><b>Dislivello e difficolt\u00e0<\/b><\/h3>\n<p><b>Lo sforzo non dipende solo dai chilometri<\/b>. Percorsi come il Primitivo o il Nord presentano continui \u201csaliscendi\u201d che affaticano gambe e articolazioni. Il Cammino Portoghese (sia centrale che costiero) \u00e8 generalmente pi\u00f9 dolce, con l\u2019eccezione di alcuni passi come la Portela da Labruja.<\/p>\n<p>&nbsp;<\/p>\n<h3><b>Terreno e clima<\/b><\/h3>\n<ul>\n<li aria-level=\"1\"><b>Costa Cantabrica<\/b>: verde e umida; fondo talvolta scivoloso.<\/li>\n<\/ul>\n<p>&nbsp;<\/p>\n<ul>\n<li aria-level=\"1\"><b>Meseta castigliana<\/b>: lunghi rettilinei, esposizione al sole e caldo in estate.<\/li>\n<\/ul>\n<p>&nbsp;<\/p>\n<ul>\n<li aria-level=\"1\"><b>Galizia<\/b>: sentieri boscosi con fango nelle stagioni piovose e salite brevi ma intense.<\/li>\n<\/ul>\n<p>&nbsp;<\/p>\n<p>Scegli la primavera o l\u2019autunno per temperature miti e minore affluenza.<\/p>\n<p>&nbsp;<\/p>\n<h3><b>Infrastrutture<\/b><\/h3>\n<p>La segnaletica \u00e8 sempre buona nei percorsi principali. Il Francese e il Portoghese offrono la maggiore disponibilit\u00e0 di alloggi, ristorazione e trasporti; il Nord e il Primitivo sono migliorati, ma le distanze tra i servizi possono essere pi\u00f9 lunghe.<\/p>\n<p>&nbsp;<\/p>\n<h3><b>Logistica personale<\/b><\/h3>\n<p>Peso dello zaino (idealmente \u226410% del tuo peso corporeo), eventuali fastidi preesistenti (ginocchio, anca, pianta del piede), necessit\u00e0 di tappe brevi e preferenza per zone con buone connessioni ferroviarie o di autobus.<\/p>\n<p>&nbsp;<\/p>\n<h2><b>Percorsi principali: profilo, a chi si adattano e come gestirli<\/b><\/h2>\n<p><img decoding=\"async\" class=\"alignnone wp-image-124291 size-full\" src=\"https:\/\/www.mundiplus.com\/wp-content\/uploads\/2025\/10\/Consejos-para-elegir-la-ruta-del-Camino-de-Santiago-Mundiplus.jpg\" alt=\"\" width=\"1000\" height=\"667\" srcset=\"https:\/\/www.mundiplus.com\/wp-content\/uploads\/2025\/10\/Consejos-para-elegir-la-ruta-del-Camino-de-Santiago-Mundiplus.jpg 1000w, https:\/\/www.mundiplus.com\/wp-content\/uploads\/2025\/10\/Consejos-para-elegir-la-ruta-del-Camino-de-Santiago-Mundiplus-300x200.jpg 300w, https:\/\/www.mundiplus.com\/wp-content\/uploads\/2025\/10\/Consejos-para-elegir-la-ruta-del-Camino-de-Santiago-Mundiplus-768x512.jpg 768w, https:\/\/www.mundiplus.com\/wp-content\/uploads\/2025\/10\/Consejos-para-elegir-la-ruta-del-Camino-de-Santiago-Mundiplus-600x400.jpg 600w\" sizes=\"(max-width: 1000px) 100vw, 1000px\" \/><\/p>\n<h3><b>Cammino Francese<\/b><\/h3>\n<ul>\n<li aria-level=\"1\"><b>Perch\u00e9 sceglierlo<\/b>: \u00e8 il classico, vario e sociale. Troverai paesi ricchi di storia, un\u2019ottima atmosfera tra pellegrini e una rete di alloggi molto ampia.<\/li>\n<\/ul>\n<p>&nbsp;<\/p>\n<ul>\n<li aria-level=\"1\"><b>Difficolt\u00e0:<\/b> moderata. Alterna giornate tranquille con altre di media montagna all\u2019inizio (Pirenei) e in Galizia.<\/li>\n<\/ul>\n<p>&nbsp;<\/p>\n<ul>\n<li aria-level=\"1\"><b>Per chi \u00e8 indicato<\/b>: per chi apprezza la componente culturale e la sicurezza di avere servizi frequenti. Perfetto se vuoi dividerlo in tappe: Navarra\u2013Rioja, Meseta, Galizia o solo gli \u201cultimi 100 km\u201d da Sarria.<\/li>\n<\/ul>\n<p>&nbsp;<\/p>\n<ul>\n<li aria-level=\"1\"><b>Ritmo consigliato:<\/b> 20\u201325 km\/giorno se hai esperienza; 15\u201320 km\/giorno se sei alle prime armi.<\/li>\n<\/ul>\n<p>&nbsp;<\/p>\n<h3><b>Cammino del Nord<\/b><\/h3>\n<ul>\n<li aria-level=\"1\"><b>Perch\u00e9 sceglierlo<\/b>: natura selvaggia, panorami costieri e borghi marinari. Meno affollato del Francese in molti periodi.<\/li>\n<\/ul>\n<p>&nbsp;<\/p>\n<ul>\n<li aria-level=\"1\"><b>Difficolt\u00e0:<\/b> medio-alta per via del dislivello continuo e di alcuni tratti con fondo impegnativo.<\/li>\n<\/ul>\n<p>&nbsp;<\/p>\n<ul>\n<li aria-level=\"1\"><b>Per chi \u00e8 indicato<\/b>: camminatori con una certa base fisica che amano il mare, la brezza e non temono tappe pi\u00f9 impegnative.<\/li>\n<\/ul>\n<p>&nbsp;<\/p>\n<ul>\n<li aria-level=\"1\"><b>Ritmo consigliato:<\/b> 18\u201325 km\/giorno secondo l\u2019esperienza. Aggiungi 1\u20132 giorni di riposo se prevedi di percorrerlo tutto.<\/li>\n<\/ul>\n<p>&nbsp;<\/p>\n<h3><b>Cammino Primitivo<\/b><\/h3>\n<ul>\n<li aria-level=\"1\"><b>Perch\u00e9 sceglierlo<\/b>: montagna, autenticit\u00e0 e paesaggi d\u2019entroterra. Tappe intense con fascino rurale.<\/li>\n<\/ul>\n<p>&nbsp;<\/p>\n<ul>\n<li aria-level=\"1\"><b>Difficolt\u00e0:<\/b> alta. Salite prolungate e discese impegnative se non si usano i bastoncini.<\/li>\n<\/ul>\n<p>&nbsp;<\/p>\n<ul>\n<li aria-level=\"1\"><b>Per chi \u00e8 indicato<\/b>: pellegrini ben preparati o sportivi in cerca di una sfida.<\/li>\n<\/ul>\n<p>&nbsp;<\/p>\n<ul>\n<li aria-level=\"1\"><b>Ritmo consigliato:<\/b> 15\u201322 km\/giorno, prestando attenzione al dislivello. Dai priorit\u00e0 a scarpe con buona ammortizzazione e suola aderente.<\/li>\n<\/ul>\n<p>&nbsp;<\/p>\n<h3><b>Cammino Portoghese<\/b> (Centrale e lungo la Costa)<\/h3>\n<ul>\n<li aria-level=\"1\"><b>Perch\u00e9 sceglierlo<\/b>: accessibile, ben segnalato e con localit\u00e0 piacevoli a misura d\u2019uomo.<\/li>\n<\/ul>\n<p>&nbsp;<\/p>\n<ul>\n<li aria-level=\"1\"><b>Difficolt\u00e0:<\/b> da bassa a media. Il Centrale presenta tratti impegnativi in alcuni punti; la Costa \u00e8 pi\u00f9 dolce, con passerelle e lungomari in vari segmenti.<\/li>\n<\/ul>\n<p>&nbsp;<\/p>\n<ul>\n<li aria-level=\"1\"><b>Per chi \u00e8 indicato<\/b>: principianti, famiglie e chi desidera combinare cultura, gastronomia e tappe equilibrate.<\/li>\n<\/ul>\n<p>&nbsp;<\/p>\n<ul>\n<li aria-level=\"1\"><b>Ritmo consigliato:<\/b> 18\u201324 km\/giorno. Ideale per una prima esperienza completa da Oporto.<\/li>\n<\/ul>\n<p>&nbsp;<\/p>\n<h4><b>Variante Spirituale del Portoghese<\/b><\/h4>\n<p>La <a href=\"https:\/\/www.mundiplus.com\/it\/caminos\/percorso-variante-spirituale\/\"><b>variante spirituale del cammino portoghese<\/b><\/a> parte da Vigo e aggiunge una splendida componente simbolica con la traversata dell\u2019estuario di Arousa e del fiume Ulla (Traslatio). Si percorre solitamente in 3\u20134 giornate aggiuntive.<\/p>\n<ul>\n<li aria-level=\"1\"><b>Per chi \u00e8 indicata:<\/b> per chi cerca un\u2019esperienza mista terra\u2013mare e un finale ricco di significato.<\/li>\n<\/ul>\n<p>&nbsp;<\/p>\n<h3><b>Cammino Inglese<\/b><\/h3>\n<ul>\n<li aria-level=\"1\"><b>Perch\u00e9 sceglierlo<\/b>: compatto (5\u20136 giorni da Ferrol), verde e tranquillo.<\/li>\n<\/ul>\n<p>&nbsp;<\/p>\n<ul>\n<li aria-level=\"1\"><b>Difficolt\u00e0:<\/b> moderata. Ideale se non puoi dedicare pi\u00f9 di una settimana.<\/li>\n<\/ul>\n<p>&nbsp;<\/p>\n<ul>\n<li aria-level=\"1\"><b>Per chi \u00e8 indicato:<\/b> principianti che vogliono fare una prova senza impegnare troppi giorni o pellegrini con tempo limitato.<\/li>\n<\/ul>\n<p>&nbsp;<\/p>\n<h3><b>Via de la Plata e Cammino Sanabr\u00e9s<\/b><\/h3>\n<ul>\n<li aria-level=\"1\"><b>Perch\u00e9 sceglierli<\/b>: ampi spazi, patrimonio romano e una sensazione di calma.<\/li>\n<\/ul>\n<p>&nbsp;<\/p>\n<ul>\n<li aria-level=\"1\"><b>Difficolt\u00e0<\/b>: variabile; la Via de la Plata \u00e8 lunga e calda in estate; il Sanabr\u00e9s alterna giornate tranquille ad altre pi\u00f9 impegnative.<\/li>\n<\/ul>\n<p>&nbsp;<\/p>\n<h3><b>Fisterra e Mux\u00eda<\/b><\/h3>\n<p><b>Perch\u00e9 farlo<\/b>: proseguire fino alla \u201cfine della terra\u201d aggiunge una chiusura emozionale di fronte all\u2019Atlantico.<\/p>\n<p>&nbsp;<\/p>\n<p><b>Difficolt\u00e0<\/b>: moderata; pianifica 3\u20134 giorni extra.<\/p>\n<p>&nbsp;<\/p>\n<p><b>Per chi<\/b>: per chi arriva con buone sensazioni e desidera prolungare l\u2019avventura.<\/p>\n<p>&nbsp;<\/p>\n<p>&nbsp;<\/p>\n<h2><b>Quale percorso ti conviene in base alla tua et\u00e0 e condizione fisica?<\/b> (con risorse utili)<\/h2>\n<p><img loading=\"lazy\" decoding=\"async\" class=\"alignnone wp-image-124285 size-full\" src=\"https:\/\/www.mundiplus.com\/wp-content\/uploads\/2025\/10\/Como-elegir-el-Camino-de-Santiago-Mundiplus.jpg\" alt=\"\" width=\"1000\" height=\"667\" srcset=\"https:\/\/www.mundiplus.com\/wp-content\/uploads\/2025\/10\/Como-elegir-el-Camino-de-Santiago-Mundiplus.jpg 1000w, https:\/\/www.mundiplus.com\/wp-content\/uploads\/2025\/10\/Como-elegir-el-Camino-de-Santiago-Mundiplus-300x200.jpg 300w, https:\/\/www.mundiplus.com\/wp-content\/uploads\/2025\/10\/Como-elegir-el-Camino-de-Santiago-Mundiplus-768x512.jpg 768w, https:\/\/www.mundiplus.com\/wp-content\/uploads\/2025\/10\/Como-elegir-el-Camino-de-Santiago-Mundiplus-600x400.jpg 600w\" sizes=\"(max-width: 1000px) 100vw, 1000px\" \/><\/p>\n<h3><b>Se stai iniziando o riprendi a camminare dopo una pausa<\/b><\/h3>\n<ul>\n<li aria-level=\"1\"><b>Portoghese Centrale da Porto:<\/b> tappe equilibrate, localit\u00e0 frequenti e servizi regolari. Permette di regolare le giornate tra 18 e 24 km. Inoltre, non \u00e8 necessario arrivare fino a Compostela. Come primo approccio, il <a href=\"https:\/\/www.mundiplus.com\/it\/caminos\/a-pie\/camino-portugues\/camino-de-santiago-desde-oporto\/\"><b>Cammino di Santiago da Porto a Tui<\/b><\/a> \u00e8 piuttosto accessibile.<\/li>\n<\/ul>\n<p>&nbsp;<\/p>\n<ul>\n<li aria-level=\"1\"><b>Inglese<\/b> (Ferrol\u2013Santiago): 5\u20136 tappe. Perfetto per provare senza affaticarti troppo.<\/li>\n<\/ul>\n<p>&nbsp;<\/p>\n<ul>\n<li aria-level=\"1\"><b>Tratti del Francese in Galizia:<\/b> se vuoi atmosfera da pellegrino e buona logistica con dislivelli moderati.<\/li>\n<\/ul>\n<p>&nbsp;<\/p>\n<p><b>Soluzione pratica:<\/b> alterna 3\u20134 giorni di cammino con 1 di riposo, inizia con 15\u201320 km e aumenta se ti senti bene.<\/p>\n<p>&nbsp;<\/p>\n<h3><b>Famiglie con bambini e adolescenti<\/b><\/h3>\n<ul>\n<li aria-level=\"1\"><b>Portoghese lungo la Costa<\/b>: passeggiata piacevole, passerelle e viste sul mare; ideale per alternare giochi in spiaggia e borghi con servizi.<\/li>\n<\/ul>\n<p>&nbsp;<\/p>\n<ul>\n<li aria-level=\"1\"><b>Francese<\/b> (tratti facili)<b>:<\/b> abbondano alloggi familiari e aree di sosta.<\/li>\n<\/ul>\n<p>&nbsp;<\/p>\n<p><b>Soluzione pratica<\/b>: tappe di 12\u201318 km, picnic a met\u00e0 mattina e margine per imprevisti. Porta crema solare e indumenti leggeri contro il vento.<\/p>\n<p>&nbsp;<\/p>\n<h3><b>Pellegrini senior (60+)<\/b><\/h3>\n<ul>\n<li aria-level=\"1\"><b>Portoghese Centrale<\/b> o <b>Ourense\u2013Santiago (Sanabr\u00e9s)<\/b> per il loro equilibrio tra chilometri e servizi.<\/li>\n<\/ul>\n<p>&nbsp;<\/p>\n<ul>\n<li aria-level=\"1\"><b>Inglese<\/b> se preferite un cammino breve ma autentico.<\/li>\n<\/ul>\n<p>&nbsp;<\/p>\n<p><b>Soluzione pratica:<\/b> bastoncini per ridurre l\u2019impatto in discesa, calze a compressione leggera e controllo del ritmo (12\u201318 km all\u2019inizio).<\/p>\n<p>&nbsp;<\/p>\n<h3><b>Sportivi e chi cerca una sfida<\/b><\/h3>\n<ul>\n<li aria-level=\"1\"><b>Primitivo o del Nord<\/b> per lavorare sulla resistenza e sul dislivello.<\/li>\n<\/ul>\n<p>&nbsp;<\/p>\n<ul>\n<li aria-level=\"1\"><b>Francese completo o Via de la Plata<\/b> se ti motiva una grande traversata.<\/li>\n<\/ul>\n<p>&nbsp;<\/p>\n<p><b>Soluzione pratica<\/b>: periodizza; inserisci 1\u20132 tappe da oltre 30 km, cura la nutrizione (carboidrati + sali minerali) e rispetta il riposo dopo le giornate pi\u00f9 dure.<\/p>\n<p>&nbsp;<\/p>\n<h2><b>Consigli di pianificazione per evitare problemi<\/b><\/h2>\n<ul>\n<li aria-level=\"1\"><b>Definisci il tuo \u201critmo sostenibile\u201d.<\/b> La maggior parte delle persone si trova bene tra <b>18 e 24 km al giorno<\/b>. Se hai dubbi, parti da meno. L\u2019obiettivo \u00e8 arrivare con voglia di passeggiare nel pomeriggio, non di andare a letto alle cinque.<\/li>\n<\/ul>\n<p>&nbsp;<\/p>\n<ul>\n<li aria-level=\"1\"><b>Dividi e conquista.<\/b> Gli itinerari lunghi possono essere affrontati a tratti in viaggi diversi. Ad esempio, del Francese puoi coprire Navarra\u2013Rioja, tornare mesi dopo per la meseta e concludere in Galizia.<\/li>\n<\/ul>\n<p>&nbsp;<\/p>\n<ul>\n<li aria-level=\"1\"><b>Prenditi cura di piedi e articolazioni.<\/b><\/li>\n<\/ul>\n<p>&nbsp;<\/p>\n<ul>\n<li aria-level=\"1\">Scarpe gi\u00e0 rodate, calze tecniche e vaselina nelle zone di sfregamento.<\/li>\n<\/ul>\n<p>&nbsp;<\/p>\n<ul>\n<li aria-level=\"1\">Bastoncini per alleviare il ginocchio in discesa e migliorare la postura in salita.<\/li>\n<\/ul>\n<p>&nbsp;<\/p>\n<ul>\n<li aria-level=\"1\">Stretching di base (polpacci, posteriori della coscia, quadricipiti, glutei) alla fine della tappa.<\/li>\n<\/ul>\n<p>&nbsp;<\/p>\n<ul>\n<li style=\"list-style-type: none;\">\n<ul>\n<li aria-level=\"1\"><b>Zaino leggero<\/b> Pensa a strati (maglia tecnica, pile leggero, impermeabile), acqua, frutta secca e un piccolo kit di pronto soccorso (cerotti Compeed, bende elastiche, antinfiammatori da banco se prescritti dal tuo medico). Mantieni il peso sotto il 10% del tuo corpo. Puoi anche rivolgerti ad agenzie specializzate nel <a href=\"https:\/\/www.mundiplus.com\/it\/\"><b>viaggio Cammino di Santiago<\/b><\/a> che si occupano del trasporto dei tuoi bagagli.<\/li>\n<\/ul>\n<\/li>\n<\/ul>\n<p>&nbsp;<\/p>\n<ul>\n<li aria-level=\"1\"><b>Clima e stagione<\/b><\/li>\n<\/ul>\n<ul>\n<li aria-level=\"1\"><b>Primavera e autunno<\/b>: temperature miti e meno affollamento.<\/li>\n<\/ul>\n<p>&nbsp;<\/p>\n<ul>\n<li aria-level=\"1\"><b>Estate<\/b>: idratati, parti presto e proteggi testa e collo.<\/li>\n<\/ul>\n<p>&nbsp;<\/p>\n<ul>\n<li aria-level=\"1\"><b>Inverno<\/b>: giornate corte, fango e freddo; valuta il Cammino d\u2019Inverno o tappe pi\u00f9 brevi.<\/li>\n<\/ul>\n<p>&nbsp;<\/p>\n<ul>\n<li aria-level=\"1\"><b>Logistica quotidiana<\/b>. Fai una buona colazione, fai una pausa a met\u00e0 mattina per reintegrare i sali e, a fine tappa, dedica 15\u201320 minuti allo stretching e al controllo delle vesciche. Meglio prevenire che curare.<\/li>\n<\/ul>\n<p>&nbsp;<\/p>\n<h2><b>Checklist finale per scegliere con criterio<\/b><\/h2>\n<h3><b>Tempo reale a disposizione<\/b><\/h3>\n<p><b>5\u20136 giorni, 10\u201312 o un mese?<\/b> Prima di decidere il percorso, chiarisci quanti giorni puoi dedicare al Cammino.<\/p>\n<ul>\n<li aria-level=\"1\">Se hai meno di una settimana, scegli tratti brevi come il <b>Cammino Portoghese da Tui<\/b> o il <b>Cammino Inglese da Ferrol<\/b>. Entrambi ti permettono di arrivare a Santiago coprendo la distanza minima per ottenere la Compostela.<\/li>\n<\/ul>\n<p>&nbsp;<\/p>\n<ul>\n<li aria-level=\"1\">Se disponi di 10\u201315 giorni, puoi considerare itinerari intermedi come il <b>Cammino Portoghese lungo la Costa<\/b> o il <b>Cammino Primitivo<\/b>.<\/li>\n<\/ul>\n<p>E se hai un mese o pi\u00f9, potrai percorrere un itinerario completo dalle sue origini \u2014 ad esempio, il <b>Cammino Francese da Saint-Jean-Pied-de-Port<\/b>.<\/p>\n<p>&nbsp;<\/p>\n<h3><b>Chilometri per tappa che riesci a gestire senza sfinirti<\/b><\/h3>\n<p><b>Valuta con sincerit\u00e0 la tua forma fisica.<\/b> Camminare 15 km in pianura non \u00e8 lo stesso che farne 25 con dislivelli o sotto il sole galiziano.<br \/>\nLa media ideale per la maggior parte dei pellegrini \u00e8 tra <b>20 e 25 km al giorno<\/b>, ma puoi adattarla alla tua condizione. Se sei principiante, pianifica tappe brevi all\u2019inizio e aumenta gradualmente.<br \/>\nRicorda che il ritmo costante e le pause regolari sono pi\u00f9 efficaci del voler \u201carrivare il prima possibile\u201d. Troppa ambizione nei primi giorni pu\u00f2 rovinarti il resto del Cammino con vesciche o sovraccarichi.<\/p>\n<p>&nbsp;<\/p>\n<h3><b>Dislivello che tolleri: terreno dolce o montuoso?<\/b><\/h3>\n<p>Scegli il percorso in base alla <b>tua resistenza e al gusto per la montagna<\/b>.<\/p>\n<p>Se preferisci terreni dolci, opta per cammini di <b>profilo moderato<\/b>, come il Portoghese, l\u2019Inglese o quello di Finisterre. Se invece ti attirano <b>le sfide e la natura selvaggia<\/b>, il <b>Cammino Primitivo<\/b> o il <b>Cammino del Nord<\/b> offrono salite spettacolari ma impegnative. Alcune tappe presentano dislivelli cumulativi superiori ai 1000 metri.<br \/>\nIn generale, gli itinerari costieri e dell\u2019interno portoghese sono pi\u00f9 delicati per articolazioni e ginocchia, mentre quelli di montagna richiedono maggiore preparazione e buone calzature tecniche.<\/p>\n<p>&nbsp;<\/p>\n<h3><b>Clima previsto nelle tue date e equipaggiamento adeguato<\/b><\/h3>\n<p>Il clima influisce totalmente sull\u2019esperienza.<\/p>\n<ul>\n<li aria-level=\"1\">In <b>primavera e autunno<\/b>, le temperature sono miti e i percorsi meno affollati, anche se il nord del Portogallo e la Galizia possono registrare piogge.<\/li>\n<\/ul>\n<p>&nbsp;<\/p>\n<ul>\n<li aria-level=\"1\">In <b>estate<\/b>, le giornate sono lunghe ma aumentano il caldo e il numero di pellegrini, soprattutto sul Cammino Francese. Se cammini in questa stagione, porta protezione solare, cappellino e acqua a sufficienza.<\/li>\n<\/ul>\n<p>&nbsp;<\/p>\n<ul>\n<li aria-level=\"1\">In <b>inverno<\/b>, alcune tratte presentano fango, nebbia o ostelli chiusi, quindi conviene pianificare alternative. In ogni caso, includi un impermeabile, abiti traspiranti, scarpe impermeabili e bastoncini per le discese scivolose.<\/li>\n<\/ul>\n<p>&nbsp;<\/p>\n<h3><b>Servizi di cui hai bisogno: se \u00e8 la tua prima volta, privilegia percorsi ben attrezzati<\/b><\/h3>\n<p>Se non hai mai fatto il Cammino, scegli itinerari ben forniti di alloggi, bar e farmacie. Il <b>Cammino Francese<\/b> e il <b>Cammino Portoghese<\/b> sono le opzioni pi\u00f9 consigliabili, poich\u00e9 ogni pochi chilometri troverai dove dormire o mangiare.<br \/>\nAltre varianti, come il <b>Cammino Sanabr\u00e9s<\/b> o il <b>Cammino del Nord<\/b>, possono avere tratti pi\u00f9 isolati o con meno infrastrutture, richiedendo una pianificazione anticipata.<\/p>\n<p>&nbsp;<\/p>\n<h3><b>Piano B per le giornate difficili: tappa pi\u00f9 corta, riposo o trasporto locale tra paesi<\/b><\/h3>\n<p>Non tutti i giorni saranno uguali. Pu\u00f2 piovere, puoi infortunarti o semplicemente aver bisogno di riposo. Per questo \u00e8 importante avere un <b>piano B flessibile<\/b>. Informati sulle opzioni di trasporto pubblico tra i paesi: molte tratte dispongono di <b>autobus o taxi locali<\/b> che permettono di saltare un segmento senza abbandonare il percorso.<br \/>\nUn\u2019altra alternativa \u00e8 <b>dividere una tappa lunga in due giorni<\/b> o pernottare in un punto intermedio. Come gi\u00e0 detto, puoi anche utilizzare servizi di trasporto bagagli se senti che il peso ti limita. <b>Ascoltare il proprio corpo \u00e8 fondamentale<\/b>: riposare un giorno in tempo \u00e8 meglio che forzare e dover abbandonare il Cammino.<\/p>\n<p>&nbsp;<\/p>\n<h2><b>Esempi di combinazioni vincenti<\/b><\/h2>\n<ul>\n<li aria-level=\"1\"><b>Prima esperienza di 7\u20139 giorni<\/b>: Porto\u2013Valen\u00e7a\/Tui lungo il Portoghese Centrale, tappe di 18\u201322 km.<\/li>\n<\/ul>\n<p>&nbsp;<\/p>\n<ul>\n<li aria-level=\"1\"><b>Una settimana libera e poco dislivello<\/b>: Inglese da Ferrol.<\/li>\n<\/ul>\n<p>&nbsp;<\/p>\n<ul>\n<li aria-level=\"1\"><b>Sfida di 10\u201312 giorni con costa<\/b>: Portoghese lungo la Costa da Porto.<\/li>\n<\/ul>\n<p>&nbsp;<\/p>\n<ul>\n<li aria-level=\"1\"><b>Montagna e autenticit\u00e0<\/b> (10\u201314 giorni): Primitivo da Oviedo.<\/li>\n<\/ul>\n<p>&nbsp;<\/p>\n<ul>\n<li aria-level=\"1\"><b>Ultimi 100 km confortevoli<\/b>: Sanabr\u00e9s o Francese da Sarria.<\/li>\n<\/ul>\n<p>&nbsp;<\/p>\n<p>Non esiste un \u201ccammino migliore\u201d in assoluto. Esiste il cammino giusto per te ora, in base alla tua forma fisica, et\u00e0 e tempo a disposizione. Inizia con un itinerario che ti permetta di acquisire fiducia, evita di sovraccaricarti nei primi giorni e ricorda che questa \u00e8 un\u2019esperienza di pellegrinaggio personale, non una gara.<\/p>\n","protected":false},"excerpt":{"rendered":"<p>Scegliere bene l\u2019itinerario fa la differenza tra godersi ogni tappa\u2026 o soffrire pi\u00f9 del necessario. Ecco una guida chiara e utile \u2014 con informazioni reali, consigli pratici e soluzioni \u2014 per decidere quale percorso ti conviene in base alla tua forma fisica, alla tua et\u00e0 e al tempo a disposizione. &nbsp; Prima di decidere: fattori [&hellip;]<\/p>\n","protected":false},"author":1,"featured_media":124283,"comment_status":"open","ping_status":"open","sticky":false,"template":"","format":"standard","meta":{"footnotes":""},"categories":[573,569,589,597,585],"tags":[],"class_list":["post-124327","post","type-post","status-publish","format-standard","has-post-thumbnail","hentry","category-blog-del-cammino","category-condizionamento-fisico","category-lo-zaino","category-preparativi-per-il-viaggio","category-storia"],"_links":{"self":[{"href":"https:\/\/www.mundiplus.com\/it\/wp-json\/wp\/v2\/posts\/124327","targetHints":{"allow":["GET"]}}],"collection":[{"href":"https:\/\/www.mundiplus.com\/it\/wp-json\/wp\/v2\/posts"}],"about":[{"href":"https:\/\/www.mundiplus.com\/it\/wp-json\/wp\/v2\/types\/post"}],"author":[{"embeddable":true,"href":"https:\/\/www.mundiplus.com\/it\/wp-json\/wp\/v2\/users\/1"}],"replies":[{"embeddable":true,"href":"https:\/\/www.mundiplus.com\/it\/wp-json\/wp\/v2\/comments?post=124327"}],"version-history":[{"count":3,"href":"https:\/\/www.mundiplus.com\/it\/wp-json\/wp\/v2\/posts\/124327\/revisions"}],"predecessor-version":[{"id":124437,"href":"https:\/\/www.mundiplus.com\/it\/wp-json\/wp\/v2\/posts\/124327\/revisions\/124437"}],"wp:featuredmedia":[{"embeddable":true,"href":"https:\/\/www.mundiplus.com\/it\/wp-json\/wp\/v2\/media\/124283"}],"wp:attachment":[{"href":"https:\/\/www.mundiplus.com\/it\/wp-json\/wp\/v2\/media?parent=124327"}],"wp:term":[{"taxonomy":"category","embeddable":true,"href":"https:\/\/www.mundiplus.com\/it\/wp-json\/wp\/v2\/categories?post=124327"},{"taxonomy":"post_tag","embeddable":true,"href":"https:\/\/www.mundiplus.com\/it\/wp-json\/wp\/v2\/tags?post=124327"}],"curies":[{"name":"wp","href":"https:\/\/api.w.org\/{rel}","templated":true}]}}