{"id":125508,"date":"2025-12-23T16:50:35","date_gmt":"2025-12-23T16:50:35","guid":{"rendered":"https:\/\/www.mundiplus.com\/?p=125508"},"modified":"2025-12-23T19:36:52","modified_gmt":"2025-12-23T19:36:52","slug":"arte-romanica-e-gotica-sul-cammino-francese-chiese-e-monumenti-imperdibili","status":"publish","type":"post","link":"https:\/\/www.mundiplus.com\/it\/arte-romanica-e-gotica-sul-cammino-francese\/","title":{"rendered":"Arte romanica e gotica sul Cammino Francese: chiese e monumenti imperdibili"},"content":{"rendered":"<p><img fetchpriority=\"high\" decoding=\"async\" class=\"alignnone wp-image-118987 size-full\" src=\"https:\/\/www.mundiplus.com\/wp-content\/uploads\/2025\/04\/Blog-Mundiplus.png\" alt=\"\" width=\"1023\" height=\"539\" srcset=\"https:\/\/www.mundiplus.com\/wp-content\/uploads\/2025\/04\/Blog-Mundiplus.png 1023w, https:\/\/www.mundiplus.com\/wp-content\/uploads\/2025\/04\/Blog-Mundiplus-300x158.png 300w, https:\/\/www.mundiplus.com\/wp-content\/uploads\/2025\/04\/Blog-Mundiplus-768x405.png 768w, https:\/\/www.mundiplus.com\/wp-content\/uploads\/2025\/04\/Blog-Mundiplus-600x316.png 600w\" sizes=\"(max-width: 1023px) 100vw, 1023px\" \/><\/p>\n<p>Percorrere il Cammino Francese non \u00e8 solo un&#8217;esperienza spirituale o sportiva. \u00c8, prima di tutto, un viaggio attraverso i <b>secoli di storia architettonica europea<\/b>. Ogni chiesa che incontri, ogni monastero che sorge all&#8217;orizzonte, racconta storie di fede, ingegno e evoluzione artistica che risalgono al Medioevo.<\/p>\n<p>Per oltre mille anni, due stili architettonici dominarono la costruzione di templi religiosi nella Penisola Iberica: <b>romano e gotico<\/b>. Entrambi hanno lasciato il loro segno indelebile nel Cammino Francese, trasformando questa via in una galleria a cielo aperto dove la pietra diventa arte. Se sei un pellegrino che cerca di capire cosa c&#8217;\u00e8 dietro ogni arco, ogni volta e ogni vetrata, questa guida ti sveler\u00e0 i segreti dei monumenti pi\u00f9 affascinanti del percorso.<\/p>\n<p>&nbsp;<\/p>\n<h2><b>L&#8217;arte romanica nel Cammino Francese: origini e caratteristiche<\/b><\/h2>\n<p>Il romanico arriv\u00f2 nella Penisola Iberica <b>intorno all&#8217;XI secolo<\/b>, portato da pellegrini, monaci e mercanti che viaggiavano dalla Francia. Questo stile architettonico nacque come risposta alle esigenze di una societ\u00e0 medievale che cercava di costruire <b>templi pi\u00f9 grandi e pi\u00f9 resistenti<\/b> dei suoi predecessori.<\/p>\n<p>Nel Cammino Francese, il romanico non fu una imposizione straniera, ma una <b>evoluzione naturale<\/b>. I maestri costruttori locali adottarono le tecniche francesi e le adattarono al terreno, al clima e ai materiali disponibili nella Penisola. Il risultato fu una versione unica del romanico: pi\u00f9 robusto, pi\u00f9 austero in alcuni aspetti, ma ugualmente affascinante.<\/p>\n<p>&nbsp;<\/p>\n<h3><b>Caratteristiche architettoniche del romanico in questa via<\/b><\/h3>\n<p>Il romanico si identifica per elementi molto particolari che troverai in quasi tutte le chiese di quest&#8217;epoca.<\/p>\n<p>I <b>archi a tutto sesto<\/b> sono la sua firma pi\u00f9 riconoscibile: quei semicerchi perfetti che sorreggono i tetti e creano una sensazione di solidit\u00e0 quasi incrollabile. Le volte a botte, che sembrano tunnel di pietra, distribuiscono uniformemente il peso della struttura.<\/p>\n<p>Ma c&#8217;\u00e8 di pi\u00f9. I <b>muri spessi<\/b>, quasi difensivi, proteggevano l&#8217;interno dalle intemperie. Le <b>finestre piccole<\/b>, appena delle aperture nella pietra, permettevano alla luce di entrare in modo drammatico, creando giochi di ombre che facevano sembrare ogni angolo sacro. I <b>capitelli decorati<\/b>, spesso con motivi vegetali o figure di animali, aggiungevano un tocco di ornamento che contrastava con la sobriet\u00e0 generale.<\/p>\n<p>&nbsp;<\/p>\n<h2><b>Monumenti romanici imprescindibili nel Cammino Francese<\/b><\/h2>\n<h3><b>La Cattedrale di Jaca: porta al romanico spagnolo<\/b><\/h3>\n<p><img decoding=\"async\" class=\"alignnone wp-image-125453 size-full\" src=\"https:\/\/www.mundiplus.com\/wp-content\/uploads\/2025\/12\/Catedral-de-Jaca-Mundiplus.jpg\" alt=\"\" width=\"1024\" height=\"703\" srcset=\"https:\/\/www.mundiplus.com\/wp-content\/uploads\/2025\/12\/Catedral-de-Jaca-Mundiplus.jpg 1024w, https:\/\/www.mundiplus.com\/wp-content\/uploads\/2025\/12\/Catedral-de-Jaca-Mundiplus-300x206.jpg 300w, https:\/\/www.mundiplus.com\/wp-content\/uploads\/2025\/12\/Catedral-de-Jaca-Mundiplus-768x527.jpg 768w, https:\/\/www.mundiplus.com\/wp-content\/uploads\/2025\/12\/Catedral-de-Jaca-Mundiplus-600x412.jpg 600w\" sizes=\"(max-width: 1024px) 100vw, 1024px\" \/><\/p>\n<p>Il tuo incontro con il romanico nel Cammino Francese inizia a Jaca, una piccola citt\u00e0 nell&#8217;Aragona che ospita uno dei templi pi\u00f9 importanti dell&#8217;architettura medievale spagnola.<\/p>\n<p>La <b>Cattedrale di Jaca<\/b>, iniziata nell&#8217;<b>XI secolo<\/b>, \u00e8 praticamente il primo monumento romanico che incontrerai nel tuo pellegrinaggio. Ci\u00f2 che la rende speciale \u00e8 la sua capacit\u00e0 di sintesi.<\/p>\n<p>Qui convergono influenze <b>francesi, lombarde<\/b> e anche <b>musulmane<\/b>. La sua pianta a croce latina, le tre navate e l&#8217;abside semicircolare sono classicamente romanici, ma i dettagli decorativi rivelano un affascinante incrocio culturale. I capitelli del chiostro, sebbene parzialmente distrutti, mostrano scene della vita quotidiana medievale che sono inestimabili per capire come vivevano i nostri antenati.<\/p>\n<p>&nbsp;<\/p>\n<h3><b>La Chiesa di San Pedro de Loarre<\/b><\/h3>\n<p><img decoding=\"async\" class=\"alignnone wp-image-125459 size-full\" src=\"https:\/\/www.mundiplus.com\/wp-content\/uploads\/2025\/12\/San-Pedro-de-Loarre-Mundiplus.jpg\" alt=\"\" width=\"1024\" height=\"755\" srcset=\"https:\/\/www.mundiplus.com\/wp-content\/uploads\/2025\/12\/San-Pedro-de-Loarre-Mundiplus.jpg 1024w, https:\/\/www.mundiplus.com\/wp-content\/uploads\/2025\/12\/San-Pedro-de-Loarre-Mundiplus-300x221.jpg 300w, https:\/\/www.mundiplus.com\/wp-content\/uploads\/2025\/12\/San-Pedro-de-Loarre-Mundiplus-768x566.jpg 768w, https:\/\/www.mundiplus.com\/wp-content\/uploads\/2025\/12\/San-Pedro-de-Loarre-Mundiplus-600x442.jpg 600w\" sizes=\"(max-width: 1024px) 100vw, 1024px\" \/><\/p>\n<p>A pochi chilometri da Jaca, il <b>Castello di Loarre<\/b> emerge dalla roccia come se fosse <b>parte della montagna stessa<\/b>. All&#8217;interno delle sue mura si trova la <b>Chiesa di San Pedro<\/b>, un esempio quasi perfetto di romanico puro. La sua navata unica, le finestre romaniche e l&#8217;abside semicircolare creano un&#8217;atmosfera di raccoglimento che ti trasporta direttamente nell&#8217;<b>XI secolo<\/b>.<\/p>\n<p>Ci\u00f2 che affascina di San Pedro \u00e8 la sua integrazione con la fortezza. Non \u00e8 solo un tempio religioso, ma <b>parte di un sistema difensivo<\/b>. Questa dualit\u00e0 tra sacro e militare riflette la realt\u00e0 del Medioevo, quando la religione e la difesa del territorio erano inseparabili.<\/p>\n<p>&nbsp;<\/p>\n<h3><b>Il Monastero di San Juan de la Pe\u00f1a<\/b><\/h3>\n<p><img loading=\"lazy\" decoding=\"async\" class=\"alignnone wp-image-125471 size-full\" src=\"https:\/\/www.mundiplus.com\/wp-content\/uploads\/2025\/12\/Monasterio-de-San-Juan-de-la-Pena-Mundiplus.jpg\" alt=\"\" width=\"1023\" height=\"679\" srcset=\"https:\/\/www.mundiplus.com\/wp-content\/uploads\/2025\/12\/Monasterio-de-San-Juan-de-la-Pena-Mundiplus.jpg 1023w, https:\/\/www.mundiplus.com\/wp-content\/uploads\/2025\/12\/Monasterio-de-San-Juan-de-la-Pena-Mundiplus-300x199.jpg 300w, https:\/\/www.mundiplus.com\/wp-content\/uploads\/2025\/12\/Monasterio-de-San-Juan-de-la-Pena-Mundiplus-768x510.jpg 768w, https:\/\/www.mundiplus.com\/wp-content\/uploads\/2025\/12\/Monasterio-de-San-Juan-de-la-Pena-Mundiplus-600x398.jpg 600w\" sizes=\"(max-width: 1023px) 100vw, 1023px\" \/><\/p>\n<p>Arrampicato su una <b>scogliera a 1000 metri di altezza<\/b>, il Monastero di San Juan de la Pe\u00f1a \u00e8 uno dei luoghi pi\u00f9 spettacolari del Cammino Francese. Sebbene le sue origini risalgano al <b>VII secolo<\/b>, la maggior parte di ci\u00f2 che vedi oggi \u00e8 romanico, costruito tra l&#8217;XI e il XII secolo.<\/p>\n<p>Il chiostro \u00e8 una gemma: le sue colonne gemelle, i capitelli finemente lavorati e gli archi romanici creano uno spazio di una bellezza quasi irreale. Ogni angolo invita alla contemplazione. Se hai l&#8217;opportunit\u00e0, sali fino alla chiesa superiore per godere di una vista mozzafiato.<\/p>\n<p>&nbsp;<\/p>\n<h3><b>La Colegiata di Roncesvalles<\/b><\/h3>\n<p>Roncesvalles \u00e8 il <b>punto di incontro tra Francia e Spagna<\/b>. La sua colegiata, costruita nel XII secolo, rappresenta la <b>transizione tra il romanico tardivo e i primi cenni del gotico<\/b>. La chiesa, dedicata a Santa Maria, unisce la solidit\u00e0 romanica con dettagli che anticipano l&#8217;eleganza gotica.<\/p>\n<p>Il chiostro, sebbene pi\u00f9 tardivo (XIV secolo), conserva elementi romanici che dimostrano come gli stili abbiano convissuto per secoli. \u00c8 un luogo di transizione, sia geografica che architettonica.<\/p>\n<p>&nbsp;<\/p>\n<h2><b>La transizione al gotico: cambiamenti nell&#8217;architettura del cammino<\/b><\/h2>\n<p>Intorno al XII secolo, qualcosa cambi\u00f2 nel modo in cui i costruttori medievali concepivano lo spazio e la luce. Il gotico, nato in Francia, arriv\u00f2 nella Penisola Iberica con una promessa rivoluzionaria: <b>costruire pi\u00f9 alto, pi\u00f9 luminoso, pi\u00f9 ambizioso<\/b>. Se il romanico era l&#8217;espressione della solidit\u00e0, il gotico era l&#8217;<b>espressione dell&#8217;aspirazione<\/b>.<\/p>\n<p>Il Cammino Francese fu uno dei primi luoghi in cui il gotico affond\u00f2 le radici in Spagna. Le <b>cattedrali di Burgos e Le\u00f3n<\/b> sono testimonianze di questa trasformazione. Non fu un cambiamento brusco, ma graduale. Per decenni, i due stili convivevano, influenzandosi reciprocamente, creando uno stile ibrido che \u00e8 caratteristicamente iberico.<\/p>\n<p>&nbsp;<\/p>\n<h3><b>Differenze tra romanico e gotico nel percorso<\/b><\/h3>\n<p>Se il romanico ti impressiona per la sua solidit\u00e0, il gotico ti affasciner\u00e0 per la sua leggerezza. Dove il romanico usa archi a tutto sesto, il gotico impiega <b>archi acuti che sembrano voler toccare il cielo<\/b>. Dove il romanico ha muri spessi, il gotico li riduce al minimo necessario, permettendo che <b>la luce entri attraverso enormi vetrate<\/b>.<\/p>\n<p>I contrafforti e i volti del gotico sono il suo segreto: queste strutture esterne permettono che i muri siano pi\u00f9 sottili e le finestre pi\u00f9 grandi. \u00c8 ingegneria al servizio della spiritualit\u00e0. Il romanico ti fa sentire protetto; il gotico ti fa sentire elevato.<\/p>\n<p>&nbsp;<\/p>\n<h2><b>Gioielli gotici del Cammino Francese<\/b><\/h2>\n<h3><b>La Cattedrale di Burgos: massima espressione del gotico spagnolo<\/b><\/h3>\n<p><img loading=\"lazy\" decoding=\"async\" class=\"alignnone wp-image-125469 size-full\" src=\"https:\/\/www.mundiplus.com\/wp-content\/uploads\/2025\/12\/Catedral-Burgos-Mundiplus.jpg\" alt=\"\" width=\"1024\" height=\"758\" srcset=\"https:\/\/www.mundiplus.com\/wp-content\/uploads\/2025\/12\/Catedral-Burgos-Mundiplus.jpg 1024w, https:\/\/www.mundiplus.com\/wp-content\/uploads\/2025\/12\/Catedral-Burgos-Mundiplus-300x222.jpg 300w, https:\/\/www.mundiplus.com\/wp-content\/uploads\/2025\/12\/Catedral-Burgos-Mundiplus-768x569.jpg 768w, https:\/\/www.mundiplus.com\/wp-content\/uploads\/2025\/12\/Catedral-Burgos-Mundiplus-600x444.jpg 600w\" sizes=\"(max-width: 1024px) 100vw, 1024px\" \/><\/p>\n<p>La <b>Cattedrale di Burgos<\/b> \u00e8, senza esagerazione, uno dei templi pi\u00f9 spettacolari di tutta Europa. Iniziata nel <b>1221<\/b>, questa cattedrale \u00e8 il <b>punto di riferimento del gotico spagnolo<\/b>. Le sue due torri gemelle, con le loro guglie traforate, sono visibili a chilometri di distanza e fungono da faro spirituale per i pellegrini.<\/p>\n<p>Ci\u00f2 che la rende unica \u00e8 la sua evoluzione. Cominci\u00f2 come gotico puro, ma nel corso dei secoli sono stati aggiunti elementi <b>rinascimentali, barocchi<\/b> e anche <b>neoclassici<\/b>. \u00c8 un palinsesto architettonico dove ogni epoca ha lasciato il suo segno. L&#8217;interno \u00e8 altrettanto impressionante: le sue volte sembrano galleggiare, le sue colonne si elevano verso l&#8217;infinito e la luce che entra attraverso le vetrate crea un&#8217;atmosfera quasi mistica.<\/p>\n<p>&nbsp;<\/p>\n<h3><b>La Cattedrale di Le\u00f3n: luce e verticalit\u00e0<\/b><\/h3>\n<p><img loading=\"lazy\" decoding=\"async\" class=\"alignnone wp-image-125477 size-full\" src=\"https:\/\/www.mundiplus.com\/wp-content\/uploads\/2025\/12\/Catedral-de-Leon-Mundiplus.jpg\" alt=\"\" width=\"1024\" height=\"765\" srcset=\"https:\/\/www.mundiplus.com\/wp-content\/uploads\/2025\/12\/Catedral-de-Leon-Mundiplus.jpg 1024w, https:\/\/www.mundiplus.com\/wp-content\/uploads\/2025\/12\/Catedral-de-Leon-Mundiplus-300x224.jpg 300w, https:\/\/www.mundiplus.com\/wp-content\/uploads\/2025\/12\/Catedral-de-Leon-Mundiplus-768x574.jpg 768w, https:\/\/www.mundiplus.com\/wp-content\/uploads\/2025\/12\/Catedral-de-Leon-Mundiplus-600x448.jpg 600w\" sizes=\"(max-width: 1024px) 100vw, 1024px\" \/><\/p>\n<p>Se Burgos \u00e8 l&#8217;espressione dell&#8217;ambizione gotica, Le\u00f3n \u00e8 l&#8217;<b>espressione della sua poesia<\/b>. La Cattedrale di Le\u00f3n, iniziata nel <b>1205<\/b>, \u00e8 una lezione magistrale su <b>come usare la luce come materiale di costruzione<\/b>. Le sue vetrate, alcune delle pi\u00f9 antiche di Spagna, trasformano la luce solare in colore ed emozione.<\/p>\n<p>L&#8217;interno \u00e8 sorprendentemente luminoso per un edificio medievale. Questo \u00e8 dovuto al fatto che le sue mura sono pi\u00f9 sottili rispetto a quelle di altre cattedrali gotiche, permettendo alla luce di penetrare profondamente. Quando entrerai, sentirai come se fossi dentro a una gemma di cristallo e pietra.<\/p>\n<p>&nbsp;<\/p>\n<h3><b>La Chiesa di San Isidoro di Le\u00f3n<\/b><\/h3>\n<p>Anche se San Isidoro \u00e8 principalmente romanica, la sua evoluzione verso il gotico \u00e8 evidente nelle sue cappelle successive. Questa chiesa, costruita tra l&#8217;<b>XI e il XIII secolo<\/b>, \u00e8 un museo vivente della transizione architettonica. Il suo Pantheon dei Re, decorato con affreschi romanici, \u00e8 uno degli spazi pi\u00f9 belli dell&#8217;arte medievale spagnola.<\/p>\n<p>&nbsp;<\/p>\n<h3><b>La Cattedrale di Astorga<\/b><\/h3>\n<p><img loading=\"lazy\" decoding=\"async\" class=\"alignnone wp-image-125483 size-full\" src=\"https:\/\/www.mundiplus.com\/wp-content\/uploads\/2025\/12\/Catedral-de-Astorga-Mundiplus.jpg\" alt=\"\" width=\"1023\" height=\"685\" srcset=\"https:\/\/www.mundiplus.com\/wp-content\/uploads\/2025\/12\/Catedral-de-Astorga-Mundiplus.jpg 1023w, https:\/\/www.mundiplus.com\/wp-content\/uploads\/2025\/12\/Catedral-de-Astorga-Mundiplus-300x201.jpg 300w, https:\/\/www.mundiplus.com\/wp-content\/uploads\/2025\/12\/Catedral-de-Astorga-Mundiplus-768x514.jpg 768w, https:\/\/www.mundiplus.com\/wp-content\/uploads\/2025\/12\/Catedral-de-Astorga-Mundiplus-600x402.jpg 600w\" sizes=\"(max-width: 1023px) 100vw, 1023px\" \/><\/p>\n<p>La Cattedrale di Astorga, iniziata nel <b>secolo XV<\/b>, rappresenta il gotico tardo. Sebbene pi\u00f9 recente di Burgos o Le\u00f3n, la sua bellezza non \u00e8 inferiore. La sua facciata, con le sue torri e i suoi dettagli ornamentali, \u00e8 una sinfonia di pietra. L&#8217;interno, sebbene meno luminoso di Le\u00f3n, possiede un&#8217;eleganza serena che invita alla contemplazione.<\/p>\n<p>&nbsp;<\/p>\n<h2><b>Comparativa architettonica: altre rotte del Cammino di Santiago<\/b><\/h2>\n<h3><b>Patrimonio romanico e gotico nel Cammino Portoghese<\/b><\/h3>\n<p>Il Cammino Portoghese offre una prospettiva diversa del patrimonio medievale. Sebbene meno conosciuta, questa rotta ospita gioielli architettonici che meritano la tua attenzione. Puoi consultare maggiori dettagli sulle <a href=\"https:\/\/www.mundiplus.com\/it\/caminos\/a-pie\/camino-portugues\/camino-de-santiago-desde-oporto\/\"><b>fasi da Oporto a Tui<\/b><\/a> per scoprire come il romanico e il gotico si esprimono in modo diverso nel territorio portoghese.<\/p>\n<p>In Portogallo, il romanico ha caratteristiche proprie: \u00e8 pi\u00f9 <b>influenzato dall&#8217;arte islamica<\/b> e dalle tradizioni costruttive locali. Le chiese portoghesi tendono ad essere <b>pi\u00f9 compatte<\/b>, pi\u00f9 difensive, riflettendo la realt\u00e0 di un regno che era costantemente in conflitto con i suoi vicini.<\/p>\n<p>Il gotico portoghese, d&#8217;altra parte, \u00e8 <b>pi\u00f9 ornamentale<\/b>, pi\u00f9 decorativo, influenzato dalle correnti artistiche del nord Europa.<\/p>\n<p>&nbsp;<\/p>\n<h4><b>Tesori architettonici della Variante Spirituale<\/b><\/h4>\n<p>La <a href=\"https:\/\/www.mundiplus.com\/it\/caminos\/a-pie\/variante-espiritual\/\"><b>rotta della Variante Spirituale<\/b><\/a> \u00e8 un percorso meno frequentato che offre un&#8217;esperienza pi\u00f9 intima del patrimonio medievale. Questo percorso attraversa regioni dove il romanico tardo e il gotico primitivo convivono in modo affascinante.<\/p>\n<p>Qui troverai chiese parrocchiali che non appaiono nelle guide turistiche principali, ma che sono altrettanto preziose dal punto di vista architettonico. Costruite da maestri costruttori locali, mostrano come le grandi tendenze architettoniche si adattassero alle realt\u00e0 delle comunit\u00e0 rurali. Qui, <b>il romanico \u00e8 pi\u00f9 austero e il gotico \u00e8 pi\u00f9 pratico<\/b>, ma entrambi sono autentici.<\/p>\n<p>&nbsp;<\/p>\n<h3><b>Arte medievale nelle tappe da Orense a Santiago (Cammino Sanabr\u00e9s)<\/b><\/h3>\n<p>Il Cammino Sanabr\u00e9s, che parte da Orense, \u00e8 un&#8217;altra rotta che merita la tua esplorazione. Puoi conoscere maggiori dettagli sulle <a href=\"https:\/\/www.mundiplus.com\/it\/caminos\/a-pie\/camino-sanabres\/camino-de-santiago-desde-orense\/\"><b>tappe da Orense a Santiago<\/b><\/a> per pianificare un percorso che ti permetta di scoprire il patrimonio architettonico della Galizia da una prospettiva diversa.<\/p>\n<p>In Galizia, il romanico ha un carattere molto particolare. Influenzato dall&#8217;architettura francese ma <b>adattato al clima atlantico<\/b> e ai materiali locali, il romanico galiziano \u00e8 pi\u00f9 sobrio, pi\u00f9 funzionale. Le chiese galiziane tendono ad avere piante pi\u00f9 semplici, ma i loro <b>dettagli decorativi sono spesso pi\u00f9 raffinati<\/b>.<\/p>\n<p>Il gotico galiziano, d&#8217;altra parte, \u00e8 <b>pi\u00f9 tardo rispetto ad altre regioni<\/b>, ma quando arriva, lo fa con tutta la sua forza, specialmente nelle cattedrali di Santiago e Lugo.<\/p>\n<p>Per una visione completa del <a href=\"https:\/\/www.mundiplus.com\/it\/\"><b>patrimonio del Cammino di Santiago<\/b><\/a>, \u00e8 essenziale capire che ogni rotta offre una prospettiva unica su come l&#8217;arte medievale si sia sviluppata in contesti geografici e culturali differenti.<\/p>\n<p>&nbsp;<\/p>\n<h2><b>Come sfruttare il tuo viaggio per scoprire questi monumenti<\/b><\/h2>\n<h3><b>Fermate strategiche per tappe<\/b><\/h3>\n<p>Non \u00e8 necessario deviare molto dalla tua rotta per visitare questi monumenti. La maggior parte si trova direttamente lungo il Cammino Francese o a pochi chilometri di distanza. Nella tua prima settimana, dai Pirenei a Puente la Reina, avrai l&#8217;opportunit\u00e0 di visitare <b>Jaca, Loarre, San Juan de la Pe\u00f1a e Roncesvalles<\/b>. Dedica del tempo ad ognuno; non \u00e8 una corsa.<\/p>\n<p>A Burgos, pianifica una <b>fermata di almeno due giorni<\/b>. La cattedrale merita pi\u00f9 di una visita. Entra al tramonto per vedere come la luce trasforma l&#8217;interno. Sali alle torri se hai l&#8217;opportunit\u00e0. Esplora il chiostro. L&#8217;architettura gotica di Burgos \u00e8 cos\u00ec complessa che ogni visita rivela nuovi dettagli.<\/p>\n<p>Le\u00f3n <b>merita anche due giorni<\/b>. Oltre alla cattedrale, puoi visitare San Isidoro. Cammina per le strade medievali della citt\u00e0. Sentiti come un pellegrino del XII secolo, quando questa citt\u00e0 era uno dei centri pi\u00f9 importanti del cristianesimo iberico.<\/p>\n<p>&nbsp;<\/p>\n<h3><b>Consigli per godere del patrimonio architettonico<\/b><\/h3>\n<p>Porta una guida architettonica o scarica un&#8217;applicazione che ti aiuti a identificare gli elementi romanici e gotici. Questo trasformer\u00e0 la tua esperienza. Invece di limitarti a guardare, capirai cosa stai osservando.<\/p>\n<p>Visita le chiese in <b>diversi momenti della giornata<\/b>. La luce cambia, e con essa, l&#8217;atmosfera dello spazio. Una chiesa che sembra sobria a mezzogiorno pu\u00f2 sembrare magica al tramonto, quando la luce entra ad angolo e crea ombre drammatiche.<\/p>\n<p>Parla con i custodi e i sagrestani. Spesso hanno storie affascinanti sulle loro chiese, dettagli che non troverai in nessun libro. Sono i custodi della memoria architettonica.<\/p>\n<p>&nbsp;<\/p>\n<h2><b>Il Cammino Francese come galleria d&#8217;arte medievale<\/b><\/h2>\n<p>Il Cammino Francese \u00e8 pi\u00f9 di una rotta di pellegrinaggio. \u00c8 un <b>viaggio attraverso la storia dell&#8217;arte medievale europea<\/b>. Ogni chiesa che visiterai, ogni monumento che contemplerai, \u00e8 una testimonianza della fede, dell&#8217;ingegno e della dedizione di generazioni di costruttori, artisti e credenti.<\/p>\n<p>Il romanico ti insegna la solidit\u00e0, la permanenza, la connessione con la terra. Il gotico ti insegna l&#8217;aspirazione, la leggerezza, il desiderio di toccare il divino. Insieme, questi due stili raccontano la storia di come l&#8217;umanit\u00e0 medievale intendeva il proprio posto nell&#8217;universo.<\/p>\n<p>Durante la tua peregrinazione, non dimenticare di alzare lo sguardo. Osserva gli archi, i capitelli, le vetrate. Ogni dettaglio \u00e8 una parola nel linguaggio universale dell&#8217;architettura. E se davvero vuoi capire questo linguaggio, prendi in considerazione di esplorare anche le altre rotte del Cammino di Santiago. Ognuna offre la propria prospettiva, la propria bellezza, la propria verit\u00e0.<\/p>\n<p>Il Cammino Francese \u00e8 il cuore di questa esperienza, ma l&#8217;intero corpo del Cammino di Santiago \u00e8 ci\u00f2 che ti permetter\u00e0 di comprendere davvero la ricchezza del patrimonio medievale iberico. Che la tua peregrinazione sia tanto un viaggio spirituale quanto un viaggio attraverso la storia dell&#8217;arte.<\/p>\n","protected":false},"excerpt":{"rendered":"<p>Percorrere il Cammino Francese non \u00e8 solo un&#8217;esperienza spirituale o sportiva. \u00c8, prima di tutto, un viaggio attraverso i secoli di storia architettonica europea. Ogni chiesa che incontri, ogni monastero che sorge all&#8217;orizzonte, racconta storie di fede, ingegno e evoluzione artistica che risalgono al Medioevo. Per oltre mille anni, due stili architettonici dominarono la costruzione [&hellip;]<\/p>\n","protected":false},"author":1,"featured_media":125469,"comment_status":"open","ping_status":"open","sticky":false,"template":"","format":"standard","meta":{"footnotes":""},"categories":[573,577,585],"tags":[],"class_list":["post-125508","post","type-post","status-publish","format-standard","has-post-thumbnail","hentry","category-blog-del-cammino","category-cammino-a-piedi","category-storia"],"_links":{"self":[{"href":"https:\/\/www.mundiplus.com\/it\/wp-json\/wp\/v2\/posts\/125508","targetHints":{"allow":["GET"]}}],"collection":[{"href":"https:\/\/www.mundiplus.com\/it\/wp-json\/wp\/v2\/posts"}],"about":[{"href":"https:\/\/www.mundiplus.com\/it\/wp-json\/wp\/v2\/types\/post"}],"author":[{"embeddable":true,"href":"https:\/\/www.mundiplus.com\/it\/wp-json\/wp\/v2\/users\/1"}],"replies":[{"embeddable":true,"href":"https:\/\/www.mundiplus.com\/it\/wp-json\/wp\/v2\/comments?post=125508"}],"version-history":[{"count":3,"href":"https:\/\/www.mundiplus.com\/it\/wp-json\/wp\/v2\/posts\/125508\/revisions"}],"predecessor-version":[{"id":125547,"href":"https:\/\/www.mundiplus.com\/it\/wp-json\/wp\/v2\/posts\/125508\/revisions\/125547"}],"wp:featuredmedia":[{"embeddable":true,"href":"https:\/\/www.mundiplus.com\/it\/wp-json\/wp\/v2\/media\/125469"}],"wp:attachment":[{"href":"https:\/\/www.mundiplus.com\/it\/wp-json\/wp\/v2\/media?parent=125508"}],"wp:term":[{"taxonomy":"category","embeddable":true,"href":"https:\/\/www.mundiplus.com\/it\/wp-json\/wp\/v2\/categories?post=125508"},{"taxonomy":"post_tag","embeddable":true,"href":"https:\/\/www.mundiplus.com\/it\/wp-json\/wp\/v2\/tags?post=125508"}],"curies":[{"name":"wp","href":"https:\/\/api.w.org\/{rel}","templated":true}]}}