{"id":126634,"date":"2026-02-24T09:17:39","date_gmt":"2026-02-24T09:17:39","guid":{"rendered":"https:\/\/www.mundiplus.com\/?p=126634"},"modified":"2026-02-24T09:22:23","modified_gmt":"2026-02-24T09:22:23","slug":"il-cammino-e-la-creativita-come-il-percorso-ispira-artisti-e-scrittori","status":"publish","type":"post","link":"https:\/\/www.mundiplus.com\/it\/creativita-sul-cammino-di-santiago\/","title":{"rendered":"Il Cammino e la creativit\u00e0: come il percorso ispira artisti e scrittori"},"content":{"rendered":"<p><img fetchpriority=\"high\" decoding=\"async\" class=\"alignnone wp-image-118987 size-full\" src=\"https:\/\/www.mundiplus.com\/wp-content\/uploads\/2025\/04\/Blog-Mundiplus.png\" alt=\"\" width=\"1023\" height=\"539\" srcset=\"https:\/\/www.mundiplus.com\/wp-content\/uploads\/2025\/04\/Blog-Mundiplus.png 1023w, https:\/\/www.mundiplus.com\/wp-content\/uploads\/2025\/04\/Blog-Mundiplus-300x158.png 300w, https:\/\/www.mundiplus.com\/wp-content\/uploads\/2025\/04\/Blog-Mundiplus-768x405.png 768w, https:\/\/www.mundiplus.com\/wp-content\/uploads\/2025\/04\/Blog-Mundiplus-600x316.png 600w\" sizes=\"(max-width: 1023px) 100vw, 1023px\" \/><\/p>\n<p>Ci sono viaggi che si ricordano per le foto e altri che si ricordano per <b>ci\u00f2 che \u201cmuovono dentro\u201d<\/b>. Il Cammino \u00e8, per molte persone, questo secondo tipo di esperienza: un percorso che <b>ordina i pensieri, apre conversazioni<\/b> e trasforma il quotidiano (camminare, mangiare, riposare) in un rituale dal ritmo proprio. Non \u00e8 raro, quindi, che nei secoli abbia generato musica, racconti, diari, disegni, fotografie e poesie.<\/p>\n<p>In questo articolo esploriamo <b>perch\u00e9 il pellegrinaggio favorisce la creativit\u00e0<\/b>. Parleremo di quali tradizioni e simboli funzionano da detonatori artistici, quali periodi dell\u2019anno facilitano un \u201cCammino creativo\u201d e quali percorsi (e tratti) offrono generalmente le migliori condizioni per scrivere, creare o semplicemente osservare con maggiore attenzione.<\/p>\n<p>&nbsp;<\/p>\n<h2><b>Perch\u00e9 camminare stimola le idee<\/b><\/h2>\n<p><img decoding=\"async\" class=\"alignnone wp-image-126578 size-full\" src=\"https:\/\/www.mundiplus.com\/wp-content\/uploads\/2026\/02\/El-Camino-y-la-creatividad-Mundiplus.jpg\" alt=\"\" width=\"1025\" height=\"572\" srcset=\"https:\/\/www.mundiplus.com\/wp-content\/uploads\/2026\/02\/El-Camino-y-la-creatividad-Mundiplus.jpg 1025w, https:\/\/www.mundiplus.com\/wp-content\/uploads\/2026\/02\/El-Camino-y-la-creatividad-Mundiplus-300x167.jpg 300w, https:\/\/www.mundiplus.com\/wp-content\/uploads\/2026\/02\/El-Camino-y-la-creatividad-Mundiplus-768x429.jpg 768w, https:\/\/www.mundiplus.com\/wp-content\/uploads\/2026\/02\/El-Camino-y-la-creatividad-Mundiplus-600x335.jpg 600w\" sizes=\"(max-width: 1025px) 100vw, 1025px\" \/><\/p>\n<p>La creativit\u00e0 non appare solo quando \u201cci mettiamo a pensare\u201d, ma quando corpo e ambiente aiutano la mente a cambiare ritmo. Camminare attiva questo cambiamento in modo molto diretto. Studi di psicologia hanno dimostrato che <b>camminare pu\u00f2 migliorare la generazione di idee<\/b> (specialmente in compiti di pensiero divergente, come produrre alternative o associazioni) e che l\u2019effetto si percepisce durante la camminata e anche poco dopo.<\/p>\n<p>Inoltre, quando si cammina in ambienti naturali \u2014 boschi, sentieri rurali, coste, montagne \u2014 si aggiungono altri fattori: riduzione delle interruzioni, relativo silenzio, minore esposizione agli schermi e il tipo di attenzione \u201csoft\u201d che provocano i paesaggi (guardare il cielo, ascoltare l\u2019acqua, seguire un sentiero).<\/p>\n<p>Nel complesso, tutto ci\u00f2 favorisce una mente pi\u00f9 disponibile a connettere ricordi, ordinare emozioni e generare nuove idee.<\/p>\n<p>Il Cammino riunisce, quasi per design, diversi ingredienti che solitamente si associano a momenti creativi:<\/p>\n<p>&nbsp;<\/p>\n<ul>\n<li aria-level=\"1\"><b>Ritmo ripetitivo<\/b> (passi, respiro, tappe) che calma il \u201crumore mentale\u201d.<\/li>\n<\/ul>\n<p>&nbsp;<\/p>\n<ul>\n<li aria-level=\"1\"><b>Spazio di transizione<\/b>: uscire dalla routine crea una sensazione di \u201cpausa vitale\u201d che facilita nuove riflessioni.<\/li>\n<\/ul>\n<p>&nbsp;<\/p>\n<ul>\n<li aria-level=\"1\"><b>Contatto con natura e patrimonio<\/b>, che amplia gli stimoli senza saturare.<\/li>\n<\/ul>\n<p>&nbsp;<\/p>\n<ul>\n<li aria-level=\"1\"><b>Storie condivise<\/b>: conversazioni, caff\u00e8, cammini paralleli e brevi addii.<\/li>\n<\/ul>\n<p>&nbsp;<\/p>\n<ul>\n<li aria-level=\"1\"><b>Tempo senza fretta<\/b> per osservare, annotare e recuperare curiosit\u00e0.<\/li>\n<\/ul>\n<p>&nbsp;<\/p>\n<p>In termini semplici: quando il corpo si muove e l\u2019ambiente accompagna, la mente trova spazio per immaginare.<\/p>\n<p>&nbsp;<\/p>\n<h2><b>Il Cammino come \u201carchivio culturale\u201d vivo<\/b><\/h2>\n<p><img decoding=\"async\" class=\"alignnone wp-image-126572 size-full\" src=\"https:\/\/www.mundiplus.com\/wp-content\/uploads\/2026\/02\/El-Camino-como-archivo-cultural-vivo-Mundiplus.jpg\" alt=\"\" width=\"1025\" height=\"572\" srcset=\"https:\/\/www.mundiplus.com\/wp-content\/uploads\/2026\/02\/El-Camino-como-archivo-cultural-vivo-Mundiplus.jpg 1025w, https:\/\/www.mundiplus.com\/wp-content\/uploads\/2026\/02\/El-Camino-como-archivo-cultural-vivo-Mundiplus-300x167.jpg 300w, https:\/\/www.mundiplus.com\/wp-content\/uploads\/2026\/02\/El-Camino-como-archivo-cultural-vivo-Mundiplus-768x429.jpg 768w, https:\/\/www.mundiplus.com\/wp-content\/uploads\/2026\/02\/El-Camino-como-archivo-cultural-vivo-Mundiplus-600x335.jpg 600w\" sizes=\"(max-width: 1025px) 100vw, 1025px\" \/><\/p>\n<p>Al di l\u00e0 del personale, il percorso \u00e8 un grande <b>corridoio di scambio culturale<\/b>. Per secoli ha collegato territori, lingue, stili artistici e forme di narrazione. Oggi questa dimensione culturale resta visibile in chiese, ponti, ospedali storici, segnaletica del percorso, canti tradizionali e leggende locali. Non parliamo solo di un itinerario: parliamo di una rete che ha lasciato un segno nella storia europea.<\/p>\n<p>Questa rilevanza \u00e8 riconosciuta da istituzioni internazionali. Da un lato, il Cammino \u00e8 stato certificato come <b>Itinerario Culturale Europeo<\/b> ed \u00e8 stato descritto come simbolo di rivitalizzazione dei percorsi storici di incontro. Dall\u2019altro, ci sono tratti riconosciuti come patrimonio mondiale, in parte per il loro ruolo nello scambio culturale e per il patrimonio materiale associato al pellegrinaggio.<\/p>\n<p>Va anche ricordato che l\u2019esperienza \u00e8 stata narrata da tempo. Un esempio fondamentale \u00e8 il <b>Codice Calixtino<\/b> (XII secolo), un manoscritto legato alla tradizione giacobina che include, tra l\u2019altro, testi liturgici e materiali interpretati come una <b>guida medievale del pellegrino<\/b>. La sua sola esistenza dice molto: gi\u00e0 allora il percorso produceva racconto, musica, descrizioni e memoria culturale.<\/p>\n<p>&nbsp;<\/p>\n<h2><b>Opere, racconti e sguardi contemporanei<\/b><\/h2>\n<p>Negli ultimi tempi, il pellegrinaggio \u00e8 apparso in libri, film e progetti creativi molto diversi. Due riferimenti aiutano a comprenderne l\u2019impatto:<\/p>\n<p>&nbsp;<\/p>\n<ul>\n<li aria-level=\"1\"><b>The Pilgrimage<\/b> (Paulo Coelho): un romanzo basato sull\u2019esperienza dell\u2019autore lungo una variante specifica, che mescola viaggio fisico e ricerca interiore.<\/li>\n<\/ul>\n<p>&nbsp;<\/p>\n<ul>\n<li aria-level=\"1\"><b>The Way<\/b> (Emilio Est\u00e9vez, 2010): film che si \u00e8 diffuso a livello internazionale e che molte persone citano come spinta a intraprendere il cammino.<\/li>\n<\/ul>\n<p>&nbsp;<\/p>\n<p>Non serve che queste opere piacciano per essere utili: <b>funzionano come specchio<\/b>. Mostrano come il percorso si presti alla narrazione perch\u00e9 include un principio chiaro (partenza), uno sviluppo per tappe (conflitti, stanchezza, incontri, cambiamenti) e una conclusione con forte carica simbolica (arrivo a Santiago e talvolta estensione fino alla costa).<\/p>\n<p>&nbsp;<\/p>\n<h2><b>Percorsi e tratti con maggiore predisposizione creativa<\/b><\/h2>\n<p><img loading=\"lazy\" decoding=\"async\" class=\"alignnone wp-image-126584 size-full\" src=\"https:\/\/www.mundiplus.com\/wp-content\/uploads\/2026\/02\/Rutas-del-Camino-de-Santiago-para-la-creatividad-Mundiplus.jpg\" alt=\"\" width=\"1025\" height=\"572\" srcset=\"https:\/\/www.mundiplus.com\/wp-content\/uploads\/2026\/02\/Rutas-del-Camino-de-Santiago-para-la-creatividad-Mundiplus.jpg 1025w, https:\/\/www.mundiplus.com\/wp-content\/uploads\/2026\/02\/Rutas-del-Camino-de-Santiago-para-la-creatividad-Mundiplus-300x167.jpg 300w, https:\/\/www.mundiplus.com\/wp-content\/uploads\/2026\/02\/Rutas-del-Camino-de-Santiago-para-la-creatividad-Mundiplus-768x429.jpg 768w, https:\/\/www.mundiplus.com\/wp-content\/uploads\/2026\/02\/Rutas-del-Camino-de-Santiago-para-la-creatividad-Mundiplus-600x335.jpg 600w\" sizes=\"(max-width: 1025px) 100vw, 1025px\" \/><\/p>\n<p>La creativit\u00e0 non dipende solo dal luogo, ma il luogo pu\u00f2 favorirla. Sul Cammino influiscono la densit\u00e0 di pellegrini, il tipo di paesaggio, la disponibilit\u00e0 di spazi tranquilli, la presenza di mare o montagna, il clima e il \u201ctempo\u201d di ciascuna tappa (se obbliga ad accelerare o se lascia margine per fermarsi, guardare e scrivere).<\/p>\n<p>Di seguito, una guida pratica \u2014 senza dogmi \u2014 sulla predisposizione creativa di alcune rotte e tratti. Usala come mappa di sensazioni: sei tu a decidere cosa ti ispira di pi\u00f9.<\/p>\n<p>&nbsp;<\/p>\n<h3><b>Cammino del Nord: dialogo con il mare<\/b><\/h3>\n<p>Se la tua creativit\u00e0 si nutre di <b>orizzonti ampi, cambi di luce e suoni costanti<\/b> (onde, vento), il Nord \u00e8 spesso un grande alleato. La costa offre una narrativa naturale: scogliere, spiagge, borghi marinari e una meteorologia variabile che cambia l\u2019umore della giornata. Questo \u201ccambiamento continuo\u201d funziona molto bene per <b>artisti visivi<\/b> e <b>scrittori che lavorano con atmosfere<\/b>.<\/p>\n<p>Un tratto particolarmente suggestivo per chi cerca mare e scrittura per tappe \u00e8 l\u2019opzione di <a href=\"https:\/\/www.mundiplus.com\/it\/caminos\/a-pie\/camino-norte\/camino-de-santiago-desde-gijon\/\"> <b>ispirazione sul Cammino del Nord da Gij\u00f3n<\/b><\/a> fino a Ribadeo. Nelle sue tappe, il carattere atlantico e il ritmo delle giornate possono adattarsi a un diario, fotografia o schizzi rapidi.<\/p>\n<p>&nbsp;<\/p>\n<ul>\n<li aria-level=\"1\"><b>Ideale per<\/b>: diari di viaggio, fotografia paesaggistica, scrittura contemplativa, progetti sonori (note sul campo), acquerello veloce, collage di percorso.<\/li>\n<\/ul>\n<p>&nbsp;<\/p>\n<h3><b>Cammino Francese: patrimonio, borghi e \u201cscene\u201d narrative<\/b><\/h3>\n<p>Il Francese ha un chiaro vantaggio per i creatori: una <b>alta concentrazione di patrimonio<\/b>, localit\u00e0 con identit\u00e0 propria e una struttura di tappe molto \u201ccontabile\u201d, perfetta per costruire un progetto per capitoli. Se stai scrivendo un <b>romanzo a puntate<\/b>, un diario con struttura fissa o una serie di illustrazioni (una al giorno), questo percorso funziona molto bene.<\/p>\n<p>Per chi desidera un inizio con cultura urbana e atmosfera storica, pu\u00f2 essere interessante il <a href=\"https:\/\/www.mundiplus.com\/it\/caminos\/a-pie\/camino-frances\/camino-de-santiago-desde-burgos\/\"> <b>Cammino Francese da Burgos<\/b><\/a>. Questa localit\u00e0 e il suo contesto favoriscono il contrasto tra citt\u00e0 monumentale e uscita verso tappe pi\u00f9 aperte, un elemento narrativo molto utile.<\/p>\n<p>Se, invece, cerchi un tratto dove combinare paesaggio, cultura e un ritmo che permetta di fermarsi a <b>scrivere senza sentirsi \u201cin ritardo\u201d<\/b>, il <a href=\"https:\/\/www.mundiplus.com\/it\/caminos\/a-pie\/camino-frances\/camino-de-santiago-desde-logrono\/\"> <b>Cammino Francese da Logro\u00f1o<\/b><\/a> pu\u00f2 adattarsi perfettamente. Camminare tra zone di transizione tra borghi e ambienti rurali \u00e8 spesso fertile per le idee, soprattutto se lavori con descrizioni, personaggi osservati o scene brevi.<\/p>\n<p>&nbsp;<\/p>\n<ul>\n<li aria-level=\"1\"><b>Ideale per<\/b>: cronaca e reportage, romanzo di viaggio, illustrazione a tappe, architettura e dettaglio (appunti), progetti su gastronomia e cultura locale.<\/li>\n<\/ul>\n<p>&nbsp;<\/p>\n<h3><b>Cammino Primitivo: origine storica e creativit\u00e0 in chiave montana<\/b><\/h3>\n<p>Se cerchi un\u2019esperienza creativa pi\u00f9 introspettiva \u2014 meno \u201cscena sociale\u201d e pi\u00f9 osservazione interiore \u2014 il <b>Cammino Primitivo<\/b> si adatta molto bene. Non solo per il suo profilo pi\u00f9 impegnativo in alcuni tratti, ma anche per il suo carico simbolico: \u00e8 considerato il <b>percorso pi\u00f9 antico<\/b>, legato al primo pellegrinaggio reale documentato, e collega Oviedo a Santiago attraversando paesaggi dove la natura detta il ritmo.<\/p>\n<p>Creativamente, \u00e8 un percorso che invita a <b>lavorare con il silenzio, la pausa e la scrittura di sottofondo<\/b>: note di riflessione, diari pi\u00f9 intimi, fotografia delle nebbie, texture del bosco e racconti dove il \u201cclima\u201d (nel senso emotivo e ambientale) diventa un personaggio.<\/p>\n<p>&nbsp;<\/p>\n<ul>\n<li aria-level=\"1\"><b>Ideale per<\/b>: diario personale, poesia, fotografia atmosferica, quaderno di schizzi con paesaggio e dettagli naturali, progetti di \u201cbit\u00e1cora\u201d (testo + disegno).<\/li>\n<\/ul>\n<p>&nbsp;<\/p>\n<ul>\n<li aria-level=\"1\"><b>Consiglio creativo<\/b>: sui percorsi con profilo pi\u00f9 montuoso, l\u2019energia conta. Se vuoi creare, funziona meglio fissare un obiettivo piccolo (per esempio, 10 righe la sera o 1 foto tematica al giorno) e lasciare l\u2019\u201copera grande\u201d per il ritorno.<\/li>\n<\/ul>\n<p>&nbsp;<\/p>\n<h3><b>Cammino Portoghese: tradizione, strade storiche e una creativit\u00e0 pi\u00f9 \u201cumana\u201d<\/b><\/h3>\n<p>Il <b>Cammino Portoghese<\/b> si distingue per una propria identit\u00e0 e per la sua rilevanza storica fin dal Medioevo. Il tracciato eredita vie antiche (con riferimenti a strade romane in alcuni tratti) e, in generale, offre un equilibrio interessante tra localit\u00e0 vivaci, patrimonio e tappe che spesso permettono di fermarsi a osservare senza rompere il ritmo.<\/p>\n<p>Dal punto di vista creativo, \u00e8 un percorso molto fertile per <b>racconti di incontro<\/b>: conversazioni, scene quotidiane nei paesi, note sulla gastronomia e piccole storie nate dalla convivenza tra pellegrini. Se il tuo progetto si basa su personaggi, dialoghi, cronaca o \u201ccartoline\u201d narrative, qui di solito c\u2019\u00e8 materiale abbondante.<\/p>\n<p>&nbsp;<\/p>\n<ul>\n<li aria-level=\"1\"><b>Ideale per<\/b>: cronaca di viaggio, ritratto sociale (scritto o fotografico), progetti gastronomici e culturali, diari focalizzati su conversazioni e scene.<\/li>\n<\/ul>\n<p>&nbsp;<\/p>\n<ul>\n<li aria-level=\"1\"><b>Idea creativa<\/b>: \u201ccollezione di voci del Cammino\u201d. Ogni giorno, annota una frase che hai sentito (senza dati personali) e trasformala in micro-racconto o poema di 4 righe.<\/li>\n<\/ul>\n<p>&nbsp;<\/p>\n<h3><b>Cammino Inglese: formato compatto, luce atlantica e percorso ideale per serie creative<\/b><\/h3>\n<p>Il <b>Cammino Inglese<\/b> \u00e8 particolarmente interessante se vuoi affrontare un progetto creativo con un inizio e una fine molto definiti <b>in pochi giorni<\/b>.<\/p>\n<p>Creativamente funziona molto bene per <b>lavori a serie<\/b>: una foto per tappa con un tema fisso, un quaderno con 5\u20137 annotazioni o una raccolta di piccole illustrazioni con formato costante. \u00c8 anche un percorso adatto a chi cerca di combinare momenti urbani (inizio) con tratti di interno dove il silenzio appare pi\u00f9 facilmente.<\/p>\n<p>&nbsp;<\/p>\n<ul>\n<li aria-level=\"1\"><b>Ideale per<\/b>: serie fotografiche, mini-quaderni illustrati, racconti brevi concatenati, progetti \u201cdi pochi giorni\u201d con chiusura chiara.<\/li>\n<\/ul>\n<p>&nbsp;<\/p>\n<h3><b>Tratti con rituali potenti: quando il simbolo diventa opera<\/b><\/h3>\n<p>Alcuni luoghi del Cammino si sono caricati di significato per tradizioni ripetute negli anni. Non sono \u201cobbligatori\u201d, ma possono essere utili se ti interessa lavorare con il simbolo. L\u2019esempio pi\u00f9 chiaro \u00e8 la <b>Croce di Ferro<\/b> sul Cammino Francese, dove molti pellegrini lasciano una pietra come gesto simbolico di liberarsi di un peso o chiudere una fase interiore.<\/p>\n<p>Se il tuo progetto creativo si basa su metafore (lutto, cambiamento, addio, trasformazione), questo tipo di rituali offre scene intense e spesso molto rispettose. Un breve testo o una fotografia ben costruita possono dire molto senza bisogno di spiegare troppo.<\/p>\n<p>&nbsp;<\/p>\n<h3><b>Come scegliere \u201cil tuo\u201d percorso creativo<\/b><\/h3>\n<p>Invece di chiedere <i>\u201cqual \u00e8 il percorso pi\u00f9 ispirante?\u201d<\/i>, conviene chiedersi:<\/p>\n<ul>\n<li aria-level=\"1\"><i>Ho bisogno di silenzio o mi ispira l\u2019ambiente sociale?<\/i><\/li>\n<\/ul>\n<ul>\n<li aria-level=\"1\"><i>Mi stimola di pi\u00f9 il mare, la montagna o il patrimonio urbano?<\/i><\/li>\n<\/ul>\n<ul>\n<li aria-level=\"1\"><i>Voglio creare ogni giorno (micro-opere) o preferisco raccogliere materiale e produrre alla fine?<\/i><\/li>\n<\/ul>\n<ul>\n<li aria-level=\"1\"><i>Mi aiuta un percorso con \u201cscene\u201d (paesi, piazze, caff\u00e8) o con \u201cvuoto\u201d (orizzonti, ripetizione)?<\/i><\/li>\n<\/ul>\n<p>Rispondere a questo vale pi\u00f9 di qualsiasi classifica.<\/p>\n<p>&nbsp;<\/p>\n<h2><b>Tradizioni e simboli che attivano l\u2019immaginazione<\/b><\/h2>\n<p><img loading=\"lazy\" decoding=\"async\" class=\"alignnone wp-image-126590 size-full\" src=\"https:\/\/www.mundiplus.com\/wp-content\/uploads\/2026\/02\/Tradiciones-y-simbolos-que-activan-la-imaginacion-Mundiplus.jpg\" alt=\"\" width=\"1025\" height=\"572\" srcset=\"https:\/\/www.mundiplus.com\/wp-content\/uploads\/2026\/02\/Tradiciones-y-simbolos-que-activan-la-imaginacion-Mundiplus.jpg 1025w, https:\/\/www.mundiplus.com\/wp-content\/uploads\/2026\/02\/Tradiciones-y-simbolos-que-activan-la-imaginacion-Mundiplus-300x167.jpg 300w, https:\/\/www.mundiplus.com\/wp-content\/uploads\/2026\/02\/Tradiciones-y-simbolos-que-activan-la-imaginacion-Mundiplus-768x429.jpg 768w, https:\/\/www.mundiplus.com\/wp-content\/uploads\/2026\/02\/Tradiciones-y-simbolos-que-activan-la-imaginacion-Mundiplus-600x335.jpg 600w\" sizes=\"(max-width: 1025px) 100vw, 1025px\" \/><\/p>\n<p>Il Cammino non \u00e8 solo camminare: \u00e8 una cultura di segni. E i segni sono nutrimento creativo perch\u00e9 condensano storie in piccoli oggetti. Ecco alcuni dei pi\u00f9 frequenti:<\/p>\n<p>&nbsp;<\/p>\n<h3><b>La credenziale e la Compostela: narrare con i timbri<\/b><\/h3>\n<p>La <b>credenziale<\/b> funziona come documento di passaggio e memoria. Ogni timbro \u00e8 una scena: un ostello, una parrocchia, un bar, un incontro. Alla fine, per molte persone, la pagina dei timbri diventa una <b>mappa emotiva del viaggio<\/b>.<\/p>\n<p>&nbsp;<\/p>\n<ul>\n<li aria-level=\"1\"><b>Idea creativa:<\/b> trasformare i timbri in \u201ccapitoli\u201d. Scrivi una frase per ogni timbro o disegna un simbolo per ogni giorno. Il risultato pu\u00f2 essere un quaderno-opera completo senza neanche accorgersene.<\/li>\n<\/ul>\n<p>&nbsp;<\/p>\n<h3><b>La conchiglia: un\u2019icona minimale con molti significati<\/b><\/h3>\n<p>La conchiglia di capesante \u00e8 un altro dei simboli pi\u00f9 riconoscibili del pellegrino. Compare in pietre miliari, segnaletica e oggetti personali. Storicamente \u00e8 stata interpretata come distintivo di pellegrinaggio e ha avuto anche usi pratici tradizionali. Per un creatore, la conchiglia \u00e8 una risorsa visiva perfetta: semplice, ripetibile, con variazioni infinite (texture, luce, contesto).<\/p>\n<p>&nbsp;<\/p>\n<ul>\n<li aria-level=\"1\"><b>Idea creativa<\/b>: uno \u201cstudio di conchiglie\u201d in 10 versioni: foto macro, disegno lineare, acquerello, breve poema, collage con biglietti, racconto di 100 parole, ecc.<\/li>\n<\/ul>\n<p>&nbsp;<\/p>\n<h3><b>Il Botafumeiro: scena totale (odore, suono, sguardo)<\/b><\/h3>\n<p>La cattedrale offre momenti di potenza sensoriale difficili da replicare. Tra questi, il Botafumeiro si distingue come esperienza liturgica e simbolica: non \u00e8 uno spettacolo quotidiano garantito, ma un uso legato a solennit\u00e0 e celebrazioni specifiche. Proprio per questo, quando avviene, concentra emozione, memoria ed estetica particolare (fumo, altezza, movimento, silenzio collettivo).<\/p>\n<p>&nbsp;<\/p>\n<ul>\n<li aria-level=\"1\"><b>Idea creativa<\/b>: descrivere il Botafumeiro senza usare la parola \u201cincenso\u201d. Costringe a cercare metafore e affinare il linguaggio.<\/li>\n<\/ul>\n<p>&nbsp;<\/p>\n<h3><b>Anno Santo e Porta Santa: il tempo straordinario<\/b><\/h3>\n<p>Negli Anni Santi compostelani, l\u2019apertura della Porta Santa e il contesto giubilare trasformano il pellegrinaggio in un tempo \u201cspeciale\u201d per molte persone. Non serve viverlo dal punto di vista religioso per percepirne l\u2019impatto culturale: cambia l\u2019atmosfera, il simbolismo dell\u2019arrivo e il modo di intendere la fine del Cammino.<\/p>\n<p>&nbsp;<\/p>\n<ul>\n<li aria-level=\"1\"><b>Idea creativa<\/b>: lavorare sul contrasto tra \u201ctempo ordinario e straordinario\u201d: cosa cambia quando sentiamo che un anno o un momento \u201cconta di pi\u00f9\u201d?<\/li>\n<\/ul>\n<p>&nbsp;<\/p>\n<h3><b>Finisterre e i rituali di chiusura: con responsabilit\u00e0<\/b><\/h3>\n<p>Per alcuni pellegrini, la fine non \u00e8 a Santiago, ma sulla costa (Fisterra\/Mux\u00eda). L\u00ec si sono diffusi rituali di chiusura, come lasciare oggetti o bruciare vestiti. \u00c8 importante sottolineare che <b>la combustione di indumenti non \u00e8 consentita<\/b> e non \u00e8 consigliata per motivi ambientali e di sicurezza.<\/p>\n<p>Tuttavia, il desiderio di \u201cchiudere un ciclo\u201d \u00e8 reale e pu\u00f2 trasformarsi in gesto creativo non dannoso: scrivere una lettera e conservarla, lasciare una pietra in un luogo consentito, o scattare una foto finale senza lasciare traccia.<\/p>\n<p>&nbsp;<\/p>\n<h2><b>Quando fare un \u201cCammino creativo\u201d: stagioni, clima e tranquillit\u00e0<\/b><\/h2>\n<p><img loading=\"lazy\" decoding=\"async\" class=\"alignnone wp-image-126566 size-full\" src=\"https:\/\/www.mundiplus.com\/wp-content\/uploads\/2026\/02\/Cuando-hacer-un-Camino-creativo-Mundiplus.jpg\" alt=\"\" width=\"1025\" height=\"572\" srcset=\"https:\/\/www.mundiplus.com\/wp-content\/uploads\/2026\/02\/Cuando-hacer-un-Camino-creativo-Mundiplus.jpg 1025w, https:\/\/www.mundiplus.com\/wp-content\/uploads\/2026\/02\/Cuando-hacer-un-Camino-creativo-Mundiplus-300x167.jpg 300w, https:\/\/www.mundiplus.com\/wp-content\/uploads\/2026\/02\/Cuando-hacer-un-Camino-creativo-Mundiplus-768x429.jpg 768w, https:\/\/www.mundiplus.com\/wp-content\/uploads\/2026\/02\/Cuando-hacer-un-Camino-creativo-Mundiplus-600x335.jpg 600w\" sizes=\"(max-width: 1025px) 100vw, 1025px\" \/><\/p>\n<p>Non esiste una data perfetta universale. Ma ci sono schemi utili: l\u2019esperienza cambia molto tra alta stagione e mesi tranquilli. Le statistiche recenti di affluenza mostrano picchi marcati in <b>primavera avanzata e estate<\/b> (e anche a settembre), che si traducono spesso in pi\u00f9 ambiente sociale\u2026 e meno silenzio.<\/p>\n<p>Come regola pratica:<\/p>\n<p>&nbsp;<\/p>\n<ul>\n<li aria-level=\"1\"><b>Se cerchi conversazione e storie<\/b> (materiale umano), i mesi con pi\u00f9 pellegrini possono essere interessanti.<\/li>\n<\/ul>\n<p>&nbsp;<\/p>\n<ul>\n<li aria-level=\"1\"><b>Se cerchi calma e concentrazione<\/b> (scrittura lunga, disegno dettagliato), conviene evitare i picchi e scegliere stagioni intermedie, accettando meteo pi\u00f9 variabile.<\/li>\n<\/ul>\n<p>&nbsp;<\/p>\n<table>\n<tbody>\n<tr>\n<td><b>Stagione<\/b><\/td>\n<td><b>Cosa favorisce<\/b><\/td>\n<td><b>Per quale tipo di progetto<\/b><\/td>\n<\/tr>\n<tr>\n<td>Primavera (aprile\u2013giugno)<\/td>\n<td>Luce morbida, paesaggio vivo, ritmo comodo<\/td>\n<td>Quaderno diario, fotografia, acquerello, cronaca<\/td>\n<\/tr>\n<tr>\n<td>Estate (luglio\u2013agosto)<\/td>\n<td>Molto ambiente sociale, tappe lunghe con ore di luce<\/td>\n<td>Storie di incontro, ritratto sociale, interviste<\/td>\n<\/tr>\n<tr>\n<td>Autunno (settembre\u2013ottobre)<\/td>\n<td>Bella luce, atmosfera malinconica, meno caldo<\/td>\n<td>Poesia, racconto breve, fotografia di dettaglio, diario intimo<\/td>\n<\/tr>\n<tr>\n<td>Inverno<\/td>\n<td>Solitudine e raccoglimento (ma clima impegnativo)<\/td>\n<td>Scrittura introspettiva e minimalista (per persone con esperienza e pianificazione)<\/td>\n<\/tr>\n<\/tbody>\n<\/table>\n<ul>\n<li aria-level=\"1\"><b>Consiglio creativo<\/b>: se ti interessa pi\u00f9 l\u2019opera che \u201caccumulare chilometri\u201d, pianifica tappe con margine: arrivare prima, fermarsi a met\u00e0 percorso, o riservare un giorno di riposo ogni tot tappe per ordinare note e schizzi.<\/li>\n<\/ul>\n<p>&nbsp;<\/p>\n<h2><b>Pratiche semplici per creare senza \u201cforzare\u201d<\/b><\/h2>\n<p>La creativit\u00e0 in cammino funziona meglio quando si appoggia a piccoli abitudini. Ecco un kit di pratiche realistiche:<\/p>\n<p>&nbsp;<\/p>\n<h3><b>Per scrittori<\/b><\/h3>\n<p>&nbsp;<\/p>\n<ul>\n<li aria-level=\"1\"><b>Microdiario di 10 righe<\/b>: ogni sera, massimo 10 righe. Senza correggere.<\/li>\n<\/ul>\n<p>&nbsp;<\/p>\n<ul>\n<li aria-level=\"1\"><b>Lista di dettagli<\/b>: annota 5 cose concrete al giorno (un odore, una frase sentita, una texture, un colore, un gesto).<\/li>\n<\/ul>\n<p>&nbsp;<\/p>\n<ul>\n<li aria-level=\"1\"><b>Una scena per tappa<\/b>: scrivi una scena breve con inizio e fine, anche minima (un caff\u00e8, una pioggia, una conversazione).<\/li>\n<\/ul>\n<p>&nbsp;<\/p>\n<ul>\n<li aria-level=\"1\"><b>Scrittura a piedi<\/b>: registra note vocali camminando; poi trascrivi l\u2019essenziale.<\/li>\n<\/ul>\n<p>&nbsp;<\/p>\n<h3><b>Per illustratori e artisti visivi<\/b><\/h3>\n<p>&nbsp;<\/p>\n<ul>\n<li aria-level=\"1\"><b>Serie limitata<\/b>: scegli un formato fisso (per esempio, 1 disegno A6 al giorno). La restrizione aiuta.<\/li>\n<\/ul>\n<p>&nbsp;<\/p>\n<ul>\n<li aria-level=\"1\"><b>Studio di ombre<\/b>: il Cammino cambia continuamente luce; prova a disegnare solo ombre e contorni.<\/li>\n<\/ul>\n<p>&nbsp;<\/p>\n<ul>\n<li aria-level=\"1\"><b>Mappa emotiva<\/b>: invece di mappare chilometri, mappa sensazioni con colori o simboli.<\/li>\n<\/ul>\n<p>&nbsp;<\/p>\n<h3><b>Per fotografi<\/b><\/h3>\n<p>&nbsp;<\/p>\n<ul>\n<li aria-level=\"1\"><b>Un tema unico<\/b>: mani, zaini, segnali, porte, piedi, acqua\u2026 Un tema d\u00e0 coerenza ed evita di \u201cscattare a caso\u201d.<\/li>\n<\/ul>\n<p>&nbsp;<\/p>\n<ul>\n<li aria-level=\"1\"><b>Triptici<\/b>: ogni giorno, 3 foto che raccontano una storia (inizio\u2013sviluppo\u2013fine).<\/li>\n<\/ul>\n<p>&nbsp;<\/p>\n<ul>\n<li aria-level=\"1\"><b>Rispetto<\/b>: chiedi permesso in ritratti ravvicinati e in spazi sensibili (ostelli, momenti emotivi).<\/li>\n<\/ul>\n<p>&nbsp;<\/p>\n<h3><b>Per musicisti e creatori di suoni<\/b><\/h3>\n<p>&nbsp;<\/p>\n<ul>\n<li aria-level=\"1\"><b>Note di campo<\/b>: acqua, vento, campane, passi, bastoni.<\/li>\n<\/ul>\n<p>&nbsp;<\/p>\n<ul>\n<li aria-level=\"1\"><b>Ritmo della marcia<\/b>: il tuo passo pu\u00f2 diventare un pattern.<\/li>\n<\/ul>\n<p>&nbsp;<\/p>\n<ul>\n<li aria-level=\"1\"><b>Voci<\/b>: raccogli frasi (con consenso) e crea un \u201carchivio del Cammino\u201d.<\/li>\n<\/ul>\n<p>&nbsp;<\/p>\n<h2><b>Etica creativa: creare senza invadere<\/b><\/h2>\n<p>Il Cammino \u00e8 uno spazio intimo per molte persone. Se vuoi creare, conviene seguire tre semplici regole:<\/p>\n<p>&nbsp;<\/p>\n<ul>\n<li aria-level=\"1\"><b>Consenso<\/b>: se qualcuno \u00e8 riconoscibile e il materiale verr\u00e0 pubblicato, chiedi permesso.<\/li>\n<\/ul>\n<p>&nbsp;<\/p>\n<ul>\n<li aria-level=\"1\"><b>Non romanticizzare il dolore altrui<\/b>: il Cammino muove emozioni; rispettale.<\/li>\n<\/ul>\n<p>&nbsp;<\/p>\n<ul>\n<li aria-level=\"1\"><b>Non lasciare tracce<\/b>: evita azioni che danneggiano l\u2019ambiente o generano rifiuti \u201csimbolici\u201d.<\/li>\n<\/ul>\n<p>&nbsp;<\/p>\n<h2><b>Come trasformare l\u2019esperienza in un\u2019opera finita<\/b><\/h2>\n<p>Molti progetti si perdono al ritorno a casa perch\u00e9 il materiale \u00e8 disperso. Un metodo semplice per chiudere il processo:<\/p>\n<p>&nbsp;<\/p>\n<ul>\n<li aria-level=\"1\"><b>Scarica<\/b>: entro 48 ore, trascrivi l\u2019essenziale (note, audio, foto preferite).<\/li>\n<\/ul>\n<p>&nbsp;<\/p>\n<ul>\n<li aria-level=\"1\"><b>Scegli una forma<\/b>: diario editato, serie di 12 foto, quaderno illustrato, racconto lungo, breve raccolta di poesie.<\/li>\n<\/ul>\n<p>&nbsp;<\/p>\n<ul>\n<li aria-level=\"1\"><b>Definisci un filo conduttore<\/b>: un tema (mare, incontri, silenzio, fede, stanchezza) o una domanda (\u201ccosa \u00e8 cambiato?\u201d).<\/li>\n<\/ul>\n<p>&nbsp;<\/p>\n<ul>\n<li aria-level=\"1\"><b>Pubblica in piccolo<\/b>: condividi prima un pezzo breve. Ti dar\u00e0 energia per completare l\u2019opera grande.<\/li>\n<\/ul>\n<p>&nbsp;<\/p>\n<h2><b>Il Cammino come laboratorio in movimento<\/b><\/h2>\n<p>La creativit\u00e0 non arriva sempre come un \u201cmomento brillante\u201d. A volte arriva come somma di passi: ripetizione, paesaggio, conversazione, stanchezza e calma. Il Cammino, per sua stessa struttura, offre questo quadro: una vita semplice per alcuni giorni che, senza promettere nulla, spesso regala chiarezza.<\/p>\n<p>Se vuoi vivere il percorso con approccio creativo \u2014 sia scrivendo, disegnando, fotografando o semplicemente osservando \u2014 puoi iniziare pianificando il ritmo, scegliendo la stagione pi\u00f9 adatta alla tua idea e concedendoti il permesso di fermarti.<\/p>\n<p>E se vuoi completare l\u2019esperienza con supporto logistico per concentrarti sul cammino (e sulla creazione), puoi esplorare <a href=\"https:\/\/www.mundiplus.com\/it\/\"> <b>esperienze sul Cammino di Santiago<\/b><\/a> e scegliere il formato di percorso pi\u00f9 adatto al tuo progetto.<\/p>\n","protected":false},"excerpt":{"rendered":"<p>Ci sono viaggi che si ricordano per le foto e altri che si ricordano per ci\u00f2 che \u201cmuovono dentro\u201d. Il Cammino \u00e8, per molte persone, questo secondo tipo di esperienza: un percorso che ordina i pensieri, apre conversazioni e trasforma il quotidiano (camminare, mangiare, riposare) in un rituale dal ritmo proprio. Non \u00e8 raro, quindi, [&hellip;]<\/p>\n","protected":false},"author":1,"featured_media":126582,"comment_status":"open","ping_status":"open","sticky":false,"template":"","format":"standard","meta":{"footnotes":""},"categories":[573,577,597],"tags":[],"class_list":["post-126634","post","type-post","status-publish","format-standard","has-post-thumbnail","hentry","category-blog-del-cammino","category-cammino-a-piedi","category-preparativi-per-il-viaggio"],"_links":{"self":[{"href":"https:\/\/www.mundiplus.com\/it\/wp-json\/wp\/v2\/posts\/126634","targetHints":{"allow":["GET"]}}],"collection":[{"href":"https:\/\/www.mundiplus.com\/it\/wp-json\/wp\/v2\/posts"}],"about":[{"href":"https:\/\/www.mundiplus.com\/it\/wp-json\/wp\/v2\/types\/post"}],"author":[{"embeddable":true,"href":"https:\/\/www.mundiplus.com\/it\/wp-json\/wp\/v2\/users\/1"}],"replies":[{"embeddable":true,"href":"https:\/\/www.mundiplus.com\/it\/wp-json\/wp\/v2\/comments?post=126634"}],"version-history":[{"count":2,"href":"https:\/\/www.mundiplus.com\/it\/wp-json\/wp\/v2\/posts\/126634\/revisions"}],"predecessor-version":[{"id":126662,"href":"https:\/\/www.mundiplus.com\/it\/wp-json\/wp\/v2\/posts\/126634\/revisions\/126662"}],"wp:featuredmedia":[{"embeddable":true,"href":"https:\/\/www.mundiplus.com\/it\/wp-json\/wp\/v2\/media\/126582"}],"wp:attachment":[{"href":"https:\/\/www.mundiplus.com\/it\/wp-json\/wp\/v2\/media?parent=126634"}],"wp:term":[{"taxonomy":"category","embeddable":true,"href":"https:\/\/www.mundiplus.com\/it\/wp-json\/wp\/v2\/categories?post=126634"},{"taxonomy":"post_tag","embeddable":true,"href":"https:\/\/www.mundiplus.com\/it\/wp-json\/wp\/v2\/tags?post=126634"}],"curies":[{"name":"wp","href":"https:\/\/api.w.org\/{rel}","templated":true}]}}