{"id":113674,"date":"2024-12-14T11:25:21","date_gmt":"2024-12-14T11:25:21","guid":{"rendered":"https:\/\/www.mundiplus.com\/?p=113674"},"modified":"2024-12-14T15:56:34","modified_gmt":"2024-12-14T15:56:34","slug":"a-influencia-da-mitologia-celta-no-caminho","status":"publish","type":"post","link":"https:\/\/www.mundiplus.com\/pt-pt\/a-influencia-da-mitologia-celta-na-estrada\/","title":{"rendered":"A influ\u00eancia da mitologia celta no Caminho"},"content":{"rendered":"<p><img fetchpriority=\"high\" decoding=\"async\" class=\"alignnone wp-image-113266 size-full\" src=\"https:\/\/www.mundiplus.com\/wp-content\/uploads\/2024\/11\/Mitologia-calta-Mundiplus.jpg\" alt=\"\" width=\"1024\" height=\"768\" srcset=\"https:\/\/www.mundiplus.com\/wp-content\/uploads\/2024\/11\/Mitologia-calta-Mundiplus.jpg 1024w, https:\/\/www.mundiplus.com\/wp-content\/uploads\/2024\/11\/Mitologia-calta-Mundiplus-300x225.jpg 300w, https:\/\/www.mundiplus.com\/wp-content\/uploads\/2024\/11\/Mitologia-calta-Mundiplus-768x576.jpg 768w, https:\/\/www.mundiplus.com\/wp-content\/uploads\/2024\/11\/Mitologia-calta-Mundiplus-600x450.jpg 600w\" sizes=\"(max-width: 1024px) 100vw, 1024px\" \/><\/p>\n<p><span style=\"font-weight: 400;\">O Caminho de Santiago n\u00e3o \u00e9 apenas uma rota de peregrina\u00e7\u00e3o. Mais do que isso, \u00e9 uma <\/span><b>viagem carregada de simbolismo e mist\u00e9rio<\/b><span style=\"font-weight: 400;\"> que tem as suas ra\u00edzes na mitologia antiga dos povos que habitaram a Pen\u00ednsula Ib\u00e9rica antes da chegada do cristianismo.<\/span><\/p>\n<p><span style=\"font-weight: 400;\">A presen\u00e7a da <\/span><b>mitologia celta<\/b><span style=\"font-weight: 400;\"> \u00e9 especialmente not\u00e1vel nas <\/span><b>regi\u00f5es do norte de Espanha<\/b><span style=\"font-weight: 400;\">. Aqui, lendas e cren\u00e7as ancestrais sobre a natureza e a espiritualidade dos celtas continuam a ressoar nos lugares e tradi\u00e7\u00f5es que os peregrinos encontram na sua viagem.<\/span><\/p>\n<p><span style=\"font-weight: 400;\">Neste artigo, exploraremos <\/span><b>como a mitologia celta influenciou o Caminho de Santiago<\/b><span style=\"font-weight: 400;\"> e o seu simbolismo. Apresentaremos alguns dos lugares carregados de misticismo celta que acompanham os peregrinos na sua jornada para Santiago e al\u00e9m.<\/span><\/p>\n<p>&nbsp;<\/p>\n<h2><b>Origem celta do Caminho de Santiago<\/b><\/h2>\n<p><span style=\"font-weight: 400;\">Desde a Mundiplus, queremos dar-te toda a <\/span><a href=\"https:\/\/www.mundiplus.com\/pt-pt\/\"><b>informa\u00e7\u00e3o sobre o Caminho de Santiago<\/b><\/a><span style=\"font-weight: 400;\"> poss\u00edvel. Embora hoje em dia seja reconhecido como uma peregrina\u00e7\u00e3o crist\u00e3 at\u00e9 ao t\u00famulo do ap\u00f3stolo Santiago, existem teorias que apontam que <\/span><b>tem origens muito mais antigas<\/b><span style=\"font-weight: 400;\">.\u00a0<\/span><\/p>\n<p><span style=\"font-weight: 400;\">Antes da chegada do cristianismo, as tribos celtas que habitavam a regi\u00e3o noroeste da Pen\u00ednsula tinham <\/span><b>fortes cren\u00e7as espirituais<\/b><span style=\"font-weight: 400;\"> ligadas \u00e0 natureza e a certos pontos geogr\u00e1ficos que consideravam sagrados.\u00a0<\/span><\/p>\n<p><span style=\"font-weight: 400;\">Por exemplo, a \u00e1rea que rodeia Finisterra, era para eles o <\/span><i><span style=\"font-weight: 400;\">&#8220;fim da Terra&#8221;<\/span><\/i><span style=\"font-weight: 400;\">, um local onde o mundo f\u00edsico tocava o al\u00e9m. Este v\u00ednculo entre a mitologia celta e a peregrina\u00e7\u00e3o at\u00e9 ao fim do mundo f\u00edsico <\/span><b>inspirou o tra\u00e7ado de rotas que<\/b><span style=\"font-weight: 400;\">, embora mais tarde tenham sido adaptadas como caminhos crist\u00e3os, mant\u00eam na sua ess\u00eancia o respeito e a fascina\u00e7\u00e3o pela natureza e pela espiritualidade.\u00a0<\/span><\/p>\n<p><span style=\"font-weight: 400;\">Dessa forma, pode-se dizer que o <\/span><a href=\"https:\/\/www.mundiplus.com\/pt-pt\/caminos\/a-pie\/camino-primitivo\/\"><b>Caminho de Santiago Primitivo completo<\/b><\/a><span style=\"font-weight: 400;\">, assim como outras rotas, alberga vest\u00edgios desta conex\u00e3o entre a espiritualidade e a mitologia celta.<\/span><\/p>\n<p>&nbsp;<\/p>\n<h2><b>Lugares do Caminho de Santiago com influ\u00eancia celta<\/b><\/h2>\n<p><span style=\"font-weight: 400;\">Ao longo do Caminho de Santiago, existem locais com uma marcada influ\u00eancia celta que oferecem aos peregrinos uma liga\u00e7\u00e3o direta com esta antiga cultura. Estes pontos de interesse n\u00e3o apenas revelam vest\u00edgios da mitologia celta, mas tamb\u00e9m enriquecem a experi\u00eancia espiritual do Caminho.<\/span><\/p>\n<p>&nbsp;<\/p>\n<h3><b>Finisterra e o caminho at\u00e9 ao fim do mundo<\/b><\/h3>\n<p><img decoding=\"async\" class=\"alignnone wp-image-113272 size-full\" src=\"https:\/\/www.mundiplus.com\/wp-content\/uploads\/2024\/11\/Fin-del-mundo-Mundiplus.jpg\" alt=\"\" width=\"1024\" height=\"768\" srcset=\"https:\/\/www.mundiplus.com\/wp-content\/uploads\/2024\/11\/Fin-del-mundo-Mundiplus.jpg 1024w, https:\/\/www.mundiplus.com\/wp-content\/uploads\/2024\/11\/Fin-del-mundo-Mundiplus-300x225.jpg 300w, https:\/\/www.mundiplus.com\/wp-content\/uploads\/2024\/11\/Fin-del-mundo-Mundiplus-768x576.jpg 768w, https:\/\/www.mundiplus.com\/wp-content\/uploads\/2024\/11\/Fin-del-mundo-Mundiplus-600x450.jpg 600w\" sizes=\"(max-width: 1024px) 100vw, 1024px\" \/><\/p>\n<p><span style=\"font-weight: 400;\">Atualmente, muitos peregrinos optam por continuar a sua rota at\u00e9 Finisterra ap\u00f3s chegar a Santiago. O objetivo \u00e9 procurar essa mesma <\/span><b>liga\u00e7\u00e3o com o mar e o simbolismo de um fim que \u00e9 um novo come\u00e7o<\/b><span style=\"font-weight: 400;\">.\u00a0<\/span><\/p>\n<p><span style=\"font-weight: 400;\">Finisterra torna-se uma extens\u00e3o da viagem espiritual, carregada de simbolismo, alimentada pela <\/span><a href=\"https:\/\/www.mundiplus.com\/pt-pt\/caminos\/a-pie\/camino-finisterre\/camino-de-santiago-a-finisterre\/\"><b>mitologia no Caminho at\u00e9 Finisterra<\/b><\/a><span style=\"font-weight: 400;\">. E \u00e9 que, como j\u00e1 referimos, esta rota \u00e9 o local que os romanos chamaram &#8220;fim da Terra&#8221;, mas anteriormente para os celtas foi um ponto de import\u00e2ncia espiritual.\u00a0<\/span><\/p>\n<p>&nbsp;<\/p>\n<h3><b>Monte do Gozo<\/b><\/h3>\n<p><img decoding=\"async\" class=\"alignnone wp-image-113278 size-full\" src=\"https:\/\/www.mundiplus.com\/wp-content\/uploads\/2024\/11\/Monte-Pindo-Mundiplus.jpg\" alt=\"\" width=\"1024\" height=\"682\" srcset=\"https:\/\/www.mundiplus.com\/wp-content\/uploads\/2024\/11\/Monte-Pindo-Mundiplus.jpg 1024w, https:\/\/www.mundiplus.com\/wp-content\/uploads\/2024\/11\/Monte-Pindo-Mundiplus-300x200.jpg 300w, https:\/\/www.mundiplus.com\/wp-content\/uploads\/2024\/11\/Monte-Pindo-Mundiplus-768x512.jpg 768w, https:\/\/www.mundiplus.com\/wp-content\/uploads\/2024\/11\/Monte-Pindo-Mundiplus-600x400.jpg 600w\" sizes=\"(max-width: 1024px) 100vw, 1024px\" \/><\/p>\n<p><span style=\"font-weight: 400;\">O Monte do Gozo \u00e9 um dos pontos de chegada mais aguardados pelos peregrinos, pois \u00e9 o local de onde podem<\/span><b> ver pela primeira vez as torres da Catedral de Santiago<\/b><span style=\"font-weight: 400;\">. Embora atualmente seja conhecido pela sua relev\u00e2ncia crist\u00e3, tamb\u00e9m tem uma conex\u00e3o com o passado celta, uma vez que o <\/span><b>conceito de \u201cchegada\u201d e \u201crevela\u00e7\u00e3o\u201d<\/b><span style=\"font-weight: 400;\"> est\u00e1 presente em muitas cren\u00e7as celtas.<\/span><\/p>\n<p><span style=\"font-weight: 400;\">Este lugar pode ser interpretado como um <\/span><b>local de transforma\u00e7\u00e3o e renascimento<\/b><span style=\"font-weight: 400;\">, algo que se encaixa com o simbolismo celta dos montes como pontos de liga\u00e7\u00e3o entre os mundos espiritual e terrenal.<\/span><\/p>\n<p>&nbsp;<\/p>\n<h3><b>Outros pontos de interesse com ra\u00edzes celtas na Galiza<\/b><\/h3>\n<p><span style=\"font-weight: 400;\">Existem outros locais na Galiza que se destacam pela sua liga\u00e7\u00e3o com a cultura celta, como o <\/span><b>Monte Pindo e o Cabo Ortegal<\/b><span style=\"font-weight: 400;\">.\u00a0<\/span><\/p>\n<ul>\n<li style=\"font-weight: 400;\" aria-level=\"1\"><span style=\"font-weight: 400;\">O Monte Pindo, conhecido como o \u201c<\/span><b>Olimpo Celta<\/b><span style=\"font-weight: 400;\">,\u201d est\u00e1 repleto de lendas e simbolismo. Este monte tem sido um local de culto desde tempos remotos e guarda mitos sobre deidades protetoras e criaturas m\u00e1gicas.\u00a0<\/span><\/li>\n<li style=\"font-weight: 400;\" aria-level=\"1\"><span style=\"font-weight: 400;\">Por outro lado, o Cabo Ortegal \u00e9 <\/span><b>um dos pontos mais a norte da Galiza<\/b><span style=\"font-weight: 400;\">. Tamb\u00e9m era considerado um local especial na mitologia celta devido \u00e0 sua localiza\u00e7\u00e3o e ao encontro entre o mar e a terra.<\/span><\/li>\n<\/ul>\n<p>&nbsp;<\/p>\n<h2><b>Elementos da mitologia celta presentes no Caminho<\/b><\/h2>\n<p><span style=\"font-weight: 400;\">A influ\u00eancia da mitologia celta manifesta-se em v\u00e1rios aspectos do Caminho de Santiago: desde as lendas que envolvem certos locais at\u00e9 aos s\u00edmbolos e monumentos que recordam as cren\u00e7as dos antigos povos celtas.\u00a0<\/span><\/p>\n<p><span style=\"font-weight: 400;\">Sim, existem elementos que destacam a presen\u00e7a da <\/span><a href=\"https:\/\/www.mundiplus.com\/pt-pt\/caminos\/a-pie\/camino-frances\/camino-de-santiago-desde-o-cebreiro\/\"><b>mitologia no Caminho Franc\u00eas<\/b><\/a><span style=\"font-weight: 400;\">, assim como outros detalhes significativos que enriquecem a experi\u00eancia do peregrino.<\/span><\/p>\n<p>&nbsp;<\/p>\n<h3><b>A figura dos druidas e os antigos peregrinos<\/b><\/h3>\n<p><span style=\"font-weight: 400;\">Na <\/span><b>mitologia celta<\/b><span style=\"font-weight: 400;\">, os druidas eram figuras sagradas que atuavam como <\/span><b>intermedi\u00e1rios entre o mundo terrenal e o espiritual<\/b><span style=\"font-weight: 400;\">. A sua liga\u00e7\u00e3o com a natureza e o seu conhecimento dos ciclos da vida e da morte tornavam-nos l\u00edderes espirituais.<\/span><\/p>\n<p><span style=\"font-weight: 400;\">De certa forma, os primeiros peregrinos, que percorriam os caminhos at\u00e9 Finisterra muito antes da consolida\u00e7\u00e3o do culto a Santiago, refletiam esta viagem de transforma\u00e7\u00e3o espiritual.\u00a0<\/span><\/p>\n<p>&nbsp;<\/p>\n<h3><b>O culto \u00e0 natureza<\/b><\/h3>\n<p><span style=\"font-weight: 400;\">A mitologia celta concedia \u00e0 natureza um papel sagrado, e muitos dos lugares que os peregrinos atravessam mant\u00eam essa mesma sacralidade. <\/span><b>Rios, montanhas e florestas<\/b><span style=\"font-weight: 400;\"> eram essenciais nas cren\u00e7as celtas.\u00a0<\/span><\/p>\n<p><span style=\"font-weight: 400;\">Existem <\/span><a href=\"https:\/\/www.mundiplus.com\/pt-pt\/caminos\/a-pie\/camino-ingles\/camino-de-santiago-desde-ferrol\/\"><b>hist\u00f3rias do Caminho Ingl\u00eas<\/b><\/a><span style=\"font-weight: 400;\"> que relatam como o ambiente natural e certos rituais permitiam aos celtas encontrar equil\u00edbrio e espiritualidade.<\/span><\/p>\n<p>&nbsp;<\/p>\n<h2><b>O significado das estrelas e o caminho das Estrelas<\/b><\/h2>\n<p><span style=\"font-weight: 400;\">Outra das teorias mais interessantes sobre o Caminho de Santiago \u00e9 a sua <\/span><b>liga\u00e7\u00e3o com a Via L\u00e1ctea<\/b><span style=\"font-weight: 400;\">, conhecida na antiguidade como o &#8220;<\/span><b>Caminho das Estrelas<\/b><span style=\"font-weight: 400;\">.&#8221; Para os celtas, as estrelas tamb\u00e9m tinham um papel crucial na sua cosmovis\u00e3o.<\/span><\/p>\n<p><span style=\"font-weight: 400;\">A Via L\u00e1ctea era vista como um <\/span><b>caminho para o al\u00e9m<\/b><span style=\"font-weight: 400;\">, uma senda de transforma\u00e7\u00e3o espiritual que refletia a import\u00e2ncia da natureza e do cosmos na sua mitologia.\u00a0<\/span><\/p>\n<p><span style=\"font-weight: 400;\">Existem <\/span><a href=\"https:\/\/www.mundiplus.com\/pt-pt\/caminos\/a-pie\/camino-ingles\/\"><b>detalhes sobre o Caminho Ingl\u00eas<\/b><\/a><span style=\"font-weight: 400;\"> que falam de lendas que evocam o <\/span><b>respeito pelas estrelas e o poder transformador da viagem<\/b><span style=\"font-weight: 400;\">, recordando aos peregrinos o car\u00e1ter sagrado do seu percurso. Esta uni\u00e3o entre o c\u00e9u e a terra enriquece a experi\u00eancia do Caminho, fazendo com que as antigas cren\u00e7as celtas continuem vivas atrav\u00e9s dos passos de quem percorre as rotas hoje em dia.<\/span><\/p>\n<p>&nbsp;<\/p>\n<h2><b>Personagens mitol\u00f3gicos celtas e o seu legado no Caminho<\/b><\/h2>\n<p><span style=\"font-weight: 400;\">A mitologia celta est\u00e1 repleta de figuras que encarnam a liga\u00e7\u00e3o entre o ser humano e o mundo natural. Muitas destas figuras continuam presentes na cultura galega e nas tradi\u00e7\u00f5es que os peregrinos encontram no seu percurso pelo Caminho de Santiago.<\/span><\/p>\n<p>&nbsp;<\/p>\n<h3><b>A deusa Deva e outras divindades celtas<\/b><\/h3>\n<p><b>Deva<\/b><span style=\"font-weight: 400;\"> era a <\/span><b>deusa das \u00e1guas e dos rios<\/b><span style=\"font-weight: 400;\">, e o seu culto estendia-se pelas terras galegas. Em muitos pontos do Caminho, os peregrinos atravessam rios e fontes que s\u00e3o considerados sagrados e que t\u00eam uma liga\u00e7\u00e3o com divindades antigas como Deva. Esta liga\u00e7\u00e3o com a \u00e1gua e o seu poder purificador oferece aos peregrinos um espa\u00e7o de reflex\u00e3o e renova\u00e7\u00e3o no seu percurso.<\/span><\/p>\n<p>&nbsp;<\/p>\n<h3><b>Lendas de criaturas m\u00e1gicas<\/b><\/h3>\n<p><span style=\"font-weight: 400;\">Diz-se que os <\/span><b>mouros<\/b><span style=\"font-weight: 400;\"> s\u00e3o seres sobrenaturais que <\/span><b>habitavam em castros e montanhas<\/b><span style=\"font-weight: 400;\">, guardando tesouros e segredos. Para alguns peregrinos, estas hist\u00f3rias sobre criaturas e seres m\u00e1gicos acrescentam um elemento de mist\u00e9rio e encanto ao Caminho, convidando-os a conectar-se com a mitologia celta de uma forma \u00fanica.<\/span><\/p>\n<p><span style=\"font-weight: 400;\">Compreender o legado celta e a import\u00e2ncia da natureza e dos lugares sagrados permite aos peregrinos <\/span><b>conectar de uma forma mais profunda com a sua viagem<\/b><span style=\"font-weight: 400;\">. O Caminho de Santiago n\u00e3o \u00e9 apenas uma rota, \u00e9 um portal para um passado cheio de misticismo, cren\u00e7as ancestrais e uma vis\u00e3o espiritual do mundo que continua a ser relevante nos dias de hoje.<\/span><\/p>\n<p><span style=\"font-weight: 400;\">\u00a0<\/span><\/p>\n<p>&nbsp;<\/p>\n","protected":false},"excerpt":{"rendered":"<p>O Caminho de Santiago n\u00e3o \u00e9 apenas uma rota de peregrina\u00e7\u00e3o. Mais do que isso, \u00e9 uma viagem carregada de simbolismo e mist\u00e9rio que tem as suas ra\u00edzes na mitologia antiga dos povos que habitaram a Pen\u00ednsula Ib\u00e9rica antes da chegada do cristianismo. A presen\u00e7a da mitologia celta \u00e9 especialmente not\u00e1vel nas regi\u00f5es do norte [&hellip;]<\/p>\n","protected":false},"author":1,"featured_media":113271,"comment_status":"open","ping_status":"open","sticky":false,"template":"","format":"standard","meta":{"footnotes":""},"categories":[574,578,586],"tags":[],"class_list":["post-113674","post","type-post","status-publish","format-standard","has-post-thumbnail","hentry","category-blog-do-caminho","category-caminho-a-pe","category-historia-pt"],"_links":{"self":[{"href":"https:\/\/www.mundiplus.com\/pt-pt\/wp-json\/wp\/v2\/posts\/113674","targetHints":{"allow":["GET"]}}],"collection":[{"href":"https:\/\/www.mundiplus.com\/pt-pt\/wp-json\/wp\/v2\/posts"}],"about":[{"href":"https:\/\/www.mundiplus.com\/pt-pt\/wp-json\/wp\/v2\/types\/post"}],"author":[{"embeddable":true,"href":"https:\/\/www.mundiplus.com\/pt-pt\/wp-json\/wp\/v2\/users\/1"}],"replies":[{"embeddable":true,"href":"https:\/\/www.mundiplus.com\/pt-pt\/wp-json\/wp\/v2\/comments?post=113674"}],"version-history":[{"count":0,"href":"https:\/\/www.mundiplus.com\/pt-pt\/wp-json\/wp\/v2\/posts\/113674\/revisions"}],"wp:featuredmedia":[{"embeddable":true,"href":"https:\/\/www.mundiplus.com\/pt-pt\/wp-json\/wp\/v2\/media\/113271"}],"wp:attachment":[{"href":"https:\/\/www.mundiplus.com\/pt-pt\/wp-json\/wp\/v2\/media?parent=113674"}],"wp:term":[{"taxonomy":"category","embeddable":true,"href":"https:\/\/www.mundiplus.com\/pt-pt\/wp-json\/wp\/v2\/categories?post=113674"},{"taxonomy":"post_tag","embeddable":true,"href":"https:\/\/www.mundiplus.com\/pt-pt\/wp-json\/wp\/v2\/tags?post=113674"}],"curies":[{"name":"wp","href":"https:\/\/api.w.org\/{rel}","templated":true}]}}