{"id":113701,"date":"2024-12-02T18:26:39","date_gmt":"2024-12-02T18:26:39","guid":{"rendered":"https:\/\/www.mundiplus.com\/?p=113701"},"modified":"2024-12-02T18:42:23","modified_gmt":"2024-12-02T18:42:23","slug":"o-que-ver-em-cadavo-baleira","status":"publish","type":"post","link":"https:\/\/www.mundiplus.com\/pt-pt\/o-que-ver-em-cadavo-baleira\/","title":{"rendered":"O que ver em Cadavo Baleira"},"content":{"rendered":"<p><img fetchpriority=\"high\" decoding=\"async\" class=\"alignnone wp-image-112034 size-full\" src=\"https:\/\/www.mundiplus.com\/wp-content\/uploads\/2024\/10\/Cadavo-Baleira-Mundiplus.jpg\" alt=\"\" width=\"1024\" height=\"768\" srcset=\"https:\/\/www.mundiplus.com\/wp-content\/uploads\/2024\/10\/Cadavo-Baleira-Mundiplus.jpg 1024w, https:\/\/www.mundiplus.com\/wp-content\/uploads\/2024\/10\/Cadavo-Baleira-Mundiplus-300x225.jpg 300w, https:\/\/www.mundiplus.com\/wp-content\/uploads\/2024\/10\/Cadavo-Baleira-Mundiplus-768x576.jpg 768w, https:\/\/www.mundiplus.com\/wp-content\/uploads\/2024\/10\/Cadavo-Baleira-Mundiplus-600x450.jpg 600w\" sizes=\"(max-width: 1024px) 100vw, 1024px\" \/><\/p>\n<p><b>C\u00e1davo Baleira<\/b><span style=\"font-weight: 400;\"> \u00e9 uma encantadora localidade situada na prov\u00edncia de Lugo. Esta aldeia est\u00e1 inserida num ambiente montanhoso que surge no seu caminho se fizer o <\/span><span style=\"font-weight: 400;\"> <b>Caminho Primitivo<\/b><span style=\"font-weight: 400;\">. \u00c0 medida que os peregrinos avan\u00e7am em dire\u00e7\u00e3o a Santiago de Compostela, encontram aqui um local de descanso e um ponto de liga\u00e7\u00e3o com a rica hist\u00f3ria da peregrina\u00e7\u00e3o.<\/span><\/span><\/p>\n<p><span style=\"font-weight: 400;\">Al\u00e9m disso, destaca-se pela sua <\/span><span style=\"font-weight: 400;\">impressionante riqueza natural. Esta localidade est\u00e1 rodeada de <\/span><b>densos bosques e montanhas<\/b><span style=\"font-weight: 400;\">, e a \u00e1rea oferece uma grande variedade de paisagens naturais que convidam \u00e0 explora\u00e7\u00e3o e ao desfrute ao ar livre. A cultura local, profundamente enraizada nas tradi\u00e7\u00f5es galegas, reflete-se na sua arquitetura, festividades e gastronomia.<\/span><\/p>\n<p><span style=\"font-weight: 400;\">Com uma mistura \u00fanica de <\/span><b>patrim\u00f3nio hist\u00f3rico, beleza natural e cultura<\/b><span style=\"font-weight: 400;\">, apresenta-se como um destino que cativa todos aqueles que se aventuram a descobrir os seus tesouros escondidos. Est\u00e1 interessado em conhec\u00ea-lo? Preste aten\u00e7\u00e3o.<\/span><\/p>\n<p>&nbsp;<\/p>\n<h2><b>C\u00e1davo Baleira no Caminho de Santiago: um ponto de passagem chave<\/b><\/h2>\n<p><span style=\"font-weight: 400;\">Como ponto estrat\u00e9gico no Caminho Primitivo, C\u00e1davo Baleira oferece um respiro para os peregrinos antes de iniciarem as \u00faltimas etapas da viagem. Al\u00e9m disso, serve como um ponto de encontro entre diferentes culturas e nacionalidades. As <\/span><a href=\"https:\/\/www.mundiplus.com\/pt-pt\/\"><b>empresas organizadoras do Caminho de Santiago<\/b><\/a><span style=\"font-weight: 400;\"> frequentemente incluem este local nos seus itiner\u00e1rios, reconhecendo a sua import\u00e2ncia log\u00edstica e espiritual. <\/span><\/p>\n<p><span style=\"font-weight: 400;\">Um dos pontos mais desafiantes desta etapa \u00e9 o <\/span><b>Alto de A Vaqueriza<\/b><span style=\"font-weight: 400;\">. Este ascenso, que exige tanto resist\u00eancia f\u00edsica como mental, \u00e9 uma prova para muitos peregrinos que v\u00eam de rotas menos exigentes, como as <\/span><a href=\"https:\/\/www.mundiplus.com\/pt-pt\/caminos\/a-pie\/camino-portugues-costa\/\"><b>etapas do Caminho Portugu\u00eas pela Costa<\/b><\/a><span style=\"font-weight: 400;\"> ou da <\/span><a href=\"https:\/\/www.mundiplus.com\/pt-pt\/caminos\/a-pie\/camino-portugues-costa\/camino-de-santiago-desde-baiona\/\"><b>peregrina\u00e7\u00e3o desde Baiona<\/b><\/a><span style=\"font-weight: 400;\">. <\/span><\/p>\n<p><span style=\"font-weight: 400;\">Claro, alcan\u00e7ar o cume do Alto de A Vaqueriza oferece uma recompensa incompar\u00e1vel: <\/span><b>vistas panor\u00e2micas<\/b><span style=\"font-weight: 400;\"> dos vales galegos que recordam aos peregrinos a majestade da jornada que est\u00e3o a fazer. Historicamente, este ponto tem uma grande relev\u00e2ncia, uma vez que foi utilizado durante s\u00e9culos por viajantes e comerciantes que atravessavam a regi\u00e3o.<\/span><\/p>\n<p><span style=\"font-weight: 400;\">O cont\u00ednuo passo de peregrinos deixou uma marca na cultura e na economia de C\u00e1davo Baleira. Esta pequena aldeia soube adaptar-se \u00e0s necessidades dos caminheiros, desenvolvendo uma infraestrutura que inclui <\/span><b>albergues, lojas e servi\u00e7os especializados<\/b><span style=\"font-weight: 400;\">.<\/span><\/p>\n<p><span style=\"font-weight: 400;\">O interc\u00e2mbio cultural \u00e9 palp\u00e1vel, uma vez que os locais adotaram e adaptaram elementos das muitas culturas que passam pela sua aldeia. Al\u00e9m disso, as hist\u00f3rias e experi\u00eancias partilhadas entre os peregrinos e os habitantes enriquecem a narrativa local, criando um ambiente de hospitalidade e abertura que define a ess\u00eancia de C\u00e1davo Baleira.<\/span><\/p>\n<p><span style=\"font-weight: 400;\">C\u00e1davo Baleira, um ponto de passagem crucial no Caminho Primitivo, n\u00e3o \u00e9 apenas importante para quem o percorre, mas tamb\u00e9m oferece conex\u00f5es com outras rotas famosas do Caminho de Santiago. Por exemplo, aqueles que seguem a <\/span><a href=\"https:\/\/www.mundiplus.com\/pt-pt\/caminos\/a-pie\/camino-portugues-costa\/\"><b>guia do Caminho Portugu\u00eas pela Costa<\/b><\/a><span style=\"font-weight: 400;\"> podem encontrar inspira\u00e7\u00e3o nos relatos de peregrinos que atravessaram os desafios desta rota. <\/span><\/p>\n<p><span style=\"font-weight: 400;\">Da mesma forma, aqueles que iniciam a <\/span><a href=\"https:\/\/www.mundiplus.com\/pt-pt\/caminos\/a-pie\/camino-ingles\/camino-de-santiago-desde-ferrol\/\"><b>peregrina\u00e7\u00e3o desde Ferrol<\/b><\/a><span style=\"font-weight: 400;\"> ou a <\/span><a href=\"https:\/\/www.mundiplus.com\/pt-pt\/caminos\/a-pie\/camino-frances\/camino-de-santiago-desde-roncesvalles\/\"><b>peregrina\u00e7\u00e3o desde Roncesvalles<\/b><\/a><span style=\"font-weight: 400;\"> podem partilhar experi\u00eancias e receber conselhos sobre as diferentes etapas da viagem.<\/span><\/p>\n<p>&nbsp;<\/p>\n<h2><b>A aldeia de C\u00e1davo Baleira: Um percurso pelo seu encanto rural<\/b><\/h2>\n<p><span style=\"font-weight: 400;\">Ao percorrer as suas ruas principais, sente-se a serenidade que emana desta pequena aldeia galega. <\/span><br \/>\n<span style=\"font-weight: 400;\">As ruas est\u00e3o adornadas com casas de pedra e telhados de ard\u00f3sia, caracter\u00edsticas t\u00edpicas da arquitetura tradicional da regi\u00e3o. As estreitas vielas serpenteiam entre constru\u00e7\u00f5es que resistiram ao passar do tempo, refletindo a hist\u00f3ria e as tradi\u00e7\u00f5es locais.<\/span><\/p>\n<p><span style=\"font-weight: 400;\">A <\/span><b>pra\u00e7a da aldeia<\/b><span style=\"font-weight: 400;\"> \u00e9 um local onde os habitantes se re\u00fanem e onde os visitantes podem mergulhar na vida quotidiana do lugar.<\/span><\/p>\n<p><span style=\"font-weight: 400;\">A <\/span><b>Igreja Paroquial de Santiago de C\u00e1davo<\/b><span style=\"font-weight: 400;\">, um ponto de refer\u00eancia hist\u00f3rico e cultural de grande import\u00e2ncia. Esta igreja, com a sua estrutura simples, mas imponente, \u00e9 um exemplo perfeito da arquitetura religiosa galega e um local de paz e reflex\u00e3o tanto para os locais como para os peregrinos que passam por aqui.<\/span><\/p>\n<p><span style=\"font-weight: 400;\">Al\u00e9m da igreja, a aldeia alberga pequenas fontes e monumentos que adicionam um toque de hist\u00f3ria e encanto ao ambiente. Estes pontos de interesse contam hist\u00f3rias do passado e refletem a identidade da comunidade.<\/span><\/p>\n<p>&nbsp;<\/p>\n<h2><b>Natureza e paisagens de C\u00e1davo Baleira<\/b><\/h2>\n<p><img decoding=\"async\" class=\"alignnone wp-image-112022 size-full\" src=\"https:\/\/www.mundiplus.com\/wp-content\/uploads\/2024\/10\/Rio-Eo-Mundiplus.jpg\" alt=\"\" width=\"1024\" height=\"485\" srcset=\"https:\/\/www.mundiplus.com\/wp-content\/uploads\/2024\/10\/Rio-Eo-Mundiplus.jpg 1024w, https:\/\/www.mundiplus.com\/wp-content\/uploads\/2024\/10\/Rio-Eo-Mundiplus-300x142.jpg 300w, https:\/\/www.mundiplus.com\/wp-content\/uploads\/2024\/10\/Rio-Eo-Mundiplus-768x364.jpg 768w, https:\/\/www.mundiplus.com\/wp-content\/uploads\/2024\/10\/Rio-Eo-Mundiplus-600x284.jpg 600w\" sizes=\"(max-width: 1024px) 100vw, 1024px\" \/><\/p>\n<p><span style=\"font-weight: 400;\">Uma das atividades mais recomendadas para explorar estas paisagens \u00e9 o trekking, com v\u00e1rias rotas que permitem aos visitantes mergulharem na beleza natural da regi\u00e3o.<\/span><\/p>\n<p><span style=\"font-weight: 400;\">Entre as rotas mais populares encontra-se o ascenso ao <\/span><b>Alto de Fontaneira<\/b><span style=\"font-weight: 400;\">, uma caminhada que oferece aos excursionistas vistas panor\u00e2micas espetaculares dos vales galegos. \u00c0 medida que sobe, a paisagem transforma-se, mostrando uma diversidade de flora e fauna que varia conforme a altitude: desde densos bosques de carvalhos e castanheiros nas zonas mais baixas at\u00e9 prados nas partes mais altas.<\/span><\/p>\n<p><span style=\"font-weight: 400;\">O <\/span><b>Rio Eo<\/b><span style=\"font-weight: 400;\">, que corre perto de C\u00e1davo Baleira, \u00e9 outra j\u00f3ia natural que merece ser explorada. Este rio sinuoso n\u00e3o s\u00f3 adiciona um toque de serenidade \u00e0 paisagem, como tamb\u00e9m oferece v\u00e1rias oportunidades para <\/span><b>desfrutar de atividades ao ar livre<\/b><span style=\"font-weight: 400;\">.<\/span><\/p>\n<p><span style=\"font-weight: 400;\">Os aficionados pela pesca encontrar\u00e3o nas suas \u00e1guas cristalinas uma variedade de esp\u00e9cies de peixes, como trutas, tornando o rio um local ideal para a pesca desportiva. Al\u00e9m disso, os passeios ao longo das suas margens s\u00e3o uma forma relaxante de aproveitar o ambiente natural, com trilhos que se adentram nos bosques e permitem aos visitantes descobrir a fauna local.<\/span><\/p>\n<p><span style=\"font-weight: 400;\">Falando de biodiversidade, a zona em redor desta localidade \u00e9 <\/span><b>rica em flora e fauna<\/b><span style=\"font-weight: 400;\">. Os bosques da regi\u00e3o abrigam uma variedade de esp\u00e9cies vegetais, como fetos, urzes e v\u00e1rias flores silvestres que florescem na primavera, pintando a paisagem com cores vibrantes.<\/span><\/p>\n<p><span style=\"font-weight: 400;\">Quanto \u00e0 fauna, \u00e9 comum avistar <\/span><b>cor\u00e7os, javalis e v\u00e1rias aves de rapina<\/b><span style=\"font-weight: 400;\">, como a \u00e1guia-cal\u00e7ada e o ratonero comum.<\/span><\/p>\n<p>&nbsp;<\/p>\n<h2><b>Patrim\u00f3nio cultural e tradi\u00e7\u00f5es em C\u00e1davo Baleira<\/b><\/h2>\n<p><span style=\"font-weight: 400;\">Uma das principais festividades da aldeia \u00e9 a <\/span><b>Festa de Santiago<\/b><span style=\"font-weight: 400;\">, que se celebra a 11 e 12 de agosto. Durante esta festividade, os habitantes da aldeia e os visitantes re\u00fanem-se para disfrutar de prociss\u00f5es, m\u00fasica, dan\u00e7as e comidas t\u00edpicas que celebram o esp\u00edrito comunit\u00e1rio e a devo\u00e7\u00e3o religiosa.<\/span><\/p>\n<p><span style=\"font-weight: 400;\">A <\/span><b>artesanato<\/b><span style=\"font-weight: 400;\"> \u00e9 outro aspecto destacado do patrim\u00f3nio cultural de C\u00e1davo Baleira. Os artes\u00e3os locais s\u00e3o conhecidos pelas suas habilidades na cria\u00e7\u00e3o de <\/span><b>produtos de madeira e t\u00eaxteis<\/b><span style=\"font-weight: 400;\"> que refletem o estilo tradicional galego. Nos mercados locais, os visitantes podem adquirir pe\u00e7as \u00fanicas, como esculturas em madeira, cestos tecidos e t\u00eaxteis bordados \u00e0 m\u00e3o.<\/span><\/p>\n<p><span style=\"font-weight: 400;\">Al\u00e9m disso, a m\u00fasica e o folclore desempenham um papel vital na vida cultural de C\u00e1davo Baleira. A <\/span><b>m\u00fasica tradicional galega<\/b><span style=\"font-weight: 400;\">, com as suas gaitas, tambores e pandeiretas, \u00e9 uma parte essencial das celebra\u00e7\u00f5es locais e oferece uma liga\u00e7\u00e3o emocional com o passado.<\/span><\/p>\n<p><span style=\"font-weight: 400;\">Os eventos culturais incluem frequentemente atua\u00e7\u00f5es de grupos folcl\u00f3ricos que interpretam dan\u00e7as e can\u00e7\u00f5es tradicionais. Estes eventos n\u00e3o s\u00f3 preservam as tradi\u00e7\u00f5es culturais, como tamb\u00e9m fortalecem os la\u00e7os comunit\u00e1rios e promovem um sentimento de perten\u00e7a e orgulho local.<\/span><\/p>\n<p>&nbsp;<\/p>\n<h2><b>Excurs\u00f5es pr\u00f3ximas: descobrindo os arredores de C\u00e1davo Baleira<\/b><\/h2>\n<p><img decoding=\"async\" class=\"alignnone wp-image-112028 size-full\" src=\"https:\/\/www.mundiplus.com\/wp-content\/uploads\/2024\/10\/Paradavella-Mundiplus.jpg\" alt=\"\" width=\"1024\" height=\"768\" srcset=\"https:\/\/www.mundiplus.com\/wp-content\/uploads\/2024\/10\/Paradavella-Mundiplus.jpg 1024w, https:\/\/www.mundiplus.com\/wp-content\/uploads\/2024\/10\/Paradavella-Mundiplus-300x225.jpg 300w, https:\/\/www.mundiplus.com\/wp-content\/uploads\/2024\/10\/Paradavella-Mundiplus-768x576.jpg 768w, https:\/\/www.mundiplus.com\/wp-content\/uploads\/2024\/10\/Paradavella-Mundiplus-600x450.jpg 600w\" sizes=\"(max-width: 1024px) 100vw, 1024px\" \/><\/p>\n<p><span style=\"font-weight: 400;\">Entre as aldeias pr\u00f3ximas que merecem uma visita encontram-se <\/span><b>Baleira<\/b><span style=\"font-weight: 400;\"> e <\/span><b>Paradavella<\/b><span style=\"font-weight: 400;\">. <\/span><\/p>\n<ul>\n<li style=\"font-weight: 400;\" aria-level=\"1\"><b>Baleira<\/b><span style=\"font-weight: 400;\"> \u00e9 uma encantadora aldeia que mant\u00e9m o seu car\u00e1cter tradicional galego com a sua arquitetura de pedra e as suas paisagens verdes. \u00c9 um local perfeito para passeios tranquilos, disfrutar da hospitalidade local e explorar pequenos tesouros culturais, como igrejas e capelas que datam de v\u00e1rios s\u00e9culos atr\u00e1s.<\/span><\/li>\n<li style=\"font-weight: 400;\" aria-level=\"1\"><b>Paradavella<\/b><span style=\"font-weight: 400;\">, por outro lado, oferece uma experi\u00eancia ainda mais rural e aut\u00eantica, com as suas casas dispersas e o seu ambiente natural praticamente intacto. Esta aldeia \u00e9 ideal para quem procura uma liga\u00e7\u00e3o mais profunda com a natureza e a vida rural galega.<\/span><\/li>\n<\/ul>\n<p><span style=\"font-weight: 400;\">Outra op\u00e7\u00e3o para uma excurs\u00e3o de um dia \u00e9 visitar o pr\u00f3ximo <\/span><b>Vale de Fonsagrada<\/b><span style=\"font-weight: 400;\">. Oferece paisagens espetaculares e \u00e9 conhecido pela sua cultura de montanha e pelos antigos trilhos que eram utilizados por peregrinos e comerciantes.<\/span><\/p>\n<p>&nbsp;<\/p>\n<h2><b>Dicas para o visitante<\/b><\/h2>\n<p><span style=\"font-weight: 400;\">A melhor \u00e9poca para visitar \u00e9 <\/span><b>entre o final da primavera e o in\u00edcio do outono<\/b><span style=\"font-weight: 400;\">, quando o clima \u00e9 mais ameno e as condi\u00e7\u00f5es s\u00e3o ideais para o trekking e outras atividades ao ar livre. Durante estes meses, os dias s\u00e3o mais longos e ensolarados, permitindo aproveitar ao m\u00e1ximo as excurs\u00f5es e passeios pela natureza.<\/span><\/p>\n<p><span style=\"font-weight: 400;\">Al\u00e9m disso, muitas das festividades locais ocorrem no ver\u00e3o, oferecendo uma oportunidade adicional para desfrutar da cultura e das tradi\u00e7\u00f5es da regi\u00e3o.<\/span><\/p>\n<p><span style=\"font-weight: 400;\">Para aproveitar ao m\u00e1ximo a visita a C\u00e1davo Baleira, \u00e9 aconselh\u00e1vel usar <\/span><b>roupa confort\u00e1vel e cal\u00e7ado adequado para caminhar<\/b><span style=\"font-weight: 400;\">, especialmente se se planeia fazer trekking nas rotas pr\u00f3ximas. Tamb\u00e9m \u00e9 \u00fatil levar um casaco ou imperme\u00e1vel, j\u00e1 que o clima na Galiza pode ser imprevis\u00edvel, com chuvas ocasionais at\u00e9 no ver\u00e3o.<\/span><\/p>\n<p><span style=\"font-weight: 400;\">Quanto \u00e0 hospedagem, existem v\u00e1rias casas rurais e pequenos hot\u00e9is na aldeia e arredores, que oferecem uma experi\u00eancia aut\u00eantica e confort\u00e1vel. \u00c9 aconselh\u00e1vel fazer reserva antecipada, especialmente durante a alta temporada de ver\u00e3o.<\/span><\/p>\n","protected":false},"excerpt":{"rendered":"<p>C\u00e1davo Baleira \u00e9 uma encantadora localidade situada na prov\u00edncia de Lugo. Esta aldeia est\u00e1 inserida num ambiente montanhoso que surge no seu caminho se fizer o Caminho Primitivo. \u00c0 medida que os peregrinos avan\u00e7am em dire\u00e7\u00e3o a Santiago de Compostela, encontram aqui um local de descanso e um ponto de liga\u00e7\u00e3o com a rica hist\u00f3ria [&hellip;]<\/p>\n","protected":false},"author":1,"featured_media":112039,"comment_status":"open","ping_status":"open","sticky":false,"template":"","format":"standard","meta":{"footnotes":""},"categories":[574,578,602],"tags":[],"class_list":["post-113701","post","type-post","status-publish","format-standard","has-post-thumbnail","hentry","category-blog-do-caminho","category-caminho-a-pe","category-vilas-e-comarcas"],"_links":{"self":[{"href":"https:\/\/www.mundiplus.com\/pt-pt\/wp-json\/wp\/v2\/posts\/113701","targetHints":{"allow":["GET"]}}],"collection":[{"href":"https:\/\/www.mundiplus.com\/pt-pt\/wp-json\/wp\/v2\/posts"}],"about":[{"href":"https:\/\/www.mundiplus.com\/pt-pt\/wp-json\/wp\/v2\/types\/post"}],"author":[{"embeddable":true,"href":"https:\/\/www.mundiplus.com\/pt-pt\/wp-json\/wp\/v2\/users\/1"}],"replies":[{"embeddable":true,"href":"https:\/\/www.mundiplus.com\/pt-pt\/wp-json\/wp\/v2\/comments?post=113701"}],"version-history":[{"count":0,"href":"https:\/\/www.mundiplus.com\/pt-pt\/wp-json\/wp\/v2\/posts\/113701\/revisions"}],"wp:featuredmedia":[{"embeddable":true,"href":"https:\/\/www.mundiplus.com\/pt-pt\/wp-json\/wp\/v2\/media\/112039"}],"wp:attachment":[{"href":"https:\/\/www.mundiplus.com\/pt-pt\/wp-json\/wp\/v2\/media?parent=113701"}],"wp:term":[{"taxonomy":"category","embeddable":true,"href":"https:\/\/www.mundiplus.com\/pt-pt\/wp-json\/wp\/v2\/categories?post=113701"},{"taxonomy":"post_tag","embeddable":true,"href":"https:\/\/www.mundiplus.com\/pt-pt\/wp-json\/wp\/v2\/tags?post=113701"}],"curies":[{"name":"wp","href":"https:\/\/api.w.org\/{rel}","templated":true}]}}