{"id":113708,"date":"2024-10-30T10:04:25","date_gmt":"2024-10-30T10:04:25","guid":{"rendered":"https:\/\/www.mundiplus.com\/o-que-ver-em-cee\/"},"modified":"2024-11-19T17:40:12","modified_gmt":"2024-11-19T17:40:12","slug":"o-que-ver-em-cee","status":"publish","type":"post","link":"https:\/\/www.mundiplus.com\/pt-pt\/blog\/o-que-ver-em-cee\/","title":{"rendered":"O que ver em Cee"},"content":{"rendered":"<p><img fetchpriority=\"high\" decoding=\"async\" class=\"alignnone wp-image-110813 size-full\" src=\"https:\/\/www.mundiplus.com\/wp-content\/uploads\/2024\/09\/Cee-Mundiplus.jpg\" alt=\"\" width=\"1024\" height=\"684\" srcset=\"https:\/\/www.mundiplus.com\/wp-content\/uploads\/2024\/09\/Cee-Mundiplus.jpg 1024w, https:\/\/www.mundiplus.com\/wp-content\/uploads\/2024\/09\/Cee-Mundiplus-300x200.jpg 300w, https:\/\/www.mundiplus.com\/wp-content\/uploads\/2024\/09\/Cee-Mundiplus-768x513.jpg 768w, https:\/\/www.mundiplus.com\/wp-content\/uploads\/2024\/09\/Cee-Mundiplus-600x401.jpg 600w\" sizes=\"(max-width: 1024px) 100vw, 1024px\" \/><\/p>\n<p><b>Cee<\/b><span style=\"font-weight: 400;\"> \u00e9 um destino encantador localizado na costa galega, no cora\u00e7\u00e3o da <\/span><b>Costa da Morte<\/b><span style=\"font-weight: 400;\">. Esta pequena mas pitoresca vila, banhada pelas \u00e1guas do Atl\u00e2ntico, destaca-se pelo seu ambiente natural de grande beleza e pela sua rica hist\u00f3ria.<\/span><\/p>\n<p><span style=\"font-weight: 400;\">Ao longo dos s\u00e9culos, foi testemunha da vida mar\u00edtima e agr\u00edcola que moldou a identidade dos seus habitantes. A sua proximidade de alguns dos <\/span><b>paisagens mais selvagens e espectaculares da Galiza<\/b><span style=\"font-weight: 400;\">, como fal\u00e9sias \u00edngremes e praias de areia branca, torna-a um lugar ideal para os amantes da natureza e aqueles que procuram escapar \u00e0 rotina. <\/span><\/p>\n<p><span style=\"font-weight: 400;\">Como ponto de descanso para os peregrinos que fazem o Caminho de Finisterra, esta vila oferece uma mistura \u00fanica de tranquilidade e acesso a alguns recantos surpreendentes da regi\u00e3o. E \u00e9 que, Cee convida os seus visitantes a descobrir <\/span><b>tanto o seu patrim\u00f3nio cultural como as suas paisagens naturais<\/b><span style=\"font-weight: 400;\">, oferecendo uma experi\u00eancia aut\u00eantica no cora\u00e7\u00e3o da Galiza.<\/span><\/p>\n<p>&nbsp;<\/p>\n<h2><b>O porto de Cee e a sua liga\u00e7\u00e3o com o Atl\u00e2ntico<\/b><\/h2>\n<p><span style=\"font-weight: 400;\">O <\/span><b>porto de Cee<\/b><span style=\"font-weight: 400;\"> \u00e9 um dos pontos mais destacados desta vila costeira, n\u00e3o s\u00f3 pela sua beleza c\u00e9nica, mas tamb\u00e9m pela sua <\/span><b>import\u00e2ncia hist\u00f3rica e econ\u00f3mica<\/b><span style=\"font-weight: 400;\">. <\/span><\/p>\n<p><span style=\"font-weight: 400;\">Este local, situado numa zona estrat\u00e9gica da Costa da Morte, tem sido, durante s\u00e9culos, um <\/span><b>ponto central para a atividade pesqueira e comercial da regi\u00e3o<\/b><span style=\"font-weight: 400;\">. Al\u00e9m disso, tem sido testemunha da passagem de gera\u00e7\u00f5es de pescadores que aproveitaram as \u00e1guas do Atl\u00e2ntico, conhecidas tanto pela sua abund\u00e2ncia como pela sua perigosidade.<\/span><\/p>\n<p><span style=\"font-weight: 400;\">Hoje, este porto continua a ser um lugar onde <\/span><b>se misturam a tradi\u00e7\u00e3o e a modernidade<\/b><span style=\"font-weight: 400;\">. Os visitantes podem desfrutar de agrad\u00e1veis passeios pela zona portu\u00e1ria, contemplando o vai e vem dos barcos de pesca e de recreio. Tudo isto, enquanto se deliciam com as impressionantes vistas para o mar que este recanto privilegiado oferece. <\/span><\/p>\n<p><span style=\"font-weight: 400;\">Al\u00e9m disso, ao longo do porto encontram-se v\u00e1rios restaurantes especializados em mariscos e peixes frescos. Aqui \u00e9 poss\u00edvel degustar o melhor da gastronomia local, com pratos tradicionais que refletem a liga\u00e7\u00e3o de Cee com o Atl\u00e2ntico.<\/span><\/p>\n<p><span style=\"font-weight: 400;\">As tradi\u00e7\u00f5es pesqueiras de Cee continuam profundamente enraizadas na vida di\u00e1ria dos seus habitantes. A pesca n\u00e3o foi apenas uma fonte de sustento econ\u00f3mico, mas tamb\u00e9m moldou a cultura e os costumes locais. Os festivais e celebra\u00e7\u00f5es frequentemente <\/span><b>giram em torno do mar<\/b><span style=\"font-weight: 400;\">, e muitas das hist\u00f3rias e lendas que se transmitem de gera\u00e7\u00e3o em gera\u00e7\u00e3o t\u00eam o oceano como protagonista. <\/span><\/p>\n<p>&nbsp;<\/p>\n<h2><b>Cee e o Caminho de Santiago: uma paragem estrat\u00e9gica no Caminho a Finisterre<\/b><\/h2>\n<p><span style=\"font-weight: 400;\">Cee encontra-se no tramo final do <\/span><a href=\"https:\/\/www.mundiplus.com\/pt-pt\/caminos\/a-pie\/camino-finisterre\/camino-de-santiago-a-finisterre\/\"><b>Caminho de Santiago at\u00e9 Finisterre<\/b><\/a><span style=\"font-weight: 400;\">, uma das rotas mais <\/span><b>emblem\u00e1ticas e simb\u00f3licas<\/b><span style=\"font-weight: 400;\"> da peregrina\u00e7\u00e3o jacobeia. Ao contr\u00e1rio de outros caminhos tradicionais que terminam na Catedral de Santiago, esta extens\u00e3o convida os peregrinos a continuar a sua jornada at\u00e9 ao &#8220;Fim do Mundo&#8221;, Finisterre. <\/span><\/p>\n<p><span style=\"font-weight: 400;\">Este percurso, conhecido pela sua beleza natural e pela sua profunda espiritualidade, oferece aos caminheiros a oportunidade de refletir sobre a sua peregrina\u00e7\u00e3o enquanto percorrem paisagens costeiras \u00fanicas. Muitas <\/span><a href=\"https:\/\/www.mundiplus.com\/pt-pt\/\"><b>ag\u00eancias de viagens para o Caminho de Santiago de Compostela<\/b><\/a><span style=\"font-weight: 400;\"> incluem Cee como uma paragem estrat\u00e9gica no seu itiner\u00e1rio para este destino final.<\/span><\/p>\n<p><span style=\"font-weight: 400;\">Os peregrinos que passam por Cee, depois de fazer o <\/span><a href=\"https:\/\/www.mundiplus.com\/pt-pt\/caminos\/a-pie\/camino-primitivo\/\"><b>Caminho de Santiago Primitivo etapas<\/b><\/a><span style=\"font-weight: 400;\">, o <\/span><a href=\"https:\/\/www.mundiplus.com\/pt-pt\/caminos\/a-pie\/camino-ingles\/camino-de-santiago-desde-ferrol\/\"><b>Caminho Ingl\u00eas desde Ferrol a Santiago<\/b><\/a><span style=\"font-weight: 400;\">, ou o <\/span><a href=\"https:\/\/www.mundiplus.com\/pt-pt\/caminos\/a-pie\/camino-ingles\/\"><b>Caminho de Santiago Ingl\u00eas<\/b><\/a><span style=\"font-weight: 400;\"> encontram nesta vila uma paragem ideal para descansar e explorar. <\/span><\/p>\n<p><span style=\"font-weight: 400;\">Entre os locais que podem visitar, destacam-se o <\/span><b>porto de Cee<\/b><span style=\"font-weight: 400;\">, a <\/span><b>Igreja de Santa Maria de Xunqueira<\/b><span style=\"font-weight: 400;\"> e as praias pr\u00f3ximas, onde muitos optam por relaxar ap\u00f3s o longo percurso. Al\u00e9m disso, o encanto da vila e a sua hospitalidade oferecem aos caminheiros um ambiente tranquilo onde recarregar energias antes de continuar a sua travessia.<\/span><br \/>\n<span style=\"font-weight: 400;\">Historicamente, o Caminho de Santiago at\u00e9 Finisterre foi visto como um acto simb\u00f3lico de chegar ao verdadeiro fim da Terra. Aqui, os peregrinos <\/span><b>queimavam as suas roupas como s\u00edmbolo de purifica\u00e7\u00e3o e renova\u00e7\u00e3o<\/b><span style=\"font-weight: 400;\">. Embora esta pr\u00e1tica j\u00e1 n\u00e3o seja comum, o sentido de culmina\u00e7\u00e3o que este caminho oferece continua vivo. <\/span><\/p>\n<p><span style=\"font-weight: 400;\">Desde os tempos medievais, o percurso tem sido testemunha de milhares de hist\u00f3rias e experi\u00eancias, e muitos dos caminhantes, depois de chegarem a Cee, sentem que est\u00e3o \u00e0 beira da sua meta. Para aqueles que fazem o <\/span><a href=\"https:\/\/www.mundiplus.com\/pt-pt\/caminos\/a-pie\/camino-frances\/camino-de-santiago-desde-o-cebreiro\/\"><b>Caminho de Santiago desde O Cebreiro a p\u00e9<\/b><\/a><span style=\"font-weight: 400;\">, este \u00faltimo trecho at\u00e9 Finisterre torna-se um reflexo do processo de transforma\u00e7\u00e3o interna que viveram durante a sua peregrina\u00e7\u00e3o.<\/span><\/p>\n<p>&nbsp;<\/p>\n<h2><b>Igreja de Santa Maria de Xunqueira<\/b><\/h2>\n<p><img decoding=\"async\" class=\"alignnone wp-image-110807 size-full\" src=\"https:\/\/www.mundiplus.com\/wp-content\/uploads\/2024\/09\/Iglesia-de-Santa-Maria-de-Xunqueira-Mundiplus.jpg\" alt=\"\" width=\"1024\" height=\"681\" srcset=\"https:\/\/www.mundiplus.com\/wp-content\/uploads\/2024\/09\/Iglesia-de-Santa-Maria-de-Xunqueira-Mundiplus.jpg 1024w, https:\/\/www.mundiplus.com\/wp-content\/uploads\/2024\/09\/Iglesia-de-Santa-Maria-de-Xunqueira-Mundiplus-300x200.jpg 300w, https:\/\/www.mundiplus.com\/wp-content\/uploads\/2024\/09\/Iglesia-de-Santa-Maria-de-Xunqueira-Mundiplus-768x511.jpg 768w, https:\/\/www.mundiplus.com\/wp-content\/uploads\/2024\/09\/Iglesia-de-Santa-Maria-de-Xunqueira-Mundiplus-600x399.jpg 600w\" sizes=\"(max-width: 1024px) 100vw, 1024px\" \/><\/p>\n<p><span style=\"font-weight: 400;\">A <\/span><b>Igreja de Santa Maria de Xunqueira<\/b><span style=\"font-weight: 400;\"> \u00e9, sem d\u00favida, um dos monumentos mais emblem\u00e1ticos de Cee. A igreja tem sido, durante s\u00e9culos, o centro espiritual e social da comunidade local. A sua hist\u00f3ria est\u00e1 profundamente entrela\u00e7ada com o desenvolvimento da vila de Cee.<\/span><\/p>\n<p><span style=\"font-weight: 400;\">Este templo, cuja constru\u00e7\u00e3o <\/span><b>data do s\u00e9culo XV<\/b><span style=\"font-weight: 400;\">, \u00e9 um claro exemplo da arquitetura religiosa galega, com uma mistura de <\/span><b>estilos rom\u00e2nico e g\u00f3tico<\/b><span style=\"font-weight: 400;\">. Foi incendiada durante a invas\u00e3o napole\u00f3nica, pelo que desde o s\u00e9culo XIX foi reconstru\u00edda.<\/span><\/p>\n<p><span style=\"font-weight: 400;\">O exterior da igreja destaca-se pela sua simplicidade e robustez, com muros de pedra que resistiram ao passar do tempo. Os seus <\/span><b>dois campan\u00e1rios<\/b><span style=\"font-weight: 400;\">, vis\u00edveis de v\u00e1rios pontos da vila, s\u00e3o um dos elementos mais ic\u00f3nicos da estrutura.<\/span><\/p>\n<p><span style=\"font-weight: 400;\">No seu interior, os visitantes podem admirar v\u00e1rios detalhes art\u00edsticos de grande valor hist\u00f3rico, como o altar-mor, que apresenta uma <\/span><b>imagem de Nossa Senhora<\/b><span style=\"font-weight: 400;\">, e as delicadas esculturas em madeira que adornam os altares laterais. Tamb\u00e9m \u00e9 not\u00e1vel a <\/span><b>pia baptismal<\/b><span style=\"font-weight: 400;\">, que tem sido testemunha de in\u00fameros baptizados ao longo dos s\u00e9culos.<\/span><\/p>\n<p><span style=\"font-weight: 400;\">A igreja tem um papel fundamental nas festividades locais, especialmente durante as celebra\u00e7\u00f5es em honra de Santa Maria de Xunqueira, que acontecem todos os <\/span><b>15 de agosto<\/b><span style=\"font-weight: 400;\">. Estas festas religiosas atraem tanto os locais como os visitantes, que participam em prociss\u00f5es, missas solenes e diversas actividades culturais. <\/span><\/p>\n<p>&nbsp;<\/p>\n<h2><b>Praia de Estorde: relaxamento e natureza na Costa da Morte<\/b><\/h2>\n<p><img decoding=\"async\" class=\"alignnone wp-image-110801 size-full\" src=\"https:\/\/www.mundiplus.com\/wp-content\/uploads\/2024\/09\/Playa-de-Estorde-Mundiplus.jpg\" alt=\"\" width=\"1024\" height=\"575\" srcset=\"https:\/\/www.mundiplus.com\/wp-content\/uploads\/2024\/09\/Playa-de-Estorde-Mundiplus.jpg 1024w, https:\/\/www.mundiplus.com\/wp-content\/uploads\/2024\/09\/Playa-de-Estorde-Mundiplus-300x168.jpg 300w, https:\/\/www.mundiplus.com\/wp-content\/uploads\/2024\/09\/Playa-de-Estorde-Mundiplus-768x431.jpg 768w, https:\/\/www.mundiplus.com\/wp-content\/uploads\/2024\/09\/Playa-de-Estorde-Mundiplus-600x337.jpg 600w\" sizes=\"(max-width: 1024px) 100vw, 1024px\" \/><\/p>\n<p><span style=\"font-weight: 400;\">A poucos quil\u00f3metros de Cee encontra-se a <\/span><b>Praia de Estorde<\/b><span style=\"font-weight: 400;\">, um recanto de tranquilidade e beleza natural no cora\u00e7\u00e3o da Costa da Morte. Esta praia de areia fina e branca \u00e9 o lugar perfeito para quem procura relaxar e desconectar da rotina di\u00e1ria. Com o seu <\/span><b>ambiente virgem<\/b><span style=\"font-weight: 400;\"> e paisagens deslumbrantes, Estorde oferece uma experi\u00eancia \u00fanica para os amantes da natureza.<\/span><\/p>\n<p><span style=\"font-weight: 400;\">A sua localiza\u00e7\u00e3o privilegiada, numa <\/span><b>pequena enseada protegida<\/b><span style=\"font-weight: 400;\">, torna-a um local ideal para nadar e apanhar sol. Al\u00e9m disso, a praia conta com amplas zonas para passeios ao longo da costa, permitindo desfrutar da brisa mar\u00edtima e das vistas espetaculares do Atl\u00e2ntico.<\/span><\/p>\n<p><span style=\"font-weight: 400;\">Ao longo do passeio, \u00e9 comum encontrar pequenos grupos de fam\u00edlias e turistas que procuram tranquilidade, assim como surfistas que aproveitam as ondas em dias de vento.<\/span><\/p>\n<p>&nbsp;<\/p>\n<h2><b>Passeio mar\u00edtimo de Cee: um percurso encantador<\/b><\/h2>\n<p><span style=\"font-weight: 400;\">Este \u00e9 um dos locais mais atractivos da vila, perfeito para desfrutar de um passeio relaxante \u00e0 beira do Atl\u00e2ntico. <\/span><\/p>\n<p><span style=\"font-weight: 400;\">Este percurso, que contorna a costa, oferece vistas panor\u00e2micas deslumbrantes do mar e da linha costeira, tornando-o um lugar ideal para os amantes de passeios ao ar livre. Ao longo do passeio, os visitantes podem desfrutar da brisa mar\u00edtima, do som das ondas e das cores que o c\u00e9u adquire ao p\u00f4r-do-sol.<\/span><\/p>\n<p><span style=\"font-weight: 400;\">Ademais, encontram-se <\/span><b>v\u00e1rios parques e \u00e1reas de descanso<\/b><span style=\"font-weight: 400;\">, onde \u00e9 poss\u00edvel fazer uma pausa para admirar a paisagem ou simplesmente desfrutar de um momento em fam\u00edlia. Estes espa\u00e7os verdes est\u00e3o desenhados para o prazer de todas as idades, com zonas infantis para os mais pequenos e bancos estrategicamente localizados para usufruir das melhores vistas.<\/span><\/p>\n<p><span style=\"font-weight: 400;\">Al\u00e9m disso, a poucos metros do passeio, podem ser encontrados restaurantes que oferecem especialidades locais, como mariscos e peixes frescos.<\/span><\/p>\n","protected":false},"excerpt":{"rendered":"<p>Cee \u00e9 um destino encantador localizado na costa galega, no cora\u00e7\u00e3o da Costa da Morte. Esta pequena mas pitoresca vila, banhada pelas \u00e1guas do Atl\u00e2ntico, destaca-se pelo seu ambiente natural de grande beleza e pela sua rica hist\u00f3ria. Ao longo dos s\u00e9culos, foi testemunha da vida mar\u00edtima e agr\u00edcola que moldou a identidade dos seus [&hellip;]<\/p>\n","protected":false},"author":1,"featured_media":110818,"comment_status":"open","ping_status":"open","sticky":false,"template":"","format":"standard","meta":{"footnotes":""},"categories":[574,578,602],"tags":[],"class_list":["post-113708","post","type-post","status-publish","format-standard","has-post-thumbnail","hentry","category-blog-do-caminho","category-caminho-a-pe","category-vilas-e-comarcas"],"_links":{"self":[{"href":"https:\/\/www.mundiplus.com\/pt-pt\/wp-json\/wp\/v2\/posts\/113708","targetHints":{"allow":["GET"]}}],"collection":[{"href":"https:\/\/www.mundiplus.com\/pt-pt\/wp-json\/wp\/v2\/posts"}],"about":[{"href":"https:\/\/www.mundiplus.com\/pt-pt\/wp-json\/wp\/v2\/types\/post"}],"author":[{"embeddable":true,"href":"https:\/\/www.mundiplus.com\/pt-pt\/wp-json\/wp\/v2\/users\/1"}],"replies":[{"embeddable":true,"href":"https:\/\/www.mundiplus.com\/pt-pt\/wp-json\/wp\/v2\/comments?post=113708"}],"version-history":[{"count":0,"href":"https:\/\/www.mundiplus.com\/pt-pt\/wp-json\/wp\/v2\/posts\/113708\/revisions"}],"wp:featuredmedia":[{"embeddable":true,"href":"https:\/\/www.mundiplus.com\/pt-pt\/wp-json\/wp\/v2\/media\/110818"}],"wp:attachment":[{"href":"https:\/\/www.mundiplus.com\/pt-pt\/wp-json\/wp\/v2\/media?parent=113708"}],"wp:term":[{"taxonomy":"category","embeddable":true,"href":"https:\/\/www.mundiplus.com\/pt-pt\/wp-json\/wp\/v2\/categories?post=113708"},{"taxonomy":"post_tag","embeddable":true,"href":"https:\/\/www.mundiplus.com\/pt-pt\/wp-json\/wp\/v2\/tags?post=113708"}],"curies":[{"name":"wp","href":"https:\/\/api.w.org\/{rel}","templated":true}]}}