{"id":113731,"date":"2024-11-19T19:37:10","date_gmt":"2024-11-19T19:37:10","guid":{"rendered":"https:\/\/www.mundiplus.com\/o-que-ver-em-bruma\/"},"modified":"2024-11-20T14:27:59","modified_gmt":"2024-11-20T14:27:59","slug":"o-que-ver-em-bruma","status":"publish","type":"post","link":"https:\/\/www.mundiplus.com\/pt-pt\/blog\/o-que-ver-em-bruma\/","title":{"rendered":"O que ver em Bruma"},"content":{"rendered":"<p><img fetchpriority=\"high\" decoding=\"async\" class=\"alignnone wp-image-111661 size-full\" src=\"https:\/\/www.mundiplus.com\/wp-content\/uploads\/2024\/10\/Hospital-de-Bruma-Mundiplus.jpg\" alt=\"\" width=\"1024\" height=\"575\" srcset=\"https:\/\/www.mundiplus.com\/wp-content\/uploads\/2024\/10\/Hospital-de-Bruma-Mundiplus.jpg 1024w, https:\/\/www.mundiplus.com\/wp-content\/uploads\/2024\/10\/Hospital-de-Bruma-Mundiplus-300x168.jpg 300w, https:\/\/www.mundiplus.com\/wp-content\/uploads\/2024\/10\/Hospital-de-Bruma-Mundiplus-768x431.jpg 768w, https:\/\/www.mundiplus.com\/wp-content\/uploads\/2024\/10\/Hospital-de-Bruma-Mundiplus-600x337.jpg 600w\" sizes=\"(max-width: 1024px) 100vw, 1024px\" \/><\/p>\n<p><span style=\"font-weight: 400;\">A aldeia de <\/span><b>Bruma<\/b><span style=\"font-weight: 400;\">, situada na prov\u00edncia da Corunha, \u00e9 um destino que atrai peregrinos e viajantes de todo o mundo. Que segredos esconde este pequeno recanto? Porque tantas pessoas escolhem parar aqui no seu caminho para Santiago de Compostela?<\/span><\/p>\n<p><span style=\"font-weight: 400;\">Neste lugar, cada pedra conta uma hist\u00f3ria e cada canto oferece uma experi\u00eancia \u00fanica. Acompanha-nos neste percurso para <\/span><b>descobrir o que visitar nesta interessante localidade<\/b><span style=\"font-weight: 400;\">.<\/span><\/p>\n<p>&nbsp;<\/p>\n<h2><b>Um destino que evoca beleza e mist\u00e9rio<\/b><\/h2>\n<p><span style=\"font-weight: 400;\">Bruma n\u00e3o \u00e9 apenas um ponto no mapa, \u00e9 um destino que evoca beleza e mist\u00e9rio. A sua localiza\u00e7\u00e3o estrat\u00e9gica no <\/span><b>Caminho Ingl\u00eas<\/b><span style=\"font-weight: 400;\"> torna-o um ponto de passagem obrigat\u00f3rio.<\/span><\/p>\n<p><span style=\"font-weight: 400;\">A <\/span><a href=\"https:\/\/www.mundiplus.com\/pt-pt\/\"><b>planifica\u00e7\u00e3o de rotas no Caminho de Santiago de Compostela<\/b><\/a><span style=\"font-weight: 400;\"> torna-se um assunto priorit\u00e1rio se queres aproveitar plenamente esta experi\u00eancia. Os viajantes podem escolher entre v\u00e1rias travessias.\u00a0<\/span><\/p>\n<ul>\n<li style=\"font-weight: 400;\" aria-level=\"1\"><span style=\"font-weight: 400;\">A <\/span><a href=\"https:\/\/www.mundiplus.com\/pt-pt\/caminos\/a-pe\/caminho-primitivo\/\"><b>travessia do Caminho Primitivo pelas Ast\u00farias<\/b><\/a><span style=\"font-weight: 400;\"> oferece paisagens impressionantes e uma liga\u00e7\u00e3o direta com a hist\u00f3ria do caminho.<\/span><\/li>\n<li style=\"font-weight: 400;\" aria-level=\"1\"><span style=\"font-weight: 400;\">Por outro lado, a <\/span><a href=\"https:\/\/www.mundiplus.com\/pt-pt\/caminos\/a-pe\/caminho-finisterra\/caminho-de-santiago-a-finisterra\/\"><b>peregrina\u00e7\u00e3o de Santiago a Finisterra<\/b><\/a><span style=\"font-weight: 400;\"> permite aos caminhantes experimentar a culmina\u00e7\u00e3o da viagem at\u00e9 ao oceano Atl\u00e2ntico.\u00a0<\/span><\/li>\n<li style=\"font-weight: 400;\" aria-level=\"1\"><span style=\"font-weight: 400;\">Para quem come\u00e7a a aventura na Galiza, o <\/span><a href=\"https:\/\/www.mundiplus.com\/pt-pt\/caminos\/a-pe\/caminho-ingles\/caminho-de-santiago-desde-ferrol\/\"><b>in\u00edcio do Caminho de Santiago em Ferrol<\/b><\/a><span style=\"font-weight: 400;\"> \u00e9 uma op\u00e7\u00e3o popular. O <\/span><a href=\"https:\/\/www.mundiplus.com\/pt-pt\/caminos\/a-pe\/caminho-ingles\/\"><b>itiner\u00e1rio do Caminho Ingl\u00eas para Compostela<\/b><\/a><span style=\"font-weight: 400;\"> \u00e9 especialmente atrativo se procuras uma experi\u00eancia menos concorrida.\u00a0<\/span><\/li>\n<li style=\"font-weight: 400;\" aria-level=\"1\"><span style=\"font-weight: 400;\">A <\/span><a href=\"https:\/\/www.mundiplus.com\/pt-pt\/caminos\/a-pe\/caminho-frances\/caminho-de-santiago-desde-o-cebreiro\/\"><b>travessia do Caminho de Santiago desde O Cebreiro<\/b><\/a><span style=\"font-weight: 400;\"> oferece um percurso cheio de hist\u00f3ria e natureza, ideal para aqueles que procuram uma experi\u00eancia mais tradicional no Caminho Franc\u00eas.<\/span><\/li>\n<\/ul>\n<p>&nbsp;<\/p>\n<h2><b>O albergue de peregrinos: \u00faltimo ref\u00fagio antes de Santiago<\/b><\/h2>\n<p><span style=\"font-weight: 400;\">O <\/span><b>albergue p\u00fablico de Bruma<\/b><span style=\"font-weight: 400;\"> \u00e9 um ponto-chave para os peregrinos que percorrem o Caminho Ingl\u00eas. Este estabelecimento foi desenhado para oferecer descanso e conforto aos que chegam cansados depois de uma longa jornada. A sua hist\u00f3ria remonta aos tempos em que os caminhos eram percorridos por quem procurava chegar a Santiago por motivos religiosos ou pessoais.<\/span><\/p>\n<p><span style=\"font-weight: 400;\">O albergue conta com v\u00e1rias instala\u00e7\u00f5es. H\u00e1 camas em beliches, duchas e uma \u00e1rea comum para que os caminhantes possam partilhar as suas experi\u00eancias. A aten\u00e7\u00e3o do pessoal \u00e9 excecional. Os visitantes destacam a amabilidade com que s\u00e3o recebidos.<\/span><\/p>\n<p><span style=\"font-weight: 400;\">Este local proporciona um teto e oferece um <\/span><b>sentido de comunidade entre os peregrinos<\/b><span style=\"font-weight: 400;\">. A relev\u00e2ncia do albergue estende-se al\u00e9m da sua fun\u00e7\u00e3o como alojamento. Encontra-se<\/span><b> a poucos passos do antigo hospital de peregrinos<\/b><span style=\"font-weight: 400;\">, um local que tamb\u00e9m merece ser explorado. Esta proximidade torna o albergue um ponto estrat\u00e9gico.<\/span><\/p>\n<p>&nbsp;<\/p>\n<h2><b>A hist\u00f3ria do antigo hospital: um legado cultural<\/b><\/h2>\n<p><img decoding=\"async\" class=\"alignnone wp-image-111667 size-full\" src=\"https:\/\/www.mundiplus.com\/wp-content\/uploads\/2024\/10\/Emperador-Carlos-V-Mundiplus.jpg\" alt=\"\" width=\"586\" height=\"1023\" srcset=\"https:\/\/www.mundiplus.com\/wp-content\/uploads\/2024\/10\/Emperador-Carlos-V-Mundiplus.jpg 586w, https:\/\/www.mundiplus.com\/wp-content\/uploads\/2024\/10\/Emperador-Carlos-V-Mundiplus-172x300.jpg 172w\" sizes=\"(max-width: 586px) 100vw, 586px\" \/><\/p>\n<p><span style=\"font-weight: 400;\">O <\/span><b>antigo hospital de peregrinos<\/b><span style=\"font-weight: 400;\"> tem uma rica hist\u00f3ria documentada <\/span><b>desde 1175<\/b><span style=\"font-weight: 400;\">. Este estabelecimento foi fundado para <\/span><b>atender os viajantes que chegavam cansados e doentes<\/b><span style=\"font-weight: 400;\">. Ao longo dos s\u00e9culos, foi testemunha de in\u00fameras hist\u00f3rias e anedotas.<\/span><\/p>\n<p><span style=\"font-weight: 400;\">Entre as figuras hist\u00f3ricas que se hospedaram ali encontra-se o <\/span><b>imperador Carlos V<\/b><span style=\"font-weight: 400;\">. A sua presen\u00e7a destaca a import\u00e2ncia do hospital como um <\/span><b>local de descanso para pessoas influentes<\/b><span style=\"font-weight: 400;\">. As paredes do hospital ouviram as hist\u00f3rias de muitos visitantes, tornando-se um s\u00edmbolo do caminho para Santiago.<\/span><\/p>\n<p><span style=\"font-weight: 400;\">Atualmente, o antigo hospital \u00e9 um lembrete tang\u00edvel do passado. Embora tenha mudado com o tempo, a sua ess\u00eancia permanece. Os visitantes podem conhecer a sua hist\u00f3ria e refletir sobre as vidas que passaram por suas portas.<\/span><\/p>\n<p>&nbsp;<\/p>\n<h2><b>Ermida de S\u00e3o Louren\u00e7o: um tesouro g\u00f3tico do s\u00e9culo XVI<\/b><\/h2>\n<p><img decoding=\"async\" class=\"alignnone wp-image-111673 size-full\" src=\"https:\/\/www.mundiplus.com\/wp-content\/uploads\/2024\/10\/Ermita-de-San-Lorenzo-de-Bruma-Mundiplus.jpg\" alt=\"\" width=\"1024\" height=\"575\" srcset=\"https:\/\/www.mundiplus.com\/wp-content\/uploads\/2024\/10\/Ermita-de-San-Lorenzo-de-Bruma-Mundiplus.jpg 1024w, https:\/\/www.mundiplus.com\/wp-content\/uploads\/2024\/10\/Ermita-de-San-Lorenzo-de-Bruma-Mundiplus-300x168.jpg 300w, https:\/\/www.mundiplus.com\/wp-content\/uploads\/2024\/10\/Ermita-de-San-Lorenzo-de-Bruma-Mundiplus-768x431.jpg 768w, https:\/\/www.mundiplus.com\/wp-content\/uploads\/2024\/10\/Ermita-de-San-Lorenzo-de-Bruma-Mundiplus-600x337.jpg 600w\" sizes=\"(max-width: 1024px) 100vw, 1024px\" \/><\/p>\n<p><span style=\"font-weight: 400;\">A <\/span><b>ermida de S\u00e3o Louren\u00e7o<\/b><span style=\"font-weight: 400;\"> \u00e9 um exemplo destacado da <\/span><b>arquitetura g\u00f3tica tardia<\/b><span style=\"font-weight: 400;\">, constru\u00edda no <\/span><b>s\u00e9culo XVI<\/b><span style=\"font-weight: 400;\">. Este templo tem sido um s\u00edmbolo espiritual para muitos viajantes que percorrem o Caminho de Santiago.<\/span><\/p>\n<p><span style=\"font-weight: 400;\">Apesar de ter sofrido diversas remodela\u00e7\u00f5es ao longo dos anos, ainda conserva elementos arquitet\u00f3nicos originais. O exemplo mais claro \u00e9 o arco do triunfo primitivo, que atualmente se encontra oculto por um falso teto. O interior da ermida est\u00e1 adornado com imagens religiosas e arte sacra, refletindo a profunda devo\u00e7\u00e3o dos seus visitantes.\u00a0<\/span><\/p>\n<p><span style=\"font-weight: 400;\">A atmosfera tranquila que se respira neste lugar convida \u00e0 reflex\u00e3o e \u00e0 medita\u00e7\u00e3o, tornando-o um ref\u00fagio ideal se procuras paz espiritual. Para muitos peregrinos, a ermida de S\u00e3o Louren\u00e7o representa um espa\u00e7o onde podem parar e <\/span><b>reconectar com a sua f\u00e9<\/b><span style=\"font-weight: 400;\"> antes de continuar a sua viagem para Santiago.\u00a0<\/span><\/p>\n<p>&nbsp;<\/p>\n<h2><b>Gastronomia local: Casa Gra\u00f1a, o cora\u00e7\u00e3o de Bruma<\/b><\/h2>\n<p><span style=\"font-weight: 400;\">Nesta localidade, a gastronomia local tamb\u00e9m \u00e9 de destaque. <\/span><b>Casa Gra\u00f1a<\/b><span style=\"font-weight: 400;\"> \u00e9 o \u00fanico restaurante na aldeia e tornou-se o cora\u00e7\u00e3o culin\u00e1rio do local. Este estabelecimento oferece um ambiente acolhedor para que os visitantes experimentem os pratos t\u00edpicos galegos.<\/span><\/p>\n<p><span style=\"font-weight: 400;\">O menu inclui<\/span> <span style=\"font-weight: 400;\">op\u00e7\u00f5es variadas, mariscos frescos ou pratos tradicionais como o polvo \u00e0 galega. As opini\u00f5es sobre a qualidade da comida s\u00e3o geralmente positivas. Muitos elogiam tanto o sabor como a apresenta\u00e7\u00e3o. Al\u00e9m disso, a aten\u00e7\u00e3o ao cliente \u00e9 outro aspeto destacado pelos clientes. O pessoal faz com que cada visitante se sinta bem-vindo e satisfeito com a sua experi\u00eancia gastron\u00f3mica.<\/span><\/p>\n<p>&nbsp;<\/p>\n<h2><b>Atividades e conselhos para peregrinos em Bruma<\/b><\/h2>\n<p><span style=\"font-weight: 400;\">Bruma oferece diversas atividades para aqueles que decidem parar aqui. Al\u00e9m de explorar o albergue e a ermida, os peregrinos podem desfrutar de <\/span><b>caminhadas pelos arredores<\/b><span style=\"font-weight: 400;\">. As paisagens circundantes s\u00e3o ideais para conectar com a natureza.<\/span><\/p>\n<p><span style=\"font-weight: 400;\">Um conselho \u00fatil \u00e9 visitar o<\/span><b> Mes\u00f3n do Vento<\/b><span style=\"font-weight: 400;\">, situado a apenas um quil\u00f3metro de dist\u00e2ncia. Este local oferece mais op\u00e7\u00f5es gastron\u00f3micas e servi\u00e7os adicionais que podem ser \u00fateis durante a estadia.<\/span><\/p>\n<p><span style=\"font-weight: 400;\">Os viajantes tamb\u00e9m podem participar em atividades culturais locais ou simplesmente relaxar antes de continuar a sua viagem para Santiago. Em resumo, \u00e9 um local onde cada momento pode ser significativo.<\/span><\/p>\n<p><span style=\"font-weight: 400;\">Bruma n\u00e3o \u00e9 apenas uma paragem no caminho, \u00e9 uma experi\u00eancia rica em hist\u00f3ria, cultura e comunidade. N\u00e3o percas o seu albergue acolhedor e monumentos hist\u00f3ricos. Cada recanto convida a ser explorado e apreciado. Ao visit\u00e1-lo, poder\u00e1s encontrar um lugar de descanso e uma conex\u00e3o profunda com as tradi\u00e7\u00f5es que moldaram esta terra ao longo do tempo.<\/span><\/p>\n","protected":false},"excerpt":{"rendered":"<p>A aldeia de Bruma, situada na prov\u00edncia da Corunha, \u00e9 um destino que atrai peregrinos e viajantes de todo o mundo. Que segredos esconde este pequeno recanto? Porque tantas pessoas escolhem parar aqui no seu caminho para Santiago de Compostela? Neste lugar, cada pedra conta uma hist\u00f3ria e cada canto oferece uma experi\u00eancia \u00fanica. Acompanha-nos [&hellip;]<\/p>\n","protected":false},"author":1,"featured_media":111666,"comment_status":"open","ping_status":"open","sticky":false,"template":"","format":"standard","meta":{"footnotes":""},"categories":[574,578,602],"tags":[],"class_list":["post-113731","post","type-post","status-publish","format-standard","has-post-thumbnail","hentry","category-blog-do-caminho","category-caminho-a-pe","category-vilas-e-comarcas"],"_links":{"self":[{"href":"https:\/\/www.mundiplus.com\/pt-pt\/wp-json\/wp\/v2\/posts\/113731","targetHints":{"allow":["GET"]}}],"collection":[{"href":"https:\/\/www.mundiplus.com\/pt-pt\/wp-json\/wp\/v2\/posts"}],"about":[{"href":"https:\/\/www.mundiplus.com\/pt-pt\/wp-json\/wp\/v2\/types\/post"}],"author":[{"embeddable":true,"href":"https:\/\/www.mundiplus.com\/pt-pt\/wp-json\/wp\/v2\/users\/1"}],"replies":[{"embeddable":true,"href":"https:\/\/www.mundiplus.com\/pt-pt\/wp-json\/wp\/v2\/comments?post=113731"}],"version-history":[{"count":0,"href":"https:\/\/www.mundiplus.com\/pt-pt\/wp-json\/wp\/v2\/posts\/113731\/revisions"}],"wp:featuredmedia":[{"embeddable":true,"href":"https:\/\/www.mundiplus.com\/pt-pt\/wp-json\/wp\/v2\/media\/111666"}],"wp:attachment":[{"href":"https:\/\/www.mundiplus.com\/pt-pt\/wp-json\/wp\/v2\/media?parent=113731"}],"wp:term":[{"taxonomy":"category","embeddable":true,"href":"https:\/\/www.mundiplus.com\/pt-pt\/wp-json\/wp\/v2\/categories?post=113731"},{"taxonomy":"post_tag","embeddable":true,"href":"https:\/\/www.mundiplus.com\/pt-pt\/wp-json\/wp\/v2\/tags?post=113731"}],"curies":[{"name":"wp","href":"https:\/\/api.w.org\/{rel}","templated":true}]}}