{"id":113735,"date":"2024-10-23T17:50:36","date_gmt":"2024-10-23T17:50:36","guid":{"rendered":"https:\/\/www.mundiplus.com\/o-que-ver-em-maronas\/"},"modified":"2024-11-20T15:09:07","modified_gmt":"2024-11-20T15:09:07","slug":"o-que-ver-em-maronas","status":"publish","type":"post","link":"https:\/\/www.mundiplus.com\/pt-pt\/blog\/o-que-ver-em-maronas\/","title":{"rendered":"O que ver em Maro\u00f1as"},"content":{"rendered":"<p><img fetchpriority=\"high\" decoding=\"async\" class=\"alignnone wp-image-109565 size-full\" src=\"https:\/\/www.mundiplus.com\/wp-content\/uploads\/2024\/09\/Maronas-Mundiplus.jpg\" alt=\"\" width=\"1024\" height=\"768\" srcset=\"https:\/\/www.mundiplus.com\/wp-content\/uploads\/2024\/09\/Maronas-Mundiplus.jpg 1024w, https:\/\/www.mundiplus.com\/wp-content\/uploads\/2024\/09\/Maronas-Mundiplus-300x225.jpg 300w, https:\/\/www.mundiplus.com\/wp-content\/uploads\/2024\/09\/Maronas-Mundiplus-768x576.jpg 768w, https:\/\/www.mundiplus.com\/wp-content\/uploads\/2024\/09\/Maronas-Mundiplus-600x450.jpg 600w\" sizes=\"(max-width: 1024px) 100vw, 1024px\" \/><\/p>\n<p><span style=\"font-weight: 400;\">Se \u00e9s daqueles que procuram uma experi\u00eancia al\u00e9m das grandes cidades, <\/span><b>Maro\u00f1as<\/b><span style=\"font-weight: 400;\"> pode ser o lugar perfeito para ti. Este recanto galego, parte do<\/span><b> Caminho de Finisterra<\/b><span style=\"font-weight: 400;\">, tem muito para oferecer, basta parar para conhecer todo o seu encanto.<\/span><\/p>\n<p><span style=\"font-weight: 400;\">Convidamos-te a continuar a ler para descobrir <\/span><b>o que ver em Maro\u00f1as<\/b><span style=\"font-weight: 400;\">, as suas paisagens, monumentos, sabores locais e muito mais. N\u00e3o percas!<\/span><\/p>\n<p>&nbsp;<\/p>\n<h2><b>O Caminho de Santiago: uma viagem por etapas<\/b><\/h2>\n<p><span style=\"font-weight: 400;\">Antes de nos centrarmos especificamente em Maro\u00f1as, \u00e9 importante situar este lugar dentro do Caminho de Santiago. Este percurso hist\u00f3rico \u00e9 composto por uma vasta rede de rotas que, a partir de diferentes pontos da Europa, convergem em Santiago de Compostela.<\/span><\/p>\n<p><span style=\"font-weight: 400;\">Cada rota tem o seu pr\u00f3prio encanto e oferece experi\u00eancias \u00fanicas aos peregrinos que a percorrem. Se quiseres explor\u00e1-la, recomendamos procurar uma <\/span><a href=\"https:\/\/www.mundiplus.com\/pt-pt\/\"><b>ag\u00eancia de viagens para o Caminho de Santiago de Compostela<\/b><\/a><span style=\"font-weight: 400;\">. Esta pode facilitar o planeamento e garantir uma travessia memor\u00e1vel.<\/span><\/p>\n<p><span style=\"font-weight: 400;\">Entretanto, vamos investigar um pouco sobre os trajetos mais populares:<\/span><\/p>\n<ul>\n<li style=\"font-weight: 400;\" aria-level=\"1\"><span style=\"font-weight: 400;\">A <\/span><a href=\"https:\/\/www.mundiplus.com\/pt-pt\/caminos\/a-pie\/camino-primitivo\/\"><b>rota primitiva do Caminho de Santiago<\/b><\/a><span style=\"font-weight: 400;\"> \u00e9 um dos percursos mais procurados pela sua exig\u00eancia f\u00edsica e pela beleza das suas paisagens.<\/span><\/li>\n<li style=\"font-weight: 400;\" aria-level=\"1\"><span style=\"font-weight: 400;\">Se preferires o mar, as <\/span><a href=\"https:\/\/www.mundiplus.com\/pt-pt\/caminos\/a-pie\/camino-finisterre\/camino-de-santiago-a-finisterre\/\"><b>etapas do Caminho de Santiago at\u00e9 Mux\u00eda<\/b><\/a><span style=\"font-weight: 400;\"> oferecem uma mistura \u00fanica de vistas costeiras e a tradicional vida rural galega.<\/span><\/li>\n<li style=\"font-weight: 400;\" aria-level=\"1\"><span style=\"font-weight: 400;\">As <\/span><a href=\"https:\/\/www.mundiplus.com\/pt-pt\/caminos\/a-pie\/camino-ingles\/camino-de-santiago-desde-ferrol\/\"><b>etapas do Caminho Ingl\u00eas desde Ferrol<\/b><\/a><span style=\"font-weight: 400;\"> oferecem uma op\u00e7\u00e3o diferente para realizar um percurso mais curto.<\/span><\/li>\n<li style=\"font-weight: 400;\" aria-level=\"1\"><span style=\"font-weight: 400;\">H\u00e1 diferentes <\/span><a href=\"https:\/\/www.mundiplus.com\/pt-pt\/caminos\/a-pie\/camino-ingles\/\"><b>etapas do Caminho Ingl\u00eas<\/b><\/a><span style=\"font-weight: 400;\"> que partem de outros pontos e que atravessam paisagens rurais e aldeias encantadoras.<\/span><\/li>\n<li style=\"font-weight: 400;\" aria-level=\"1\"><span style=\"font-weight: 400;\">Quanto \u00e0s <\/span><a href=\"https:\/\/www.mundiplus.com\/pt-pt\/caminos\/a-pie\/camino-frances\/camino-de-santiago-desde-o-cebreiro\/\"><b>etapas do Caminho de O Cebreiro at\u00e9 Santiago<\/b><\/a><span style=\"font-weight: 400;\"> s\u00e3o famosas pela sua riqueza cultural e hist\u00f3rica, passando por aldeias que parecem ter parado no tempo.<\/span><\/li>\n<\/ul>\n<p><span style=\"font-weight: 400;\">Estas etapas, juntamente com outras, s\u00e3o uma prova de que n\u00e3o existe um \u00fanico Caminho de Santiago, mas muitas formas de o percorrer. E, uma vez que terminaste o Caminho de Santiago e pretendes continuar at\u00e9 Finisterra, encontrar\u00e1s Maro\u00f1as, um lugar de descanso e reflex\u00e3o para os peregrinos.<\/span><\/p>\n<p>&nbsp;<\/p>\n<h2><b>Natureza e paisagens que embelezam o local<\/b><\/h2>\n<p><img decoding=\"async\" class=\"alignnone wp-image-109559 size-full\" src=\"https:\/\/www.mundiplus.com\/wp-content\/uploads\/2024\/09\/embalse-de-Fervenza-Mundiplus.jpg\" alt=\"\" width=\"1024\" height=\"682\" srcset=\"https:\/\/www.mundiplus.com\/wp-content\/uploads\/2024\/09\/embalse-de-Fervenza-Mundiplus.jpg 1024w, https:\/\/www.mundiplus.com\/wp-content\/uploads\/2024\/09\/embalse-de-Fervenza-Mundiplus-300x200.jpg 300w, https:\/\/www.mundiplus.com\/wp-content\/uploads\/2024\/09\/embalse-de-Fervenza-Mundiplus-768x512.jpg 768w, https:\/\/www.mundiplus.com\/wp-content\/uploads\/2024\/09\/embalse-de-Fervenza-Mundiplus-600x400.jpg 600w\" sizes=\"(max-width: 1024px) 100vw, 1024px\" \/><\/p>\n<p><span style=\"font-weight: 400;\">O Caminho de Santiago passa pela localidade de Maro\u00f1as na sua segunda etapa do percurso que vai de Santiago a Fisterra e Mux\u00eda.<\/span><\/p>\n<p><span style=\"font-weight: 400;\">Durante esta etapa, os peregrinos atravessam o <\/span><b>Vale do Rio das Maro\u00f1as<\/b><span style=\"font-weight: 400;\"> e dirigem-se para o <\/span><b>Monte Aro<\/b><span style=\"font-weight: 400;\">. Aqui podem desfrutar de vistas panor\u00e2micas da <\/span><b>represa de Fervenza<\/b><span style=\"font-weight: 400;\"> e dos arredores montanhosos.<\/span><\/p>\n<p><span style=\"font-weight: 400;\">Maro\u00f1as encontra-se em um ambiente natural que, embora n\u00e3o seja muito extenso, costuma ser apreciado pela sua diversidade e beleza. A zona est\u00e1 rodeada de montanhas e vales, o que oferece uma paisagem atraente para os visitantes. <\/span><\/p>\n<p><span style=\"font-weight: 400;\">Existem trilhos que atravessam bosques aut\u00f3ctones, onde se podem encontrar esp\u00e9cies como carvalhos e castanheiros. Estes s\u00e3o ideais para se reconectar com a natureza. Al\u00e9m disso, oferece v\u00e1rias rotas de caminhadas que permitem explorar a fauna local e disfrutar das paisagens ao longo dos rios pr\u00f3ximos. Estas rotas s\u00e3o populares entre os amantes da fotografia.<\/span><\/p>\n<p><span style=\"font-weight: 400;\">A localidade conta com \u00e1reas verdes que s\u00e3o perfeitas para descansar e desfrutar do ambiente natural, proporcionando um espa\u00e7o tranquilo no meio do percurso.<\/span><\/p>\n<p>&nbsp;<\/p>\n<h2><b>Monumentos e pontos de interesse que n\u00e3o podes deixar de visitar<\/b><\/h2>\n<p><span style=\"font-weight: 400;\">Apesar de ser uma aldeia pequena, a localidade tem v\u00e1rios monumentos e pontos de interesse que merecem bem uma visita.<\/span><\/p>\n<p><span style=\"font-weight: 400;\">A <\/span><b>Igreja de Santa Mari\u00f1a<\/b><span style=\"font-weight: 400;\"> \u00e9 uma constru\u00e7\u00e3o simples, mas cheia de hist\u00f3ria. Este templo, que data de s\u00e9culos atr\u00e1s, representa um claro exemplo da <\/span><b>arquitetura rural galega<\/b><span style=\"font-weight: 400;\"> e tem sido testemunha da passagem de in\u00fameros peregrinos ao longo do tempo.<\/span><\/p>\n<p><span style=\"font-weight: 400;\">O seu interior, embora austero, reflete a devo\u00e7\u00e3o dos locais. Um lugar onde in\u00fameros peregrinos se det\u00eam para refletir.<\/span><\/p>\n<p><span style=\"font-weight: 400;\">Al\u00e9m disso, a arquitetura rural da zona, com as suas <\/span><b>casas de pedra e telhados de ard\u00f3sia<\/b><span style=\"font-weight: 400;\">, constitui uma parte importante do charme da aldeia. Passear pelas suas ruas \u00e9 como voltar no tempo, e cada recanto conta uma hist\u00f3ria sobre o passado agr\u00edcola e ganadeiro da regi\u00e3o.<\/span><\/p>\n<p>&nbsp;<\/p>\n<h2><b>Gastronomia local: sabores aut\u00eanticos da Galiza<\/b><\/h2>\n<p><span style=\"font-weight: 400;\">Se \u00e9s apreciador da boa comida, Maro\u00f1as n\u00e3o te vai desiludir. A gastronomia galega destaca-se pelos seus sabores aut\u00eanticos e produtos de alta qualidade. Esta pequena aldeia tamb\u00e9m oferece uma experi\u00eancia culin\u00e1ria excecional.<\/span><\/p>\n<p><span style=\"font-weight: 400;\">Entre os pratos mais destacados que se podem degustar aqui est\u00e3o o <\/span><b>polvo \u00e0 galega, os caldos e o lac\u00e3o com grelos<\/b><span style=\"font-weight: 400;\">. Todos preparados com produtos de alta qualidade e seguindo receitas tradicionais que t\u00eam sido transmitidas de gera\u00e7\u00e3o em gera\u00e7\u00e3o.<\/span><\/p>\n<p><span style=\"font-weight: 400;\">Al\u00e9m dos pratos mais conhecidos, tamb\u00e9m \u00e9 o lugar ideal para provar produtos locais como o <\/span><b>queijo galego ou o p\u00e3o de milho<\/b><span style=\"font-weight: 400;\">, ambos elaborados de forma artesanal. Para recarregar energias, n\u00e3o h\u00e1 melhor op\u00e7\u00e3o que uma refei\u00e7\u00e3o em um dos restaurantes ou bares da aldeia. Um bom prato caseiro acompanhado de uma ta\u00e7a de vinho da regi\u00e3o.<\/span><\/p>\n<p><span style=\"font-weight: 400;\">Alguns dos lugares recomendados para comer em Maro\u00f1as s\u00e3o as pequenas tabernas familiares. O trato pr\u00f3ximo e a qualidade dos produtos s\u00e3o a norma. Aqui, os visitantes podem desfrutar de uma verdadeira comida galega, longe do bul\u00edcio das grandes cidades e com a tranquilidade de estar em um ambiente rural.<\/span><\/p>\n<p>&nbsp;<\/p>\n<h2><b>Maro\u00f1as como ponto de reflex\u00e3o e descanso no Caminho<\/b><\/h2>\n<p><span style=\"font-weight: 400;\">Este local representa uma oportunidade de <\/span><b>parar, refletir e recarregar energias<\/b><span style=\"font-weight: 400;\"> antes de continuar a jornada. Ao longo do percurso, existem etapas que convidam \u00e0 introspe\u00e7\u00e3o. Maro\u00f1as \u00e9 uma delas. Aqui, o sil\u00eancio e a paz que se respiram permitem aos peregrinos desconectar-se do mundo exterior e focar-se na sua pr\u00f3pria experi\u00eancia pessoal.<\/span><\/p>\n<p><span style=\"font-weight: 400;\">Muitos viajantes encontram nesta localidade o espa\u00e7o que procuravam: um lugar para se sentar, admirar a paisagem e dedicar um momento a si mesmos. Seja caminhando pelos seus trilhos, visitando os seus monumentos ou simplesmente desfrutando da gastronomia local.<\/span><\/p>\n<p><span style=\"font-weight: 400;\">Em definitivo, Maro\u00f1as oferece uma pausa no meio da aventura do Caminho de Finisterra. Um lugar cheio de hist\u00f3ria, cultura e natureza que merece ser explorado com calma. Se percorres o trajeto, n\u00e3o hesites em parar aqui e descobrir tudo o que tem para oferecer.<\/span><\/p>\n","protected":false},"excerpt":{"rendered":"<p>Se \u00e9s daqueles que procuram uma experi\u00eancia al\u00e9m das grandes cidades, Maro\u00f1as pode ser o lugar perfeito para ti. Este recanto galego, parte do Caminho de Finisterra, tem muito para oferecer, basta parar para conhecer todo o seu encanto. Convidamos-te a continuar a ler para descobrir o que ver em Maro\u00f1as, as suas paisagens, monumentos, [&hellip;]<\/p>\n","protected":false},"author":1,"featured_media":109570,"comment_status":"open","ping_status":"open","sticky":false,"template":"","format":"standard","meta":{"footnotes":""},"categories":[574,578,602],"tags":[],"class_list":["post-113735","post","type-post","status-publish","format-standard","has-post-thumbnail","hentry","category-blog-do-caminho","category-caminho-a-pe","category-vilas-e-comarcas"],"_links":{"self":[{"href":"https:\/\/www.mundiplus.com\/pt-pt\/wp-json\/wp\/v2\/posts\/113735","targetHints":{"allow":["GET"]}}],"collection":[{"href":"https:\/\/www.mundiplus.com\/pt-pt\/wp-json\/wp\/v2\/posts"}],"about":[{"href":"https:\/\/www.mundiplus.com\/pt-pt\/wp-json\/wp\/v2\/types\/post"}],"author":[{"embeddable":true,"href":"https:\/\/www.mundiplus.com\/pt-pt\/wp-json\/wp\/v2\/users\/1"}],"replies":[{"embeddable":true,"href":"https:\/\/www.mundiplus.com\/pt-pt\/wp-json\/wp\/v2\/comments?post=113735"}],"version-history":[{"count":0,"href":"https:\/\/www.mundiplus.com\/pt-pt\/wp-json\/wp\/v2\/posts\/113735\/revisions"}],"wp:featuredmedia":[{"embeddable":true,"href":"https:\/\/www.mundiplus.com\/pt-pt\/wp-json\/wp\/v2\/media\/109570"}],"wp:attachment":[{"href":"https:\/\/www.mundiplus.com\/pt-pt\/wp-json\/wp\/v2\/media?parent=113735"}],"wp:term":[{"taxonomy":"category","embeddable":true,"href":"https:\/\/www.mundiplus.com\/pt-pt\/wp-json\/wp\/v2\/categories?post=113735"},{"taxonomy":"post_tag","embeddable":true,"href":"https:\/\/www.mundiplus.com\/pt-pt\/wp-json\/wp\/v2\/tags?post=113735"}],"curies":[{"name":"wp","href":"https:\/\/api.w.org\/{rel}","templated":true}]}}