{"id":113740,"date":"2024-10-15T09:31:44","date_gmt":"2024-10-15T09:31:44","guid":{"rendered":"https:\/\/www.mundiplus.com\/o-que-ver-em-berducedo\/"},"modified":"2024-11-20T15:35:29","modified_gmt":"2024-11-20T15:35:29","slug":"o-que-ver-em-berducedo","status":"publish","type":"post","link":"https:\/\/www.mundiplus.com\/pt-pt\/blog\/o-que-ver-em-berducedo\/","title":{"rendered":"O que ver em Berducedo"},"content":{"rendered":"<p><img fetchpriority=\"high\" decoding=\"async\" class=\"alignnone wp-image-108699 size-full\" src=\"https:\/\/www.mundiplus.com\/wp-content\/uploads\/2024\/09\/Berducedo-Mundiplus.jpg\" alt=\"\" width=\"1024\" height=\"765\" srcset=\"https:\/\/www.mundiplus.com\/wp-content\/uploads\/2024\/09\/Berducedo-Mundiplus.jpg 1024w, https:\/\/www.mundiplus.com\/wp-content\/uploads\/2024\/09\/Berducedo-Mundiplus-300x224.jpg 300w, https:\/\/www.mundiplus.com\/wp-content\/uploads\/2024\/09\/Berducedo-Mundiplus-768x574.jpg 768w, https:\/\/www.mundiplus.com\/wp-content\/uploads\/2024\/09\/Berducedo-Mundiplus-600x448.jpg 600w\" sizes=\"(max-width: 1024px) 100vw, 1024px\" \/><\/p>\n<p><span style=\"font-weight: 400;\">No meio do <\/span><b>Caminho Primitivo<\/b><span style=\"font-weight: 400;\">, <\/span><b>Berducedo<\/b><span style=\"font-weight: 400;\"> surge como um pequeno tesouro cheio de hist\u00f3ria e beleza natural. Esta pitoresca aldeia asturiana, embora frequentemente ignorada, oferece aos peregrinos uma pausa tranquila na sua viagem.<\/span><\/p>\n<p><span style=\"font-weight: 400;\">Cada canto desta localidade guarda uma hist\u00f3ria, desde a sua igreja centen\u00e1ria at\u00e9 \u00e0s suas paisagens impressionantes. Aqui, a natureza e a tradi\u00e7\u00e3o unem-se para criar um <\/span><b>ambiente \u00fanico que convida \u00e0 reflex\u00e3o e descanso<\/b><span style=\"font-weight: 400;\">. Quer desfrutando das suas vistas panor\u00e2micas ou explorando o seu patrim\u00f3nio, Berducedo vai surpreend\u00ea-lo com o seu encanto discreto e autenticidade.<\/span><\/p>\n<p>&nbsp;<\/p>\n<h2><b>O Caminho de Santiago e a sua rela\u00e7\u00e3o com Berducedo<\/b><\/h2>\n<p><img decoding=\"async\" class=\"alignnone wp-image-108693 size-large\" src=\"https:\/\/www.mundiplus.com\/wp-content\/uploads\/2024\/09\/Berducedo-Camino-de-Santiago-Mundiplus-768x1024.jpg\" alt=\"\" width=\"768\" height=\"1024\" srcset=\"https:\/\/www.mundiplus.com\/wp-content\/uploads\/2024\/09\/Berducedo-Camino-de-Santiago-Mundiplus-768x1024.jpg 768w, https:\/\/www.mundiplus.com\/wp-content\/uploads\/2024\/09\/Berducedo-Camino-de-Santiago-Mundiplus-225x300.jpg 225w, https:\/\/www.mundiplus.com\/wp-content\/uploads\/2024\/09\/Berducedo-Camino-de-Santiago-Mundiplus-600x800.jpg 600w, https:\/\/www.mundiplus.com\/wp-content\/uploads\/2024\/09\/Berducedo-Camino-de-Santiago-Mundiplus.jpg 1024w\" sizes=\"(max-width: 768px) 100vw, 768px\" \/><\/p>\n<p><span style=\"font-weight: 400;\">Se optou por um <\/span><a href=\"https:\/\/www.mundiplus.com\/pt-pt\/\"><b>camino de Santiago organizado<\/b><\/a><span style=\"font-weight: 400;\">, Berducedo oferece-lhe a oportunidade de desfrutar de uma pausa planeada num ambiente aut\u00eantico. Al\u00e9m disso, a partir deste local, pode deliciar-se com vistas panor\u00e2micas sobre as montanhas e os vales que rodeiam a aldeia.<\/span><\/p>\n<p><span style=\"font-weight: 400;\">Berducedo \u00e9 uma dessas paragens emblem\u00e1ticas que marcam a experi\u00eancia do Caminho de Santiago. Embora n\u00e3o se encontre nos tro\u00e7os mais conhecidos, como o <\/span><a href=\"https:\/\/www.mundiplus.com\/pt-pt\/caminos\/a-pie\/camino-portugues-costa\/\"><b>caminho portugu\u00eas pela costa<\/b><\/a><span style=\"font-weight: 400;\"> ou o <\/span><a href=\"https:\/\/www.mundiplus.com\/pt-pt\/caminos\/a-pie\/camino-portugues-costa\/camino-de-santiago-desde-baiona\/\"><b>caminho desde Baiona<\/b><\/a><span style=\"font-weight: 400;\">, esta pequena aldeia tem uma liga\u00e7\u00e3o profunda com a hist\u00f3ria e espiritualidade do Caminho. Ao passar por aqui, sente-se como as pegadas dos peregrinos moldaram a cultura e a vida local.<\/span><\/p>\n<p><span style=\"font-weight: 400;\">Embora Berducedo n\u00e3o seja um ponto-chave em rotas populares como o <\/span><a href=\"https:\/\/www.mundiplus.com\/pt-pt\/caminos\/a-pie\/camino-ingles\/camino-de-santiago-desde-ferrol\/\"><b>caminho ingl\u00eas desde Ferrol<\/b><\/a><span style=\"font-weight: 400;\"> ou o <\/span><a href=\"https:\/\/www.mundiplus.com\/pt-pt\/caminos\/a-pie\/camino-frances\/camino-de-santiago-desde-roncesvalles\/\"><b>caminho franc\u00eas desde Roncesvalles<\/b><\/a><span style=\"font-weight: 400;\">, a sua presen\u00e7a no Caminho Primitivo confere-lhe um encanto \u00fanico. Aqui, <\/span><b>o ambiente \u00e9 mais tranquilo e rural<\/b><span style=\"font-weight: 400;\">, o que contrasta com as etapas mais concorridas de outras rotas. Este aspecto faz de Berducedo um local ideal para quem prefere uma experi\u00eancia de peregrina\u00e7\u00e3o mais calma e menos saturada.<\/span><\/p>\n<p><span style=\"font-weight: 400;\">Al\u00e9m disso, Berducedo \u00e9 um local estrat\u00e9gico para descansar e conectar-se com outros peregrinos. Embora n\u00e3o fa\u00e7a parte de um <\/span><a href=\"https:\/\/www.mundiplus.com\/pt-pt\/caminos\/a-pie\/camino-portugues-costa\/camino-de-santiago-desde-baiona\/\"><b>caminho portugu\u00eas pela costa<\/b><\/a><span style=\"font-weight: 400;\">, oferece-lhe a oportunidade de conhecer uma faceta diferente do Caminho, onde a simplicidade e a paisagem se unem para proporcionar uma experi\u00eancia inesquec\u00edvel.<\/span><\/p>\n<p>&nbsp;<\/p>\n<h2><b>A Igreja de Santa Maria<\/b><\/h2>\n<p><span style=\"font-weight: 400;\">A <\/span><b>Igreja de Santa Maria em Berducedo<\/b><span style=\"font-weight: 400;\"> \u00e9 uma paragem obrigat\u00f3ria para os peregrinos que procuram um momento de reflex\u00e3o no seu caminho. Este <\/span><b>templo g\u00f3tico<\/b><span style=\"font-weight: 400;\">, constru\u00eddo no <\/span><b>s\u00e9c. XIV<\/b><span style=\"font-weight: 400;\">, simples na sua constru\u00e7\u00e3o, mas carregado de hist\u00f3ria, \u00e9 um exemplo perfeito da arquitetura religiosa da regi\u00e3o.<\/span><\/p>\n<p><span style=\"font-weight: 400;\">O interior da igreja destaca-se pelo seu altar, decorado com imagens de santos que foram venerados por gera\u00e7\u00f5es. Embora seja pequena, oferece um espa\u00e7o acolhedor onde pode descansar, tanto f\u00edsica como espiritualmente, antes de continuar a sua jornada.\u00a0<\/span><\/p>\n<p><span style=\"font-weight: 400;\">Al\u00e9m disso, a localiza\u00e7\u00e3o da igreja oferece-lhe umas <\/span><b>vistas impressionantes sobre os arredores<\/b><span style=\"font-weight: 400;\">. A partir dali, pode contemplar a paisagem montanhosa que rodeia a localidade. Al\u00e9m disso, estar\u00e1 em frente a um teixo com v\u00e1rias d\u00e9cadas de hist\u00f3ria.<\/span><\/p>\n<p>&nbsp;<\/p>\n<h2><b>Vistas panor\u00e2micas do Alto de la Marta<\/b><\/h2>\n<p><span style=\"font-weight: 400;\">As vistas panor\u00e2micas do <\/span><b>Alto de la Marta<\/b><span style=\"font-weight: 400;\"> s\u00e3o, sem d\u00favida, uma das atra\u00e7\u00f5es mais impressionantes que encontrar\u00e1 ao percorrer o Caminho em Berducedo. Este ponto oferece-lhe uma perspetiva \u00fanica dos vales e montanhas que se desdobram diante dos seus olhos, num espet\u00e1culo natural que n\u00e3o vai querer perder.<\/span><\/p>\n<p><span style=\"font-weight: 400;\">Ap\u00f3s dias de caminhada, alcan\u00e7ar este miradouro permite-lhe <\/span><b>apreciar a imensid\u00e3o do territ\u00f3rio que j\u00e1 cruzou<\/b><span style=\"font-weight: 400;\"> e o que ainda tem para descobrir.<\/span><\/p>\n<p><span style=\"font-weight: 400;\">O local torna-se perfeito para descansar e recuperar for\u00e7as, enquanto desfruta do ar fresco e puro que caracteriza esta regi\u00e3o. Al\u00e9m disso, a partir daqui, a vista permite-lhe planear os pr\u00f3ximos passos na sua jornada, identificando facilmente as aldeias e caminhos que se estendem at\u00e9 ao horizonte.<\/span><\/p>\n<p>&nbsp;<\/p>\n<h2><b>A Barragem de Salime<\/b><\/h2>\n<p><span style=\"font-weight: 400;\">N\u00e3o est\u00e1 em Berducedo, mas fica muito perto. A <\/span><b>Barragem de Salime<\/b><span style=\"font-weight: 400;\"> \u00e9 uma paragem obrigat\u00f3ria se estiver a percorrer o Caminho de Santiago pelo Caminho Primitivo. Localizada num ambiente natural espetacular, esta barragem tem n\u00e3o s\u00f3 um valor funcional, mas tamb\u00e9m um significado hist\u00f3rico e cultural.\u00a0<\/span><\/p>\n<p><span style=\"font-weight: 400;\">Ao chegar, encontrar\u00e1 uma paisagem impressionante, onde a \u00e1gua se mistura com as montanhas, criando uma vista que o convida a parar e aproveitar o momento.<\/span><\/p>\n<p><span style=\"font-weight: 400;\">Esta barragem, constru\u00edda a meados do s\u00e9culo XX, foi uma das grandes obras de engenharia da sua \u00e9poca. Enquanto percorre os trilhos que a rodeiam, pode observar a majestuosidade da barragem e refletir sobre o impacto que teve na regi\u00e3o. Al\u00e9m disso, a zona est\u00e1 salpicada de<\/span><b> pequenos miradouros <\/b><span style=\"font-weight: 400;\">de onde pode contemplar as \u00e1guas cristalinas e a paisagem que as rodeia.<\/span><\/p>\n<p>&nbsp;<\/p>\n<h3><b>Festas e Tradi\u00e7\u00f5es em Berducedo<\/b><\/h3>\n<p><img decoding=\"async\" class=\"alignnone wp-image-108705 size-full\" src=\"https:\/\/www.mundiplus.com\/wp-content\/uploads\/2024\/09\/Berducedo-Tradiciones-Mundiplus.jpg\" alt=\"\" width=\"1024\" height=\"683\" srcset=\"https:\/\/www.mundiplus.com\/wp-content\/uploads\/2024\/09\/Berducedo-Tradiciones-Mundiplus.jpg 1024w, https:\/\/www.mundiplus.com\/wp-content\/uploads\/2024\/09\/Berducedo-Tradiciones-Mundiplus-300x200.jpg 300w, https:\/\/www.mundiplus.com\/wp-content\/uploads\/2024\/09\/Berducedo-Tradiciones-Mundiplus-768x512.jpg 768w, https:\/\/www.mundiplus.com\/wp-content\/uploads\/2024\/09\/Berducedo-Tradiciones-Mundiplus-600x400.jpg 600w\" sizes=\"(max-width: 1024px) 100vw, 1024px\" \/><\/p>\n<ul>\n<li style=\"font-weight: 400;\" aria-level=\"1\"><b>Festas de Santa Isabel:<\/b><span style=\"font-weight: 400;\"> Berducedo celebra as <\/span><b>Festas de Santa Isabel<\/b><span style=\"font-weight: 400;\"> no in\u00edcio de julho, um evento que re\u00fane os locais e visitantes em torno de uma s\u00e9rie de atividades tradicionais. Estas festas incluem ser\u00f5es, concursos e jogos populares.<\/span><\/li>\n<li style=\"font-weight: 400;\" aria-level=\"1\"><b>Festas de S\u00e3o Pedro:<\/b><span style=\"font-weight: 400;\"> outra celebra\u00e7\u00e3o importante em Berducedo s\u00e3o as <\/span><b>Festas de S\u00e3o Pedro<\/b><span style=\"font-weight: 400;\">, que se realizam no final de junho, geralmente na \u00faltima semana. Estas festas incluem missas, prociss\u00f5es e atividades recreativas e culturais, como concertos, dan\u00e7as tradicionais e feiras gastron\u00f3micas onde pode degustar pratos t\u00edpicos da regi\u00e3o.<\/span><\/li>\n<\/ul>\n<p><b>Peregrina\u00e7\u00e3o de Santa Maria de Bedram\u00f3n:<\/b><span style=\"font-weight: 400;\"> uma tradi\u00e7\u00e3o local que ocorre na capela do mesmo nome, situada a poucos quil\u00f3metros de Berducedo. \u00c9 uma celebra\u00e7\u00e3o religiosa que inclui uma prociss\u00e3o e uma missa em honra da Virgem, seguida de um almo\u00e7o campestre onde se partilham pratos t\u00edpicos e se passa um dia de conviv\u00eancia.<\/span><\/p>\n","protected":false},"excerpt":{"rendered":"<p>No meio do Caminho Primitivo, Berducedo surge como um pequeno tesouro cheio de hist\u00f3ria e beleza natural. Esta pitoresca aldeia asturiana, embora frequentemente ignorada, oferece aos peregrinos uma pausa tranquila na sua viagem. Cada canto desta localidade guarda uma hist\u00f3ria, desde a sua igreja centen\u00e1ria at\u00e9 \u00e0s suas paisagens impressionantes. Aqui, a natureza e a [&hellip;]<\/p>\n","protected":false},"author":1,"featured_media":108704,"comment_status":"open","ping_status":"open","sticky":false,"template":"","format":"standard","meta":{"footnotes":""},"categories":[574,578,602],"tags":[],"class_list":["post-113740","post","type-post","status-publish","format-standard","has-post-thumbnail","hentry","category-blog-do-caminho","category-caminho-a-pe","category-vilas-e-comarcas"],"_links":{"self":[{"href":"https:\/\/www.mundiplus.com\/pt-pt\/wp-json\/wp\/v2\/posts\/113740","targetHints":{"allow":["GET"]}}],"collection":[{"href":"https:\/\/www.mundiplus.com\/pt-pt\/wp-json\/wp\/v2\/posts"}],"about":[{"href":"https:\/\/www.mundiplus.com\/pt-pt\/wp-json\/wp\/v2\/types\/post"}],"author":[{"embeddable":true,"href":"https:\/\/www.mundiplus.com\/pt-pt\/wp-json\/wp\/v2\/users\/1"}],"replies":[{"embeddable":true,"href":"https:\/\/www.mundiplus.com\/pt-pt\/wp-json\/wp\/v2\/comments?post=113740"}],"version-history":[{"count":0,"href":"https:\/\/www.mundiplus.com\/pt-pt\/wp-json\/wp\/v2\/posts\/113740\/revisions"}],"wp:featuredmedia":[{"embeddable":true,"href":"https:\/\/www.mundiplus.com\/pt-pt\/wp-json\/wp\/v2\/media\/108704"}],"wp:attachment":[{"href":"https:\/\/www.mundiplus.com\/pt-pt\/wp-json\/wp\/v2\/media?parent=113740"}],"wp:term":[{"taxonomy":"category","embeddable":true,"href":"https:\/\/www.mundiplus.com\/pt-pt\/wp-json\/wp\/v2\/categories?post=113740"},{"taxonomy":"post_tag","embeddable":true,"href":"https:\/\/www.mundiplus.com\/pt-pt\/wp-json\/wp\/v2\/tags?post=113740"}],"curies":[{"name":"wp","href":"https:\/\/api.w.org\/{rel}","templated":true}]}}