{"id":113760,"date":"2024-09-24T17:42:20","date_gmt":"2024-09-24T17:42:20","guid":{"rendered":"https:\/\/www.mundiplus.com\/o-que-ver-em-finisterra\/"},"modified":"2024-11-20T16:56:55","modified_gmt":"2024-11-20T16:56:55","slug":"o-que-ver-em-finisterra","status":"publish","type":"post","link":"https:\/\/www.mundiplus.com\/pt-pt\/blog\/o-que-ver-em-finisterre\/","title":{"rendered":"O que ver em Finisterra"},"content":{"rendered":"<p><img fetchpriority=\"high\" decoding=\"async\" class=\"alignnone wp-image-110975 size-full\" src=\"https:\/\/www.mundiplus.com\/wp-content\/uploads\/2024\/09\/Finisterre-Mundiplus.jpg\" alt=\"\" width=\"1024\" height=\"680\" srcset=\"https:\/\/www.mundiplus.com\/wp-content\/uploads\/2024\/09\/Finisterre-Mundiplus.jpg 1024w, https:\/\/www.mundiplus.com\/wp-content\/uploads\/2024\/09\/Finisterre-Mundiplus-300x199.jpg 300w, https:\/\/www.mundiplus.com\/wp-content\/uploads\/2024\/09\/Finisterre-Mundiplus-768x510.jpg 768w, https:\/\/www.mundiplus.com\/wp-content\/uploads\/2024\/09\/Finisterre-Mundiplus-600x398.jpg 600w\" sizes=\"(max-width: 1024px) 100vw, 1024px\" \/><\/p>\n<p><span style=\"font-weight: 400;\">J\u00e1 ouviste falar do fim do mundo? Bem, nesta ocasi\u00e3o, vamos levar-te a um lugar que foi assim chamado. <\/span><b>Finisterra<\/b><span style=\"font-weight: 400;\">, conhecido como o ponto <\/span><b>onde a terra termina e come\u00e7a o mist\u00e9rio do oceano<\/b><span style=\"font-weight: 400;\">, despertou a curiosidade de in\u00fameras pessoas ao longo da hist\u00f3ria.<\/span><\/p>\n<p><span style=\"font-weight: 400;\">Aventureiros, peregrinos e sonhadores chegaram at\u00e9 aqui \u00e0 procura de <\/span><b>respostas, paisagens deslumbrantes e experi\u00eancias inesquec\u00edveis<\/b><span style=\"font-weight: 400;\">. Gostarias de saber como \u00e9 estar num lugar que parece o fim de tudo? Convidamo-te a continuar a leitura.<\/span><\/p>\n<p>&nbsp;<\/p>\n<h2><b>A fascinante hist\u00f3ria de Finisterra<\/b><\/h2>\n<p><span style=\"font-weight: 400;\">Finisterra, ou Fisterra em galego, foi considerado desde a Antiguidade como o &#8220;<\/span><b>Fim do Mundo<\/b><span style=\"font-weight: 400;\">&#8220;. Este nome vem do latim <i>finis terrae<\/i>, que significa &#8220;fim da terra&#8221;. Na \u00e9poca romana, acreditava-se que este era o ponto mais ocidental da Europa, um lugar onde o sol se escondia no oceano.<\/span><\/p>\n<p><span style=\"font-weight: 400;\">Ao longo dos s\u00e9culos, a regi\u00e3o tem sido um <\/span><b>ponto de encontro para diversas culturas<\/b><span style=\"font-weight: 400;\">, entre elas os celtas e crist\u00e3os, cada um deixando a sua marca neste lugar m\u00e1gico.<\/span><\/p>\n<p><span style=\"font-weight: 400;\">As lendas que cercam Finisterra s\u00e3o t\u00e3o ricas quanto a sua hist\u00f3ria. Diz-se que os antigos pag\u00e3os realizavam rituais em honra do sol, acreditando que ali se encontrava um altar dedicado a <\/span><b>Ara Solis<\/b><span style=\"font-weight: 400;\">. Faziam sacrif\u00edcios para garantir boas colheitas e prote\u00e7\u00e3o.<\/span><\/p>\n<p><span style=\"font-weight: 400;\">Com a chegada do cristianismo, essas tradi\u00e7\u00f5es entrela\u00e7aram-se com novas cren\u00e7as, <\/span><b>transformando Finisterra num destino de peregrina\u00e7\u00e3o<\/b><span style=\"font-weight: 400;\">. Muitos peregrinos, depois de chegar a Santiago de Compostela, continuam a sua jornada at\u00e9 este emblem\u00e1tico cabo, em busca de purifica\u00e7\u00e3o e do encerramento do seu caminho.<\/span><\/p>\n<p><span style=\"font-weight: 400;\">Hoje em dia, alguns rituais modernos continuam a ser realizados entre os peregrinos que chegam a Finisterra. Embora n\u00e3o sejam rituais oficiais, muitos peregrinos realizam-nos como uma forma pessoal de concluir a sua peregrina\u00e7\u00e3o.<\/span><\/p>\n<p><span style=\"font-weight: 400;\">Um dos mais conhecidos \u00e9 o <\/span><b>banho nu nas praias pr\u00f3ximas<\/b><span style=\"font-weight: 400;\">, um ato simb\u00f3lico de purifica\u00e7\u00e3o e renova\u00e7\u00e3o. Outro ritual \u00e9 <strong>molhar a roupa e as botas (antigamente queimavam-se, mas essa pr\u00e1tica foi proibida)<span style=\"font-weight: 400;\">, que foram usadas durante o Caminho, simbolizando o fim de uma etapa e o in\u00edcio de uma nova.<\/span><\/strong><\/span><\/p>\n<p>&nbsp;<\/p>\n<h2><b>O Caminho de Santiago a Finisterra<\/b><\/h2>\n<p><span style=\"font-weight: 400;\">O Caminho de Santiago n\u00e3o termina na catedral de Santiago de Compostela. Este percurso abrange aproximadamente <\/span><b>90 quil\u00f3metros<\/b><span style=\"font-weight: 400;\"> com vistas impressionantes e uma conex\u00e3o profunda com a natureza e a hist\u00f3ria. Geralmente \u00e9 dividido em <\/span><b>quatro etapas<\/b><span style=\"font-weight: 400;\">:<\/span><\/p>\n<ul>\n<li style=\"font-weight: 400;\" aria-level=\"1\"><span style=\"font-weight: 400;\">Santiago a Negreira.<\/span><\/li>\n<li style=\"font-weight: 400;\" aria-level=\"1\"><span style=\"font-weight: 400;\">Negreira a Olveiroa.<\/span><\/li>\n<li style=\"font-weight: 400;\" aria-level=\"1\"><span style=\"font-weight: 400;\">Olveiroa a Cee.<\/span><\/li>\n<li style=\"font-weight: 400;\" aria-level=\"1\"><span style=\"font-weight: 400;\">Cee a Finisterra.<\/span><\/li>\n<\/ul>\n<p><span style=\"font-weight: 400;\">Existem v\u00e1rias <\/span><a href=\"https:\/\/www.mundiplus.com\/pt-pt\/\"><b>ag\u00eancias de viagens para o Caminho de Santiago de Compostela<\/b><\/a><span style=\"font-weight: 400;\"> especializadas em facilitar a experi\u00eancia dos peregrinos. Oferecem servi\u00e7os como transporte de bagagem, alojamento, guias e rotas personalizadas para tornar o percurso mais c\u00f3modo e organizado.<\/span><\/p>\n<p><span style=\"font-weight: 400;\">No entanto, existem diferentes formas de realizar o percurso:<\/span><\/p>\n<ul>\n<li style=\"font-weight: 400;\" aria-level=\"1\"><span style=\"font-weight: 400;\">Poder\u00e1s optar por <\/span><a href=\"https:\/\/www.mundiplus.com\/pt-pt\/caminos\/a-pie\/camino-finisterre\/camino-de-santiago-a-finisterre\/\"><b>fazer o Caminho de Finisterra a p\u00e9<\/b><\/a><span style=\"font-weight: 400;\"> para desfrutar da tranquilidade dos trilhos e da beleza da paisagem.<\/span><\/li>\n<li style=\"font-weight: 400;\" aria-level=\"1\"><span style=\"font-weight: 400;\">Alternativamente, tamb\u00e9m poder\u00e1s <\/span><a href=\"https:\/\/www.mundiplus.com\/pt-pt\/caminos\/a-pie\/camino-ingles\/camino-de-santiago-desde-ferrol\/\"><b>fazer o Caminho Ingl\u00eas desde Ferrol<\/b><\/a><span style=\"font-weight: 400;\"> que oferece uma experi\u00eancia diferente mas igualmente enriquecedora.<\/span><\/li>\n<li style=\"font-weight: 400;\" aria-level=\"1\"><span style=\"font-weight: 400;\">Outra op\u00e7\u00e3o \u00e9 realizar a <\/span><a href=\"https:\/\/www.mundiplus.com\/pt-pt\/caminos\/a-pie\/camino-primitivo\/\"><b>viagem pelo Caminho Primitivo<\/b><\/a><span style=\"font-weight: 400;\">, uma das rotas mais antigas e emblem\u00e1ticas do Caminho de Santiago. Este percurso, repleto de paisagens montanhosas e trilhos hist\u00f3ricos, oferece uma experi\u00eancia mais tranquila e aut\u00eantica para os peregrinos.<\/span><\/li>\n<li style=\"font-weight: 400;\" aria-level=\"1\"><span style=\"font-weight: 400;\">Poder\u00e1s tamb\u00e9m <\/span><a href=\"https:\/\/www.mundiplus.com\/pt-pt\/caminos\/a-pie\/camino-ingles\/\"><b>fazer o Caminho Ingl\u00eas a p\u00e9<\/b><\/a><span style=\"font-weight: 400;\"> para fazer exerc\u00edcio f\u00edsico. Sem d\u00favida, esta \u00e9 uma excelente forma de combinar atividade f\u00edsica com momentos de reflex\u00e3o e descoberta a cada passo.<\/span><\/li>\n<li style=\"font-weight: 400;\" aria-level=\"1\"><span style=\"font-weight: 400;\">Atreve-te a <\/span><a href=\"https:\/\/www.mundiplus.com\/pt-pt\/caminos\/a-pie\/camino-frances\/camino-de-santiago-desde-o-cebreiro\/\"><b>fazer o Caminho de O Cebreiro a Santiago<\/b><\/a><span style=\"font-weight: 400;\"> para conheceres uma rota que combina beleza natural com rica hist\u00f3ria.<\/span><\/li>\n<\/ul>\n<p><span style=\"font-weight: 400;\">Ao chegar a Finisterra, os peregrinos recebem a &#8220;<\/span><b>Fisterrana<\/b><span style=\"font-weight: 400;\">&#8220;, um certificado que atesta a sua travessia. Este reconhecimento \u00e9 um s\u00edmbolo da conex\u00e3o espiritual e da dedica\u00e7\u00e3o daqueles que percorreram este caminho at\u00e9 ao fim do mundo.<\/span><\/p>\n<p>&nbsp;<\/p>\n<h3><b>\u00c9 necess\u00e1rio obter a Compostela antes de receber a Fisterrana?<\/b><\/h3>\n<p><span style=\"font-weight: 400;\">N\u00e3o, <\/span><b>n\u00e3o \u00e9 necess\u00e1rio ter obtido a Compostela para receber a Fisterrana<\/b><span style=\"font-weight: 400;\">. A Fisterrana \u00e9 um certificado atribu\u00eddo aos peregrinos que fazem o Caminho de Santiago at\u00e9 Finisterra, independentemente de terem recebido a Compostela em Santiago de Compostela. Trata-se de um reconhecimento independente.<\/span><\/p>\n<h2><b>Atrativos tur\u00edsticos principais de Finisterra<\/b><\/h2>\n<p><span style=\"font-weight: 400;\">A seguir, apresentamos os principais atrativos tur\u00edsticos deste precioso local.<\/span><\/p>\n<h3><b>Cabo de Finisterra<\/b><\/h3>\n<p><img decoding=\"async\" class=\"alignnone wp-image-110963 size-full\" src=\"https:\/\/www.mundiplus.com\/wp-content\/uploads\/2024\/09\/Faro-de-Finisterre-Mundiplus.jpg\" alt=\"\" width=\"1024\" height=\"685\" srcset=\"https:\/\/www.mundiplus.com\/wp-content\/uploads\/2024\/09\/Faro-de-Finisterre-Mundiplus.jpg 1024w, https:\/\/www.mundiplus.com\/wp-content\/uploads\/2024\/09\/Faro-de-Finisterre-Mundiplus-300x201.jpg 300w, https:\/\/www.mundiplus.com\/wp-content\/uploads\/2024\/09\/Faro-de-Finisterre-Mundiplus-768x514.jpg 768w, https:\/\/www.mundiplus.com\/wp-content\/uploads\/2024\/09\/Faro-de-Finisterre-Mundiplus-600x401.jpg 600w\" sizes=\"(max-width: 1024px) 100vw, 1024px\" \/><\/p>\n<p><span style=\"font-weight: 400;\">No <\/span><b>Cabo de Finisterra<\/b><span style=\"font-weight: 400;\"> encontra-se um farol emblem\u00e1tico que oferece vistas espetaculares sobre o oceano Atl\u00e2ntico. Este, que <\/span><b>data do s\u00e9culo XVIII<\/b><span style=\"font-weight: 400;\">, ergue-se sobre fal\u00e9sias impressionantes, criando uma paisagem de cortar a respira\u00e7\u00e3o. A partir daqui, os visitantes podem observar o p\u00f4r-do-sol sobre o mar, um espet\u00e1culo que tem inspirado muitos ao longo dos s\u00e9culos.<\/span><\/p>\n<p>&nbsp;<\/p>\n<h3><b>Praia de Langosteira<\/b><\/h3>\n<p><span style=\"font-weight: 400;\">A <\/span><b>Praia de Langosteira<\/b><span style=\"font-weight: 400;\"> \u00e9 outra j\u00f3ia da localidade. Com a sua areia dourada e \u00e1guas cristalinas, \u00e9 um local ideal para relaxar e desfrutar do sol.<\/span><\/p>\n<p><span style=\"font-weight: 400;\">Al\u00e9m disso, oferece diversas <\/span><b>atividades aqu\u00e1ticas<\/b><span style=\"font-weight: 400;\">, como o surf e o stand-up paddle. Gra\u00e7as a isso, tornou-se um destino popular para os amantes de desportos ao ar livre. O seu ambiente tranquilo e a sua beleza natural fazem dela o local perfeito para passar um excelente dia na praia.<\/span><\/p>\n<p>&nbsp;<\/p>\n<h3><b>Igreja de Santa Maria das \u00c1reas<\/b><\/h3>\n<p><span style=\"font-weight: 400;\">A <\/span><b>Igreja de Santa Maria das \u00c1reas<\/b><span style=\"font-weight: 400;\"> \u00e9 um importante local cultural e religioso em Finisterra. Constru\u00edda no <\/span><b>s\u00e9culo XVIII<\/b><span style=\"font-weight: 400;\">, \u00e9 famosa pela sua arquitetura e hist\u00f3ria. O seu interior alberga valiosas obras de arte e \u00e9 um local de culto para os habitantes locais e os peregrinos que chegam \u00e0 regi\u00e3o.\u00a0<\/span><\/p>\n<p><span style=\"font-weight: 400;\">A igreja representa a fus\u00e3o da hist\u00f3ria e da f\u00e9 que caracteriza Finisterra.<\/span><\/p>\n<p>&nbsp;<\/p>\n<h3><b>O porto de Finisterra<\/b><\/h3>\n<p><span style=\"font-weight: 400;\">O <\/span><b>porto de Finisterra<\/b><span style=\"font-weight: 400;\"> \u00e9 um lugar encantador que reflete a vida piscat\u00f3ria da regi\u00e3o. Aqui, os visitantes podem observar a atividade dos pescadores e desfrutar da gastronomia local nos restaurantes \u00e0 beira-mar. Os mariscos frescos s\u00e3o uma especialidade, e muitos locais oferecem pratos t\u00edpicos que destacam os sabores do oceano.<\/span><\/p>\n<p>&nbsp;<\/p>\n<h2><b>Atividades ao ar livre<\/b><\/h2>\n<p><img decoding=\"async\" class=\"alignnone wp-image-110969 size-full\" src=\"https:\/\/www.mundiplus.com\/wp-content\/uploads\/2024\/09\/Cabo-de-Finisterre-Mundiplus.jpg\" alt=\"\" width=\"945\" height=\"630\" srcset=\"https:\/\/www.mundiplus.com\/wp-content\/uploads\/2024\/09\/Cabo-de-Finisterre-Mundiplus.jpg 945w, https:\/\/www.mundiplus.com\/wp-content\/uploads\/2024\/09\/Cabo-de-Finisterre-Mundiplus-300x200.jpg 300w, https:\/\/www.mundiplus.com\/wp-content\/uploads\/2024\/09\/Cabo-de-Finisterre-Mundiplus-768x512.jpg 768w, https:\/\/www.mundiplus.com\/wp-content\/uploads\/2024\/09\/Cabo-de-Finisterre-Mundiplus-600x400.jpg 600w\" sizes=\"(max-width: 945px) 100vw, 945px\" \/><\/p>\n<p><span style=\"font-weight: 400;\">Finisterra \u00e9 um para\u00edso para os amantes de atividades ao ar livre.\u00a0<\/span><\/p>\n<ul>\n<li style=\"font-weight: 400;\" aria-level=\"1\"><span style=\"font-weight: 400;\">O <\/span><b>caminho pedestre<\/b><span style=\"font-weight: 400;\"> \u00e9 uma das principais atra\u00e7\u00f5es, com trilhos que oferecem vistas panor\u00e2micas e a oportunidade de se conectar com a natureza. Existem v\u00e1rias rotas de caminhadas alternadas que permitem explorar a costa e o interior.\u00a0<\/span><\/li>\n<li style=\"font-weight: 400;\" aria-level=\"1\"><span style=\"font-weight: 400;\">A <\/span><b>observa\u00e7\u00e3o de aves<\/b><span style=\"font-weight: 400;\"> tamb\u00e9m \u00e9 popular nesta regi\u00e3o, especialmente nas zonas costeiras. \u00c9 poss\u00edvel observar diversas esp\u00e9cies migrat\u00f3rias.\u00a0<\/span><\/li>\n<li style=\"font-weight: 400;\" aria-level=\"1\"><span style=\"font-weight: 400;\">Al\u00e9m disso, os <\/span><b>desportos aqu\u00e1ticos<\/b><span style=\"font-weight: 400;\">, como o surf e o caiaque, s\u00e3o atividades recomendadas se procuras adrenalina e aventura no mar.<\/span><\/li>\n<\/ul>\n<p>&nbsp;<\/p>\n<h2><b>Gastronomia local<\/b><\/h2>\n<p><span style=\"font-weight: 400;\">A gastronomia local \u00e9 um reflexo da sua rica tradi\u00e7\u00e3o piscat\u00f3ria. Pratos como o <\/span><b>polvo \u00e0 galega<\/b><span style=\"font-weight: 400;\"> e os <\/span><b>mariscos frescos<\/b><span style=\"font-weight: 400;\"> s\u00e3o indispens\u00e1veis para qualquer visitante. Os restaurantes locais oferecem uma variedade de op\u00e7\u00f5es. Prova as tapas ou pratos mais elaborados que destacam os sabores do oceano.<\/span><\/p>\n<p><span style=\"font-weight: 400;\">O <\/span><b>mercado local<\/b><span style=\"font-weight: 400;\"> \u00e9 outro lugar onde podes experimentar a cultura gastron\u00f3mica de Finisterra. Encontra produtos frescos e locais, ideais para levar um peda\u00e7o da experi\u00eancia culin\u00e1ria para casa.<\/span><\/p>\n<p>&nbsp;<\/p>\n","protected":false},"excerpt":{"rendered":"<p>J\u00e1 ouviste falar do fim do mundo? Bem, nesta ocasi\u00e3o, vamos levar-te a um lugar que foi assim chamado. Finisterra, conhecido como o ponto onde a terra termina e come\u00e7a o mist\u00e9rio do oceano, despertou a curiosidade de in\u00fameras pessoas ao longo da hist\u00f3ria. Aventureiros, peregrinos e sonhadores chegaram at\u00e9 aqui \u00e0 procura de respostas, [&hellip;]<\/p>\n","protected":false},"author":1,"featured_media":110980,"comment_status":"open","ping_status":"open","sticky":false,"template":"","format":"standard","meta":{"footnotes":""},"categories":[574,578,606,602],"tags":[],"class_list":["post-113760","post","type-post","status-publish","format-standard","has-post-thumbnail","hentry","category-blog-do-caminho","category-caminho-a-pe","category-locais-iconicos","category-vilas-e-comarcas"],"_links":{"self":[{"href":"https:\/\/www.mundiplus.com\/pt-pt\/wp-json\/wp\/v2\/posts\/113760","targetHints":{"allow":["GET"]}}],"collection":[{"href":"https:\/\/www.mundiplus.com\/pt-pt\/wp-json\/wp\/v2\/posts"}],"about":[{"href":"https:\/\/www.mundiplus.com\/pt-pt\/wp-json\/wp\/v2\/types\/post"}],"author":[{"embeddable":true,"href":"https:\/\/www.mundiplus.com\/pt-pt\/wp-json\/wp\/v2\/users\/1"}],"replies":[{"embeddable":true,"href":"https:\/\/www.mundiplus.com\/pt-pt\/wp-json\/wp\/v2\/comments?post=113760"}],"version-history":[{"count":0,"href":"https:\/\/www.mundiplus.com\/pt-pt\/wp-json\/wp\/v2\/posts\/113760\/revisions"}],"wp:featuredmedia":[{"embeddable":true,"href":"https:\/\/www.mundiplus.com\/pt-pt\/wp-json\/wp\/v2\/media\/110980"}],"wp:attachment":[{"href":"https:\/\/www.mundiplus.com\/pt-pt\/wp-json\/wp\/v2\/media?parent=113760"}],"wp:term":[{"taxonomy":"category","embeddable":true,"href":"https:\/\/www.mundiplus.com\/pt-pt\/wp-json\/wp\/v2\/categories?post=113760"},{"taxonomy":"post_tag","embeddable":true,"href":"https:\/\/www.mundiplus.com\/pt-pt\/wp-json\/wp\/v2\/tags?post=113760"}],"curies":[{"name":"wp","href":"https:\/\/api.w.org\/{rel}","templated":true}]}}