{"id":113774,"date":"2024-09-07T11:56:43","date_gmt":"2024-09-07T11:56:43","guid":{"rendered":"https:\/\/www.mundiplus.com\/o-que-ver-em-pola-de-allande\/"},"modified":"2024-11-20T17:47:26","modified_gmt":"2024-11-20T17:47:26","slug":"o-que-ver-em-pola-de-allande","status":"publish","type":"post","link":"https:\/\/www.mundiplus.com\/pt-pt\/blog\/o-que-ver-em-pola-de-allande\/","title":{"rendered":"O que ver em Pola de Allande"},"content":{"rendered":"<p><img fetchpriority=\"high\" decoding=\"async\" class=\"alignnone wp-image-108613 size-full\" src=\"https:\/\/www.mundiplus.com\/wp-content\/uploads\/2024\/09\/Pola-de-Allande-Mundiplus.jpg\" alt=\"\" width=\"1024\" height=\"768\" srcset=\"https:\/\/www.mundiplus.com\/wp-content\/uploads\/2024\/09\/Pola-de-Allande-Mundiplus.jpg 1024w, https:\/\/www.mundiplus.com\/wp-content\/uploads\/2024\/09\/Pola-de-Allande-Mundiplus-300x225.jpg 300w, https:\/\/www.mundiplus.com\/wp-content\/uploads\/2024\/09\/Pola-de-Allande-Mundiplus-768x576.jpg 768w, https:\/\/www.mundiplus.com\/wp-content\/uploads\/2024\/09\/Pola-de-Allande-Mundiplus-600x450.jpg 600w\" sizes=\"(max-width: 1024px) 100vw, 1024px\" \/><\/p>\n<p><b>Pola de Allande<\/b><span style=\"font-weight: 400;\"> \u00e9 uma encantadora localidade situada na parte ocidental das Ast\u00farias, no seu percurso pelo <\/span><b>Caminho Primitivo<\/b><span style=\"font-weight: 400;\">. Este lugar \u00e9 rodeado por montanhas e paisagens verdes, sendo conhecido pela sua beleza natural e pelo seu rico patrim\u00f3nio hist\u00f3rico e cultural.<\/span><\/p>\n<p><span style=\"font-weight: 400;\">Como capital do concelho de Allande, tem sido, ao longo dos s\u00e9culos, um <\/span><b>ponto de refer\u00eancia para a regi\u00e3o<\/b><span style=\"font-weight: 400;\">. Destaca-se pela sua <\/span><b>arquitetura tradicional asturiana<\/b><span style=\"font-weight: 400;\"> e pelos seus monumentos hist\u00f3ricos, sobre os quais falaremos a seguir.<\/span><\/p>\n<p><span style=\"font-weight: 400;\">Esta <\/span><b>combina\u00e7\u00e3o de patrim\u00f3nio, natureza e espiritualidade<\/b><span style=\"font-weight: 400;\"> torna Pola de Allande num lugar interessante para todos os peregrinos. Quer saber mais? Aproveite o passeio!<\/span><\/p>\n<p>&nbsp;<\/p>\n<h2><b>Pola de Allande e o Caminho de Santiago<\/b><\/h2>\n<p><span style=\"font-weight: 400;\">Esta \u00e9 uma paragem essencial no Caminho Primitivo, considerado a rota mais antiga para Santiago de Compostela. Para a conhecer melhor, sugerimos contar com a ajuda de uma <\/span><a href=\"https:\/\/www.mundiplus.com\/pt-pt\/\"><b>ag\u00eancia especializada em viagens para o Caminho de Santiago<\/b><\/a><span style=\"font-weight: 400;\">.<\/span><\/p>\n<p><span style=\"font-weight: 400;\">Esta etapa \u00e9 uma das mais emblem\u00e1ticas, n\u00e3o s\u00f3 pela sua beleza natural, mas tamb\u00e9m pela rica hist\u00f3ria que a rodeia.\u00a0<\/span><\/p>\n<p><span style=\"font-weight: 400;\">Este caminho, que se estende por <\/span><b>montanhas e paisagens virgens<\/b><span style=\"font-weight: 400;\">, \u00e9 famoso pela sua autenticidade. Esta localidade encontra-se estrategicamente localizada numa etapa que precede o <\/span><b>Alto do Palo<\/b><span style=\"font-weight: 400;\">, um dos maiores desafios desta rota.\u00a0<\/span><\/p>\n<p><span style=\"font-weight: 400;\">Al\u00e9m disso, oferece uma <\/span><b>experi\u00eancia mais introspectiva e menos comercializada<\/b><span style=\"font-weight: 400;\"> do que outras rotas, como o <\/span><a href=\"https:\/\/www.mundiplus.com\/pt-pt\/caminos\/a-pie\/camino-portugues-costa\/\"><b>Caminho Portugu\u00eas pela Costa<\/b><\/a><span style=\"font-weight: 400;\">, o <\/span><a href=\"https:\/\/www.mundiplus.com\/pt-pt\/caminos\/a-pie\/camino-portugues-costa\/\"><b>Caminho de Santiago desde Baiona<\/b><\/a><span style=\"font-weight: 400;\"> ou o <\/span><a href=\"https:\/\/www.mundiplus.com\/pt-pt\/caminos\/a-pie\/camino-ingles\/camino-de-santiago-desde-ferrol\/\"><b>Caminho de Santiago desde Ferrol<\/b><\/a><span style=\"font-weight: 400;\">.\u00a0<\/span><\/p>\n<p><span style=\"font-weight: 400;\">A influ\u00eancia do Caminho Primitivo em Pola de Allande \u00e9 palp\u00e1vel. A localidade n\u00e3o s\u00f3 cresceu em torno deste trajeto hist\u00f3rico, como tamb\u00e9m desenvolveu uma <\/span><b>infraestrutura para atender os caminheiros<\/b><span style=\"font-weight: 400;\">.<\/span><\/p>\n<p><span style=\"font-weight: 400;\">O apoio local \u00e9 evidente na hospitalidade dos seus habitantes e na disponibilidade de informa\u00e7\u00f5es \u00fateis sobre diferentes rotas, como o <\/span><a href=\"https:\/\/www.mundiplus.com\/pt-pt\/caminos\/a-pie\/camino-frances\/camino-de-santiago-desde-roncesvalles\/\"><b>Caminho de Santiago desde Roncesvalles<\/b><\/a><span style=\"font-weight: 400;\"> ou o <\/span><a href=\"https:\/\/www.mundiplus.com\/pt-pt\/caminos\/a-pie\/camino-portugues-costa\/\"><b>Caminho Portugu\u00eas pela Costa<\/b><\/a><span style=\"font-weight: 400;\">. Sim, estas tamb\u00e9m s\u00e3o op\u00e7\u00f5es populares para os peregrinos que querem explorar diferentes partes da rede de caminhos.<\/span><\/p>\n<p>&nbsp;<\/p>\n<h2><b>Centro Hist\u00f3rico de Pola de Allande<\/b><\/h2>\n<p><img decoding=\"async\" class=\"alignnone wp-image-108607 size-full\" src=\"https:\/\/www.mundiplus.com\/wp-content\/uploads\/2024\/09\/Casco-Antiguo-Pola-de-Allande-Mundiplus.jpg\" alt=\"\" width=\"1005\" height=\"1024\" srcset=\"https:\/\/www.mundiplus.com\/wp-content\/uploads\/2024\/09\/Casco-Antiguo-Pola-de-Allande-Mundiplus.jpg 1005w, https:\/\/www.mundiplus.com\/wp-content\/uploads\/2024\/09\/Casco-Antiguo-Pola-de-Allande-Mundiplus-294x300.jpg 294w, https:\/\/www.mundiplus.com\/wp-content\/uploads\/2024\/09\/Casco-Antiguo-Pola-de-Allande-Mundiplus-768x783.jpg 768w, https:\/\/www.mundiplus.com\/wp-content\/uploads\/2024\/09\/Casco-Antiguo-Pola-de-Allande-Mundiplus-600x611.jpg 600w\" sizes=\"(max-width: 1005px) 100vw, 1005px\" \/><\/p>\n<p><span style=\"font-weight: 400;\">O centro hist\u00f3rico de Pola de Allande \u00e9 um reflexo encantador da arquitetura e do estilo de vida tradicional asturiano.\u00a0<\/span><\/p>\n<p><span style=\"font-weight: 400;\">Passear pelas suas ruas empedradas \u00e9 como viajar no tempo, onde se pode apreciar a cuidadosa conserva\u00e7\u00e3o de edif\u00edcios hist\u00f3ricos e a disposi\u00e7\u00e3o urbana que mant\u00e9m a sua ess\u00eancia desde s\u00e9culos passados. As <\/span><b>casas de pedra, com varandas de madeira e telhados de ard\u00f3sia<\/b><span style=\"font-weight: 400;\">, s\u00e3o caracter\u00edsticas da arquitetura local e alinham-se ao longo de ruelas estreitas que convidam a serem exploradas a p\u00e9.<\/span><\/p>\n<p><span style=\"font-weight: 400;\">Entre os locais mais destacados encontra-se:\u00a0<\/span><\/p>\n<ul>\n<li style=\"font-weight: 400;\" aria-level=\"1\"><span style=\"font-weight: 400;\">A <\/span><b>C\u00e2mara Municipal<\/b><span style=\"font-weight: 400;\">, um edif\u00edcio de <\/span><b>estilo cl\u00e1ssico<\/b><span style=\"font-weight: 400;\"> que representa o cora\u00e7\u00e3o administrativo e social da vila.\u00a0<\/span><\/li>\n<li style=\"font-weight: 400;\" aria-level=\"1\"><span style=\"font-weight: 400;\">Outro ponto de interesse \u00e9 a <\/span><b>Igreja de S\u00e3o Andr\u00e9<\/b><span style=\"font-weight: 400;\">, uma constru\u00e7\u00e3o de <\/span><b>origem g\u00f3tica<\/b><span style=\"font-weight: 400;\"> que tem sido restaurada ao longo dos anos. De facto, conserva elementos rom\u00e2nicos na sua estrutura, oferecendo uma janela para a hist\u00f3ria religiosa da regi\u00e3o.<\/span><\/li>\n<li style=\"font-weight: 400;\" aria-level=\"1\"><span style=\"font-weight: 400;\">Al\u00e9m disso, as <\/span><b>casas senhoriais<\/b><span style=\"font-weight: 400;\"> que salpicam o centro demonstram a import\u00e2ncia que esta vila teve como <\/span><b>centro de poder e riqueza em tempos passados<\/b><span style=\"font-weight: 400;\">.\u00a0<\/span><\/li>\n<\/ul>\n<p><span style=\"font-weight: 400;\">Ademais, o ambiente local \u00e9 caloroso e acolhedor, refletindo o car\u00e1ter hospitaleiro dos seus habitantes. Pequenas lojas de produtos locais, desde queijos e enchidos at\u00e9 artesanato tradicional, misturam-se com caf\u00e9s e bares onde se pode desfrutar de um caf\u00e9 ou uma sidra num ambiente relaxante.<\/span><\/p>\n<p>&nbsp;<\/p>\n<h2><b>Natureza e trilhos de caminhadas em Pola de Allande<\/b><\/h2>\n<p><span style=\"font-weight: 400;\">Esta regi\u00e3o oferece um cen\u00e1rio perfeito para quem procura conectar-se com a natureza e desfrutar de paisagens de grande beleza. Os <\/span><b>bosques de carvalhos e castanheiros<\/b><span style=\"font-weight: 400;\">, junto com os pastos e colinas, criam um mosaico de cores que muda a cada esta\u00e7\u00e3o, proporcionando uma experi\u00eancia sempre renovada aos visitantes.<\/span><\/p>\n<p><span style=\"font-weight: 400;\">Para os entusiastas de caminhadas, Pola de Allande conta com v\u00e1rias rotas recomendadas que permitem explorar estes paisagens naturais em todo o seu esplendor.\u00a0<\/span><\/p>\n<ul>\n<li style=\"font-weight: 400;\" aria-level=\"1\"><span style=\"font-weight: 400;\">Uma das rotas mais populares \u00e9 a <\/span><b>Rota dos Pal\u00e1cios<\/b><span style=\"font-weight: 400;\">, que percorre algumas das casas senhoriais mais destacadas da zona, combinando hist\u00f3ria e natureza numa s\u00f3 caminhada. Esta rota permite desfrutar de um passeio tranquilo por trilhos bem sinalizados, enquanto se admira a arquitetura tradicional e os jardins que rodeiam estas antigas resid\u00eancias.<\/span><\/li>\n<li style=\"font-weight: 400;\" aria-level=\"1\"><span style=\"font-weight: 400;\">Outra op\u00e7\u00e3o imperd\u00edvel \u00e9 a <\/span><b>Rota de Montefurado<\/b><span style=\"font-weight: 400;\">, um percurso que leva os excursionistas atrav\u00e9s de trilhos montanhosos at\u00e9 chegar a um antigo t\u00fanel romano que atravessa a montanha. Este t\u00fanel, criado para desviar o curso do rio e facilitar a extra\u00e7\u00e3o de ouro, \u00e9 uma fascinante mistura de hist\u00f3ria e aventura.\u00a0<\/span><\/li>\n<li style=\"font-weight: 400;\" aria-level=\"1\"><span style=\"font-weight: 400;\">Por \u00faltimo, a rota para <\/span><b>Pe\u00f1a Negra<\/b><span style=\"font-weight: 400;\"> \u00e9 ideal para quem procura um desafio maior. Esta caminhada, que sobe at\u00e9 um dos picos mais altos da regi\u00e3o, recompensa os caminhantes com vistas espetaculares que se estendem por quil\u00f3metros.<\/span><\/li>\n<\/ul>\n<p>&nbsp;<\/p>\n<h2><b>Monumentos hist\u00f3ricos e culturais<\/b><\/h2>\n<p><img decoding=\"async\" class=\"alignnone wp-image-108601 size-full\" src=\"https:\/\/www.mundiplus.com\/wp-content\/uploads\/2024\/09\/Palacio-de-Cienfuegos-de-Penalba-Mundiplus.jpg\" alt=\"\" width=\"1024\" height=\"683\" srcset=\"https:\/\/www.mundiplus.com\/wp-content\/uploads\/2024\/09\/Palacio-de-Cienfuegos-de-Penalba-Mundiplus.jpg 1024w, https:\/\/www.mundiplus.com\/wp-content\/uploads\/2024\/09\/Palacio-de-Cienfuegos-de-Penalba-Mundiplus-300x200.jpg 300w, https:\/\/www.mundiplus.com\/wp-content\/uploads\/2024\/09\/Palacio-de-Cienfuegos-de-Penalba-Mundiplus-768x512.jpg 768w, https:\/\/www.mundiplus.com\/wp-content\/uploads\/2024\/09\/Palacio-de-Cienfuegos-de-Penalba-Mundiplus-600x400.jpg 600w\" sizes=\"(max-width: 1024px) 100vw, 1024px\" \/><\/p>\n<p><span style=\"font-weight: 400;\">Pola de Allande alberga uma riqueza hist\u00f3rica refletida nos seus monumentos, que narram s\u00e9culos de tradi\u00e7\u00e3o e cultura.\u00a0<\/span><\/p>\n<ul>\n<li style=\"font-weight: 400;\" aria-level=\"1\"><span style=\"font-weight: 400;\">O <\/span><b>Pal\u00e1cio de Cienfuegos de Pe\u00f1alba<\/b><span style=\"font-weight: 400;\"> \u00e9 um impressionante edif\u00edcio do <\/span><b>s\u00e9culo XIV<\/b><span style=\"font-weight: 400;\"> que representa a grandeza da nobreza asturiana. Constru\u00eddo em estilo <\/span><b>g\u00f3tico-renascentista<\/b><span style=\"font-weight: 400;\">, o pal\u00e1cio conta com uma majestosa fachada de pedra, amplos sal\u00f5es e jardins que convidam a um passeio tranquilo.\u00a0<\/span><\/li>\n<li style=\"font-weight: 400;\" aria-level=\"1\"><span style=\"font-weight: 400;\">Por outro lado, a <\/span><b>Torres do Pal\u00e1cio de Valledor<\/b><span style=\"font-weight: 400;\"> \u00e9 uma fortaleza medieval que fazia parte de um complexo palaciano mais amplo. Constru\u00edda tamb\u00e9m no <\/span><b>s\u00e9culo XIV<\/b><span style=\"font-weight: 400;\">, a torre foi projetada como uma estrutura defensiva, o que se reflete na sua constru\u00e7\u00e3o robusta e nas janelas estreitas que serviam como miradouros.\u00a0<\/span><\/li>\n<\/ul>\n<p><span style=\"font-weight: 400;\">A sua relev\u00e2ncia hist\u00f3rica reside no seu papel como ponto estrat\u00e9gico durante conflitos regionais e na sua representa\u00e7\u00e3o do poder feudal na regi\u00e3o. Atualmente, a torre est\u00e1 <\/span><b>aberta ao p\u00fablico<\/b><span style=\"font-weight: 400;\">, sendo recomendada uma visita guiada para apreciar completamente a sua hist\u00f3ria e arquitetura.<\/span><\/p>\n<p>&nbsp;<\/p>\n<h2><b>Gastronomia local<\/b><\/h2>\n<p><span style=\"font-weight: 400;\">A gastronomia de Pola de Allande \u00e9 um reflexo aut\u00eantico da rica tradi\u00e7\u00e3o culin\u00e1ria das Ast\u00farias. Entre os pratos t\u00edpicos que n\u00e3o pode perder est\u00e3o a <\/span><b>fabada asturiana<\/b><span style=\"font-weight: 400;\">, o <\/span><b>cachopo<\/b><span style=\"font-weight: 400;\">, e a <\/span><b>sidra<\/b><span style=\"font-weight: 400;\">, uma bebida fermentada de ma\u00e7\u00e3 que \u00e9 um orgulho regional. Para desfrutar dessas iguarias, h\u00e1 v\u00e1rios restaurantes locais altamente recomendados.\u00a0<\/span><\/p>\n<p><span style=\"font-weight: 400;\">Al\u00e9m disso, a experi\u00eancia de escanciar a sidra, ou seja, servi-la de maneira tradicional a partir de uma altura para oxigen\u00e1-la, \u00e9 algo que todos os visitantes devem experimentar pelo menos uma vez.<\/span><\/p>\n<p>&nbsp;<\/p>\n<h3><b>Festividades e eventos culturais<\/b><\/h3>\n<p><span style=\"font-weight: 400;\">As <\/span><b>festividades locais<\/b><span style=\"font-weight: 400;\"> s\u00e3o uma parte fundamental da vida em Pola de Allande, destacando-se especialmente a <\/span><b>Festa de Nossa Senhora de Avellano<\/b>.<\/p>\n<p><span style=\"font-weight: 400;\">Esta \u00e9 a festividade mais importante de Pola de Allande, celebrada em honra da padroeira do concelho, a Virgem de Avellano. Acontece no in\u00edcio de setembro e \u00e9 uma celebra\u00e7\u00e3o que combina elementos religiosos e festivos. Durante a festa, realizam-se prociss\u00f5es solenes com a imagem da Virgem, acompanhadas de m\u00fasica tradicional e dan\u00e7as t\u00edpicas asturianas.\u00a0<\/span><\/p>\n<p><span style=\"font-weight: 400;\">Como parte da festa, realiza-se uma romaria, uma tradi\u00e7\u00e3o muito enraizada na localidade. Os participantes sobem at\u00e9 a ermida do Avellano, localizada num ambiente natural de grande beleza, onde \u00e9 celebrada uma missa campestre seguida de um dia de conv\u00edvio.<\/span><\/p>\n","protected":false},"excerpt":{"rendered":"<p>Pola de Allande \u00e9 uma encantadora localidade situada na parte ocidental das Ast\u00farias, no seu percurso pelo Caminho Primitivo. Este lugar \u00e9 rodeado por montanhas e paisagens verdes, sendo conhecido pela sua beleza natural e pelo seu rico patrim\u00f3nio hist\u00f3rico e cultural. Como capital do concelho de Allande, tem sido, ao longo dos s\u00e9culos, um [&hellip;]<\/p>\n","protected":false},"author":1,"featured_media":108618,"comment_status":"open","ping_status":"open","sticky":false,"template":"","format":"standard","meta":{"footnotes":""},"categories":[574,578,602],"tags":[],"class_list":["post-113774","post","type-post","status-publish","format-standard","has-post-thumbnail","hentry","category-blog-do-caminho","category-caminho-a-pe","category-vilas-e-comarcas"],"_links":{"self":[{"href":"https:\/\/www.mundiplus.com\/pt-pt\/wp-json\/wp\/v2\/posts\/113774","targetHints":{"allow":["GET"]}}],"collection":[{"href":"https:\/\/www.mundiplus.com\/pt-pt\/wp-json\/wp\/v2\/posts"}],"about":[{"href":"https:\/\/www.mundiplus.com\/pt-pt\/wp-json\/wp\/v2\/types\/post"}],"author":[{"embeddable":true,"href":"https:\/\/www.mundiplus.com\/pt-pt\/wp-json\/wp\/v2\/users\/1"}],"replies":[{"embeddable":true,"href":"https:\/\/www.mundiplus.com\/pt-pt\/wp-json\/wp\/v2\/comments?post=113774"}],"version-history":[{"count":0,"href":"https:\/\/www.mundiplus.com\/pt-pt\/wp-json\/wp\/v2\/posts\/113774\/revisions"}],"wp:featuredmedia":[{"embeddable":true,"href":"https:\/\/www.mundiplus.com\/pt-pt\/wp-json\/wp\/v2\/media\/108618"}],"wp:attachment":[{"href":"https:\/\/www.mundiplus.com\/pt-pt\/wp-json\/wp\/v2\/media?parent=113774"}],"wp:term":[{"taxonomy":"category","embeddable":true,"href":"https:\/\/www.mundiplus.com\/pt-pt\/wp-json\/wp\/v2\/categories?post=113774"},{"taxonomy":"post_tag","embeddable":true,"href":"https:\/\/www.mundiplus.com\/pt-pt\/wp-json\/wp\/v2\/tags?post=113774"}],"curies":[{"name":"wp","href":"https:\/\/api.w.org\/{rel}","templated":true}]}}