{"id":113778,"date":"2024-09-05T18:54:39","date_gmt":"2024-09-05T18:54:39","guid":{"rendered":"https:\/\/www.mundiplus.com\/porque-fazer-o-caminho-de-santiago-em-setembro\/"},"modified":"2024-11-20T17:55:17","modified_gmt":"2024-11-20T17:55:17","slug":"porque-fazer-o-caminho-de-santiago-em-setembro","status":"publish","type":"post","link":"https:\/\/www.mundiplus.com\/pt-pt\/blog\/porque-fazer-o-caminho-em-setembro\/","title":{"rendered":"Porqu\u00ea fazer o Caminho de Santiago em setembro?"},"content":{"rendered":"<p><img fetchpriority=\"high\" decoding=\"async\" class=\"alignnone wp-image-108586 size-full\" src=\"https:\/\/www.mundiplus.com\/wp-content\/uploads\/2024\/09\/Camino-de-Santiago-en-Septiembre-Mundiplus.jpeg\" alt=\"\" width=\"1000\" height=\"667\" srcset=\"https:\/\/www.mundiplus.com\/wp-content\/uploads\/2024\/09\/Camino-de-Santiago-en-Septiembre-Mundiplus.jpeg 1000w, https:\/\/www.mundiplus.com\/wp-content\/uploads\/2024\/09\/Camino-de-Santiago-en-Septiembre-Mundiplus-300x200.jpeg 300w, https:\/\/www.mundiplus.com\/wp-content\/uploads\/2024\/09\/Camino-de-Santiago-en-Septiembre-Mundiplus-768x512.jpeg 768w, https:\/\/www.mundiplus.com\/wp-content\/uploads\/2024\/09\/Camino-de-Santiago-en-Septiembre-Mundiplus-600x400.jpeg 600w\" sizes=\"(max-width: 1000px) 100vw, 1000px\" \/><\/p>\n<p><span style=\"font-weight: 400;\">Escolher setembro para fazer o Caminho de Santiago \u00e9 uma decis\u00e3o que combina o melhor da \u00e9poca alta com as vantagens de um per\u00edodo mais tranquilo. Neste m\u00eas, vai desfrutar de um<\/span><b> clima mais ameno<\/b><span style=\"font-weight: 400;\">, longe do calor intenso do ver\u00e3o. Al\u00e9m disso, a <\/span><b>aflu\u00eancia de peregrinos diminui<\/b><span style=\"font-weight: 400;\">, oferecendo a possibilidade de caminhar com mais tranquilidade e encontrar alojamentos com maior facilidade.<\/span><\/p>\n<p><span style=\"font-weight: 400;\">As paisagens come\u00e7am a <\/span><b>mostrar os primeiros sinais do outono<\/b><span style=\"font-weight: 400;\">, pintando o Caminho com cores \u00fanicas. Tamb\u00e9m poder\u00e1 aproveitar as festividades locais que enriquecem ainda mais a sua experi\u00eancia.<\/span><\/p>\n<p>&nbsp;<\/p>\n<h2><b>O clima perfeito para disfrutar do Caminho de Santiago<\/b><\/h2>\n<p><img decoding=\"async\" class=\"alignnone wp-image-108592 size-full\" src=\"https:\/\/www.mundiplus.com\/wp-content\/uploads\/2024\/09\/Camino-de-Santiago-en-otono-Mundiplus.jpeg\" alt=\"\" width=\"1000\" height=\"667\" srcset=\"https:\/\/www.mundiplus.com\/wp-content\/uploads\/2024\/09\/Camino-de-Santiago-en-otono-Mundiplus.jpeg 1000w, https:\/\/www.mundiplus.com\/wp-content\/uploads\/2024\/09\/Camino-de-Santiago-en-otono-Mundiplus-300x200.jpeg 300w, https:\/\/www.mundiplus.com\/wp-content\/uploads\/2024\/09\/Camino-de-Santiago-en-otono-Mundiplus-768x512.jpeg 768w, https:\/\/www.mundiplus.com\/wp-content\/uploads\/2024\/09\/Camino-de-Santiago-en-otono-Mundiplus-600x400.jpeg 600w\" sizes=\"(max-width: 1000px) 100vw, 1000px\" \/><\/p>\n<p><span style=\"font-weight: 400;\">Em setembro, o clima \u00e9 um dos grandes aliados para percorrer o Caminho. As <\/span><b>temperaturas s\u00e3o mais amenas em compara\u00e7\u00e3o com os meses anteriores<\/b><span style=\"font-weight: 400;\">, permitindo caminhar sem o sufoco do calor intenso. As manh\u00e3s frescas e as tardes amenas criam um ambiente ideal para disfrutar de cada etapa, permitindo avan\u00e7ar a um ritmo confort\u00e1vel sem se preocupar com o calor extremo.<\/span><\/p>\n<p><span style=\"font-weight: 400;\">Al\u00e9m disso, este m\u00eas oferece uma <\/span><b>experi\u00eancia mais tranquila<\/b><span style=\"font-weight: 400;\">, pois a aflu\u00eancia de peregrinos diminui significativamente. Isso facilita tanto a reserva de alojamentos como a intera\u00e7\u00e3o com outros caminhantes, criando um <\/span><b>ambiente mais relaxado e pessoal<\/b><span style=\"font-weight: 400;\">. <\/span><\/p>\n<p><span style=\"font-weight: 400;\">Se procura uma op\u00e7\u00e3o organizada, <\/span><a href=\"https:\/\/www.mundiplus.com\/pt-pt\/\"><b>Mundiplus: empresa para fazer o Caminho de Santiago<\/b><\/a><span style=\"font-weight: 400;\"> oferece-lhe uma <\/span><a href=\"https:\/\/www.mundiplus.com\/pt-pt\/caminos\/a-pie\/camino-portugues-costa\/camino-de-santiago-desde-baiona\/\"><b>experi\u00eancia no Caminho Portugu\u00eas pela Costa<\/b><\/a><span style=\"font-weight: 400;\">. Esta alternativa combina a beleza da paisagem com o conforto de uma viagem bem planeada.<\/span><\/p>\n<p><span style=\"font-weight: 400;\">Em definitivo, setembro \u00e9 um m\u00eas que re\u00fane as condi\u00e7\u00f5es clim\u00e1ticas ideais para disfrutar do Caminho no seu m\u00e1ximo esplendor, oferecendo-lhe uma experi\u00eancia \u00fanica e agrad\u00e1vel.<\/span><\/p>\n<p>&nbsp;<\/p>\n<h2><b>Rotas menos concorridas para uma experi\u00eancia mais aut\u00eantica<\/b><\/h2>\n<p><span style=\"font-weight: 400;\">Setembro \u00e9 o momento ideal para disfrutar das rotas menos frequentadas do Caminho de Santiago. Com a diminui\u00e7\u00e3o do n\u00famero de peregrinos, pode<\/span><b> explorar caminhos alternativos<\/b><span style=\"font-weight: 400;\"> que oferecem uma experi\u00eancia mais aut\u00eantica e serena.<\/span><\/p>\n<p><span style=\"font-weight: 400;\">Se procura um percurso que combine beleza natural e tranquilidade, o <\/span><a href=\"https:\/\/www.mundiplus.com\/pt-pt\/caminos\/a-pie\/camino-portugues-costa\/camino-de-santiago-desde-baiona\/\"><b>Caminho Portugu\u00eas desde Baiona<\/b><\/a><span style=\"font-weight: 400;\"> \u00e9 uma excelente op\u00e7\u00e3o. Este tro\u00e7o, que percorre a costa galega, permitir\u00e1 desfrutar de paisagens espetaculares com vistas sobre o Atl\u00e2ntico, enquanto descobre pequenas aldeias encantadoras e uma rica hist\u00f3ria.<\/span><\/p>\n<p><span style=\"font-weight: 400;\">Outra op\u00e7\u00e3o a considerar \u00e9 a <\/span><a href=\"https:\/\/www.mundiplus.com\/pt-pt\/caminos\/a-pie\/camino-ingles\/camino-de-santiago-desde-ferrol\/\"><b>viagem organizada desde Ferrol<\/b><\/a><span style=\"font-weight: 400;\"> pelo <\/span><b>Caminho Ingl\u00eas<\/b><span style=\"font-weight: 400;\">. Esta rota leva-o por trilhos hist\u00f3ricos que atravessam bosques densos e aldeias pitorescas, oferecendo-lhe uma experi\u00eancia mais \u00edntima e conectada com a natureza. Optar por uma viagem organizada permite-lhe<\/span><b> disfrutar do caminho sem se preocupar com a log\u00edstica<\/b><span style=\"font-weight: 400;\">, focando-se na experi\u00eancia e na conex\u00e3o com o ambiente.<\/span><\/p>\n<p><span style=\"font-weight: 400;\">Ambas as rotas oferecem uma <\/span><b>combina\u00e7\u00e3o perfeita de paisagens, cultura e tranquilidade<\/b><span style=\"font-weight: 400;\">. S\u00e3o ideais para aqueles que procuram uma experi\u00eancia no Caminho de Santiago fora das multid\u00f5es habituais dos meses de ver\u00e3o.<\/span><\/p>\n<p>&nbsp;<\/p>\n<h2><b>A tranquilidade de setembro: Op\u00e7\u00f5es de viagem organizada<\/b><\/h2>\n<p><img decoding=\"async\" class=\"alignnone wp-image-108580 size-full\" src=\"https:\/\/www.mundiplus.com\/wp-content\/uploads\/2024\/09\/Ventajas-hacer-el-Camino-de-Santiago-en-Septiembre-Mundiplus.jpeg\" alt=\"\" width=\"1000\" height=\"667\" srcset=\"https:\/\/www.mundiplus.com\/wp-content\/uploads\/2024\/09\/Ventajas-hacer-el-Camino-de-Santiago-en-Septiembre-Mundiplus.jpeg 1000w, https:\/\/www.mundiplus.com\/wp-content\/uploads\/2024\/09\/Ventajas-hacer-el-Camino-de-Santiago-en-Septiembre-Mundiplus-300x200.jpeg 300w, https:\/\/www.mundiplus.com\/wp-content\/uploads\/2024\/09\/Ventajas-hacer-el-Camino-de-Santiago-en-Septiembre-Mundiplus-768x512.jpeg 768w, https:\/\/www.mundiplus.com\/wp-content\/uploads\/2024\/09\/Ventajas-hacer-el-Camino-de-Santiago-en-Septiembre-Mundiplus-600x400.jpeg 600w\" sizes=\"(max-width: 1000px) 100vw, 1000px\" \/><\/p>\n<p><span style=\"font-weight: 400;\">Optar por uma viagem organizada em setembro oferece-lhe a oportunidade de disfrutar do Caminho de Santiago sem a press\u00e3o de planear cada detalhe. <\/span><\/p>\n<p><span style=\"font-weight: 400;\">As rotas, como a <\/span><a href=\"https:\/\/www.mundiplus.com\/pt-pt\/caminos\/a-pie\/camino-frances\/camino-de-santiago-desde-roncesvalles\/\"><b>viagem organizada desde Roncesvalles<\/b><\/a><span style=\"font-weight: 400;\">, s\u00e3o perfeitas se deseja imergir na hist\u00f3ria e na cultura sem se preocupar com a log\u00edstica. Este caminho, conhecido pela sua riqueza patrimonial, leva-o por paisagens impressionantes e aldeias antigas, garantindo-lhe uma experi\u00eancia \u00fanica e enriquecedora.<\/span><\/p>\n<p><span style=\"font-weight: 400;\">Se preferir uma rota costeira, a <\/span><a href=\"https:\/\/www.mundiplus.com\/pt-pt\/caminos\/a-pie\/camino-portugues-costa\/camino-de-santiago-desde-baiona\/\"><b>viagem organizada pelo Caminho Portugu\u00eas pela costa<\/b><\/a><span style=\"font-weight: 400;\"> \u00e9 outra excelente alternativa. Este percurso combina a beleza do litoral atl\u00e2ntico com a tranquilidade das aldeias galegas. Sendo uma rota menos concorrida, permite-lhe disfrutar da natureza no seu estado mais puro, com vistas espetaculares e uma atmosfera relaxante.<\/span><\/p>\n<p><span style=\"font-weight: 400;\">Uma viagem organizada n\u00e3o s\u00f3 lhe d\u00e1 conforto, mas tamb\u00e9m a seguran\u00e7a de saber que tudo est\u00e1 cuidadosamente planeado. Desde o alojamento at\u00e9 \u00e0s refei\u00e7\u00f5es, tudo est\u00e1 pensado para que s\u00f3 se preocupe em disfrutar do caminho. Al\u00e9m disso, ter\u00e1 o apoio de especialistas que conhecem cada tro\u00e7o, garantindo-lhe uma experi\u00eancia memor\u00e1vel e sem complica\u00e7\u00f5es.<\/span><\/p>\n<p>&nbsp;<\/p>\n<h2><b>O encanto das aldeias galegas em setembro<\/b><\/h2>\n<p><span style=\"font-weight: 400;\">Percorrer o Caminho de Santiago em setembro permite-lhe conhecer as aldeias galegas na sua ess\u00eancia mais pura. Este m\u00eas \u00e9 ideal para explorar sem a habitual multid\u00e3o, <\/span><b>desfrutando da calma e da autenticidade de cada lugar<\/b><span style=\"font-weight: 400;\">. \u00c0 medida que avan\u00e7a pelo caminho, encontrar\u00e1 pequenas aldeias que o convidam a parar, a observar a sua arquitetura tradicional e a conversar com os seus habitantes.<\/span><\/p>\n<p><span style=\"font-weight: 400;\">Cada aldeia oferece algo \u00fanico, mas de uma forma geral, h\u00e1 certas experi\u00eancias que n\u00e3o deve perder:<\/span><\/p>\n<ul>\n<li style=\"font-weight: 400;\" aria-level=\"1\"><b>Saborear a gastronomia local<\/b><span style=\"font-weight: 400;\">, com pratos t\u00edpicos como o polvo \u00e0 galega.<\/span><\/li>\n<li style=\"font-weight: 400;\" aria-level=\"1\"><span style=\"font-weight: 400;\">Visitar <\/span><b>igrejas e ermidas<\/b><span style=\"font-weight: 400;\"> que conservam s\u00e9culos de hist\u00f3ria.<\/span><\/li>\n<li style=\"font-weight: 400;\" aria-level=\"1\"><span style=\"font-weight: 400;\">Passear por pra\u00e7as onde a vida transcorre a um ritmo pausado.<\/span><\/li>\n<li style=\"font-weight: 400;\" aria-level=\"1\"><span style=\"font-weight: 400;\">Descobrir <\/span><b>mercados locais<\/b><span style=\"font-weight: 400;\"> onde se vendem produtos frescos e artesanais.<\/span><\/li>\n<li style=\"font-weight: 400;\" aria-level=\"1\"><b>Conhecer outros peregrinos<\/b><span style=\"font-weight: 400;\"> e partilhar anedotas da travessia.<\/span><\/li>\n<\/ul>\n<p><span style=\"font-weight: 400;\">Esses pequenos detalhes tornam as aldeias galegas paragens essenciais do caminho, permitindo-lhe mergulhar na cultura e nas tradi\u00e7\u00f5es da Galiza. Al\u00e9m disso, setembro \u00e9 um m\u00eas em que <\/span><b>a natureza mostra todo o seu esplendor<\/b><span style=\"font-weight: 400;\">, com paisagens verdes e c\u00e9us claros, criando um ambiente perfeito para relaxar e conectar-se com o meio ambiente.<\/span><\/p>\n<p>&nbsp;<\/p>\n<h3><b>Festividades em setembro durante o Caminho de Santiago<\/b><\/h3>\n<p><span style=\"font-weight: 400;\">Fazer o Caminho de Santiago em setembro oferece a oportunidade \u00fanica de participar em festividades locais que enriquecem ainda mais a experi\u00eancia do peregrino. Durante este m\u00eas, v\u00e1rias aldeias e cidades ao longo das rotas celebram eventos culturais e religiosos que permitem aos caminhantes mergulharem na tradi\u00e7\u00e3o e no esp\u00edrito festivo.<\/span><\/p>\n<ul>\n<li style=\"font-weight: 400;\" aria-level=\"1\"><b>Festas da Guadalupe em Rianxo<\/b><span style=\"font-weight: 400;\">: Celebradas a meio de setembro, estas festas em honra da Virgem de Guadalupe s\u00e3o um marco na costa galega. Rianxo, uma pequena localidade piscat\u00f3ria perto de Finisterra, recebe visitantes que participam em prociss\u00f5es mar\u00edtimas, concertos e competi\u00e7\u00f5es desportivas tradicionais. <\/span><\/li>\n<li style=\"font-weight: 400;\" aria-level=\"1\"><b>Romer\u00eda da Barca em Mux\u00eda<\/b><span style=\"font-weight: 400;\">: A primeira quinzena de setembro \u00e9 o momento ideal para os peregrinos do Caminho de Fisterra e Mux\u00eda participarem numa das festas mais emblem\u00e1ticas da Costa da Morte.<\/span><\/li>\n<li style=\"font-weight: 400;\" aria-level=\"1\"><b>Festas da Vindima na Ribeira Sacra<\/b><span style=\"font-weight: 400;\">: em setembro, a Ribeira Sacra celebra a colheita das uvas com festividades dedicadas \u00e0 vindima. Os peregrinos que seguem o Caminho de Inverno podem fazer uma paragem nesta regi\u00e3o vin\u00edcola para viver a vindima e participar em provas de vinhos locais e eventos culturais.<\/span><\/li>\n<li style=\"font-weight: 400;\" aria-level=\"1\"><b>Festas de S\u00e3o Mateus em Logro\u00f1o<\/b><span style=\"font-weight: 400;\">: Celebradas na semana de 21 de setembro, s\u00e3o o evento mais importante do ano em Logro\u00f1o. Esta festividade coincide com a vindima, o que lhe confere um car\u00e1cter especial e festivo. Durante estas festas, os peregrinos que percorrem o Caminho Franc\u00eas podem disfrutar de atividades como desfiles de carros aleg\u00f3ricos, concertos e degusta\u00e7\u00f5es de vinho na rua Laurel.<\/span><\/li>\n<\/ul>\n","protected":false},"excerpt":{"rendered":"<p>Escolher setembro para fazer o Caminho de Santiago \u00e9 uma decis\u00e3o que combina o melhor da \u00e9poca alta com as vantagens de um per\u00edodo mais tranquilo. Neste m\u00eas, vai desfrutar de um clima mais ameno, longe do calor intenso do ver\u00e3o. Al\u00e9m disso, a aflu\u00eancia de peregrinos diminui, oferecendo a possibilidade de caminhar com mais [&hellip;]<\/p>\n","protected":false},"author":1,"featured_media":108591,"comment_status":"open","ping_status":"open","sticky":false,"template":"","format":"standard","meta":{"footnotes":""},"categories":[574,578,598],"tags":[],"class_list":["post-113778","post","type-post","status-publish","format-standard","has-post-thumbnail","hentry","category-blog-do-caminho","category-caminho-a-pe","category-preparativos-para-a-viagem"],"_links":{"self":[{"href":"https:\/\/www.mundiplus.com\/pt-pt\/wp-json\/wp\/v2\/posts\/113778","targetHints":{"allow":["GET"]}}],"collection":[{"href":"https:\/\/www.mundiplus.com\/pt-pt\/wp-json\/wp\/v2\/posts"}],"about":[{"href":"https:\/\/www.mundiplus.com\/pt-pt\/wp-json\/wp\/v2\/types\/post"}],"author":[{"embeddable":true,"href":"https:\/\/www.mundiplus.com\/pt-pt\/wp-json\/wp\/v2\/users\/1"}],"replies":[{"embeddable":true,"href":"https:\/\/www.mundiplus.com\/pt-pt\/wp-json\/wp\/v2\/comments?post=113778"}],"version-history":[{"count":0,"href":"https:\/\/www.mundiplus.com\/pt-pt\/wp-json\/wp\/v2\/posts\/113778\/revisions"}],"wp:featuredmedia":[{"embeddable":true,"href":"https:\/\/www.mundiplus.com\/pt-pt\/wp-json\/wp\/v2\/media\/108591"}],"wp:attachment":[{"href":"https:\/\/www.mundiplus.com\/pt-pt\/wp-json\/wp\/v2\/media?parent=113778"}],"wp:term":[{"taxonomy":"category","embeddable":true,"href":"https:\/\/www.mundiplus.com\/pt-pt\/wp-json\/wp\/v2\/categories?post=113778"},{"taxonomy":"post_tag","embeddable":true,"href":"https:\/\/www.mundiplus.com\/pt-pt\/wp-json\/wp\/v2\/tags?post=113778"}],"curies":[{"name":"wp","href":"https:\/\/api.w.org\/{rel}","templated":true}]}}