{"id":113782,"date":"2024-09-04T19:16:05","date_gmt":"2024-09-04T19:16:05","guid":{"rendered":"https:\/\/www.mundiplus.com\/o-que-ver-em-tineo\/"},"modified":"2024-11-20T18:04:57","modified_gmt":"2024-11-20T18:04:57","slug":"o-que-ver-em-tineo","status":"publish","type":"post","link":"https:\/\/www.mundiplus.com\/pt-pt\/blog\/o-que-ver-em-tineo\/","title":{"rendered":"O que ver em Tineo"},"content":{"rendered":"<p><img fetchpriority=\"high\" decoding=\"async\" class=\"alignnone wp-image-107123 size-full\" src=\"https:\/\/www.mundiplus.com\/wp-content\/uploads\/2024\/07\/Tineo-Mundiplus.jpg\" alt=\"\" width=\"1024\" height=\"876\" srcset=\"https:\/\/www.mundiplus.com\/wp-content\/uploads\/2024\/07\/Tineo-Mundiplus.jpg 1024w, https:\/\/www.mundiplus.com\/wp-content\/uploads\/2024\/07\/Tineo-Mundiplus-300x257.jpg 300w, https:\/\/www.mundiplus.com\/wp-content\/uploads\/2024\/07\/Tineo-Mundiplus-768x657.jpg 768w, https:\/\/www.mundiplus.com\/wp-content\/uploads\/2024\/07\/Tineo-Mundiplus-600x513.jpg 600w\" sizes=\"(max-width: 1024px) 100vw, 1024px\" \/><\/p>\n<p><b>Tineo<\/b><span style=\"font-weight: 400;\"> \u00e9 um concelho e freguesia do <\/span><b>Princ\u00edpio das Ast\u00farias<\/b><span style=\"font-weight: 400;\">. Este munic\u00edpio oferece uma ampla gama de possibilidades para visitar, pois n\u00e3o \u00e9 apenas reconhecido pelo seu entorno natural, mas tamb\u00e9m pelo seu <\/span><b>rico patrim\u00f3nio art\u00edstico, civil e religioso<\/b><span style=\"font-weight: 400;\">.<\/span><\/p>\n<p><span style=\"font-weight: 400;\">Nesta completa guia, conhecer\u00e1s os lugares mais destacados que n\u00e3o podes perder em Tineo, incluindo os monumentos hist\u00f3ricos, as melhores rotas naturais e a deliciosa gastronomia local.<\/span><\/p>\n<p>&nbsp;<\/p>\n<h2><b>O Caminho de Santiago<\/b><\/h2>\n<p><span style=\"font-weight: 400;\">Realizar uma peregrina\u00e7\u00e3o \u00e9 uma experi\u00eancia inesquec\u00edvel e gratificante, e se est\u00e1s a considerar come\u00e7ar a tua viagem a partir de diferentes pontos, h\u00e1 v\u00e1rias rotas que podem interessar-te. Se escolheres a <\/span><a href=\"https:\/\/www.mundiplus.com\/pt-pt\/caminos\/a-pie\/camino-ingles\/camino-de-santiago-desde-ferrol\/\"><b>peregrina\u00e7\u00e3o de Ferrol<\/b><\/a><span style=\"font-weight: 400;\"> descobrir\u00e1s uma rota cheia de hist\u00f3ria e paisagens impressionantes.<\/span><\/p>\n<p><span style=\"font-weight: 400;\">Para aqueles que preferem uma rota costeira, as <\/span><a href=\"https:\/\/www.mundiplus.com\/pt-pt\/caminos\/a-pie\/camino-portugues-costa\/\"><b>etapas do caminho portugu\u00eas pela costa<\/b><\/a><span style=\"font-weight: 400;\"> oferecem uma travessia espetacular ao longo do litoral atl\u00e2ntico. Esta rota n\u00e3o s\u00f3 te permitir\u00e1 desfrutar de vistas mar\u00edtimas excecionais, como tamb\u00e9m da rica cultura e gastronomia local. Para planear a tua viagem, uma <\/span><a href=\"https:\/\/www.mundiplus.com\/pt-pt\/caminos\/a-pie\/camino-portugues-costa\/\"><b>guia do caminho portugu\u00eas pela costa<\/b><\/a><span style=\"font-weight: 400;\"> \u00e9 essencial, proporcionando detalhes sobre cada etapa.<\/span><\/p>\n<p><span style=\"font-weight: 400;\">Outra op\u00e7\u00e3o interessante \u00e9 a <\/span><a href=\"https:\/\/www.mundiplus.com\/pt-pt\/caminos\/a-pie\/camino-portugues-costa\/\"><b>peregrina\u00e7\u00e3o de Baiona<\/b><\/a><span style=\"font-weight: 400;\">. Este ponto de partida levar-te-\u00e1 atrav\u00e9s do Caminho Portugu\u00eas pela costa, oferecendo uma mistura \u00fanica de beleza natural e patrim\u00f3nio cultural. Baiona \u00e9 conhecida pela sua hist\u00f3ria mar\u00edtima, e come\u00e7ar a tua peregrina\u00e7\u00e3o a partir daqui d\u00e1 uma dimens\u00e3o especial \u00e0 tua viagem.<\/span><\/p>\n<p><span style=\"font-weight: 400;\">Se procuras uma experi\u00eancia mais tradicional e emblem\u00e1tica, a <\/span><a href=\"https:\/\/www.mundiplus.com\/pt-pt\/caminos\/a-pie\/camino-frances\/camino-de-santiago-desde-roncesvalles\/\"><b>peregrina\u00e7\u00e3o de Roncesvalles<\/b><\/a><span style=\"font-weight: 400;\"> \u00e9 ideal. Roncesvalles \u00e9 um dos pontos de partida mais famosos do <\/span><b>Caminho Franc\u00eas<\/b><span style=\"font-weight: 400;\">, conhecido pelas suas paisagens montanhosas e pelo seu profundo significado hist\u00f3rico e espiritual. Esta rota levar-te-\u00e1 atrav\u00e9s de aldeias pitorescas e paisagens variadas at\u00e9 chegar a Santiago de Compostela.<\/span><\/p>\n<p><span style=\"font-weight: 400;\">N\u00e3o importa qual seja a tua escolha, cada rota oferece o seu pr\u00f3prio encanto e desafios. <\/span><b>Contar com uma planifica\u00e7\u00e3o adequada e os recursos necess\u00e1rios<\/b><span style=\"font-weight: 400;\">, como guias e mapas, ajudar\u00e1 a aproveitar ao m\u00e1ximo a tua peregrina\u00e7\u00e3o e a desfrutar de cada momento desta viagem transformadora.<\/span><\/p>\n<p>&nbsp;<\/p>\n<h2><b>Atra\u00e7\u00f5es hist\u00f3ricas e culturais de Tineo<\/b><\/h2>\n<p><span style=\"font-weight: 400;\">Se est\u00e1s a planear a tua peregrina\u00e7\u00e3o, considera contactar a <\/span><a href=\"https:\/\/www.mundiplus.com\/pt-pt\/\"><b>Mundiplus: empresa para fazer o caminho de Santiago<\/b><\/a><span style=\"font-weight: 400;\">, uma reconhecida <\/span><b>ag\u00eancia de viagens para o caminho de Santiago<\/b><span style=\"font-weight: 400;\"> que pode ajudar-te a planificar a tua rota.<\/span><\/p>\n<h3><b>Mosteiro de Santa Maria la Real de Obona<\/b><\/h3>\n<p><img decoding=\"async\" class=\"alignnone wp-image-107126 size-full\" src=\"https:\/\/www.mundiplus.com\/wp-content\/uploads\/2024\/07\/Monasterio-de-Santa-Maria-la-Real-de-Obona-Tineo-Mundiplus.jpg\" alt=\"\" width=\"1024\" height=\"683\" srcset=\"https:\/\/www.mundiplus.com\/wp-content\/uploads\/2024\/07\/Monasterio-de-Santa-Maria-la-Real-de-Obona-Tineo-Mundiplus.jpg 1024w, https:\/\/www.mundiplus.com\/wp-content\/uploads\/2024\/07\/Monasterio-de-Santa-Maria-la-Real-de-Obona-Tineo-Mundiplus-300x200.jpg 300w, https:\/\/www.mundiplus.com\/wp-content\/uploads\/2024\/07\/Monasterio-de-Santa-Maria-la-Real-de-Obona-Tineo-Mundiplus-768x512.jpg 768w, https:\/\/www.mundiplus.com\/wp-content\/uploads\/2024\/07\/Monasterio-de-Santa-Maria-la-Real-de-Obona-Tineo-Mundiplus-600x400.jpg 600w\" sizes=\"(max-width: 1024px) 100vw, 1024px\" \/><\/p>\n<p><span style=\"font-weight: 400;\">Come\u00e7amos com a visita ao <\/span><b>Mosteiro de Santa Maria la Real de Obona<\/b><span style=\"font-weight: 400;\">, uma joia do patrim\u00f3nio asturiano.\u00a0<\/span><\/p>\n<p><span style=\"font-weight: 400;\">Fundado no <\/span><b>s\u00e9c. XIII<\/b><span style=\"font-weight: 400;\">, este mosteiro cisterciense \u00e9 um dos pontos mais emblem\u00e1ticos do <\/span><b>Caminho Primitivo de Santiago<\/b><span style=\"font-weight: 400;\">. As suas robustas estruturas e a sua magn\u00edfica arquitetura medieval oferecem uma vis\u00e3o fascinante da hist\u00f3ria mon\u00e1stica da regi\u00e3o. Al\u00e9m disso, n\u00e3o podes perder o seu impressionante claustro e as capelas decoradas com frescos antigos.<\/span><\/p>\n<h3><b>Museu de Arte Sacro<\/b><\/h3>\n<p><span style=\"font-weight: 400;\">Tamb\u00e9m poder\u00e1s visitar o <\/span><b>Museu de Arte Sacro<\/b><span style=\"font-weight: 400;\">, situado na igreja de S\u00e3o Pedro de Tineo. Este museu alberga uma valiosa cole\u00e7\u00e3o de arte religiosa, incluindo esculturas, pinturas e <\/span><b>objetos lit\u00fargicos que datam dos s\u00e9culos XV a XVIII<\/b><span style=\"font-weight: 400;\">.<\/span><\/p>\n<p><span style=\"font-weight: 400;\">Entre as pe\u00e7as mais destacadas, encontrar\u00e1s <\/span><b>esculturas de madeira policromada<\/b><span style=\"font-weight: 400;\"> e ornamentos sacros que refletem a rica heran\u00e7a espiritual desta povoa\u00e7\u00e3o. Este museu \u00e9 uma paragem imprescind\u00edvel para os apreciadores da hist\u00f3ria e arte religiosa.<\/span><\/p>\n<p>&nbsp;<\/p>\n<h3><b>Igreja de S\u00e3o Pedro<\/b><\/h3>\n<p><span style=\"font-weight: 400;\">A <\/span><b>Igreja de S\u00e3o Pedro<\/b><span style=\"font-weight: 400;\">, adjacente ao Museu de Arte Sacro, \u00e9 outro dos tesouros arquitet\u00f3nicos. Constru\u00edda em <\/span><b>estilo g\u00f3tico tardio<\/b><span style=\"font-weight: 400;\">, a sua estrutura robusta e a decora\u00e7\u00e3o interior transportam-nos para \u00e9pocas passadas.\u00a0<\/span><\/p>\n<p><span style=\"font-weight: 400;\">N\u00e3o te esque\u00e7as de <\/span><b>admirar o seu altar-mor<\/b><span style=\"font-weight: 400;\">, uma obra-prima que combina elementos renascentistas e barrocos. Al\u00e9m disso, \u00e9 conhecida pelos seus <\/span><b>impressionantes vitrais<\/b><span style=\"font-weight: 400;\"> que oferecem um espet\u00e1culo de luz e cor, ideal para os amantes da fotografia.<\/span><\/p>\n<p>&nbsp;<\/p>\n<h2><b>Rutas naturais e caminhadas em Tineo<\/b><\/h2>\n<p><span style=\"font-weight: 400;\">Este local \u00e9 conhecido pelas suas paisagens montanhosas e exuberantes florestas, oferecendo uma variedade de trilhos que se adaptam a todos os n\u00edveis de habilidade. Desde caminhadas f\u00e1ceis para a fam\u00edlia at\u00e9 rotas mais desafiantes para os caminhantes experientes, aqui encontras algo para todos.<\/span><\/p>\n<p>&nbsp;<\/p>\n<h3><b>Rota do Ouro<\/b><\/h3>\n<p><span style=\"font-weight: 400;\">Uma das rotas mais populares \u00e9 a <\/span><b>Rota do Ouro<\/b><span style=\"font-weight: 400;\">, que te leva atrav\u00e9s de antigos caminhos de minera\u00e7\u00e3o romana. Este trilho n\u00e3o s\u00f3 conta com vistas panor\u00e2micas espetaculares, como tamb\u00e9m permite aos visitantes aprender sobre a hist\u00f3ria e cultura da regi\u00e3o. Os pontos destacados desta rota incluem <\/span><b>antigos t\u00faneis e grutas<\/b><span style=\"font-weight: 400;\"> que os mineiros usavam para extrair ouro.<\/span><\/p>\n<p>&nbsp;<\/p>\n<h3><b>Caminho de La Cerezal<\/b><\/h3>\n<p><span style=\"font-weight: 400;\">Agora, se preferes algo mais suave, o Caminho de La Cerezal \u00e9 uma excelente op\u00e7\u00e3o. \u00c9 um caminho de <\/span><b>aproximadamente 5 km<\/b><span style=\"font-weight: 400;\"> que passa por bel\u00edssimas paisagens rurais e florestas encantadas onde se pode desfrutar da flora e fauna aut\u00f3ctones. O percurso \u00e9 ideal para uma caminhada relaxante enquanto te imerges na natureza.<\/span><\/p>\n<p>&nbsp;<\/p>\n<h3><b>Desfiladeiros do Rio Esva<\/b><\/h3>\n<p><span style=\"font-weight: 400;\">Outro lugar que n\u00e3o podes perder s\u00e3o os <\/span><b>Desfiladeiros do Rio Esva<\/b><span style=\"font-weight: 400;\">, um dos valores ecol\u00f3gicos mais importantes do ocidente das Ast\u00farias. Este impressionante desfiladeiro fluvial oferece trilhos de caminhada que te levam atrav\u00e9s de paisagens escarpadas e vistas panor\u00e2micas. \u00c9 um local ideal para os amantes da natureza e da fotografia.\u00a0<\/span><\/p>\n<p><span style=\"font-weight: 400;\">Aqui, o som da \u00e1gua e a tranquilidade do ambiente permitir\u00e3o que te desligues e desfrutes da serenidade natural.<\/span><\/p>\n<p>&nbsp;<\/p>\n<h3><b>Carvalho de Valent\u00edn<\/b><\/h3>\n<p><span style=\"font-weight: 400;\">Por fim, visita o <\/span><b>Carvalho de Valent\u00edn<\/b><span style=\"font-weight: 400;\">, um carvalho situado a poucos metros da capela de S\u00e3o Pedro de Valent\u00edn e classificado como <\/span><b>Monumento Natural do Principado das Ast\u00farias<\/b><span style=\"font-weight: 400;\">. Este \u00e1rvore centen\u00e1ria \u00e9 um s\u00edmbolo da longevidade e resist\u00eancia da natureza asturiana. A sua imponente presen\u00e7a e o ambiente que a rodeia fazem deste lugar uma paragem obrigat\u00f3ria para qualquer visitante de Tineo.<\/span><\/p>\n<p>&nbsp;<\/p>\n<h2><b>Gastronomia e produtos locais de Tineo<\/b><\/h2>\n<p><span style=\"font-weight: 400;\">Um dos aspectos mais destacados de Tineo \u00e9 o seu forte v\u00ednculo com a tradi\u00e7\u00e3o agroalimentar, o que se reflete na qualidade e autenticidade dos seus pratos e produtos.\u00a0<\/span><\/p>\n<p><span style=\"font-weight: 400;\">Na tua explora\u00e7\u00e3o, n\u00e3o podes perder a degusta\u00e7\u00e3o de queijos artesanais elaborados nas quintas locais. O <\/span><b>queijo de Tineo<\/b><span style=\"font-weight: 400;\">, reconhecido pelo seu sabor e textura, \u00e9 uma del\u00edcia que reflete os pastos verdes e frescos da regi\u00e3o. Al\u00e9m disso, o <\/span><b>enchido local<\/b><span style=\"font-weight: 400;\">, como o chouri\u00e7o e a morcela, \u00e9 muito apreciado pelo seu sabor robusto e artesanal.<\/span><\/p>\n<p><span style=\"font-weight: 400;\">A sua cozinha \u00e9 um fiel reflexo da sua rica tradi\u00e7\u00e3o camponesa. Saboreia a incompar\u00e1vel <\/span><b>fabada asturiana<\/b><span style=\"font-weight: 400;\">, um prato contundente e delicioso para os amantes das leguminosas e do enchido. N\u00e3o percas tamb\u00e9m o <\/span><b>cachopo<\/b><span style=\"font-weight: 400;\">, uma sanjacobo asturiano feito com vitela, presunto e queijo, que te deixar\u00e1 sem palavras.<\/span><\/p>\n<p>&nbsp;<\/p>\n<h3><b>Mercado de Tineo<\/b><\/h3>\n<p><span style=\"font-weight: 400;\">Para uma experi\u00eancia mais imersiva, visita o <\/span><b>mercado local de Tineo<\/b><span style=\"font-weight: 400;\">, onde os produtores locais vendem os seus produtos frescos e artesanais. Esta \u00e9 uma excelente oportunidade para interagir com os habitantes e aprender mais sobre as tradi\u00e7\u00f5es culin\u00e1rias da regi\u00e3o. Compra alguns produtos locais para levar para casa um pedacinho de Tineo.<\/span><\/p>\n<p>&nbsp;<\/p>\n<h2><b>Outros monumentos e lugares imprescind\u00edveis perto de Tineo<\/b><\/h2>\n<p><img decoding=\"async\" class=\"alignnone wp-image-107120 size-full\" src=\"https:\/\/www.mundiplus.com\/wp-content\/uploads\/2024\/07\/El-Dolmen-de-Merilles-Tineo-Mundiplus.jpg\" alt=\"\" width=\"1024\" height=\"683\" srcset=\"https:\/\/www.mundiplus.com\/wp-content\/uploads\/2024\/07\/El-Dolmen-de-Merilles-Tineo-Mundiplus.jpg 1024w, https:\/\/www.mundiplus.com\/wp-content\/uploads\/2024\/07\/El-Dolmen-de-Merilles-Tineo-Mundiplus-300x200.jpg 300w, https:\/\/www.mundiplus.com\/wp-content\/uploads\/2024\/07\/El-Dolmen-de-Merilles-Tineo-Mundiplus-768x512.jpg 768w, https:\/\/www.mundiplus.com\/wp-content\/uploads\/2024\/07\/El-Dolmen-de-Merilles-Tineo-Mundiplus-600x400.jpg 600w\" sizes=\"(max-width: 1024px) 100vw, 1024px\" \/><\/p>\n<h3><b>O Dolmen de Merill\u00e9s<\/b><\/h3>\n<p><span style=\"font-weight: 400;\">O <\/span><b>Dolmen de Merill\u00e9s<\/b><span style=\"font-weight: 400;\"> \u00e9 um antigo monumento megal\u00edtico situado nas proximidades. <\/span><b>Data do Neol\u00edtico<\/b><span style=\"font-weight: 400;\"> e \u00e9 composto por grandes pedras dispostas em forma de c\u00e2mara funer\u00e1ria. Este dolmen \u00e9 um dos vest\u00edgios arqueol\u00f3gicos mais importantes da regi\u00e3o, refletindo a cultura e as pr\u00e1ticas funer\u00e1rias pr\u00e9-hist\u00f3ricas.<\/span><\/p>\n<h3><b>Hospedaria de Peregrinos de Navelgas<\/b><\/h3>\n<p><span style=\"font-weight: 400;\">Outro lugar que n\u00e3o podes perder \u00e9 a <\/span><b>Hospedaria de Peregrinos de Navelgas<\/b><span style=\"font-weight: 400;\">, cuja hist\u00f3ria remonta ao s\u00e9culo XV. Este local foi um importante ref\u00fagio para os peregrinos que percorriam o Caminho de Santiago. E, atualmente, conserva a sua estrutura original e oferece uma vis\u00e3o \u00fanica da hospitalidade medieval.\u00a0<\/span><\/p>\n<p>&nbsp;<\/p>\n","protected":false},"excerpt":{"rendered":"<p>Tineo \u00e9 um concelho e freguesia do Princ\u00edpio das Ast\u00farias. Este munic\u00edpio oferece uma ampla gama de possibilidades para visitar, pois n\u00e3o \u00e9 apenas reconhecido pelo seu entorno natural, mas tamb\u00e9m pelo seu rico patrim\u00f3nio art\u00edstico, civil e religioso. Nesta completa guia, conhecer\u00e1s os lugares mais destacados que n\u00e3o podes perder em Tineo, incluindo os [&hellip;]<\/p>\n","protected":false},"author":1,"featured_media":112571,"comment_status":"open","ping_status":"open","sticky":false,"template":"","format":"standard","meta":{"footnotes":""},"categories":[574,586,606,602],"tags":[],"class_list":["post-113782","post","type-post","status-publish","format-standard","has-post-thumbnail","hentry","category-blog-do-caminho","category-historia-pt","category-locais-iconicos","category-vilas-e-comarcas"],"_links":{"self":[{"href":"https:\/\/www.mundiplus.com\/pt-pt\/wp-json\/wp\/v2\/posts\/113782","targetHints":{"allow":["GET"]}}],"collection":[{"href":"https:\/\/www.mundiplus.com\/pt-pt\/wp-json\/wp\/v2\/posts"}],"about":[{"href":"https:\/\/www.mundiplus.com\/pt-pt\/wp-json\/wp\/v2\/types\/post"}],"author":[{"embeddable":true,"href":"https:\/\/www.mundiplus.com\/pt-pt\/wp-json\/wp\/v2\/users\/1"}],"replies":[{"embeddable":true,"href":"https:\/\/www.mundiplus.com\/pt-pt\/wp-json\/wp\/v2\/comments?post=113782"}],"version-history":[{"count":0,"href":"https:\/\/www.mundiplus.com\/pt-pt\/wp-json\/wp\/v2\/posts\/113782\/revisions"}],"wp:featuredmedia":[{"embeddable":true,"href":"https:\/\/www.mundiplus.com\/pt-pt\/wp-json\/wp\/v2\/media\/112571"}],"wp:attachment":[{"href":"https:\/\/www.mundiplus.com\/pt-pt\/wp-json\/wp\/v2\/media?parent=113782"}],"wp:term":[{"taxonomy":"category","embeddable":true,"href":"https:\/\/www.mundiplus.com\/pt-pt\/wp-json\/wp\/v2\/categories?post=113782"},{"taxonomy":"post_tag","embeddable":true,"href":"https:\/\/www.mundiplus.com\/pt-pt\/wp-json\/wp\/v2\/tags?post=113782"}],"curies":[{"name":"wp","href":"https:\/\/api.w.org\/{rel}","templated":true}]}}