{"id":113981,"date":"2024-08-14T15:54:00","date_gmt":"2024-08-14T15:54:00","guid":{"rendered":"https:\/\/www.mundiplus.com\/o-que-ver-em-grado\/"},"modified":"2024-11-21T14:50:39","modified_gmt":"2024-11-21T14:50:39","slug":"o-que-ver-em-grado","status":"publish","type":"post","link":"https:\/\/www.mundiplus.com\/pt-pt\/blog\/o-que-ver-em-grado\/","title":{"rendered":"O que ver em Grado"},"content":{"rendered":"<p><img fetchpriority=\"high\" decoding=\"async\" class=\"alignnone wp-image-107012 size-full\" src=\"https:\/\/www.mundiplus.com\/wp-content\/uploads\/2024\/07\/Grado-Mundiplus.jpg\" alt=\"\" width=\"1024\" height=\"768\" srcset=\"https:\/\/www.mundiplus.com\/wp-content\/uploads\/2024\/07\/Grado-Mundiplus.jpg 1024w, https:\/\/www.mundiplus.com\/wp-content\/uploads\/2024\/07\/Grado-Mundiplus-300x225.jpg 300w, https:\/\/www.mundiplus.com\/wp-content\/uploads\/2024\/07\/Grado-Mundiplus-768x576.jpg 768w, https:\/\/www.mundiplus.com\/wp-content\/uploads\/2024\/07\/Grado-Mundiplus-600x450.jpg 600w\" sizes=\"(max-width: 1024px) 100vw, 1024px\" \/><\/p>\n<p><span style=\"font-weight: 400;\">Est\u00e1 \u00e0 procura de uma mistura de hist\u00f3ria, natureza e cultura? <\/span><b>Grado \u00e9 um encantador recanto das Ast\u00farias que n\u00e3o pode perder<\/b><span style=\"font-weight: 400;\">. Mas, que segredos escondem as suas ruas empedradas e os seus monumentos hist\u00f3ricos? Por que atraem tantos viajantes?<\/span><\/p>\n<p><span style=\"font-weight: 400;\">Quer conhecer a sua cultura, ambiente e gastronomia? Nas linhas seguintes exploraremos as maravilhas que este lugar tem para oferecer.<\/span><\/p>\n<p>&nbsp;<\/p>\n<h2><b>A Pra\u00e7a General Ponte: o cora\u00e7\u00e3o de Grado<\/b><\/h2>\n<p><span style=\"font-weight: 400;\">A <\/span><b>Pra\u00e7a General Ponte<\/b><span style=\"font-weight: 400;\"> \u00e9 o centro nevr\u00e1lgico da localidade, onde se concentra a vida comercial e social do munic\u00edpio. Pedonalizada h\u00e1 alguns anos, alberga numerosos estabelecimentos comerciais, bares e restaurantes que lhe conferem um ambiente vibrante e acolhedor.<\/span><\/p>\n<p><span style=\"font-weight: 400;\">Est\u00e1 rodeada por edif\u00edcios hist\u00f3ricos, como a <\/span><b>C\u00e2mara Municipal e a Casa da Cultura<\/b><span style=\"font-weight: 400;\">. Al\u00e9m disso, a pra\u00e7a \u00e9 o cen\u00e1rio perfeito para desfrutar de mercados e feiras tradicionais.<\/span><\/p>\n<p><span style=\"font-weight: 400;\">Al\u00e9m disso, para quem deseja explorar a regi\u00e3o de forma planeada, as <\/span><a href=\"https:\/\/www.mundiplus.com\/pt-pt\/\"><b>viagens organizadas do Caminho de Santiago<\/b><\/a><span style=\"font-weight: 400;\"> podem ser uma excelente op\u00e7\u00e3o. Estas propostas permitem aproveitar ao m\u00e1ximo a experi\u00eancia sem se preocupar com os detalhes log\u00edsticos, oferecendo um apoio adicional no seu percurso.<\/span><\/p>\n<p>&nbsp;<\/p>\n<h2><b>O mercado de Grado: uma viagem atrav\u00e9s de sabores e tradi\u00e7\u00f5es<\/b><\/h2>\n<p><span style=\"font-weight: 400;\">O famoso <\/span><b>mercado de Grado<\/b><span style=\"font-weight: 400;\"> \u00e9 um lugar imposs\u00edvel de ignorar pelos visitantes. Conhecido pelos seus produtos locais de alta qualidade, como queijos, enchidos e frutas, oferece a oportunidade de interagir com os vendedores e degustar os sabores aut\u00eanticos das Ast\u00farias.<\/span><\/p>\n<p><span style=\"font-weight: 400;\">Ademais, enquanto passeia entre as bancas coloridas e cheias de vida, n\u00e3o pode deixar de pensar nas diversas rotas que poderia explorar, como o <\/span><a href=\"https:\/\/www.mundiplus.com\/pt-pt\/caminos\/a-pie\/camino-portugues-costa\/\"><b>Caminho de Santiago portugu\u00eas pela costa<\/b><\/a><span style=\"font-weight: 400;\">. Esta via tamb\u00e9m permite imergir na cultura local de uma forma \u00fanica, semelhante \u00e0 experi\u00eancia que oferece o mercado.<\/span><\/p>\n<p><span style=\"font-weight: 400;\">Levar para casa lembran\u00e7as gastron\u00f3micas destes lugares complementar\u00e1 muito bem qualquer aventura por esta fascinante regi\u00e3o.<\/span><\/p>\n<p>&nbsp;<\/p>\n<h2><b>Monumentos hist\u00f3ricos: um passeio pelo patrim\u00f3nio de Grado<\/b><\/h2>\n<p><img decoding=\"async\" class=\"alignnone wp-image-107008 size-full\" src=\"https:\/\/www.mundiplus.com\/wp-content\/uploads\/2024\/07\/Iglesia-de-San-Pedro-Mundiplus.jpg\" alt=\"\" width=\"1024\" height=\"1365\" srcset=\"https:\/\/www.mundiplus.com\/wp-content\/uploads\/2024\/07\/Iglesia-de-San-Pedro-Mundiplus.jpg 1024w, https:\/\/www.mundiplus.com\/wp-content\/uploads\/2024\/07\/Iglesia-de-San-Pedro-Mundiplus-225x300.jpg 225w, https:\/\/www.mundiplus.com\/wp-content\/uploads\/2024\/07\/Iglesia-de-San-Pedro-Mundiplus-768x1024.jpg 768w, https:\/\/www.mundiplus.com\/wp-content\/uploads\/2024\/07\/Iglesia-de-San-Pedro-Mundiplus-600x800.jpg 600w\" sizes=\"(max-width: 1024px) 100vw, 1024px\" \/><\/p>\n<p><span style=\"font-weight: 400;\">A localidade conta com uma rica hist\u00f3ria que se reflete nos seus monumentos e edif\u00edcios hist\u00f3ricos. A <\/span><b>Igreja de S\u00e3o Pedro<\/b><span style=\"font-weight: 400;\">, com a sua imponente <\/span><b>fachada barroca<\/b><span style=\"font-weight: 400;\">, \u00e9 um dos principais atrativos.<\/span><\/p>\n<p><span style=\"font-weight: 400;\">A <\/span><b>Capela de Los Dolores<\/b><span style=\"font-weight: 400;\">, com o seu estilo neocl\u00e1ssico, e o <\/span><b>Pal\u00e1cio de Miranda-Valdecarzana<\/b><span style=\"font-weight: 400;\">, uma joia do s\u00e9culo XVIII, tamb\u00e9m merecem uma visita. Estes lugares oferecem uma janela para o passado e permitem aos visitantes apreciar a arquitetura e a hist\u00f3ria da regi\u00e3o.<\/span><\/p>\n<p><span style=\"font-weight: 400;\">Se est\u00e1 interessado em explorar al\u00e9m da cidade, uma empresa especializada pode orient\u00e1-lo sobre os diferentes trajetos dispon\u00edveis, como a <\/span><a href=\"https:\/\/www.mundiplus.com\/pt-pt\/caminos\/a-pie\/camino-portugues-costa\/camino-de-santiago-desde-baiona\/\"><b>rota do Caminho de Santiago desde Baiona<\/b><\/a><span style=\"font-weight: 400;\">. Estas op\u00e7\u00f5es melhoram a sua visita, permitindo-lhe descobrir mais sobre a regi\u00e3o e o seu patrim\u00f3nio.<\/span><\/p>\n<p><span style=\"font-weight: 400;\">Al\u00e9m disso, se sente curiosidade em explorar outras rotas, existem diferentes percursos que pode fazer, como a <\/span><a href=\"https:\/\/www.mundiplus.com\/pt-pt\/caminos\/a-pie\/camino-ingles\/camino-de-santiago-desde-ferrol\/\"><b>rota do Caminho de Santiago ingl\u00eas desde Ferrol<\/b><\/a><span style=\"font-weight: 400;\">. Este tipo de itiner\u00e1rios oferece uma oportunidade adicional para conhecer a hist\u00f3ria e a cultura da regi\u00e3o, enriquecendo a sua experi\u00eancia.<\/span><\/p>\n<p>&nbsp;<\/p>\n<h2><b>Parques e espa\u00e7os naturais: relaxe em ambientes verdes<\/b><\/h2>\n<p><span style=\"font-weight: 400;\">Grado oferece v\u00e1rios parques e espa\u00e7os naturais ideais para relaxar e desfrutar ao ar livre. O <\/span><b>Parque de S\u00e3o Ant\u00f3nio<\/b><span style=\"font-weight: 400;\">, com as suas \u00e1rvores frondosas e zonas de piquenique, \u00e9 um lugar perfeito para passar um dia em fam\u00edlia.<\/span><\/p>\n<p><span style=\"font-weight: 400;\">Perto de Grado poder\u00e1 encontrar a <\/span><b>Sierra de Begega<\/b><span style=\"font-weight: 400;\">, com os seus trilhos para caminhadas e miradouros panor\u00e2micos, atraindo os amantes da natureza. Estes ambientes verdes permitem aos visitantes escapar da agita\u00e7\u00e3o di\u00e1ria e conectar-se com a beleza natural das Ast\u00farias.<\/span><\/p>\n<p><span style=\"font-weight: 400;\">Outra proposta interessante s\u00e3o as <\/span><b>cascatas de Guanga<\/b><span style=\"font-weight: 400;\">, localizadas em <\/span><b>San Andr\u00e9s de Trubia<\/b><span style=\"font-weight: 400;\">, Ast\u00farias. Este impressionante destino natural oferece tr\u00eas quedas de \u00e1gua num ambiente florestal. Est\u00e3o a cerca de 20 minutos de carro de Grado, acess\u00edveis por trilhos adequados para toda a fam\u00edlia.<\/span><\/p>\n<p><span style=\"font-weight: 400;\">Outra alternativa que lhe permitir\u00e1 viver uma excelente experi\u00eancia \u00e9 a <\/span><a href=\"https:\/\/www.mundiplus.com\/pt-pt\/caminos\/a-pie\/camino-frances\/camino-de-santiago-desde-roncesvalles\/\"><b>rota do Caminho de Santiago franc\u00eas desde Roncesvalles<\/b><\/a><span style=\"font-weight: 400;\">. Este caminho, com a sua riqueza hist\u00f3rica e paisag\u00edstica, enriquecer\u00e1 maravilhosamente qualquer visita que fa\u00e7a aos espa\u00e7os naturais.<\/span><\/p>\n<p>&nbsp;<\/p>\n<h2><b>Gastronomia: um festim para o paladar<\/b><\/h2>\n<p><span style=\"font-weight: 400;\">A gastronomia de Grado \u00e9 uma del\u00edcia para os sentidos. Os pratos t\u00edpicos, como<\/span><b> a fabada e o cachopo<\/b><span style=\"font-weight: 400;\">, s\u00e3o uma amostra da sua riqueza culin\u00e1ria. Os restaurantes da regi\u00e3o oferecem uma grande variedade de op\u00e7\u00f5es. Aqui encontrar\u00e1 estabelecimentos tradicionais e modernos locais. A <\/span><b>sidra<\/b><span style=\"font-weight: 400;\">, bebida emblem\u00e1tica das Ast\u00farias, \u00e9 o acompanhamento ideal para desfrutar destes pratos. <\/span><\/p>\n<p><span style=\"font-weight: 400;\">Se est\u00e1 interessado em combinar a sua experi\u00eancia gastron\u00f3mica com atividades ao ar livre, informe-se sobre as diferentes rotas dispon\u00edveis, como a <\/span><a href=\"https:\/\/www.mundiplus.com\/pt-pt\/caminos\/a-pie\/camino-portugues-costa\/\"><b>rota do Caminho portugu\u00eas pela costa<\/b><\/a><span style=\"font-weight: 400;\">.<\/span><\/p>\n<p><span style=\"font-weight: 400;\">Explorar estas rotas pode adicionar uma dimens\u00e3o adicional \u00e0 sua visita, permitindo-lhe descobrir mais sobre a regi\u00e3o enquanto saboreia as suas del\u00edcias culin\u00e1rias. Os visitantes tamb\u00e9m podem participar em festivais gastron\u00f3micos para provar uma sele\u00e7\u00e3o dos melhores produtos locais.<\/span><\/p>\n<p>&nbsp;<\/p>\n<h2><b>Eventos e festas: viva a tradi\u00e7\u00e3o<\/b><\/h2>\n<p><img decoding=\"async\" class=\"alignnone wp-image-107010 size-full\" src=\"https:\/\/www.mundiplus.com\/wp-content\/uploads\/2024\/07\/Festividades-Mundiplus.jpg\" alt=\"\" width=\"1024\" height=\"686\" srcset=\"https:\/\/www.mundiplus.com\/wp-content\/uploads\/2024\/07\/Festividades-Mundiplus.jpg 1024w, https:\/\/www.mundiplus.com\/wp-content\/uploads\/2024\/07\/Festividades-Mundiplus-300x201.jpg 300w, https:\/\/www.mundiplus.com\/wp-content\/uploads\/2024\/07\/Festividades-Mundiplus-768x515.jpg 768w, https:\/\/www.mundiplus.com\/wp-content\/uploads\/2024\/07\/Festividades-Mundiplus-600x402.jpg 600w\" sizes=\"(max-width: 1024px) 100vw, 1024px\" \/><\/p>\n<p><span style=\"font-weight: 400;\">Grado celebra uma s\u00e9rie de eventos e festas que refletem a cultura e as tradi\u00e7\u00f5es locais. As<\/span><b> festas patronais de S\u00e3o Pelayo<\/b><span style=\"font-weight: 400;\">, com os seus desfiles, m\u00fasica e fogos de artif\u00edcio, s\u00e3o um momento de celebra\u00e7\u00e3o comunit\u00e1ria.<\/span><\/p>\n<p><span style=\"font-weight: 400;\">O <\/span><b>Desfile de Carro\u00e7as<\/b><span style=\"font-weight: 400;\">, com as suas carro\u00e7as coloridas e elaboradas, \u00e9 outro evento destacado que atrai visitantes de toda a regi\u00e3o. Participar nestas festividades \u00e9 uma oportunidade \u00fanica para mergulhar na vida local e experimentar a alegria e o orgulho da comunidade.<\/span><\/p>\n<p>&nbsp;<\/p>\n<h2><b>Conselhos para visitantes: planeie a sua viagem a Grado<\/b><\/h2>\n<p><span style=\"font-weight: 400;\">Para aproveitar ao m\u00e1ximo a visita, \u00e9 necess\u00e1rio ter em conta algumas recomenda\u00e7\u00f5es pr\u00e1ticas. Por um lado, lembre-se que as melhores \u00e9pocas do ano para desfrutar do destino s\u00e3o <\/span><b>a primavera e o outono<\/b><span style=\"font-weight: 400;\">, quando o clima \u00e9 agrad\u00e1vel e as atividades ao ar livre se tornam mais agrad\u00e1veis.<\/span><\/p>\n<p><span style=\"font-weight: 400;\">Al\u00e9m disso, a regi\u00e3o oferece uma ampla variedade de <\/span><b>op\u00e7\u00f5es de alojamento<\/b><span style=\"font-weight: 400;\">. Hot\u00e9is com v\u00e1rias categorias e encantadoras casas rurais, permitindo aos visitantes escolher a alternativa que melhor se ajusta \u00e0s suas necessidades e or\u00e7amento.<\/span><\/p>\n<p><span style=\"font-weight: 400;\">Quanto ao transporte, a regi\u00e3o conta com uma eficiente <\/span><b>rede de autocarros<\/b><span style=\"font-weight: 400;\"> que a liga a outras cidades das Ast\u00farias, facilitando a mobilidade e a explora\u00e7\u00e3o dos arredores.<\/span><\/p>\n<p><span style=\"font-weight: 400;\">Seguindo estas dicas, os visitantes poder\u00e3o desfrutar de uma experi\u00eancia memor\u00e1vel e enriquecedora nesta encantadora localidade. Aproveite ao m\u00e1ximo cada momento!<\/span><\/p>\n","protected":false},"excerpt":{"rendered":"<p>Est\u00e1 \u00e0 procura de uma mistura de hist\u00f3ria, natureza e cultura? Grado \u00e9 um encantador recanto das Ast\u00farias que n\u00e3o pode perder. Mas, que segredos escondem as suas ruas empedradas e os seus monumentos hist\u00f3ricos? Por que atraem tantos viajantes? Quer conhecer a sua cultura, ambiente e gastronomia? Nas linhas seguintes exploraremos as maravilhas que [&hellip;]<\/p>\n","protected":false},"author":1,"featured_media":113984,"comment_status":"open","ping_status":"open","sticky":false,"template":"","format":"standard","meta":{"footnotes":""},"categories":[574,578],"tags":[],"class_list":["post-113981","post","type-post","status-publish","format-standard","has-post-thumbnail","hentry","category-blog-do-caminho","category-caminho-a-pe"],"_links":{"self":[{"href":"https:\/\/www.mundiplus.com\/pt-pt\/wp-json\/wp\/v2\/posts\/113981","targetHints":{"allow":["GET"]}}],"collection":[{"href":"https:\/\/www.mundiplus.com\/pt-pt\/wp-json\/wp\/v2\/posts"}],"about":[{"href":"https:\/\/www.mundiplus.com\/pt-pt\/wp-json\/wp\/v2\/types\/post"}],"author":[{"embeddable":true,"href":"https:\/\/www.mundiplus.com\/pt-pt\/wp-json\/wp\/v2\/users\/1"}],"replies":[{"embeddable":true,"href":"https:\/\/www.mundiplus.com\/pt-pt\/wp-json\/wp\/v2\/comments?post=113981"}],"version-history":[{"count":0,"href":"https:\/\/www.mundiplus.com\/pt-pt\/wp-json\/wp\/v2\/posts\/113981\/revisions"}],"wp:featuredmedia":[{"embeddable":true,"href":"https:\/\/www.mundiplus.com\/pt-pt\/wp-json\/wp\/v2\/media\/113984"}],"wp:attachment":[{"href":"https:\/\/www.mundiplus.com\/pt-pt\/wp-json\/wp\/v2\/media?parent=113981"}],"wp:term":[{"taxonomy":"category","embeddable":true,"href":"https:\/\/www.mundiplus.com\/pt-pt\/wp-json\/wp\/v2\/categories?post=113981"},{"taxonomy":"post_tag","embeddable":true,"href":"https:\/\/www.mundiplus.com\/pt-pt\/wp-json\/wp\/v2\/tags?post=113981"}],"curies":[{"name":"wp","href":"https:\/\/api.w.org\/{rel}","templated":true}]}}