{"id":114006,"date":"2024-07-30T14:51:49","date_gmt":"2024-07-30T14:51:49","guid":{"rendered":"https:\/\/www.mundiplus.com\/o-que-ver-em-oviedo\/"},"modified":"2024-11-21T15:53:28","modified_gmt":"2024-11-21T15:53:28","slug":"o-que-ver-em-oviedo","status":"publish","type":"post","link":"https:\/\/www.mundiplus.com\/pt-pt\/blog\/o-que-ver-em-oviedo\/","title":{"rendered":"O que ver em Oviedo"},"content":{"rendered":"<p><img fetchpriority=\"high\" decoding=\"async\" class=\"alignnone wp-image-106988 size-full\" src=\"https:\/\/www.mundiplus.com\/wp-content\/uploads\/2024\/07\/Oviedo-Mundiplus.jpg\" alt=\"\" width=\"1024\" height=\"678\" srcset=\"https:\/\/www.mundiplus.com\/wp-content\/uploads\/2024\/07\/Oviedo-Mundiplus.jpg 1024w, https:\/\/www.mundiplus.com\/wp-content\/uploads\/2024\/07\/Oviedo-Mundiplus-300x199.jpg 300w, https:\/\/www.mundiplus.com\/wp-content\/uploads\/2024\/07\/Oviedo-Mundiplus-768x509.jpg 768w, https:\/\/www.mundiplus.com\/wp-content\/uploads\/2024\/07\/Oviedo-Mundiplus-600x397.jpg 600w\" sizes=\"(max-width: 1024px) 100vw, 1024px\" \/><\/p>\n<p><span style=\"font-weight: 400;\">Descobrir Oviedo \u00e9 como abrir um tesouro cheio de hist\u00f3ria e cultura. A capital das Ast\u00farias \u00e9 <\/span><b>ponto de partida no Caminho Primitivo<\/b><span style=\"font-weight: 400;\">, por isso pode ser considerada um ponto chave no Caminho de Santiago. Desde a Mundiplus, convidamo-lo a explorar os seus recantos mais emblem\u00e1ticos.<\/span><\/p>\n<p><span style=\"font-weight: 400;\">Oviedo n\u00e3o se destaca apenas pelo seu patrim\u00f3nio arquitect\u00f3nico, mas tamb\u00e9m pelo seu ambiente acolhedor. As suas ruas convidam a passeios sem pressa, desfrutando de cada pormenor. Al\u00e9m disso, a cidade oferece uma gastronomia excecional que lhe permitir\u00e1 saborear os sabores aut\u00eanticos das Ast\u00farias.<\/span><\/p>\n<p><span style=\"font-weight: 400;\">Neste percurso, vamos gui\u00e1-lo pelos lugares imprescind\u00edveis que n\u00e3o pode perder durante a sua passagem por Oviedo. Convidamo-lo a conhecer uma cidade que combina tradi\u00e7\u00e3o e modernidade de forma \u00fanica.<\/span><\/p>\n<p>&nbsp;<\/p>\n<h2><b>A Catedral de S\u00e3o Salvador<\/b><\/h2>\n<p><img decoding=\"async\" class=\"alignnone wp-image-106986 size-full\" src=\"https:\/\/www.mundiplus.com\/wp-content\/uploads\/2024\/07\/Catedral-de-San-Salvador-Oviedo-Mundiplus.jpg\" alt=\"\" width=\"1023\" height=\"685\" srcset=\"https:\/\/www.mundiplus.com\/wp-content\/uploads\/2024\/07\/Catedral-de-San-Salvador-Oviedo-Mundiplus.jpg 1023w, https:\/\/www.mundiplus.com\/wp-content\/uploads\/2024\/07\/Catedral-de-San-Salvador-Oviedo-Mundiplus-300x201.jpg 300w, https:\/\/www.mundiplus.com\/wp-content\/uploads\/2024\/07\/Catedral-de-San-Salvador-Oviedo-Mundiplus-768x514.jpg 768w, https:\/\/www.mundiplus.com\/wp-content\/uploads\/2024\/07\/Catedral-de-San-Salvador-Oviedo-Mundiplus-600x402.jpg 600w\" sizes=\"(max-width: 1023px) 100vw, 1023px\" \/><\/p>\n<p><span style=\"font-weight: 400;\">A <\/span><b>Catedral de S\u00e3o Salvador<\/b><span style=\"font-weight: 400;\"> \u00e9 talvez o principal ponto de interesse de Oviedo. Esta impressionante constru\u00e7\u00e3o <\/span><b>g\u00f3tica<\/b><span style=\"font-weight: 400;\"> \u00e9 conhecida pela sua hist\u00f3ria e arquitetura. A sua constru\u00e7\u00e3o come\u00e7ou no <\/span><b>s\u00e9culo XIII<\/b><span style=\"font-weight: 400;\"> e expandiu-se ao longo dos s\u00e9culos, resultando numa estrutura imponente que na realidade combina <\/span><b>v\u00e1rios estilos arquitet\u00f3nicos<\/b><span style=\"font-weight: 400;\">.<\/span><\/p>\n<p><span style=\"font-weight: 400;\">Um dos maiores tesouros da catedral \u00e9 a <\/span><b>C\u00e2mara Santa<\/b><span style=\"font-weight: 400;\">, uma capela que alberga importantes rel\u00edquias e objetos sagrados. Aqui encontrar\u00e1 a <\/span><b>Cruz da Vit\u00f3ria e a Cruz dos Anjos<\/b><span style=\"font-weight: 400;\">, s\u00edmbolos das Ast\u00farias. Estas rel\u00edquias, que datam da \u00e9poca medieval, s\u00e3o de interesse geral para qualquer peregrino.<\/span><\/p>\n<p><span style=\"font-weight: 400;\">A catedral tamb\u00e9m \u00e9 famosa pela sua <\/span><b>Torres G\u00f3ticas<\/b><span style=\"font-weight: 400;\">, que se elevam sobre a cidade e oferecem vistas panor\u00e2micas impressionantes. Subir \u00e0 torre \u00e9 uma experi\u00eancia que lhe permitir\u00e1 apreciar a magnitude e a beleza da catedral de uma perspectiva diferente.<\/span><\/p>\n<p><span style=\"font-weight: 400;\">Pode planear a sua visita com uma <\/span><a href=\"https:\/\/www.mundiplus.com\/pt-pt\/\"><b>ag\u00eancia de viagens para o Caminho de Santiago<\/b><\/a><span style=\"font-weight: 400;\">, garantindo que n\u00e3o perde nenhum detalhe importante desta cidade incr\u00edvel.<\/span><\/p>\n<p><span style=\"font-weight: 400;\">E se est\u00e1 numa <\/span><a href=\"https:\/\/www.mundiplus.com\/pt-pt\/caminos\/a-pie\/camino-portugues-costa\/\"><b>viagem do Caminho Portugu\u00eas pela costa<\/b><\/a><span style=\"font-weight: 400;\">, recomendamos-lhe reservar uns dias e visitar Oviedo depois de ter chegado \u00e0 Catedral de Santiago.<\/span><\/p>\n<p>&nbsp;<\/p>\n<h2><b>O encantador centro hist\u00f3rico<\/b><\/h2>\n<p><span style=\"font-weight: 400;\">Passear pelo Centro Hist\u00f3rico de Oviedo \u00e9 uma experi\u00eancia que o transporta para outra \u00e9poca. As suas ruas de cal\u00e7ada e estreitas est\u00e3o cheias de hist\u00f3ria e charme, convidando-o a perder-se pelos seus recantos. Aqui, cada edif\u00edcio tem uma hist\u00f3ria para contar, e cada pra\u00e7a oferece-lhe uma perspectiva diferente da cidade.<\/span><\/p>\n<p><span style=\"font-weight: 400;\">O Centro Hist\u00f3rico \u00e9 o <\/span><b>cora\u00e7\u00e3o hist\u00f3rico de Oviedo<\/b><span style=\"font-weight: 400;\">, onde se encontram muitos dos seus monumentos mais importantes. Ao caminhar pelas suas ruas, ir\u00e1 deparar-se com a <\/span><b>Pra\u00e7a da Constitui\u00e7\u00e3o<\/b><span style=\"font-weight: 400;\">, presidida pela C\u00e2mara Municipal;<\/span> <span style=\"font-weight: 400;\">e a <\/span><b>Pra\u00e7a Trascorrales<\/b><span style=\"font-weight: 400;\">, conhecida pela sua peculiar est\u00e1tua de uma leiteira. Estes locais s\u00e3o perfeitos para parar um momento e desfrutar do ambiente local.<\/span><\/p>\n<p><span style=\"font-weight: 400;\">Se decidiu fazer a <\/span><a href=\"https:\/\/www.mundiplus.com\/pt-pt\/caminos\/a-pie\/camino-portugues-costa\/camino-de-santiago-desde-baiona\/\"><b>viagem do Caminho desde Baiona<\/b><\/a><span style=\"font-weight: 400;\"> ou a <\/span><a href=\"https:\/\/www.mundiplus.com\/pt-pt\/caminos\/a-pie\/camino-ingles\/camino-de-santiago-desde-ferrol\/\"><b>viagem do Caminho Ingl\u00eas desde Ferrol<\/b><\/a><span style=\"font-weight: 400;\">, tamb\u00e9m pode dedicar alguns dias a conhecer a Capital do Reino das Ast\u00farias. Aqui encontrar\u00e1 in\u00fameros bares e restaurantes onde poder\u00e1 degustar a gastronomia asturiana, famosa pela sua fabada, sidra e pratos tradicionais.<\/span><\/p>\n<p><span style=\"font-weight: 400;\">N\u00e3o se esque\u00e7a de visitar o <\/span><b>Mercado El Font\u00e1n<\/b><span style=\"font-weight: 400;\">, um lugar cheio de vida onde os locais compram produtos frescos e regionais. Este mercado, situado numa pitoresca pra\u00e7a, \u00e9 ideal para conhecer melhor a cultura e os costumes da cidade.<\/span><\/p>\n<p>&nbsp;<\/p>\n<h2><b>O Parque de S\u00e3o Francisco<\/b><\/h2>\n<p><img decoding=\"async\" class=\"alignnone wp-image-106990 size-full\" src=\"https:\/\/www.mundiplus.com\/wp-content\/uploads\/2024\/07\/Parque-de-San-Francisco-Oviedo-Mundiplus.jpg\" alt=\"\" width=\"1024\" height=\"768\" srcset=\"https:\/\/www.mundiplus.com\/wp-content\/uploads\/2024\/07\/Parque-de-San-Francisco-Oviedo-Mundiplus.jpg 1024w, https:\/\/www.mundiplus.com\/wp-content\/uploads\/2024\/07\/Parque-de-San-Francisco-Oviedo-Mundiplus-300x225.jpg 300w, https:\/\/www.mundiplus.com\/wp-content\/uploads\/2024\/07\/Parque-de-San-Francisco-Oviedo-Mundiplus-768x576.jpg 768w, https:\/\/www.mundiplus.com\/wp-content\/uploads\/2024\/07\/Parque-de-San-Francisco-Oviedo-Mundiplus-600x450.jpg 600w\" sizes=\"(max-width: 1024px) 100vw, 1024px\" \/><\/p>\n<p><span style=\"font-weight: 400;\">O <\/span><b>Parque de S\u00e3o Francisco<\/b><span style=\"font-weight: 400;\"> \u00e9 um verdadeiro o\u00e1sis no cora\u00e7\u00e3o de Oviedo. Este extenso parque, um dos maiores da cidade, \u00e9 o lugar perfeito para relaxar e desfrutar de um momento de tranquilidade. Os seus <\/span><b>caminhos sombreados por \u00e1rvores centen\u00e1rias<\/b><span style=\"font-weight: 400;\"> convidam a passeios sem pressa, aproveitando o ar fresco e o canto dos p\u00e1ssaros.<\/span><\/p>\n<p><span style=\"font-weight: 400;\">O parque alberga v\u00e1rios lagos e fontes, que acrescentam um toque de serenidade ao ambiente. Um dos pontos mais destacados \u00e9 a <\/span><b>est\u00e1tua da Mafalda<\/b><span style=\"font-weight: 400;\">, uma personagem adorada da banda desenhada argentina, que se tornou uma atra\u00e7\u00e3o popular tanto para crian\u00e7as como para adultos.<\/span><\/p>\n<p><span style=\"font-weight: 400;\">Al\u00e9m disso, o Parque de S\u00e3o Francisco \u00e9 um local onde se celebram <\/span><b>eventos culturais e atividades ao ar livre<\/b><span style=\"font-weight: 400;\">. Desde concertos at\u00e9 feiras, h\u00e1 sempre algo interessante para fazer ou ver. N\u00e3o perca a oportunidade de participar em algum desses eventos para conhecer melhor a vida cultural de Oviedo.<\/span><\/p>\n<p>&nbsp;<\/p>\n<h2><b>O Museu de Belas Artes das Ast\u00farias<\/b><\/h2>\n<p><span style=\"font-weight: 400;\">O <\/span><b>Museu de Belas Artes das Ast\u00farias<\/b><span style=\"font-weight: 400;\"> \u00e9 uma visita obrigat\u00f3ria para os peregrinos amantes da arte. Situado no centro hist\u00f3rico, este museu alberga uma impressionante cole\u00e7\u00e3o de obras que vai <\/span><b>do s\u00e9culo XIV at\u00e9 aos dias de hoje<\/b><span style=\"font-weight: 400;\">. A sua vasta e variada cole\u00e7\u00e3o inclui pinturas, esculturas, gravuras e arte decorativa.<\/span><\/p>\n<p><span style=\"font-weight: 400;\">Ao percorrer as suas salas, poder\u00e1 admirar obras de grandes mestres como <\/span><b>El Greco, Goya e Sorolla<\/b><span style=\"font-weight: 400;\">. Tamb\u00e9m encontrar\u00e1 pe\u00e7as de destacados artistas asturianos, o que lhe permitir\u00e1 conhecer melhor a riqueza cultural da regi\u00e3o. A cole\u00e7\u00e3o permanente \u00e9 complementada com exposi\u00e7\u00f5es tempor\u00e1rias que oferecem uma vis\u00e3o mais din\u00e2mica e diversificada da arte.<\/span><\/p>\n<p><span style=\"font-weight: 400;\">O edif\u00edcio que alberga o museu \u00e9 uma obra de arte em si. Composto por <\/span><b>v\u00e1rios pal\u00e1cios hist\u00f3ricos interligados<\/b><span style=\"font-weight: 400;\">, cada espa\u00e7o oferece uma experi\u00eancia \u00fanica. As salas s\u00e3o projetadas para que possa apreciar as obras num ambiente agrad\u00e1vel e bem iluminado.<\/span><\/p>\n<p><span style=\"font-weight: 400;\">N\u00e3o se esque\u00e7a de terminar a visita na loja do museu, onde pode adquirir lembran\u00e7as e publica\u00e7\u00f5es relacionadas com as exposi\u00e7\u00f5es.<\/span><\/p>\n<p>&nbsp;<\/p>\n<h2><b>O Teatro Campoamor<\/b><\/h2>\n<p><span style=\"font-weight: 400;\">O Teatro Campoamor \u00e9 um dos emblemas culturais de Oviedo. <\/span><b>Inaugurado em 1892<\/b><span style=\"font-weight: 400;\">, este elegante edif\u00edcio destaca-se pela sua arquitetura cl\u00e1ssica e pela sua rica programa\u00e7\u00e3o art\u00edstica. Situado no centro da cidade, o teatro \u00e9 facilmente acess\u00edvel e uma visita obrigat\u00f3ria para os amantes das artes c\u00e9nicas.<\/span><\/p>\n<p><span style=\"font-weight: 400;\">O teatro \u00e9 famoso por ser <\/span><b>a sede da cerim\u00f3nia de entrega dos Pr\u00e9mios Princesa das Ast\u00farias<\/b><span style=\"font-weight: 400;\">, um evento de grande prest\u00edgio internacional. No seu interior, ir\u00e1 surpreender-se com a majestuosidade da sua sala principal, decorada com detalhes dourados e um grande candeeiro. As cadeiras vermelhas e a ac\u00fastica impec\u00e1vel garantem-lhe uma experi\u00eancia \u00fanica durante qualquer espet\u00e1culo.<\/span><\/p>\n<p><span style=\"font-weight: 400;\">A programa\u00e7\u00e3o do Teatro Campoamor inclui <\/span><b>\u00f3pera, ballet, teatro e concertos<\/b><span style=\"font-weight: 400;\">. N\u00e3o importa qual seja a sua prefer\u00eancia art\u00edstica, encontrar\u00e1 sempre algo que o interesse. Al\u00e9m disso, o teatro organiza visitas guiadas que lhe permitir\u00e3o conhecer a sua hist\u00f3ria e explorar os seus recantos mais secretos.<\/span><\/p>\n<p>&nbsp;<\/p>\n<h2><b>Descubra Oviedo com a Mundiplus<\/b><\/h2>\n<p><b>Mundiplus<\/b><span style=\"font-weight: 400;\"> \u00e9 uma ag\u00eancia especializada em organizar <\/span><b>viagens personalizadas ao Caminho de Santiago<\/b><span style=\"font-weight: 400;\">, oferecendo uma experi\u00eancia \u00fanica adaptada \u00e0s necessidades de cada peregrino. Os seus servi\u00e7os incluem op\u00e7\u00f5es de alojamento em hot\u00e9is e casas de campo, transfer\u00eancias de bagagem, assist\u00eancia telef\u00f3nica e um dossier digital com informa\u00e7\u00f5es detalhadas das etapas.<\/span><\/p>\n<p><span style=\"font-weight: 400;\">A Mundiplus oferece v\u00e1rias rotas alternativas ao Caminho Primitivo, cujo ponto de partida \u00e9 Oviedo. Por exemplo, a <\/span><a href=\"https:\/\/www.mundiplus.com\/pt-pt\/caminos\/a-pie\/camino-frances\/camino-de-santiago-desde-roncesvalles\/\"><b>viagem do Caminho Franc\u00eas desde Roncesvalles<\/b><\/a><span style=\"font-weight: 400;\"> e a <\/span><a href=\"https:\/\/www.mundiplus.com\/pt-pt\/caminos\/a-pie\/camino-portugues-costa\/camino-de-santiago-desde-baiona\/\"><b>viagem do Caminho Portugu\u00eas pela Costa<\/b><\/a><span style=\"font-weight: 400;\">. Estas rotas s\u00e3o perfeitas para quem quer disfrutar da beleza e do patrim\u00f3nio hist\u00f3rico do Caminho de Santiago, com o conforto de ter tudo organizado.<\/span><\/p>\n<p><span style=\"font-weight: 400;\">Ambas as rotas oferecem uma experi\u00eancia inesquec\u00edvel, combinando a emo\u00e7\u00e3o da peregrina\u00e7\u00e3o com a tranquilidade de ter todos os detalhes log\u00edsticos resolvidos pela Mundiplus. N\u00e3o importa a rota escolhida, garantimos uma viagem enriquecedora e bem organizada, permitindo aos peregrinos concentrar-se em disfrutar de cada passo do caminho.<\/span><\/p>\n","protected":false},"excerpt":{"rendered":"<p>Descobrir Oviedo \u00e9 como abrir um tesouro cheio de hist\u00f3ria e cultura. A capital das Ast\u00farias \u00e9 ponto de partida no Caminho Primitivo, por isso pode ser considerada um ponto chave no Caminho de Santiago. Desde a Mundiplus, convidamo-lo a explorar os seus recantos mais emblem\u00e1ticos. Oviedo n\u00e3o se destaca apenas pelo seu patrim\u00f3nio arquitect\u00f3nico, [&hellip;]<\/p>\n","protected":false},"author":1,"featured_media":114008,"comment_status":"open","ping_status":"open","sticky":false,"template":"","format":"standard","meta":{"footnotes":""},"categories":[574,578,606,602],"tags":[],"class_list":["post-114006","post","type-post","status-publish","format-standard","has-post-thumbnail","hentry","category-blog-do-caminho","category-caminho-a-pe","category-locais-iconicos","category-vilas-e-comarcas"],"_links":{"self":[{"href":"https:\/\/www.mundiplus.com\/pt-pt\/wp-json\/wp\/v2\/posts\/114006","targetHints":{"allow":["GET"]}}],"collection":[{"href":"https:\/\/www.mundiplus.com\/pt-pt\/wp-json\/wp\/v2\/posts"}],"about":[{"href":"https:\/\/www.mundiplus.com\/pt-pt\/wp-json\/wp\/v2\/types\/post"}],"author":[{"embeddable":true,"href":"https:\/\/www.mundiplus.com\/pt-pt\/wp-json\/wp\/v2\/users\/1"}],"replies":[{"embeddable":true,"href":"https:\/\/www.mundiplus.com\/pt-pt\/wp-json\/wp\/v2\/comments?post=114006"}],"version-history":[{"count":0,"href":"https:\/\/www.mundiplus.com\/pt-pt\/wp-json\/wp\/v2\/posts\/114006\/revisions"}],"wp:featuredmedia":[{"embeddable":true,"href":"https:\/\/www.mundiplus.com\/pt-pt\/wp-json\/wp\/v2\/media\/114008"}],"wp:attachment":[{"href":"https:\/\/www.mundiplus.com\/pt-pt\/wp-json\/wp\/v2\/media?parent=114006"}],"wp:term":[{"taxonomy":"category","embeddable":true,"href":"https:\/\/www.mundiplus.com\/pt-pt\/wp-json\/wp\/v2\/categories?post=114006"},{"taxonomy":"post_tag","embeddable":true,"href":"https:\/\/www.mundiplus.com\/pt-pt\/wp-json\/wp\/v2\/tags?post=114006"}],"curies":[{"name":"wp","href":"https:\/\/api.w.org\/{rel}","templated":true}]}}