{"id":114049,"date":"2024-07-21T19:12:26","date_gmt":"2024-07-21T19:12:26","guid":{"rendered":"https:\/\/www.mundiplus.com\/o-que-ver-em-vigo\/"},"modified":"2024-11-21T17:03:28","modified_gmt":"2024-11-21T17:03:28","slug":"o-que-ver-em-vigo","status":"publish","type":"post","link":"https:\/\/www.mundiplus.com\/pt-pt\/blog\/o-que-ver-em-vigo\/","title":{"rendered":"O que ver em Vigo"},"content":{"rendered":"<p><img fetchpriority=\"high\" decoding=\"async\" class=\"alignnone wp-image-106785 size-full\" src=\"https:\/\/www.mundiplus.com\/wp-content\/uploads\/2024\/07\/Islas-Cies-Vigo-Mundiplus.jpeg\" alt=\"\" width=\"1024\" height=\"557\" srcset=\"https:\/\/www.mundiplus.com\/wp-content\/uploads\/2024\/07\/Islas-Cies-Vigo-Mundiplus.jpeg 1024w, https:\/\/www.mundiplus.com\/wp-content\/uploads\/2024\/07\/Islas-Cies-Vigo-Mundiplus-300x163.jpeg 300w, https:\/\/www.mundiplus.com\/wp-content\/uploads\/2024\/07\/Islas-Cies-Vigo-Mundiplus-768x418.jpeg 768w, https:\/\/www.mundiplus.com\/wp-content\/uploads\/2024\/07\/Islas-Cies-Vigo-Mundiplus-600x326.jpeg 600w\" sizes=\"(max-width: 1024px) 100vw, 1024px\" \/><\/p>\n<p><span style=\"font-weight: 400;\">Vigo, a maior cidade da Galiza, <\/span><b>\u00e9 uma joia urbana<\/b><span style=\"font-weight: 400;\"> que se encontra nas margens da ria que leva o seu nome. Este local \u00e9 conhecido por ser um <\/span><b>importante porto pesqueiro e comercial<\/b><span style=\"font-weight: 400;\"> e \u00e9 o cora\u00e7\u00e3o da regi\u00e3o, desempenhando um papel crucial na economia local e nacional. <\/span><\/p>\n<p><span style=\"font-weight: 400;\">A cidade tamb\u00e9m \u00e9 reconhecida por ser um centro neur\u00e1lgico de ind\u00fastria e tecnologia, o que a torna um lugar din\u00e2mico e em constante evolu\u00e7\u00e3o.<\/span><\/p>\n<p><span style=\"font-weight: 400;\">A sua hist\u00f3ria est\u00e1 profundamente marcada pela sua rela\u00e7\u00e3o com o mar, sendo palco de numerosos eventos ao longo dos s\u00e9culos, <\/span><b>desde invas\u00f5es vikings at\u00e9 batalhas navais<\/b><span style=\"font-weight: 400;\">. Esta rica hist\u00f3ria mar\u00edtima entrela\u00e7a-se com uma cultura contempor\u00e2nea que se manifesta nos seus festivais, na sua m\u00fasica e na sua arte.<\/span><\/p>\n<p><span style=\"font-weight: 400;\">Claro que \u00e9 uma localidade com uma enorme liga\u00e7\u00e3o ao Caminho de Santiago, sendo ponto de passagem no meio do <\/span><b>Caminho Portugu\u00eas da Costa<\/b><span style=\"font-weight: 400;\">. Embora sejamos especialistas nas diversas <\/span><a href=\"https:\/\/www.mundiplus.com\/pt-pt\/caminos\/a-pie\/camino-frances\/camino-de-santiago-desde-roncesvalles\/\"><b>etapas do Caminho desde Roncesvalles<\/b><\/a><span style=\"font-weight: 400;\">, nesta guia vamos falar-te sobre tudo o que n\u00e3o deves perder em Vigo.<\/span><\/p>\n<p>&nbsp;<\/p>\n<h2><b>Hist\u00f3ria e cultura<\/b><\/h2>\n<p><span style=\"font-weight: 400;\">A hist\u00f3ria desta cidade \u00e9 uma fascinante viagem ao longo do tempo, marcada por eventos que definiram o seu car\u00e1ter e estrutura atuais. Desde os seus origens como assentamento romano, foi testemunha de invas\u00f5es vikings no s\u00e9culo XI e ataques de piratas normandos. <\/span><\/p>\n<p><span style=\"font-weight: 400;\">Um dos seus momentos mais emblem\u00e1ticos ocorreu durante a <\/span><b>Batalha de Rande em 1702<\/b><span style=\"font-weight: 400;\">. Durante este acontecimento, as \u00e1guas da Ria de Vigo tornaram-se palco de um confronto naval durante a Guerra da Sucess\u00e3o Espanhola. Este evento inspirou at\u00e9 lendas sobre tesouros submersos que ainda cativam locais e visitantes. <\/span><\/p>\n<p><span style=\"font-weight: 400;\">No s\u00e9culo XIX, a cidade viveu um importante <\/span><b>crescimento industrial e mar\u00edtimo<\/b><span style=\"font-weight: 400;\">, consolidando o seu papel como um vital porto atl\u00e2ntico e ponto de liga\u00e7\u00e3o com a Am\u00e9rica e o resto da Europa.<\/span><\/p>\n<p><span style=\"font-weight: 400;\">Vigo \u00e9 um centro de atividade cultural que celebra a sua heran\u00e7a com<\/span><b> numerosos festivais e eventos<\/b><span style=\"font-weight: 400;\"> ao longo do ano. A m\u00fasica tradicional galega mistura-se com propostas modernas em eventos como o <\/span><b>Festival de Jazz de Vigo e o Festival Sinsal<\/b><span style=\"font-weight: 400;\">. As dan\u00e7as tradicionais como a &#8220;mui\u00f1eira&#8221; realizam-se em festividades e celebra\u00e7\u00f5es, mantendo viva a tradi\u00e7\u00e3o na comunidade.<\/span><\/p>\n<p><span style=\"font-weight: 400;\">Al\u00e9m disso, \u00e9 um ponto de encontro para os peregrinos que fazem o <\/span><b>Caminho Portugu\u00eas da Costa<\/b><span style=\"font-weight: 400;\"> em dire\u00e7\u00e3o a Santiago de Compostela. Por exemplo, <\/span><a href=\"https:\/\/www.mundiplus.com\/pt-pt\/\"><b>Mundiplus: especialistas no Caminho de Santiago<\/b><\/a><span style=\"font-weight: 400;\">, oferece aos turistas um <\/span><a href=\"https:\/\/www.mundiplus.com\/pt-pt\/caminos\/a-pie\/camino-portugues-costa\/\"><b>mapa do Caminho Portugu\u00eas da Costa<\/b><\/a><span style=\"font-weight: 400;\"> e guias para aqueles que decidem seguir esta rota milenar.<\/span><\/p>\n<p>&nbsp;<\/p>\n<h2><b>Atra\u00e7\u00f5es principais<\/b><\/h2>\n<p><span style=\"font-weight: 400;\">O <\/span><b>Casco Vello<\/b><span style=\"font-weight: 400;\">, ou bairro antigo de Vigo, \u00e9 um pitoresco bairro que se ergue como testemunho do passado medieval da cidade. As suas ruas estreitas e cal\u00e7adas e pra\u00e7as animadas s\u00e3o ladeadas por edif\u00edcios de arquitetura tradicional galega, com fachadas em pedra e varandas de ferro forjado. <\/span><\/p>\n<p><span style=\"font-weight: 400;\">Um lugar destacado dentro do Casco Vello \u00e9 a <\/span><b>Concatedral de Santa Maria<\/b><span style=\"font-weight: 400;\">, um magn\u00edfico exemplo de arquitetura religiosa com <\/span><b>influ\u00eancias barroca e neocl\u00e1ssica<\/b><span style=\"font-weight: 400;\">. Al\u00e9m disso, o bairro alberga diversos museus e galerias de arte que oferecem uma vis\u00e3o profunda sobre a hist\u00f3ria e arte local.<\/span><\/p>\n<p>&nbsp;<\/p>\n<h3><b>Ilhas C\u00edes<\/b><\/h3>\n<p><span style=\"font-weight: 400;\">As Ilhas C\u00edes fazem parte do<\/span><b> Parque Nacional Mar\u00edtimo-Terrestre das Ilhas Atl\u00e2nticas da Galiza<\/b><span style=\"font-weight: 400;\">, e constituem um dos tesouros naturais mais impressionantes desta cidade. Para as visitar, \u00e9 necess\u00e1rio obter uma autoriza\u00e7\u00e3o devido \u00e0s suas pol\u00edticas rigorosas de conserva\u00e7\u00e3o, projetadas para proteger o seu delicado ecossistema.<\/span><\/p>\n<p><span style=\"font-weight: 400;\">Os visitantes podem desfrutar de <\/span><b>trilhos naturais<\/b><span style=\"font-weight: 400;\"> que oferecem vistas espetaculares, praias de areia branca e \u00e1guas cristalinas, ideais para banho e snorkeling. A import\u00e2ncia ecol\u00f3gica das Ilhas C\u00edes \u00e9 imensa, servindo de habitat para muitas esp\u00e9cies de aves e flora end\u00e9mica.<\/span><\/p>\n<p>&nbsp;<\/p>\n<h3><b>Porto de Vigo<\/b><\/h3>\n<p><img decoding=\"async\" class=\"alignnone wp-image-106789 size-full\" src=\"https:\/\/www.mundiplus.com\/wp-content\/uploads\/2024\/07\/Puerto-de-Vigo-Mundiplus.jpg\" alt=\"\" width=\"1024\" height=\"683\" srcset=\"https:\/\/www.mundiplus.com\/wp-content\/uploads\/2024\/07\/Puerto-de-Vigo-Mundiplus.jpg 1024w, https:\/\/www.mundiplus.com\/wp-content\/uploads\/2024\/07\/Puerto-de-Vigo-Mundiplus-300x200.jpg 300w, https:\/\/www.mundiplus.com\/wp-content\/uploads\/2024\/07\/Puerto-de-Vigo-Mundiplus-768x512.jpg 768w, https:\/\/www.mundiplus.com\/wp-content\/uploads\/2024\/07\/Puerto-de-Vigo-Mundiplus-600x400.jpg 600w\" sizes=\"(max-width: 1024px) 100vw, 1024px\" \/><\/p>\n<p><span style=\"font-weight: 400;\">O Porto de Vigo \u00e9 vital para a economia local, sendo um dos <\/span><b>principais portos pesqueiros da Europa<\/b><span style=\"font-weight: 400;\"> e um centro ativo de com\u00e9rcio e transporte. Al\u00e9m da sua import\u00e2ncia econ\u00f3mica, oferece diversas atividades recreativas, como passeios de barco que permitem aos visitantes desfrutar da panor\u00e2mica mar\u00edtima da ria. <\/span><\/p>\n<p>&nbsp;<\/p>\n<h3><b>Natureza e espa\u00e7os verdes<\/b><\/h3>\n<p><span style=\"font-weight: 400;\">O <\/span><b>Monte do Castro<\/b><span style=\"font-weight: 400;\"> n\u00e3o s\u00f3 se ergue como um dos pulm\u00f5es verdes mais importantes de Vigo, como tamb\u00e9m como um local de grande valor hist\u00f3rico e cultural. A partir do seu topo, oferece vistas panor\u00e2micas da cidade e da ria, sendo um lugar predileto tanto para locais como para visitantes. O local alberga vest\u00edgios arqueol\u00f3gicos que datam da ocupa\u00e7\u00e3o romana e dos castros celtas.<\/span><\/p>\n<p>&nbsp;<\/p>\n<h3><b>Praias urbanas<\/b><\/h3>\n<p><img decoding=\"async\" class=\"alignnone wp-image-106787 size-full\" src=\"https:\/\/www.mundiplus.com\/wp-content\/uploads\/2024\/07\/Playa-de-Samil-Vigo-Mundiplus.jpg\" alt=\"\" width=\"1023\" height=\"682\" srcset=\"https:\/\/www.mundiplus.com\/wp-content\/uploads\/2024\/07\/Playa-de-Samil-Vigo-Mundiplus.jpg 1023w, https:\/\/www.mundiplus.com\/wp-content\/uploads\/2024\/07\/Playa-de-Samil-Vigo-Mundiplus-300x200.jpg 300w, https:\/\/www.mundiplus.com\/wp-content\/uploads\/2024\/07\/Playa-de-Samil-Vigo-Mundiplus-768x512.jpg 768w, https:\/\/www.mundiplus.com\/wp-content\/uploads\/2024\/07\/Playa-de-Samil-Vigo-Mundiplus-600x400.jpg 600w\" sizes=\"(max-width: 1023px) 100vw, 1023px\" \/><\/p>\n<p><span style=\"font-weight: 400;\">Esta cidade \u00e9 privilegiada por ter algumas das praias urbanas mais bonitas da Galiza, destacando-se entre elas a <\/span><b>Praia de Samil <\/b><span style=\"font-weight: 400;\">e a<\/span><b> Praia de Rodas<\/b><span style=\"font-weight: 400;\">. <\/span><\/p>\n<p><span style=\"font-weight: 400;\">Samil, com o seu amplo passeio mar\u00edtimo, \u00e1reas de recreio e cafeterias, \u00e9 perfeita para fam\u00edlias e jovens que procuram divers\u00e3o e relaxamento junto ao mar. Por outro lado, a Praia de Rodas, situada nas Ilhas C\u00edes e frequentemente aclamada como uma das melhores praias do mundo, oferece um ref\u00fagio paradis\u00edaco com \u00e1guas cristalinas e areia fina. <\/span><\/p>\n<p>&nbsp;<\/p>\n<h2><b>Gastronomia<\/b><\/h2>\n<p><span style=\"font-weight: 400;\">Vigo, com a sua localiza\u00e7\u00e3o privilegiada na costa galega, \u00e9 um verdadeiro para\u00edso para os amantes de marisco e produtos do mar. A dieta local beneficia enormemente da frescura e da <\/span><b>abund\u00e2ncia de peixes e mariscos<\/b><span style=\"font-weight: 400;\">, apanhados nas rias pr\u00f3ximas e servidos em restaurantes por toda a cidade.\u00a0<\/span><\/p>\n<p><span style=\"font-weight: 400;\">Pratos t\u00edpicos, tanto do <\/span><a href=\"https:\/\/www.mundiplus.com\/pt-pt\/caminos\/a-pie\/camino-ingles\/camino-de-santiago-desde-ferrol\/\"><b>Caminho de Santiago Ingl\u00eas<\/b><\/a><span style=\"font-weight: 400;\"> como do Caminho Portugu\u00eas da Costa, como <\/span><b>polvo \u00e0 galega, vieiras e zamburi\u00f1as<\/b><span style=\"font-weight: 400;\">, destacam-se no menu de qualquer estabelecimento que se preze. As am\u00eaijoas \u00e0 marinheira e a empanada de marisco s\u00e3o outros exemplos de como os ingredientes locais se transformam em del\u00edcias que refletem o sabor aut\u00eantico da Galiza.<\/span><\/p>\n<p>&nbsp;<\/p>\n<h3><b>Onde comer<\/b><\/h3>\n<p><span style=\"font-weight: 400;\">Para os visitantes que desejam mergulhar na experi\u00eancia culin\u00e1ria desta cidade, h\u00e1 v\u00e1rias op\u00e7\u00f5es onde podem degustar estes pratos tradicionais:<\/span><\/p>\n<ul>\n<li style=\"font-weight: 400;\" aria-level=\"1\"><b>Casa Marco<\/b><span style=\"font-weight: 400;\">: Este restaurante \u00e9 bem conhecido pelos seus pratos de marisco fresco e pela sua localiza\u00e7\u00e3o central, ideal para uma refei\u00e7\u00e3o elegante depois de explorar o Casco Vello.<\/span><\/li>\n<li style=\"font-weight: 400;\" aria-level=\"1\"><b>Marisqueira R\u00edas Baixas<\/b><span style=\"font-weight: 400;\">: Situada perto do porto, esta marisqueira oferece uma experi\u00eancia galega aut\u00eantica com vista para o mar e uma sele\u00e7\u00e3o excecional de mariscos.<\/span><\/li>\n<li style=\"font-weight: 400;\" aria-level=\"1\"><b>O Port\u00f3n<\/b><span style=\"font-weight: 400;\">: Localizado nas imedia\u00e7\u00f5es da cidade, este restaurante \u00e9 famoso pelos seus arrozes e mariscos, preparados com uma t\u00e9cnica aperfei\u00e7oada ao longo de gera\u00e7\u00f5es.<\/span><\/li>\n<li style=\"font-weight: 400;\" aria-level=\"1\"><b>Taper\u00eda La Granera<\/b><span style=\"font-weight: 400;\">: Para quem prefere um ambiente mais informal, este bar de tapas no cora\u00e7\u00e3o de Vigo \u00e9 o lugar perfeito para provar variedades de tapas de marisco acompanhadas de um vinho branco galego.<\/span><\/li>\n<\/ul>\n<p>&nbsp;<\/p>\n<h2><b>Eventos e festivais<\/b><\/h2>\n<p><span style=\"font-weight: 400;\">Vigo enche-se de energia e cor durante os seus numerosos festivais e eventos anuais, que s\u00e3o uma parte essencial da vida cultural da cidade:<\/span><\/p>\n<ul>\n<li style=\"font-weight: 400;\" aria-level=\"1\"><b>A reconquista de Vigo<\/b><span style=\"font-weight: 400;\">: Este \u00e9 um dos eventos mais significativos e celebra-se todos os anos em mar\u00e7o. A festa comemora a expuls\u00e3o das tropas francesas em 1809 e transforma as ruas do Casco Vello num cen\u00e1rio do s\u00e9culo XIX com mercados, artes\u00e3os e atores vestidos \u00e0 \u00e9poca.<\/span><\/li>\n<li style=\"font-weight: 400;\" aria-level=\"1\"><b>Vigo em festas<\/b><span style=\"font-weight: 400;\">: Durante o ver\u00e3o, a cidade recebe uma s\u00e9rie de concertos, espet\u00e1culos e eventos culturais em v\u00e1rias pra\u00e7as e espa\u00e7os ao ar livre. Encontras entretenimento para todas as idades e gostos.<\/span><\/li>\n<li style=\"font-weight: 400;\" aria-level=\"1\"><b>Vigo SeaFest<\/b><span style=\"font-weight: 400;\">: Este festival gastron\u00f3mico e musical celebra a riqueza mar\u00edtima de Vigo, com atividades relacionadas com o mar, concertos e, claro, pratos deliciosos de marisco preparados pelos melhores chefs da regi\u00e3o.<\/span><\/li>\n<\/ul>\n<p><span style=\"font-weight: 400;\">Estes locais e eventos tornam a vida nocturna e o entretenimento em Vigo excecionais, oferecendo tanto aos locais como aos visitantes uma experi\u00eancia memor\u00e1vel cheia de m\u00fasica, cultura e divers\u00e3o.<\/span><\/p>\n","protected":false},"excerpt":{"rendered":"<p>Vigo, a maior cidade da Galiza, \u00e9 uma joia urbana que se encontra nas margens da ria que leva o seu nome. Este local \u00e9 conhecido por ser um importante porto pesqueiro e comercial e \u00e9 o cora\u00e7\u00e3o da regi\u00e3o, desempenhando um papel crucial na economia local e nacional. A cidade tamb\u00e9m \u00e9 reconhecida por [&hellip;]<\/p>\n","protected":false},"author":1,"featured_media":114050,"comment_status":"open","ping_status":"open","sticky":false,"template":"","format":"standard","meta":{"footnotes":""},"categories":[574,578,602],"tags":[],"class_list":["post-114049","post","type-post","status-publish","format-standard","has-post-thumbnail","hentry","category-blog-do-caminho","category-caminho-a-pe","category-vilas-e-comarcas"],"_links":{"self":[{"href":"https:\/\/www.mundiplus.com\/pt-pt\/wp-json\/wp\/v2\/posts\/114049","targetHints":{"allow":["GET"]}}],"collection":[{"href":"https:\/\/www.mundiplus.com\/pt-pt\/wp-json\/wp\/v2\/posts"}],"about":[{"href":"https:\/\/www.mundiplus.com\/pt-pt\/wp-json\/wp\/v2\/types\/post"}],"author":[{"embeddable":true,"href":"https:\/\/www.mundiplus.com\/pt-pt\/wp-json\/wp\/v2\/users\/1"}],"replies":[{"embeddable":true,"href":"https:\/\/www.mundiplus.com\/pt-pt\/wp-json\/wp\/v2\/comments?post=114049"}],"version-history":[{"count":0,"href":"https:\/\/www.mundiplus.com\/pt-pt\/wp-json\/wp\/v2\/posts\/114049\/revisions"}],"wp:featuredmedia":[{"embeddable":true,"href":"https:\/\/www.mundiplus.com\/pt-pt\/wp-json\/wp\/v2\/media\/114050"}],"wp:attachment":[{"href":"https:\/\/www.mundiplus.com\/pt-pt\/wp-json\/wp\/v2\/media?parent=114049"}],"wp:term":[{"taxonomy":"category","embeddable":true,"href":"https:\/\/www.mundiplus.com\/pt-pt\/wp-json\/wp\/v2\/categories?post=114049"},{"taxonomy":"post_tag","embeddable":true,"href":"https:\/\/www.mundiplus.com\/pt-pt\/wp-json\/wp\/v2\/tags?post=114049"}],"curies":[{"name":"wp","href":"https:\/\/api.w.org\/{rel}","templated":true}]}}