{"id":114180,"date":"2024-07-08T14:29:27","date_gmt":"2024-07-08T14:29:27","guid":{"rendered":"https:\/\/www.mundiplus.com\/o-caminho-de-santiago-para-pessoas-com-mobilidade-reduzida\/"},"modified":"2024-11-22T12:54:06","modified_gmt":"2024-11-22T12:54:06","slug":"o-caminho-de-santiago-para-pessoas-com-mobilidade-reduzida","status":"publish","type":"post","link":"https:\/\/www.mundiplus.com\/pt-pt\/blog\/o-caminho-para-pessoas-com-mobilidade-reduzida\/","title":{"rendered":"O Caminho de Santiago para pessoas com mobilidade reduzida"},"content":{"rendered":"<p><img fetchpriority=\"high\" decoding=\"async\" class=\"alignnone wp-image-105985 size-full\" src=\"https:\/\/www.mundiplus.com\/wp-content\/uploads\/2024\/07\/camino-de-santiago-movilidad-reducida-mundiplus.jpeg\" alt=\"\" width=\"1200\" height=\"800\" srcset=\"https:\/\/www.mundiplus.com\/wp-content\/uploads\/2024\/07\/camino-de-santiago-movilidad-reducida-mundiplus.jpeg 1200w, https:\/\/www.mundiplus.com\/wp-content\/uploads\/2024\/07\/camino-de-santiago-movilidad-reducida-mundiplus-300x200.jpeg 300w, https:\/\/www.mundiplus.com\/wp-content\/uploads\/2024\/07\/camino-de-santiago-movilidad-reducida-mundiplus-1024x683.jpeg 1024w, https:\/\/www.mundiplus.com\/wp-content\/uploads\/2024\/07\/camino-de-santiago-movilidad-reducida-mundiplus-768x512.jpeg 768w, https:\/\/www.mundiplus.com\/wp-content\/uploads\/2024\/07\/camino-de-santiago-movilidad-reducida-mundiplus-600x400.jpeg 600w\" sizes=\"(max-width: 1200px) 100vw, 1200px\" \/><\/p>\n<p><span style=\"font-weight: 400;\">\u00c0 medida que os anos foram passando, o <\/span><a href=\"https:\/\/www.mundiplus.com\/pt-pt\/\"><b>Caminho de Santiago organizado<\/b><\/a><span style=\"font-weight: 400;\"> tornou-se numa realidade. Hoje, entre outras coisas, permite que seja <\/span><b>muito mais acess\u00edvel para todo o tipo de peregrinos<\/b><span style=\"font-weight: 400;\">. Especialmente para aqueles que tenham algum tipo de defici\u00eancia ou problema de mobilidade.<\/span><\/p>\n<p><span style=\"font-weight: 400;\">N\u00e3o \u00e9 uma tarefa totalmente simples, pois para al\u00e9m da prepara\u00e7\u00e3o f\u00edsica, depende tamb\u00e9m em grande parte das <\/span><b>condi\u00e7\u00f5es do terreno em si<\/b><span style=\"font-weight: 400;\">. Dependendo da rota escolhida, por exemplo, a <\/span><a href=\"https:\/\/www.mundiplus.com\/pt-pt\/caminos\/a-pie\/camino-portugues\"><b>rota Portuguesa do Caminho de Santiago<\/b><\/a><span style=\"font-weight: 400;\">, pode tornar-se, em alguns casos, completamente inacess\u00edvel ou, pelo contr\u00e1rio, inadapt\u00e1vel.<\/span><\/p>\n<p><span style=\"font-weight: 400;\">Para estas situa\u00e7\u00f5es espec\u00edficas, foram ent\u00e3o estabelecidas <\/span><b>algumas rotas alternativas<\/b><span style=\"font-weight: 400;\">. Assim, \u00e9 poss\u00edvel ajudar peregrinos com algum problema de mobilidade, como aqueles que utilizam cadeiras de rodas.<\/span><\/p>\n<p>&nbsp;<\/p>\n<h2><b>O Caminho de Santiago e peregrinos com defici\u00eancia<\/b><\/h2>\n<p><img decoding=\"async\" class=\"alignnone wp-image-105987 size-full\" src=\"https:\/\/www.mundiplus.com\/wp-content\/uploads\/2024\/07\/Camino-de-Santiago-personas-movilidad-reducida-1.jpg\" alt=\"\" width=\"1024\" height=\"458\" srcset=\"https:\/\/www.mundiplus.com\/wp-content\/uploads\/2024\/07\/Camino-de-Santiago-personas-movilidad-reducida-1.jpg 1024w, https:\/\/www.mundiplus.com\/wp-content\/uploads\/2024\/07\/Camino-de-Santiago-personas-movilidad-reducida-1-300x134.jpg 300w, https:\/\/www.mundiplus.com\/wp-content\/uploads\/2024\/07\/Camino-de-Santiago-personas-movilidad-reducida-1-768x344.jpg 768w, https:\/\/www.mundiplus.com\/wp-content\/uploads\/2024\/07\/Camino-de-Santiago-personas-movilidad-reducida-1-600x268.jpg 600w\" sizes=\"(max-width: 1024px) 100vw, 1024px\" \/><\/p>\n<p><span style=\"font-weight: 400;\">O <\/span><a href=\"https:\/\/www.mundiplus.com\/pt-pt\/caminos\/a-pie\/camino-frances\/camino-de-santiago-desde-sarria\"><b>Caminho de Sarria a Santiago de Compostela organizado<\/b><\/a><span style=\"font-weight: 400;\"> tem uma longa hist\u00f3ria de centenas de anos. De facto,<\/span> <span style=\"font-weight: 400;\">j\u00e1 na Idade M\u00e9dia, muitas pessoas com problemas de mobilidade ou deficientes animavam-se a realizar este percurso <\/span><b>\u00e0 procura de um milagre ou cura<\/b><span style=\"font-weight: 400;\"> ao chegar at\u00e9 o t\u00famulo do Ap\u00f3stolo.<\/span><\/p>\n<p><span style=\"font-weight: 400;\">Apesar dos esfor\u00e7os, ainda h\u00e1 muito a fazer, pois os desafios para aqueles com problemas de mobilidade reduzida n\u00e3o s\u00e3o poucos. Por isso, <\/span><b>ter uma prepara\u00e7\u00e3o f\u00edsica adequada<\/b><span style=\"font-weight: 400;\"> antes de iniciar a <\/span><a href=\"https:\/\/www.mundiplus.com\/pt-pt\/caminos\/a-pie\/camino-frances\"><b>Rota Francesa do Caminho de Santiago<\/b><\/a><span style=\"font-weight: 400;\"> ser\u00e1 sempre a melhor recomenda\u00e7\u00e3o.<\/span><\/p>\n<p>&nbsp;<\/p>\n<h3><b>Treinamento pr\u00e9vio<\/b><\/h3>\n<p><span style=\"font-weight: 400;\">Independentemente da rota jacobeia que se escolha, por exemplo, o <\/span><a href=\"https:\/\/www.mundiplus.com\/pt-pt\/caminos\/a-pie\/camino-portugues\/camino-de-santiago-desde-tui\"><b>Caminho de Santiago Portugu\u00eas desde Tui<\/b><\/a><span style=\"font-weight: 400;\">, ter um treinamento pr\u00e9vio \u00e9 fundamental para qualquer peregrino. Especialmente para aqueles com algum tipo de defici\u00eancia.<\/span><\/p>\n<p><span style=\"font-weight: 400;\">E \u00e9 que, al\u00e9m de fortalecer o corpo, tamb\u00e9m permitir\u00e1 determinar o n\u00famero de <\/span><a href=\"https:\/\/www.mundiplus.com\/pt-pt\/caminos\/a-pie\/camino-norte\"><b>etapas do Caminho de Santiago do Norte<\/b><\/a><span style=\"font-weight: 400;\"> que se poderiam completar e os quil\u00f3metros a percorrer.<\/span><\/p>\n<p><b>Ganhar resist\u00eancia f\u00edsica<\/b><span style=\"font-weight: 400;\"> \u00e9 fundamental para qualquer peregrino, de modo que se possam estabelecer a quantidade de trechos nos quais cada etapa pode ser dividida.<\/span><\/p>\n<p>&nbsp;<\/p>\n<h3><b>Cadeiras de rodas adaptadas<\/b><\/h3>\n<p><span style=\"font-weight: 400;\">Aqui podemos dizer que existem duas op\u00e7\u00f5es principais: <\/span><b>adaptar a cadeira de rodas do dia a dia<\/b><span style=\"font-weight: 400;\"> ou, pelo contr\u00e1rio,<\/span><b> adquirir uma hand-bike<\/b><span style=\"font-weight: 400;\">. Esta \u00e9 uma esp\u00e9cie de cadeira de rodas utilizada para o ciclismo e <\/span><b>tem apenas tr\u00eas rodas.<\/b><\/p>\n<p><span style=\"font-weight: 400;\">Esta \u00faltima op\u00e7\u00e3o \u00e9 perfeita especialmente para aqueles que est\u00e3o em boa forma f\u00edsica. Entre outras coisas, permite-lhe <\/span><b>aceder a locais mais \u00edngremes<\/b><span style=\"font-weight: 400;\">, mantendo a estabilidade.<\/span><\/p>\n<p>&nbsp;<\/p>\n<h3><b>A rota recomendada<\/b><\/h3>\n<p><span style=\"font-weight: 400;\">Existem v\u00e1rias op\u00e7\u00f5es para chegar at\u00e9 Santiago de Compostela, mas<\/span> <span style=\"font-weight: 400;\">sem d\u00favida, <\/span><b>o Caminho Franc\u00eas \u00e9 o mais recomendado<\/b><span style=\"font-weight: 400;\">. \u00c9 o mais adaptado para pessoas com defici\u00eancia, e isso por uma raz\u00e3o simples: \u00e9 <\/span><b>o mais frequentado<\/b><span style=\"font-weight: 400;\">.<\/span><\/p>\n<p><span style=\"font-weight: 400;\">Claro que, como em qualquer viagem, o melhor \u00e9 <\/span><b>programar tudo com anteced\u00eancia<\/b><span style=\"font-weight: 400;\">: desde o n\u00famero de etapas que vai fazer, as paradas e, sobretudo, os alojamentos. Tenha em mente que, embora a grande maioria esteja adaptada, \u00e9 melhor evitar surpresas desagrad\u00e1veis.<\/span><\/p>\n<p>&nbsp;<\/p>\n<h3><b>O fator clim\u00e1tico<\/b><\/h3>\n<p><span style=\"font-weight: 400;\">Outra recomenda\u00e7\u00e3o a ter em conta \u00e9 a <\/span><b>\u00e9poca do ano<\/b><span style=\"font-weight: 400;\">, pois o fator tempo pode influenciar diretamente o desenvolvimento do percurso. Lembre-se que durante os meses de chuva, a maioria dos caminhos tornar-se-\u00e1 uma op\u00e7\u00e3o inacess\u00edvel, devido \u00e0 inunda\u00e7\u00e3o quase total.<\/span><\/p>\n<p><span style=\"font-weight: 400;\">O ver\u00e3o tende a ser a temporada em que o n\u00famero de peregrinos aumenta, pois coincide com as f\u00e9rias da maioria da popula\u00e7\u00e3o. No entanto, para pessoas com problemas de mobilidade, recomendamos as esta\u00e7\u00f5es menos movimentadas,<\/span><b> como \u00e9 o caso da primavera.<\/b><\/p>\n<p><span style=\"font-weight: 400;\">Deve-se ter sempre em mente que o Caminho de Santiago n\u00e3o representa, especialmente, uma competi\u00e7\u00e3o. Se n\u00e3o se sentir em condi\u00e7\u00f5es de fazer o percurso de uma s\u00f3 vez,<\/span> <span style=\"font-weight: 400;\">sempre ter\u00e1 a possibilidade de realizar diferentes etapas em diferentes \u00e9pocas do ano.<\/span><\/p>\n<p>&nbsp;<\/p>\n<h2><b>Recomenda\u00e7\u00f5es finais<\/b><\/h2>\n<p><img decoding=\"async\" class=\"alignnone wp-image-105983 size-full\" src=\"https:\/\/www.mundiplus.com\/wp-content\/uploads\/2024\/07\/Camino-de-Santiago-personas-silla-de-ruedas-1.jpg\" alt=\"\" width=\"1024\" height=\"641\" srcset=\"https:\/\/www.mundiplus.com\/wp-content\/uploads\/2024\/07\/Camino-de-Santiago-personas-silla-de-ruedas-1.jpg 1024w, https:\/\/www.mundiplus.com\/wp-content\/uploads\/2024\/07\/Camino-de-Santiago-personas-silla-de-ruedas-1-300x188.jpg 300w, https:\/\/www.mundiplus.com\/wp-content\/uploads\/2024\/07\/Camino-de-Santiago-personas-silla-de-ruedas-1-768x481.jpg 768w, https:\/\/www.mundiplus.com\/wp-content\/uploads\/2024\/07\/Camino-de-Santiago-personas-silla-de-ruedas-1-600x376.jpg 600w\" sizes=\"(max-width: 1024px) 100vw, 1024px\" \/><\/p>\n<p><span style=\"font-weight: 400;\">Embora, dependendo do tipo de defici\u00eancia que o peregrino tenha, as suas limita\u00e7\u00f5es variem drasticamente, existem algumas recomenda\u00e7\u00f5es gerais que se podem aplicar a todos os casos:<\/span><\/p>\n<ul>\n<li style=\"font-weight: 400;\" aria-level=\"1\"><b>Tente viajar sempre acompanhado ou em grupo<\/b><span style=\"font-weight: 400;\">, pois ser\u00e1 muito mais f\u00e1cil enfrentar qualquer tipo de dificuldade. Caso precise de ajuda, ser\u00e1 mais f\u00e1cil encontrar algu\u00e9m disposto a ajudar.<\/span><\/li>\n<li style=\"font-weight: 400;\" aria-level=\"1\"><b>Tente levar uma bagagem leve<\/b><span style=\"font-weight: 400;\">, pois uma mochila muito pesada pode tornar-se um problema durante os longos percursos.<\/span><\/li>\n<li style=\"font-weight: 400;\" aria-level=\"1\"><span style=\"font-weight: 400;\">A <\/span><b>hidrata\u00e7\u00e3o<\/b><span style=\"font-weight: 400;\"> deve ser sempre constante, especialmente se decidir fazer o percurso durante a temporada de calor. Pode<\/span> <span style=\"font-weight: 400;\">levar uma cantimplora e ench\u00ea-la ao longo do percurso.<\/span><\/li>\n<li style=\"font-weight: 400;\" aria-level=\"1\"><span style=\"font-weight: 400;\">A <\/span><b>indument\u00e1ria<\/b><span style=\"font-weight: 400;\">, como em qualquer outra viagem, \u00e9 fundamental. Quanto mais frescos forem os tecidos, melhor ser\u00e1 para o seu conforto. Al\u00e9m disso, lembre-se de levar sempre um chap\u00e9u ou bon\u00e9.<\/span><\/li>\n<li style=\"font-weight: 400;\" aria-level=\"1\"><span style=\"font-weight: 400;\">Por \u00faltimo, mas n\u00e3o menos importante, tente que o <\/span><b>protetor solar<\/b><span style=\"font-weight: 400;\"> seja sempre o seu melhor companheiro.<\/span><\/li>\n<\/ul>\n<p>&nbsp;<\/p>\n","protected":false},"excerpt":{"rendered":"<p>\u00c0 medida que os anos foram passando, o Caminho de Santiago organizado tornou-se numa realidade. Hoje, entre outras coisas, permite que seja muito mais acess\u00edvel para todo o tipo de peregrinos. Especialmente para aqueles que tenham algum tipo de defici\u00eancia ou problema de mobilidade. N\u00e3o \u00e9 uma tarefa totalmente simples, pois para al\u00e9m da prepara\u00e7\u00e3o [&hellip;]<\/p>\n","protected":false},"author":1,"featured_media":114182,"comment_status":"open","ping_status":"open","sticky":false,"template":"","format":"standard","meta":{"footnotes":""},"categories":[574,578,570,598],"tags":[],"class_list":["post-114180","post","type-post","status-publish","format-standard","has-post-thumbnail","hentry","category-blog-do-caminho","category-caminho-a-pe","category-condicionamento-fisico","category-preparativos-para-a-viagem"],"_links":{"self":[{"href":"https:\/\/www.mundiplus.com\/pt-pt\/wp-json\/wp\/v2\/posts\/114180","targetHints":{"allow":["GET"]}}],"collection":[{"href":"https:\/\/www.mundiplus.com\/pt-pt\/wp-json\/wp\/v2\/posts"}],"about":[{"href":"https:\/\/www.mundiplus.com\/pt-pt\/wp-json\/wp\/v2\/types\/post"}],"author":[{"embeddable":true,"href":"https:\/\/www.mundiplus.com\/pt-pt\/wp-json\/wp\/v2\/users\/1"}],"replies":[{"embeddable":true,"href":"https:\/\/www.mundiplus.com\/pt-pt\/wp-json\/wp\/v2\/comments?post=114180"}],"version-history":[{"count":0,"href":"https:\/\/www.mundiplus.com\/pt-pt\/wp-json\/wp\/v2\/posts\/114180\/revisions"}],"wp:featuredmedia":[{"embeddable":true,"href":"https:\/\/www.mundiplus.com\/pt-pt\/wp-json\/wp\/v2\/media\/114182"}],"wp:attachment":[{"href":"https:\/\/www.mundiplus.com\/pt-pt\/wp-json\/wp\/v2\/media?parent=114180"}],"wp:term":[{"taxonomy":"category","embeddable":true,"href":"https:\/\/www.mundiplus.com\/pt-pt\/wp-json\/wp\/v2\/categories?post=114180"},{"taxonomy":"post_tag","embeddable":true,"href":"https:\/\/www.mundiplus.com\/pt-pt\/wp-json\/wp\/v2\/tags?post=114180"}],"curies":[{"name":"wp","href":"https:\/\/api.w.org\/{rel}","templated":true}]}}