{"id":114310,"date":"2024-06-20T15:00:42","date_gmt":"2024-06-20T15:00:42","guid":{"rendered":"https:\/\/www.mundiplus.com\/a-rota-da-la-origens-e-evolucao\/"},"modified":"2024-11-22T17:34:51","modified_gmt":"2024-11-22T17:34:51","slug":"a-rota-da-la-origens-e-evolucao","status":"publish","type":"post","link":"https:\/\/www.mundiplus.com\/pt-pt\/blog\/a-rota-da-la-origens-e-evolucao\/","title":{"rendered":"A Rota da L\u00e3: origens e evolucao"},"content":{"rendered":"<p><img fetchpriority=\"high\" decoding=\"async\" class=\"alignnone wp-image-105715 size-full\" src=\"https:\/\/www.mundiplus.com\/wp-content\/uploads\/2024\/06\/ruta-de-la-lana-e1718894775541.jpg\" alt=\"\" width=\"1200\" height=\"788\" \/><\/p>\n<p><span style=\"font-weight: 400;\">Embora seja menos conhecida, a <\/span><b>Rota da L\u00e3<\/b><span style=\"font-weight: 400;\"> \u00e9 uma das rotas mais hist\u00f3ricas do Caminho de Santiago. Al\u00e9m da sua liga\u00e7\u00e3o religiosa, era uma via comercial que unia duas regi\u00f5es afastadas dentro da pen\u00ednsula. Desde os tempos medievais, esta rota tem sido <\/span><b>vital para o com\u00e9rcio de l\u00e3<\/b><span style=\"font-weight: 400;\">, um recurso essencial que deu nome a este caminho.<\/span><\/p>\n<p><span style=\"font-weight: 400;\">Neste artigo, vamos explorar as suas origens e a sua evolu\u00e7\u00e3o, descobrindo como transformou e enriqueceu as regi\u00f5es por onde passa. Vamos falar sobre a sua <\/span><b>import\u00e2ncia hist\u00f3rica e cultural<\/b><span style=\"font-weight: 400;\">, assim como a sua relev\u00e2ncia atual no contexto do turismo e do peregrinaje moderno.<\/span><\/p>\n<p><span style=\"font-weight: 400;\">Gostaria de conhecer mais sobre esta rota cheia de hist\u00f3ria e tradi\u00e7\u00f5es? A partir da <\/span><b>Mundiplus<\/b><span style=\"font-weight: 400;\">, a sua ag\u00eancia de <\/span><a href=\"https:\/\/www.mundiplus.com\/pt-pt\/\"><b>viagens organizadas do Caminho de Santiago de Compostela<\/b><\/a><span style=\"font-weight: 400;\">, contamos-lhe tudo sobre este trajeto, um dos mais longos at\u00e9 chegar \u00e0 Catedral.<\/span><\/p>\n<p>&nbsp;<\/p>\n<h2><b>Origens da Rota da L\u00e3<\/b><\/h2>\n<p><img decoding=\"async\" class=\"alignnone wp-image-105713 size-full\" src=\"https:\/\/www.mundiplus.com\/wp-content\/uploads\/2024\/06\/ruta-lana-camino-santiago-e1718894847834.jpg\" alt=\"\" width=\"1200\" height=\"750\" \/><\/p>\n<p><span style=\"font-weight: 400;\">Como j\u00e1 mencionamos, esta \u00e9 uma das rotas jacobeias menos conhecidas, mas n\u00e3o por isso menos importante. Conecta <\/span><b>o Levante (Val\u00eancia ou Alicante) e Castela<\/b><span style=\"font-weight: 400;\"> com o Caminho de Santiago, atravessando paisagens diversas e ricas em hist\u00f3ria. Para come\u00e7ar, vamos aprofundar-nos nos aspectos hist\u00f3ricos que moldaram esta rota singular.<\/span><\/p>\n<p>&nbsp;<\/p>\n<h3><b>Contexto hist\u00f3rico da Rota da L\u00e3<\/b><\/h3>\n<p><span style=\"font-weight: 400;\">Na <\/span><b>Idade M\u00e9dia<\/b><span style=\"font-weight: 400;\">, a economia europeia estava profundamente<\/span><b> influenciada pela produ\u00e7\u00e3o e com\u00e9rcio de l\u00e3<\/b><span style=\"font-weight: 400;\">. A Espanha, e particularmente Castela, era uma das principais regi\u00f5es produtoras de l\u00e3 de alta qualidade. N\u00e3o era apenas um bem de consumo, mas tamb\u00e9m um <\/span><b>produto de exporta\u00e7\u00e3o<\/b><span style=\"font-weight: 400;\"> vital, o que fomentou a cria\u00e7\u00e3o de rotas comerciais espec\u00edficas.<\/span><\/p>\n<p><span style=\"font-weight: 400;\">A liga\u00e7\u00e3o entre a l\u00e3 e o Caminho de Santiago estabeleceu-se devido \u00e0 <\/span><b>necessidade de transportar este valioso recurso para os principais centros comerciais europeus<\/b><span style=\"font-weight: 400;\">. Comerciantes e peregrinos frequentemente <\/span><b>utilizavam as mesmas rotas<\/b><span style=\"font-weight: 400;\">, o que permitiu a difus\u00e3o de produtos, ideias e cultura. <\/span><\/p>\n<p><span style=\"font-weight: 400;\">Este caminho servia como um eixo comercial que conectava os produtores aos mercados, e tamb\u00e9m como um caminho espiritual para os peregrinos rumo a Santiago de Compostela.<\/span><\/p>\n<p>&nbsp;<\/p>\n<h3><b>Primeiros registos e documenta\u00e7\u00e3o hist\u00f3rica<\/b><\/h3>\n<p><span style=\"font-weight: 400;\">Os primeiros registos encontram-se em<\/span><b> documentos e cr\u00f3nicas da Idade M\u00e9dia<\/b><span style=\"font-weight: 400;\">, onde se menciona a exist\u00eancia de caminhos utilizados para o transporte de l\u00e3 de Castela at\u00e9 ao norte de Espanha. Estes documentos detalham n\u00e3o s\u00f3 as rotas, mas tamb\u00e9m as <\/span><b>vilas e cidades<\/b><span style=\"font-weight: 400;\"> chave no com\u00e9rcio da l\u00e3.<\/span><\/p>\n<p><span style=\"font-weight: 400;\">As <\/span><b>cr\u00f3nicas hist\u00f3ricas e arquivos municipais<\/b><span style=\"font-weight: 400;\"> conservam testemunhos da import\u00e2ncia desta rota. Por exemplo, no s\u00e9culo XIII, o <\/span><b>Concelho de Cuenca<\/b><span style=\"font-weight: 400;\"> j\u00e1 mencionava a relev\u00e2ncia das rotas da l\u00e3 no seu desenvolvimento econ\u00f3mico. Al\u00e9m disso, registos da <\/span><b>Mesta<\/b><span style=\"font-weight: 400;\">, uma poderosa organiza\u00e7\u00e3o de pecu\u00e1rios, documentam o tr\u00e2nsito de l\u00e3 e a utiliza\u00e7\u00e3o de rotas espec\u00edficas.<\/span><\/p>\n<p>&nbsp;<\/p>\n<h2><b>Desenvolvimento e Evolu\u00e7\u00e3o da Rota da L\u00e3<\/b><\/h2>\n<p><img decoding=\"async\" class=\"alignnone wp-image-105711 size-full\" src=\"https:\/\/www.mundiplus.com\/wp-content\/uploads\/2024\/06\/ruta-lana-burgos-e1718894903574.jpg\" alt=\"\" width=\"1200\" height=\"756\" \/><\/p>\n<p><span style=\"font-weight: 400;\">Com o passar dos anos, a Rota da L\u00e3 experimentou um desenvolvimento e evolu\u00e7\u00e3o significativos ao longo dos s\u00e9culos. Desde a sua consolida\u00e7\u00e3o na Idade M\u00e9dia at\u00e9 as transforma\u00e7\u00f5es nas \u00e9pocas mais recentes, tem sido testemunha de in\u00fameros mudan\u00e7as econ\u00f3micas e sociais. Vamos explorar como estas mudan\u00e7as moldaram a rota ao longo dos diferentes per\u00edodos hist\u00f3ricos.<\/span><\/p>\n<p>&nbsp;<\/p>\n<h3><b>Expans\u00e3o e consolida\u00e7\u00e3o durante a Idade M\u00e9dia<\/b><\/h3>\n<p><span style=\"font-weight: 400;\">Como mencion\u00e1mos, <\/span><b>a crescente procura de l\u00e3 espanhola<\/b><span style=\"font-weight: 400;\"> de alta qualidade nos mercados europeus, especialmente na Flandres e em It\u00e1lia, impulsionou o desenvolvimento desta rota. Al\u00e9m disso, <\/span><b>o apoio da Coroa e a organiza\u00e7\u00e3o da Mesta<\/b><span style=\"font-weight: 400;\"> facilitaram a expans\u00e3o das atividades pecu\u00e1rias e comerciais.<\/span><\/p>\n<p><span style=\"font-weight: 400;\">As <\/span><b>rotas comerciais<\/b><span style=\"font-weight: 400;\"> que formavam a Rota da L\u00e3 conectavam importantes centros de produ\u00e7\u00e3o em Castela a portos e cidades chave, como <\/span><b>Cuenca, Burgos e Medina del Campo<\/b><span style=\"font-weight: 400;\">. Estes pontos de encontro eram vitais n\u00e3o s\u00f3 para o com\u00e9rcio, mas tamb\u00e9m para o interc\u00e2mbio cultural e social.<\/span><\/p>\n<p>&nbsp;<\/p>\n<h3><b>Transforma\u00e7\u00f5es na Idade Moderna e Contempor\u00e2nea<\/b><\/h3>\n<p><span style=\"font-weight: 400;\">Na Idade Moderna, a Rota da L\u00e3 experimentou importantes transforma\u00e7\u00f5es devido \u00e0s mudan\u00e7as no com\u00e9rcio e na ind\u00fastria. O <\/span><b>aparecimento de novas rotas mar\u00edtimas<\/b><span style=\"font-weight: 400;\"> e o auge de outras ind\u00fastrias reduziram a depend\u00eancia do com\u00e9rcio de l\u00e3. No entanto, a rota continuou a ser utilizada, adaptando-se \u00e0s novas circunst\u00e2ncias econ\u00f3micas.<\/span><\/p>\n<p><span style=\"font-weight: 400;\">O impacto das guerras e de eventos hist\u00f3ricos (como a Guerra da Sucess\u00e3o Espanhola e as Guerras Napole\u00f3nicas), tamb\u00e9m afetou a Rota da L\u00e3. Estes conflitos <\/span><b>alteraram as din\u00e2micas comerciais<\/b><span style=\"font-weight: 400;\"> e provocaram a reorganiza\u00e7\u00e3o das rotas.<\/span><\/p>\n<p><span style=\"font-weight: 400;\">Hoje, a rota ressurgiu como um <\/span><b>caminho cultural e tur\u00edstico<\/b><span style=\"font-weight: 400;\">. As suas conota\u00e7\u00f5es s\u00e3o as mesmas de fazer o <\/span><a href=\"https:\/\/www.mundiplus.com\/pt-pt\/caminos\/a-pie\/camino-frances\/camino-de-santiago-desde-sarria\"><b>viagem do Caminho de Santiago de Compostela desde Sarria<\/b><\/a><span style=\"font-weight: 400;\">, embora neste caso tenhas de caminhar muito mais.<\/span><\/p>\n<p>&nbsp;<\/p>\n<h2><b>A Rota da L\u00e3 na Atualidade<\/b><\/h2>\n<p><span style=\"font-weight: 400;\">Sim, hoje em dia \u00e9 uma via de grande interesse para peregrinos e turistas. A sua rica hist\u00f3ria e a atratividade das suas paisagens levaram a v\u00e1rias <\/span><b>iniciativas para a sua revaloriza\u00e7\u00e3o e promo\u00e7\u00e3o<\/b><span style=\"font-weight: 400;\">. A seguir, vamos explorar como se tem trabalhado para conservar e promover esta rota, e que infraestruturas e servi\u00e7os s\u00e3o atualmente oferecidos aos peregrinos.<\/span><\/p>\n<p><span style=\"font-weight: 400;\"><span style=\"font-weight: 400;\">A revaloriza\u00e7\u00e3o foi poss\u00edvel gra\u00e7as a m\u00faltiplas <\/span><b>iniciativas de conserva\u00e7\u00e3o e promo\u00e7\u00e3o<\/b><span style=\"font-weight: 400;\">. Organiza\u00e7\u00f5es locais e governos regionais t\u00eam colaborado em projetos para restaurar e sinalizar o caminho, al\u00e9m de promover a sua hist\u00f3ria e patrim\u00f3nio.<\/span><\/span><\/p>\n<p><span style=\"font-weight: 400;\">A infraestrutura para os peregrinos tem melhorado significativamente nos \u00faltimos anos. Ao longo da Rota da L\u00e3, foram estabelecidos diversos alojamentos, desde albergues tradicionais at\u00e9 hot\u00e9is rurais, oferecendo op\u00e7\u00f5es para todos os or\u00e7amentos.<\/span><\/p>\n<p><span style=\"font-weight: 400;\">A sinaliza\u00e7\u00e3o do caminho <\/span><b>tem sido uma prioridade na sua revaloriza\u00e7\u00e3o<\/b><span style=\"font-weight: 400;\">. Sinais claros e bem posicionados orientam ao longo do percurso, garantindo que o caminho possa ser seguido com facilidade e seguran\u00e7a. Al\u00e9m disso, foram instalados pain\u00e9is informativos que oferecem detalhes sobre a hist\u00f3ria e a cultura das \u00e1reas atravessadas pela rota.<\/span><\/p>\n<p>&nbsp;<\/p>\n<h2><b>Itiner\u00e1rio da Rota da L\u00e3<\/b><\/h2>\n<p><span style=\"font-weight: 400;\">A seguir, apresentamos um itiner\u00e1rio detalhado das v\u00e1rias etapas da <\/span><b>Rota da L\u00e3<\/b><span style=\"font-weight: 400;\"> partindo de Alicante (Pode-se fazer tamb\u00e9m a partir de Val\u00eancia, mas este ponto de origem preferimos deix\u00e1-lo para falar do Caminho de Levante).<\/span><\/p>\n<p><span style=\"font-weight: 400;\">Ir\u00e1 percorrer cerca de 700 quil\u00f3metros por 6 prov\u00edncias at\u00e9 chegar a Burgos, onde se conectar\u00e1 com o <\/span><a href=\"https:\/\/www.mundiplus.com\/pt-pt\/caminos\/a-pie\/camino-frances\"><b>Caminho Franc\u00eas<\/b><\/a><span style=\"font-weight: 400;\">.<\/span><\/p>\n<ul>\n<li style=\"font-weight: 400;\" aria-level=\"1\"><b>Etapa 1:<\/b><span style=\"font-weight: 400;\"> Alicante-Orito &#8211; 23 km<\/span><\/li>\n<li style=\"font-weight: 400;\" aria-level=\"1\"><b>Etapa 2:<\/b><span style=\"font-weight: 400;\"> Orito-Petrer &#8211; 20 km<\/span><\/li>\n<li style=\"font-weight: 400;\" aria-level=\"1\"><b>Etapa 3:<\/b><span style=\"font-weight: 400;\"> Petrer-Villena &#8211; 21 km<\/span><\/li>\n<li style=\"font-weight: 400;\" aria-level=\"1\"><b>Etapa 4:<\/b><span style=\"font-weight: 400;\"> Villena-Caudete (<\/span><b>j\u00e1 em Albacete<\/b><span style=\"font-weight: 400;\">) &#8211; 15 km<\/span><\/li>\n<li style=\"font-weight: 400;\" aria-level=\"1\"><b>Etapa 5:<\/b><span style=\"font-weight: 400;\"> Caudete-Almansa &#8211; 26 km<\/span><\/li>\n<li style=\"font-weight: 400;\" aria-level=\"1\"><b>Etapa 6:<\/b><span style=\"font-weight: 400;\"> Almansa-Alpera &#8211; 22 km<\/span><\/li>\n<li style=\"font-weight: 400;\" aria-level=\"1\"><b>Etapa 7:<\/b><span style=\"font-weight: 400;\"> Alpera-Alatoz &#8211; 26 km<\/span><\/li>\n<li style=\"font-weight: 400;\" aria-level=\"1\"><b>Etapa 8: <\/b><span style=\"font-weight: 400;\">Alatoz-Casas Ib\u00e1\u00f1ez &#8211; 30 km<\/span><\/li>\n<li style=\"font-weight: 400;\" aria-level=\"1\"><b>Etapa 9:<\/b><span style=\"font-weight: 400;\"> Casas Ib\u00e1\u00f1ez-Villarta (<\/span><b>j\u00e1 em Cuenca<\/b><span style=\"font-weight: 400;\">) &#8211; 27 km<\/span><\/li>\n<li style=\"font-weight: 400;\" aria-level=\"1\"><b>Etapa 10:<\/b><span style=\"font-weight: 400;\"> Villarta-Campillo de Altobuey &#8211; 30 km<\/span><\/li>\n<li style=\"font-weight: 400;\" aria-level=\"1\"><b>Etapa 11:<\/b><span style=\"font-weight: 400;\"> Campillo de Altobuey-Monteagudo de las Salinas &#8211; 31 km<\/span><\/li>\n<li style=\"font-weight: 400;\" aria-level=\"1\"><b>Etapa 12:<\/b><span style=\"font-weight: 400;\"> Monteagudo de las Salinas-Fuentes &#8211; 23 km<\/span><\/li>\n<li style=\"font-weight: 400;\" aria-level=\"1\"><b>Etapa 13:<\/b><span style=\"font-weight: 400;\"> Fuentes-Cuenca &#8211; 22 km<\/span><\/li>\n<li style=\"font-weight: 400;\" aria-level=\"1\"><b>Etapa 14:<\/b><span style=\"font-weight: 400;\"> Cuenca-Bascu\u00f1ana de San Pedro &#8211; 24 km<\/span><\/li>\n<li style=\"font-weight: 400;\" aria-level=\"1\"><b>Etapa 15:<\/b><span style=\"font-weight: 400;\"> Bascu\u00f1ana de San Pedro-Villaconejos de Trabaque &#8211; 27 km<\/span><\/li>\n<li style=\"font-weight: 400;\" aria-level=\"1\"><b>Etapa 16:<\/b><span style=\"font-weight: 400;\"> Villaconejos de Trabaque-Salmer\u00f3n (<\/span><b>j\u00e1 em Guadalajara<\/b><span style=\"font-weight: 400;\">) &#8211; 28 km<\/span><\/li>\n<li style=\"font-weight: 400;\" aria-level=\"1\"><b>Etapa 17:<\/b><span style=\"font-weight: 400;\"> Salmer\u00f3n-Viana de Mond\u00e9jar &#8211; 22 km<\/span><\/li>\n<li style=\"font-weight: 400;\" aria-level=\"1\"><b>Etapa 18:<\/b><span style=\"font-weight: 400;\"> Viana de Mond\u00e9jar- Cifuentes &#8211; 20 km<\/span><\/li>\n<li style=\"font-weight: 400;\" aria-level=\"1\"><b>Etapa 19:<\/b><span style=\"font-weight: 400;\"> Cifuentes-Mandayona<\/span> <span style=\"font-weight: 400;\">&#8211; 26 km<\/span><\/li>\n<li style=\"font-weight: 400;\" aria-level=\"1\"><b>Etapa 20:<\/b><span style=\"font-weight: 400;\"> Mandayona-Atienza &#8211; 36 km<\/span><\/li>\n<li style=\"font-weight: 400;\" aria-level=\"1\"><b>Etapa 21:<\/b><span style=\"font-weight: 400;\"> Atienza-Retortillo de Soria (<\/span><b>j\u00e1 em Soria<\/b><span style=\"font-weight: 400;\">) &#8211; 22 km<\/span><\/li>\n<li style=\"font-weight: 400;\" aria-level=\"1\"><b>Etapa 22:<\/b><span style=\"font-weight: 400;\"> Retortillo de Soria-Fresno de Caracena &#8211; 24 km<\/span><\/li>\n<li style=\"font-weight: 400;\" aria-level=\"1\"><b>Etapa 23:<\/b><span style=\"font-weight: 400;\"> Fresno de Caracena-San Esteban de Gormaz &#8211; 19 km<\/span><\/li>\n<li style=\"font-weight: 400;\" aria-level=\"1\"><b>Etapa 24:<\/b><span style=\"font-weight: 400;\"> San Esteban de Gormaz-Quintanarraya<\/span> <span style=\"font-weight: 400;\"> (<\/span><b>j\u00e1 em Burgos<\/b><span style=\"font-weight: 400;\">) &#8211; 31 km<\/span><\/li>\n<li style=\"font-weight: 400;\" aria-level=\"1\"><b>Etapa 25:<\/b><span style=\"font-weight: 400;\"> Quintanarraya-Santo Domingo de Silos<\/span> <span style=\"font-weight: 400;\"> &#8211; 25 km<\/span><\/li>\n<li style=\"font-weight: 400;\" aria-level=\"1\"><b>Etapa 26:<\/b><span style=\"font-weight: 400;\"> Santo Domingo de Silos-Mecerreyes &#8211; 23 km<\/span><\/li>\n<li style=\"font-weight: 400;\" aria-level=\"1\"><b>Etapa 27:<\/b><span style=\"font-weight: 400;\"> Mecerreyes- Burgos &#8211; 35 km<\/span><\/li>\n<\/ul>\n<p><span style=\"font-weight: 400;\">A <\/span><b>Rota da L\u00e3<\/b><span style=\"font-weight: 400;\"> oferece uma variedade de paisagens que mudam \u00e0 medida que avan\u00e7a por estas prov\u00edncias. Ao longo do caminho, atravessa-se<\/span><b> desde as plan\u00edcies e vinhedos de Alicante<\/b><span style=\"font-weight: 400;\"> at\u00e9 as colinas ondulantes e bosques de Castilla-La Mancha.<\/span><\/p>\n<p><span style=\"font-weight: 400;\">Os peregrinos desfrutar\u00e3o da tranquilidade dos <\/span><b>campos da Mancha<\/b><span style=\"font-weight: 400;\">, passando por aldeias e vilas hist\u00f3ricas, muitas das quais mant\u00eam a ess\u00eancia de \u00e9pocas passadas. Comparada com o <\/span><a href=\"https:\/\/www.mundiplus.com\/pt-pt\/caminos\/a-pie\/camino-norte\"><b>Caminho do Norte<\/b><\/a><span style=\"font-weight: 400;\">, esta rota \u00e9 menos montanhosa, oferecendo uma experi\u00eancia de caminhada mais relaxante, embora com dist\u00e2ncias longas entre alguns pontos.<\/span><\/p>\n<p><span style=\"font-weight: 400;\">Tamb\u00e9m se distingue do <\/span><a href=\"https:\/\/www.mundiplus.com\/pt-pt\/caminos\/a-pie\/camino-portugues\"><b>Caminho Portugu\u00eas<\/b><\/a><span style=\"font-weight: 400;\"> e do <\/span><a href=\"https:\/\/www.mundiplus.com\/pt-pt\/caminos\/a-pie\/camino-portugues\/camino-de-santiago-desde-tui\"><b>Caminho de Santiago Portugu\u00eas desde Tui<\/b><\/a><span style=\"font-weight: 400;\"> ao <\/span><b>manter-se longe do mar<\/b><span style=\"font-weight: 400;\">, atravessando em vez disso o cora\u00e7\u00e3o agr\u00edcola e pecu\u00e1rio de Espanha. As paisagens naturais, como o <\/span><b>Parque Natural do Rio Cabriel e o C\u00e2nion do Rio Caracena<\/b><span style=\"font-weight: 400;\">, oferecem vistas espetaculares e momentos de conex\u00e3o com a natureza.<\/span><\/p>\n","protected":false},"excerpt":{"rendered":"<p>Embora seja menos conhecida, a Rota da L\u00e3 \u00e9 uma das rotas mais hist\u00f3ricas do Caminho de Santiago. Al\u00e9m da sua liga\u00e7\u00e3o religiosa, era uma via comercial que unia duas regi\u00f5es afastadas dentro da pen\u00ednsula. Desde os tempos medievais, esta rota tem sido vital para o com\u00e9rcio de l\u00e3, um recurso essencial que deu nome [&hellip;]<\/p>\n","protected":false},"author":1,"featured_media":114312,"comment_status":"open","ping_status":"open","sticky":false,"template":"","format":"standard","meta":{"footnotes":""},"categories":[574,578,586,606],"tags":[],"class_list":["post-114310","post","type-post","status-publish","format-standard","has-post-thumbnail","hentry","category-blog-do-caminho","category-caminho-a-pe","category-historia-pt","category-locais-iconicos"],"_links":{"self":[{"href":"https:\/\/www.mundiplus.com\/pt-pt\/wp-json\/wp\/v2\/posts\/114310","targetHints":{"allow":["GET"]}}],"collection":[{"href":"https:\/\/www.mundiplus.com\/pt-pt\/wp-json\/wp\/v2\/posts"}],"about":[{"href":"https:\/\/www.mundiplus.com\/pt-pt\/wp-json\/wp\/v2\/types\/post"}],"author":[{"embeddable":true,"href":"https:\/\/www.mundiplus.com\/pt-pt\/wp-json\/wp\/v2\/users\/1"}],"replies":[{"embeddable":true,"href":"https:\/\/www.mundiplus.com\/pt-pt\/wp-json\/wp\/v2\/comments?post=114310"}],"version-history":[{"count":0,"href":"https:\/\/www.mundiplus.com\/pt-pt\/wp-json\/wp\/v2\/posts\/114310\/revisions"}],"wp:featuredmedia":[{"embeddable":true,"href":"https:\/\/www.mundiplus.com\/pt-pt\/wp-json\/wp\/v2\/media\/114312"}],"wp:attachment":[{"href":"https:\/\/www.mundiplus.com\/pt-pt\/wp-json\/wp\/v2\/media?parent=114310"}],"wp:term":[{"taxonomy":"category","embeddable":true,"href":"https:\/\/www.mundiplus.com\/pt-pt\/wp-json\/wp\/v2\/categories?post=114310"},{"taxonomy":"post_tag","embeddable":true,"href":"https:\/\/www.mundiplus.com\/pt-pt\/wp-json\/wp\/v2\/tags?post=114310"}],"curies":[{"name":"wp","href":"https:\/\/api.w.org\/{rel}","templated":true}]}}