{"id":114325,"date":"2024-06-20T13:49:20","date_gmt":"2024-06-20T13:49:20","guid":{"rendered":"https:\/\/www.mundiplus.com\/a-peregrinacao-a-lourdes-e-a-relacao-com-o-caminho-de-santiago\/"},"modified":"2024-11-22T18:03:36","modified_gmt":"2024-11-22T18:03:36","slug":"a-peregrinacao-a-lourdes-e-a-relacao-com-o-caminho-de-santiago","status":"publish","type":"post","link":"https:\/\/www.mundiplus.com\/pt-pt\/blog\/lourdes-e-o-relacao-com-o-caminho-de-santiago\/","title":{"rendered":"A peregrina\u00e7\u00e3o a Lourdes e a rela\u00e7\u00e3o com o Caminho de Santiago"},"content":{"rendered":"<p><img fetchpriority=\"high\" decoding=\"async\" class=\"alignnone wp-image-105687 size-full\" src=\"https:\/\/www.mundiplus.com\/wp-content\/uploads\/2024\/06\/basilica-lourdes-francia-scaled-e1718889546764.jpg\" alt=\"\" width=\"1200\" height=\"801\" \/><\/p>\n<p><span style=\"font-weight: 400;\">Se deseja realizar uma viagem repleta de espiritualidade e devo\u00e7\u00e3o, significa que precisa explorar os destinos mais reverenciados da Europa. <\/span><b>Que liga\u00e7\u00f5es e semelhan\u00e7as unem a venerada peregrina\u00e7\u00e3o a Lourdes com o ic\u00f3nico Caminho de Santiago?<\/b><\/p>\n<p><span style=\"font-weight: 400;\">Atrav\u00e9s de uma an\u00e1lise minuciosa, explicaremos como essas duas rotas sagradas se entrela\u00e7am. Descobrir\u00e1 tamb\u00e9m que cada passo dado nelas pode lev\u00e1-lo a profundas reflex\u00f5es sobre a f\u00e9, a cura e o prop\u00f3sito humano. N\u00e3o perca esta fa\u00e7anha espiritual que transcende fronteiras e tempos.<\/span><\/p>\n<p>&nbsp;<\/p>\n<h2><b>Lourdes: Um santu\u00e1rio de renome mundial<\/b><\/h2>\n<p><img decoding=\"async\" class=\"wp-image-105685 size-full\" src=\"https:\/\/www.mundiplus.com\/wp-content\/uploads\/2024\/06\/basilica-lourdes-franc-ia-camino-de-santiago-scaled-e1718889616974.jpg\" alt=\"\" width=\"1200\" height=\"740\" \/><\/p>\n<p><b>Lourdes<\/b><span style=\"font-weight: 400;\">, uma pequena vila no sudoeste de Fran\u00e7a, tornou-se um dos destinos de peregrina\u00e7\u00e3o mais importantes do mundo. A sua fama deve-se, em grande parte, \u00e0s <\/span><b>apari\u00e7\u00f5es marianas<\/b><span style=\"font-weight: 400;\"> supostamente testemunhadas por uma jovem chamada Bernadette Soubirous em 1858.<\/span><\/p>\n<p><span style=\"font-weight: 400;\">Segundo a tradi\u00e7\u00e3o, a Virgem Maria apareceu-lhe <\/span><b>dezoito vezes numa gruta pr\u00f3xima<\/b><span style=\"font-weight: 400;\">, agora conhecida como a Gruta de Massabielle. Os milagres atribu\u00eddos a Lourdes s\u00e3o numerosos, tais como curas f\u00edsicas e convers\u00f5es espirituais.<\/span><\/p>\n<p><span style=\"font-weight: 400;\">Muitos peregrinos procuram informa\u00e7\u00f5es na nossa <\/span><a href=\"https:\/\/www.mundiplus.com\/pt-pt\/\"><b>empresa organizadora do Caminho de Santiago de Compostela<\/b><\/a><span style=\"font-weight: 400;\"> para saber mais sobre este local t\u00e3o visitado. N\u00f3s explicamos todos os detalhes sobre este lugar t\u00e3o procurado.<\/span><\/p>\n<p><span style=\"font-weight: 400;\">De modo geral, os caminhantes v\u00e3o ao santu\u00e1rio em busca de <\/span><b>cura e consolo espiritual<\/b><span style=\"font-weight: 400;\">. Para a Igreja Cat\u00f3lica, Lourdes \u00e9 um <\/span><b>local de peregrina\u00e7\u00e3o oficialmente reconhecido<\/b><span style=\"font-weight: 400;\">, com milhares de fi\u00e9is a visitar todos os anos para vivenciar a presen\u00e7a divina.<\/span><\/p>\n<p><span style=\"font-weight: 400;\">O significado religioso e espiritual de Lourdes para os peregrinos \u00e9 profundo. A f\u00e9 na intercess\u00e3o da Virgem Maria e a possibilidade de receber cura f\u00edsica e espiritual atraem crentes de todo o mundo.<\/span><\/p>\n<p><span style=\"font-weight: 400;\">Est\u00e1 claro que Lourdes \u00e9 um local de <\/span><b>esperan\u00e7a e renova\u00e7\u00e3o espiritual<\/b><span style=\"font-weight: 400;\">. Aqui, a f\u00e9 \u00e9 fortalecida e \u00e9 poss\u00edvel experimentar o poder do amor divino.<\/span><\/p>\n<p>&nbsp;<\/p>\n<h2><b>O Caminho de Santiago: Uma travessia centen\u00e1ria<\/b><\/h2>\n<p><img decoding=\"async\" class=\"alignnone wp-image-105683 size-full\" src=\"https:\/\/www.mundiplus.com\/wp-content\/uploads\/2024\/06\/basilica-lourdes.jpg\" alt=\"\" width=\"1280\" height=\"853\" srcset=\"https:\/\/www.mundiplus.com\/wp-content\/uploads\/2024\/06\/basilica-lourdes.jpg 1280w, https:\/\/www.mundiplus.com\/wp-content\/uploads\/2024\/06\/basilica-lourdes-300x200.jpg 300w, https:\/\/www.mundiplus.com\/wp-content\/uploads\/2024\/06\/basilica-lourdes-1024x682.jpg 1024w, https:\/\/www.mundiplus.com\/wp-content\/uploads\/2024\/06\/basilica-lourdes-768x512.jpg 768w, https:\/\/www.mundiplus.com\/wp-content\/uploads\/2024\/06\/basilica-lourdes-600x400.jpg 600w\" sizes=\"(max-width: 1280px) 100vw, 1280px\" \/><\/p>\n<p><span style=\"font-weight: 400;\">O <\/span><b>Caminho de Santiago<\/b><span style=\"font-weight: 400;\"> \u00e9 uma das rotas de peregrina\u00e7\u00e3o mais antigas e populares do mundo crist\u00e3o. Com uma hist\u00f3ria que remonta ao s\u00e9culo IX, o percurso est\u00e1 ligado \u00e0 descoberta do t\u00famulo do ap\u00f3stolo Santiago na catedral de Santiago de Compostela, na Galiza, Espanha.<\/span><\/p>\n<p><span style=\"font-weight: 400;\">Ao longo dos s\u00e9culos, a <\/span><a href=\"https:\/\/www.mundiplus.com\/pt-pt\/caminos\/a-pie\/camino-frances\/camino-de-santiago-desde-sarria\"><b>viagem do Caminho de Santiago Franc\u00eas desde Sarria<\/b><\/a><span style=\"font-weight: 400;\"> foi percorrida por milh\u00f5es de peregrinos de diversas culturas e cren\u00e7as religiosas. E esta \u00e9 a dist\u00e2ncia m\u00ednima para que se conceda a Compostela.<\/span><\/p>\n<p><span style=\"font-weight: 400;\">A rota principal, conhecida como o Caminho Franc\u00eas, come\u00e7a nos Piren\u00e9us e atravessa diversas regi\u00f5es de Espanha at\u00e9 chegar a Santiago de Compostela. No entanto, existem v\u00e1rias rotas secund\u00e1rias que convergem no mesmo destino, cada uma com a sua pr\u00f3pria beleza e desafios.<\/span><\/p>\n<p><span style=\"font-weight: 400;\">A experi\u00eancia de peregrinar pelo <\/span><a href=\"https:\/\/www.mundiplus.com\/pt-pt\/caminos\/a-pie\/camino-frances\"><b>Caminho Franc\u00eas a Santiago<\/b><\/a> <span style=\"font-weight: 400;\">\u00e9 \u00fanica. Os peregrinos caminham quil\u00f3metros todos os dias, enfrentando desafios f\u00edsicos e emocionais enquanto atravessam paisagens variadas e conhecem novas pessoas e culturas.<\/span><\/p>\n<p><span style=\"font-weight: 400;\">A camaradagem entre os visitantes \u00e9 uma parte essencial do percurso. Vai apreciar a solidariedade e o apoio m\u00fatuo ao longo da jornada.<\/span><\/p>\n<p>&nbsp;<\/p>\n<h2><b>A liga\u00e7\u00e3o entre Lourdes e o Caminho de Santiago<\/b><\/h2>\n<p><span style=\"font-weight: 400;\">Lourdes, um santu\u00e1rio mariano em Fran\u00e7a, e o Caminho de Santiago, uma rota de peregrina\u00e7\u00e3o que atravessa Espanha, est\u00e3o separados por centenas de quil\u00f3metros. No entanto, est\u00e3o unidos por uma <\/span><b>devo\u00e7\u00e3o partilhada<\/b><span style=\"font-weight: 400;\">.<\/span><\/p>\n<p><span style=\"font-weight: 400;\">Os peregrinos que percorrem o <\/span><a href=\"https:\/\/www.mundiplus.com\/pt-pt\/caminos\/a-pie\/camino-portugues\"><b>Caminho Portugu\u00eas a Santiago<\/b><\/a><span style=\"font-weight: 400;\"> (uma das rotas que convergem no destino final), muitas vezes levam consigo esperan\u00e7as semelhantes \u00e0s de quem viaja at\u00e9 Lourdes em busca de cura e conex\u00e3o espiritual.<\/span><\/p>\n<p><span style=\"font-weight: 400;\">A experi\u00eancia de caminhar quil\u00f3metros, enfrentar desafios f\u00edsicos e mentais, e encontrar companheirismo na rota reflete a busca de f\u00e9 e cura que tamb\u00e9m ocorre em Lourdes. Al\u00e9m disso, a presen\u00e7a da Virgem Maria e Santiago como intercessores \u00e9 uma constante em ambas as peregrina\u00e7\u00f5es, onde os crentes depositam a sua confian\u00e7a na possibilidade de milagres e na orienta\u00e7\u00e3o divina.<\/span><\/p>\n<p><span style=\"font-weight: 400;\">Assim, embora separados pela geografia, Lourdes e o Caminho de Santiago est\u00e3o <\/span><b>unidos pela for\u00e7a da f\u00e9 e pela busca do transcendental<\/b><span style=\"font-weight: 400;\">.<\/span><\/p>\n<p>&nbsp;<\/p>\n<h2><b>Prepara\u00e7\u00e3o para a peregrina\u00e7\u00e3o<\/b><\/h2>\n<p><span style=\"font-weight: 400;\">Antes de iniciar o percurso, \u00e9 importante que <\/span><b>te<\/b> <b>prepares f\u00edsica, mental e espiritualmente<\/b><span style=\"font-weight: 400;\">. A caminhada pode ser exigente fisicamente, especialmente nas diferentes <\/span><a href=\"https:\/\/www.mundiplus.com\/pt-pt\/caminos\/a-pie\/camino-norte\"><b>etapas do Caminho do Norte a Santiago<\/b><\/a><span style=\"font-weight: 400;\">. Por isso, recomendamos que estejas em boa forma e que leves o equipamento adequado.<\/span><\/p>\n<p><span style=\"font-weight: 400;\">Neste sentido, usa cal\u00e7ado confort\u00e1vel que proteja os teus p\u00e9s em longas jornadas, roupa vers\u00e1til para enfrentar qualquer clima que encontres pelo caminho e uma mochila leve com o essencial para a tua viagem. Desta forma, poder\u00e1s <\/span><b>desfrutar plenamente da experi\u00eancia da peregrina\u00e7\u00e3o<\/b><span style=\"font-weight: 400;\">.<\/span><\/p>\n<p><span style=\"font-weight: 400;\">Igualmente, se optares por caminhar pelas <\/span><a href=\"https:\/\/www.mundiplus.com\/pt-pt\/caminos\/a-pie\/camino-portugues\/camino-de-santiago-desde-tui\"><b>etapas do Caminho de Santiago desde Tui<\/b><\/a><span style=\"font-weight: 400;\">, n\u00e3o te esque\u00e7as de ter em conta o aspecto espiritual. A peregrina\u00e7\u00e3o \u00e9 uma oportunidade para reflex\u00e3o pessoal e renova\u00e7\u00e3o interior.<\/span><\/p>\n<p><span style=\"font-weight: 400;\">Em definitivo, dedica tempo \u00e0 ora\u00e7\u00e3o e medita\u00e7\u00e3o, prepara o teu corpo, cora\u00e7\u00e3o e mente para a <\/span><b>experi\u00eancia transformadora<\/b><span style=\"font-weight: 400;\"> que te espera.<\/span><\/p>\n","protected":false},"excerpt":{"rendered":"<p>Se deseja realizar uma viagem repleta de espiritualidade e devo\u00e7\u00e3o, significa que precisa explorar os destinos mais reverenciados da Europa. Que liga\u00e7\u00f5es e semelhan\u00e7as unem a venerada peregrina\u00e7\u00e3o a Lourdes com o ic\u00f3nico Caminho de Santiago? Atrav\u00e9s de uma an\u00e1lise minuciosa, explicaremos como essas duas rotas sagradas se entrela\u00e7am. Descobrir\u00e1 tamb\u00e9m que cada passo dado [&hellip;]<\/p>\n","protected":false},"author":1,"featured_media":114328,"comment_status":"open","ping_status":"open","sticky":false,"template":"","format":"standard","meta":{"footnotes":""},"categories":[574,578],"tags":[],"class_list":["post-114325","post","type-post","status-publish","format-standard","has-post-thumbnail","hentry","category-blog-do-caminho","category-caminho-a-pe"],"_links":{"self":[{"href":"https:\/\/www.mundiplus.com\/pt-pt\/wp-json\/wp\/v2\/posts\/114325","targetHints":{"allow":["GET"]}}],"collection":[{"href":"https:\/\/www.mundiplus.com\/pt-pt\/wp-json\/wp\/v2\/posts"}],"about":[{"href":"https:\/\/www.mundiplus.com\/pt-pt\/wp-json\/wp\/v2\/types\/post"}],"author":[{"embeddable":true,"href":"https:\/\/www.mundiplus.com\/pt-pt\/wp-json\/wp\/v2\/users\/1"}],"replies":[{"embeddable":true,"href":"https:\/\/www.mundiplus.com\/pt-pt\/wp-json\/wp\/v2\/comments?post=114325"}],"version-history":[{"count":0,"href":"https:\/\/www.mundiplus.com\/pt-pt\/wp-json\/wp\/v2\/posts\/114325\/revisions"}],"wp:featuredmedia":[{"embeddable":true,"href":"https:\/\/www.mundiplus.com\/pt-pt\/wp-json\/wp\/v2\/media\/114328"}],"wp:attachment":[{"href":"https:\/\/www.mundiplus.com\/pt-pt\/wp-json\/wp\/v2\/media?parent=114325"}],"wp:term":[{"taxonomy":"category","embeddable":true,"href":"https:\/\/www.mundiplus.com\/pt-pt\/wp-json\/wp\/v2\/categories?post=114325"},{"taxonomy":"post_tag","embeddable":true,"href":"https:\/\/www.mundiplus.com\/pt-pt\/wp-json\/wp\/v2\/tags?post=114325"}],"curies":[{"name":"wp","href":"https:\/\/api.w.org\/{rel}","templated":true}]}}