{"id":114541,"date":"2024-02-14T17:12:01","date_gmt":"2024-02-14T17:12:01","guid":{"rendered":"https:\/\/www.mundiplus.com\/o-que-ver-em-fromista\/"},"modified":"2024-11-25T12:02:41","modified_gmt":"2024-11-25T12:02:41","slug":"o-que-ver-em-fromista","status":"publish","type":"post","link":"https:\/\/www.mundiplus.com\/pt-pt\/blog\/o-que-ver-em-fromista\/","title":{"rendered":"O que ver em Fr\u00f3mista"},"content":{"rendered":"<p><span style=\"font-weight: 400;\">A tranquila localidade de <\/span><b>Fr\u00f3mista<\/b><span style=\"font-weight: 400;\">, situada na prov\u00edncia de Pal\u00eancia, \u00e9 um ponto de cruzamento que deixou uma marca indel\u00e9vel na paisagem rural castelhana.<\/span><\/p>\n<p><span style=\"font-weight: 400;\">Rodeada pelas<\/span><b> rotas religiosas do Caminho Franc\u00eas e do Caminho Lebaniego Castelhano<\/b><span style=\"font-weight: 400;\">, bem como pela imponente presen\u00e7a do Canal de Castela, Fr\u00f3mista oferece aos visitantes uma experi\u00eancia \u00fanica. <\/span><\/p>\n<p><span style=\"font-weight: 400;\">Fique connosco e iremos descrever-lhe os principais pontos de interesse.<\/span><\/p>\n<h2><b>Hist\u00f3ria de Fr\u00f3mista<\/b><\/h2>\n<p><span style=\"font-weight: 400;\">A hist\u00f3ria de Fr\u00f3mista divide-se em <\/span><b>dois momentos-chave<\/b><span style=\"font-weight: 400;\"> que influenciaram o seu desenvolvimento.<\/span><\/p>\n<ul>\n<li style=\"font-weight: 400;\" aria-level=\"1\"><span style=\"font-weight: 400;\">Na <\/span><b>Idade M\u00e9dia<\/b><span style=\"font-weight: 400;\">, o renascimento do territ\u00f3rio e as <\/span><a href=\"https:\/\/www.mundiplus.com\/pt-pt\/blog\/historia-del-camino-de-santiago\"><span style=\"font-weight: 400;\">peregrina\u00e7\u00f5es a Santiago<\/span><\/a><span style=\"font-weight: 400;\"> tornaram Fr\u00f3mista numa paragem essencial na Rota Jacobeia. <\/span><\/li>\n<li style=\"font-weight: 400;\" aria-level=\"1\"><span style=\"font-weight: 400;\">Posteriormente, <\/span><b>durante o auge do Canal de Castela no s\u00e9culo XVIII<\/b><span style=\"font-weight: 400;\">, a localidade viveu uma revitaliza\u00e7\u00e3o econ\u00f3mica, diversificando a agricultura e promovendo o com\u00e9rcio.<\/span><\/li>\n<\/ul>\n<h2><b>Conex\u00f5es e como chegar a Fr\u00f3mista<\/b><\/h2>\n<p><span style=\"font-weight: 400;\">Fr\u00f3mista, situada aproximadamente<\/span><b> a 30 quil\u00f3metros a norte da capital palentina<\/b><span style=\"font-weight: 400;\">, continua a ser um ponto de cruzamento bem comunicado. <\/span><\/p>\n<h3><b>De carro<\/b><\/h3>\n<p><span style=\"font-weight: 400;\">A autoestrada A-67, que liga Cant\u00e1bria \u00e0 meseta castelhana, facilita o acesso de carro a Fr\u00f3mista. Al\u00e9m disso, as estradas regionais permitem chegar a partir de localidades pr\u00f3ximas de interesse, como <\/span><strong>Carri\u00f3n de los Condes<\/strong><span style=\"font-weight: 400;\">.<\/span><\/p>\n<h3><b>De autocarro e comboio<\/b><\/h3>\n<p><span style=\"font-weight: 400;\">Para quem depende do transporte p\u00fablico, Fr\u00f3mista conta com uma <\/span><b>esta\u00e7\u00e3o de comboio que a liga a v\u00e1rias cidades<\/b><span style=\"font-weight: 400;\">. Al\u00e9m disso, servi\u00e7os de autocarro a partir de Pal\u00eancia e <\/span><strong>Burgos<\/strong><span style=\"font-weight: 400;\"> oferecem op\u00e7\u00f5es adicionais para chegar \u00e0 localidade.<\/span><\/p>\n<p><img fetchpriority=\"high\" decoding=\"async\" class=\"size-full wp-image-30413 aligncenter\" src=\"https:\/\/www.mundiplus.com\/wp-content\/uploads\/2024\/04\/Fromista-plaza.jpg\" alt=\"Pra\u00e7a de S\u00e3o Martinho em Fr\u00f3mista\" width=\"1000\" height=\"667\" \/><\/p>\n<h2><b>Lugares que n\u00e3o pode perder em Fr\u00f3mista<\/b><\/h2>\n<p><span style=\"font-weight: 400;\">Estes s\u00e3o alguns dos melhores locais que pode considerar na sua visita. <\/span><\/p>\n<h3><b>Igreja de S\u00e3o Martinho de Tours<\/b><\/h3>\n<p><span style=\"font-weight: 400;\">O monumento mais destacado de Fr\u00f3mista \u00e9 a <\/span><b>igreja de S\u00e3o Martinho de Tours<\/b><span style=\"font-weight: 400;\">. Considerada uma <\/span><b>joia do rom\u00e2nico<\/b><span style=\"font-weight: 400;\"> palentino e europeu, esta igreja, <\/span><b>iniciada no s\u00e9culo XI por ordem de Dona Maior de Castela<\/b><span style=\"font-weight: 400;\">, sofreu transforma\u00e7\u00f5es ao longo do tempo. <\/span><\/p>\n<p><span style=\"font-weight: 400;\">Apesar de ter estado em ru\u00ednas no s\u00e9culo XIX, a sua classifica\u00e7\u00e3o como Monumento Nacional permitiu a sua restaura\u00e7\u00e3o, revelando detalhes arquitect\u00f3nicos como capit\u00e9is e cachorros.<\/span><\/p>\n<h3><b>Letras de Fr\u00f3mista<\/b><\/h3>\n<p><span style=\"font-weight: 400;\">Na Pra\u00e7a de S\u00e3o Martinho, junto \u00e0 igreja hom\u00f3nima, encontram-se as letras de Fr\u00f3mista, <\/span><b>um local ideal para capturar mem\u00f3rias<\/b><span style=\"font-weight: 400;\">. Aqui tamb\u00e9m se exibe o <\/span><b>logo do Patrim\u00f3nio Mundial da UNESCO<\/b><span style=\"font-weight: 400;\">, atribu\u00eddo ao Caminho Franc\u00eas em 1993 e a todos os Caminhos de Santiago em 2015.<\/span><\/p>\n<h3><b>Vestigia &#8211; O Milagre do Caminho<\/b><\/h3>\n<p><span style=\"font-weight: 400;\">A igreja de Santa Maria do Castelo alberga &#8220;<\/span><b>Vestigia, o milagre do Caminho<\/b><span style=\"font-weight: 400;\">&#8220;, uma exposi\u00e7\u00e3o que presta homenagem ao Caminho de Santiago. Atrav\u00e9s de imagens, luz e som,<\/span><b> a exposi\u00e7\u00e3o narra as lendas da Rota Jacobeia<\/b><span style=\"font-weight: 400;\">, imergindo os visitantes na hist\u00f3ria que envolve o Caminho.<\/span><\/p>\n<h3><b>Igreja de S\u00e3o Pedro<\/b><\/h3>\n<p><span style=\"font-weight: 400;\">Outra paragem essencial \u00e9 a <\/span><b>Igreja de S\u00e3o Pedro<\/b><span style=\"font-weight: 400;\">, a igreja paroquial atual, <\/span><b>constru\u00edda no s\u00e9culo XV<\/b><span style=\"font-weight: 400;\">. No seu interior, alberga o <\/span><b>Museu de Arte Sacra<\/b><span style=\"font-weight: 400;\">, que exibe t\u00e1buas hispano-flamengas e outras pe\u00e7as de interesse art\u00edstico.<\/span><\/p>\n<h3><b>Canal de Castela<\/b><\/h3>\n<p><span style=\"font-weight: 400;\">N\u00e3o pode deixar Fr\u00f3mista sem explorar as margens do <\/span><b>Canal de Castela<\/b><span style=\"font-weight: 400;\">, uma obra de engenharia destacada do <\/span><b>s\u00e9culo XVIII<\/b><span style=\"font-weight: 400;\">. Apesar de estar incompleto, o canal continua a ser um elemento distintivo da paisagem. Aqui destaca-se uma eclusa qu\u00e1drupla, <\/span><b>\u00fanica do seu g\u00e9nero ao longo do canal<\/b><span style=\"font-weight: 400;\">.<\/span><\/p>\n<p><img decoding=\"async\" class=\"size-full wp-image-30414 aligncenter\" src=\"https:\/\/www.mundiplus.com\/wp-content\/uploads\/2024\/04\/Fromista-canal-de-castilla.jpg\" alt=\"Canal de Castela em Fr\u00f3mista\" width=\"1000\" height=\"668\" \/><\/p>\n<h2><b>Trilhos de peregrinos e rotas religiosas em Fr\u00f3mista<\/b><\/h2>\n<p><span style=\"font-weight: 400;\">Esta cidade \u00e9 um ponto-chave na rota jacobeia e outras peregrina\u00e7\u00f5es. Se decidir enfrentar a travessia de forma organizada atrav\u00e9s de alguma das <\/span><a href=\"https:\/\/www.mundiplus.com\/pt-pt\/\"><span style=\"font-weight: 400;\">empresas de viagens para o Caminho de Santiago<\/span><\/a><span style=\"font-weight: 400;\">, ser\u00e1 uma escolha s\u00e1bia, especialmente se for a sua primeira vez.<\/span><\/p>\n<p><span style=\"font-weight: 400;\">Se deseja informa\u00e7\u00f5es detalhadas sobre as rotas e como planear a sua viagem, em <\/span><b>MundiPlus <\/b><span style=\"font-weight: 400;\">oferecemos assessoria personalizada e tudo o que precisa saber para viver a sua experi\u00eancia ao m\u00e1ximo.<\/span><\/p>\n<h3><b>Caminho Lebaniego Castelhano<\/b><\/h3>\n<p><span style=\"font-weight: 400;\">Menos conhecido, mas igualmente fascinante, o Caminho Lebaniego Castelhano liga Fr\u00f3mista ao Mosteiro de Li\u00e9bana em Cant\u00e1bria. Esta rota de peregrina\u00e7\u00e3o, <\/span><b>com 500 anos de hist\u00f3ria<\/b><span style=\"font-weight: 400;\">, termina em Fr\u00f3mista como a segunda etapa que come\u00e7a em Amayuelas de Abajo.<\/span><\/p>\n<h3><b>Caminho de Santiago Franc\u00eas<\/b><\/h3>\n<p><span style=\"font-weight: 400;\">A localidade \u00e9 parte integrante do <\/span><a href=\"https:\/\/www.mundiplus.com\/pt-pt\/caminos\/a-pie\/camino-frances\"><span style=\"font-weight: 400;\">Caminho Franc\u00eas para Santiago<\/span><\/a><span style=\"font-weight: 400;\">, e <\/span><b>atrai peregrinos de todo o mundo<\/b><span style=\"font-weight: 400;\">. A sua localiza\u00e7\u00e3o estrat\u00e9gica faz de Fr\u00f3mista o final da etapa que come\u00e7a em <\/span><strong>Castrojeriz<\/strong><span style=\"font-weight: 400;\">, permitindo aos peregrinos imergir na rica hist\u00f3ria e nas paisagens agr\u00edcolas.<\/span><\/p>\n<h3><b>A Santiago por diferentes rotas<\/b><\/h3>\n<p><span style=\"font-weight: 400;\">Para al\u00e9m do Caminho Franc\u00eas, carregado de hist\u00f3ria e tradi\u00e7\u00f5es, talvez te interesse conhecer os outros tr\u00eas que s\u00e3o preferidos por muitos peregrinos espanh\u00f3is e de outros pa\u00edses que chegam em busca de aventura e espiritualidade: <\/span><\/p>\n<ul>\n<li style=\"font-weight: 400;\" aria-level=\"1\"><span style=\"font-weight: 400;\">O<\/span> <a href=\"https:\/\/www.mundiplus.com\/pt-pt\/caminos\/a-pie\/camino-portugues-costa\"><span style=\"font-weight: 400;\">Caminho Portugu\u00eas da Costa<\/span><\/a><span style=\"font-weight: 400;\">, desde Porto (Portugal), passando por Viana do Castelo e Vigo.<\/span><\/li>\n<li style=\"font-weight: 400;\" aria-level=\"1\"><span style=\"font-weight: 400;\">O<\/span><a href=\"https:\/\/www.mundiplus.com\/pt-pt\/caminos\/a-pie\/camino-portugues\/camino-de-santiago-desde-tui\"> <span style=\"font-weight: 400;\">Caminho Portugu\u00eas de Tui<\/span><\/a><span style=\"font-weight: 400;\">, que podes percorrer em cerca de 8 dias.<\/span><\/li>\n<li style=\"font-weight: 400;\" aria-level=\"1\"><span style=\"font-weight: 400;\">O<\/span><a href=\"https:\/\/www.mundiplus.com\/pt-pt\/caminos\/a-pie\/camino-norte\"> <span style=\"font-weight: 400;\">Caminho do Norte<\/span><\/a><span style=\"font-weight: 400;\">, que percorre a costa cant\u00e1brica de Este a Oeste.<\/span><\/li>\n<\/ul>\n<h2><b>Alojamento em Fr\u00f3mista<\/b><\/h2>\n<p><span style=\"font-weight: 400;\">Mas agora regressemos \u00e0 cidade palentina que nos convoca. Tanto para escapadinhas como para quem realiza rotas de peregrina\u00e7\u00e3o, Fr\u00f3mista oferece diversas op\u00e7\u00f5es de alojamento, desde hot\u00e9is at\u00e9 albergues. O<\/span><b> Albergue Luz de Fr\u00f3mista<\/b><span style=\"font-weight: 400;\">, situado na avenida principal, \u00e9 especialmente popular entre os peregrinos, proporcionando as comodidades necess\u00e1rias para os caminhantes.<\/span><\/p>\n<p><img decoding=\"async\" class=\"size-full wp-image-30412 aligncenter\" src=\"https:\/\/www.mundiplus.com\/wp-content\/uploads\/2024\/04\/Fromista-peregrino.jpg\" alt=\"Peregrino em Fr\u00f3mista\" width=\"1000\" height=\"667\" \/><\/p>\n<h2><b>Um destino imprescind\u00edvel em Pal\u00eancia<\/b><\/h2>\n<p><span style=\"font-weight: 400;\">Com a sua rica hist\u00f3ria, monumentos destacados e o seu papel vital em rotas religiosas, Fr\u00f3mista \u00e9 indiscutivelmente um destino imprescind\u00edvel na prov\u00edncia de Pal\u00eancia.<\/span><\/p>\n<p><span style=\"font-weight: 400;\">Quer explore a <\/span><a href=\"https:\/\/www.mundiplus.com\/pt-pt\/blog\/romanico-en-el-camino-frances\"><span style=\"font-weight: 400;\">arquitetura rom\u00e2nica<\/span><\/a><span style=\"font-weight: 400;\">, siga os passos dos peregrinos<\/span> <span style=\"font-weight: 400;\">ou aproveite a paisagem do Canal de Castela, oferece uma <\/span><b>experi\u00eancia \u00fanica<\/b><span style=\"font-weight: 400;\"> que convida a mergulhar no passado e no presente.<\/span><\/p>\n<p><span style=\"font-weight: 400;\">Contacte-nos agora para planear a sua viagem a Santiago, passando por Fr\u00f3mista, e viver a experi\u00eancia ao m\u00e1ximo. Mesmo que n\u00e3o queira ou n\u00e3o possa come\u00e7ar a sua travessia pela prov\u00edncia de Pal\u00eancia, tem uma op\u00e7\u00e3o muito mais curta, saindo de Lugo, para fazer o <\/span><a href=\"https:\/\/www.mundiplus.com\/pt-pt\/caminos\/a-pie\/camino-frances\/camino-de-santiago-desde-sarria\"><span style=\"font-weight: 400;\">Caminho de Santiago de Compostela franc\u00eas desde Sarria<\/span><\/a><span style=\"font-weight: 400;\">, uma experi\u00eancia que combina a aventura do trekking com a espiritualidade.<\/span><\/p>\n","protected":false},"excerpt":{"rendered":"<p>A tranquila localidade de Fr\u00f3mista, situada na prov\u00edncia de Pal\u00eancia, \u00e9 um ponto de cruzamento que deixou uma marca indel\u00e9vel na paisagem rural castelhana. Rodeada pelas rotas religiosas do Caminho Franc\u00eas e do Caminho Lebaniego Castelhano, bem como pela imponente presen\u00e7a do Canal de Castela, Fr\u00f3mista oferece aos visitantes uma experi\u00eancia \u00fanica. Fique connosco e [&hellip;]<\/p>\n","protected":false},"author":1,"featured_media":114542,"comment_status":"open","ping_status":"open","sticky":false,"template":"","format":"standard","meta":{"footnotes":""},"categories":[574,586],"tags":[],"class_list":["post-114541","post","type-post","status-publish","format-standard","has-post-thumbnail","hentry","category-blog-do-caminho","category-historia-pt"],"_links":{"self":[{"href":"https:\/\/www.mundiplus.com\/pt-pt\/wp-json\/wp\/v2\/posts\/114541","targetHints":{"allow":["GET"]}}],"collection":[{"href":"https:\/\/www.mundiplus.com\/pt-pt\/wp-json\/wp\/v2\/posts"}],"about":[{"href":"https:\/\/www.mundiplus.com\/pt-pt\/wp-json\/wp\/v2\/types\/post"}],"author":[{"embeddable":true,"href":"https:\/\/www.mundiplus.com\/pt-pt\/wp-json\/wp\/v2\/users\/1"}],"replies":[{"embeddable":true,"href":"https:\/\/www.mundiplus.com\/pt-pt\/wp-json\/wp\/v2\/comments?post=114541"}],"version-history":[{"count":0,"href":"https:\/\/www.mundiplus.com\/pt-pt\/wp-json\/wp\/v2\/posts\/114541\/revisions"}],"wp:featuredmedia":[{"embeddable":true,"href":"https:\/\/www.mundiplus.com\/pt-pt\/wp-json\/wp\/v2\/media\/114542"}],"wp:attachment":[{"href":"https:\/\/www.mundiplus.com\/pt-pt\/wp-json\/wp\/v2\/media?parent=114541"}],"wp:term":[{"taxonomy":"category","embeddable":true,"href":"https:\/\/www.mundiplus.com\/pt-pt\/wp-json\/wp\/v2\/categories?post=114541"},{"taxonomy":"post_tag","embeddable":true,"href":"https:\/\/www.mundiplus.com\/pt-pt\/wp-json\/wp\/v2\/tags?post=114541"}],"curies":[{"name":"wp","href":"https:\/\/api.w.org\/{rel}","templated":true}]}}