{"id":114546,"date":"2024-02-12T17:47:27","date_gmt":"2024-02-12T17:47:27","guid":{"rendered":"https:\/\/www.mundiplus.com\/o-que-ver-em-o-cebreiro\/"},"modified":"2024-11-25T12:11:43","modified_gmt":"2024-11-25T12:11:43","slug":"o-que-ver-em-o-cebreiro","status":"publish","type":"post","link":"https:\/\/www.mundiplus.com\/pt-pt\/blog\/o-que-ver-em-o-cebreiro\/","title":{"rendered":"O que ver em O Cebreiro"},"content":{"rendered":"<p><span style=\"font-weight: 400;\">O seu nome completo \u00e9 <\/span><b>Pedrafita do Cebreiro<\/b><span style=\"font-weight: 400;\">. Trata-se de uma localidade da prov\u00edncia de Lugo e que, por sua vez, depende da comarca de Os Ancares. Tem uma \u00e1rea de 105 km\u00b2 e uma popula\u00e7\u00e3o que <\/span><b>mal ultrapassa os mil habitantes,<\/b><span style=\"font-weight: 400;\"> o que a torna encantadora, tranquila e, acima de tudo, com uma grande beleza natural.<\/span><\/p>\n<p><span style=\"font-weight: 400;\">Encontra-se a 1.098 metros acima do n\u00edvel do mar, o que a torna o munic\u00edpio <\/span><b>mais alto de toda a prov\u00edncia de Lugo e da Galiza em geral.<\/b><span style=\"font-weight: 400;\"> \u00c9 especialmente popular no inverno, quando as suas paisagens se cobrem de neve e os galegos chegam em busca da deliciosa comida tradicional de temporada.<\/span><\/p>\n<p><span style=\"font-weight: 400;\">Al\u00e9m disso, \u00e9 um ponto de passagem obrigat\u00f3rio para todos aqueles peregrinos que optem pelo <\/span><a href=\"https:\/\/www.mundiplus.com\/pt-pt\/caminos\/a-pie\/camino-frances\"><span style=\"font-weight: 400;\">Caminho Franc\u00eas a Santiago<\/span><\/a><span style=\"font-weight: 400;\">.<\/span><\/p>\n<h2><b>Tudo o que pode ver em O Cebreiro<\/b><\/h2>\n<p><span style=\"font-weight: 400;\">Durante a \u00e9poca romana, este porto era atravessado pela via que ligava Braga a <\/span><strong>Astorga<\/strong><span style=\"font-weight: 400;\">, conhecida como a <\/span><i><span style=\"font-weight: 400;\">via nova. <\/span><\/i><span style=\"font-weight: 400;\">Com o tempo, tornou-se um caminho medieval que conduzia at\u00e9 \u00e0 cidade de Santiago de Compostela.<\/span><\/p>\n<p><span style=\"font-weight: 400;\">O Cebreiro <\/span><b>\u00e9 a primeira aldeia do Caminho Franc\u00eas na Galiza,<\/b><span style=\"font-weight: 400;\"> entrando pela prov\u00edncia de Lugo, pouco mais de 40 km antes de chegar a Sarria. De facto, muitos dos peregrinos que fazem o <\/span><a href=\"https:\/\/www.mundiplus.com\/pt-pt\/caminos\/a-pie\/camino-frances\/camino-de-santiago-desde-sarria\"><span style=\"font-weight: 400;\">caminho de Sarria a Santiago de Compostela<\/span><\/a><span style=\"font-weight: 400;\"> acabam por se juntar \u00e0queles que v\u00eam de O Cebreiro.<\/span><\/p>\n<p><span style=\"font-weight: 400;\">Quer seja peregrino ou se esteja a passar por aqui, estes s\u00e3o os principais pontos de interesse.<\/span><\/p>\n<h3><b>As pallozas de O Cebreiro<\/b><\/h3>\n<p><span style=\"font-weight: 400;\">Aqui s\u00e3o bastante famosas as <\/span><b>pallozas<\/b><span style=\"font-weight: 400;\">, que s\u00e3o<\/span> <span style=\"font-weight: 400;\">um tipo de <\/span><b>habita\u00e7\u00f5es t\u00edpicas da alta montanha.<\/b><span style=\"font-weight: 400;\"> T\u00eam uma planta circular e telhados vegetais. Foram declaradas como Bem de Interesse Cultural, pois segundo dados hist\u00f3ricos, <\/span><b>datam da \u00e9poca pr\u00e9-romana<\/b><span style=\"font-weight: 400;\"> e foram<\/span> <span style=\"font-weight: 400;\">usadas <\/span><b>at\u00e9 bem entrado o s\u00e9culo XX<\/b><span style=\"font-weight: 400;\">.<\/span><\/p>\n<p><img fetchpriority=\"high\" decoding=\"async\" class=\"size-full wp-image-30460 aligncenter\" src=\"https:\/\/www.mundiplus.com\/wp-content\/uploads\/2024\/04\/O-cebreiro-palloza-2.jpg\" alt=\"Palloza em O Cebreiro\" width=\"1000\" height=\"667\" \/><\/p>\n<p><span style=\"font-weight: 400;\">O seu nome \u00e9 uma esp\u00e9cie de altera\u00e7\u00e3o do termo <\/span><i><span style=\"font-weight: 400;\">pallaza<\/span><\/i><span style=\"font-weight: 400;\">, uma palavra de origem galega que faz refer\u00eancia ao material com o qual se fabricava o telhado dessas casas. Para alguns, t\u00eam bastante semelhan\u00e7a com as casinhas tradicionais da Idade do Ferro na Gr\u00e3-Bretanha.<\/span><\/p>\n<h3><b>Museu Etnogr\u00e1fico de O Cebreiro<\/b><\/h3>\n<p><span style=\"font-weight: 400;\">Poder\u00edamos dizer que \u00e9 mais uma esp\u00e9cie de <\/span><b>exposi\u00e7\u00e3o das pallozas de O Cebreiro<\/b><span style=\"font-weight: 400;\">.<\/span> <span style=\"font-weight: 400;\">Neste museu pode conhecer tr\u00eas das quatro, pois a \u00faltima \u00e9 usada como armaz\u00e9m. Aqui ver\u00e1 um pouco do <\/span><b>estilo de vida pr\u00f3prio da alta montanha,<\/b><span style=\"font-weight: 400;\"> com m\u00f3veis, utens\u00edlios agr\u00edcolas, materiais de costura e muitos outros objetos antigos que l\u00e1 se conservam.<\/span><\/p>\n<p><span style=\"font-weight: 400;\">As pallozas exibidas est\u00e3o distribu\u00eddas em diferentes categorias:<\/span><\/p>\n<ul>\n<li style=\"font-weight: 400;\" aria-level=\"1\"><b>Palloza de Quico:<\/b><span style=\"font-weight: 400;\"> Mostra um pouco de como era a economia antiga de O Cebreiro<\/span><\/li>\n<li style=\"font-weight: 400;\" aria-level=\"1\"><b>Palloza de Xan L\u00f3pez:<\/b><span style=\"font-weight: 400;\"> A mais tradicional, com a vida dom\u00e9stica e o dia a dia das fam\u00edlias.<\/span><\/li>\n<li style=\"font-weight: 400;\" aria-level=\"1\"><b>Palloza de Gal\u00e1n:<\/b><span style=\"font-weight: 400;\"> Mostra o processo de adapta\u00e7\u00e3o ao meio dos habitantes.<\/span><\/li>\n<li style=\"font-weight: 400;\" aria-level=\"1\"><b>Palloza de Campelo:<\/b><span style=\"font-weight: 400;\"> \u00c9 a que lhe dissemos que \u00e9 usada como armaz\u00e9m e sala para v\u00e1rios usos.<\/span><\/li>\n<\/ul>\n<h3><b>Igreja de Santa Maria a Real de O Cebreiro<\/b><\/h3>\n<p><span style=\"font-weight: 400;\">Esta sem d\u00favida, \u00e9 a edifica\u00e7\u00e3o religiosa mais importante da zona. Trata-se de uma igreja constru\u00edda a <\/span><b>meados do s\u00e9culo IX<\/b><span style=\"font-weight: 400;\">. Tamb\u00e9m tinha a fun\u00e7\u00e3o de <\/span><b>albergar todos os peregrinos<\/b><span style=\"font-weight: 400;\"> do Caminho de Santiago que chegavam \u00e0 localidade.<\/span><\/p>\n<p><span style=\"font-weight: 400;\">Em 1072, passou a depender diretamente da <\/span><b>Ordem de Cluny<\/b><span style=\"font-weight: 400;\">, o que a levou a tornar-se um dos templos mais importantes de toda a prov\u00edncia.<\/span><\/p>\n<p><img decoding=\"async\" class=\"size-full wp-image-30462 aligncenter\" src=\"https:\/\/www.mundiplus.com\/wp-content\/uploads\/2024\/04\/O-cebreiro-iglesia-santa-maria.jpg\" alt=\"Igreja de Santa Maria de O Cebreiro\" width=\"1000\" height=\"645\" \/><\/p>\n<p><span style=\"font-weight: 400;\">A constru\u00e7\u00e3o \u00e9<\/span> <span style=\"font-weight: 400;\">um claro exemplo da <\/span><b>arquitetura alto-medieval galega<\/b><span style=\"font-weight: 400;\">. Tem uma planta irregular e uma torre de baixa altura e no seu interior, tr\u00eas naves, com a central mais alta e larga em compara\u00e7\u00e3o com as outras. \u00c9 uma t\u00edpica igreja medieval como muitas das que os peregrinos encontram nas suas <\/span><a href=\"https:\/\/www.mundiplus.com\/pt-pt\/\"><span style=\"font-weight: 400;\">viagens do Caminho de Santiago<\/span><\/a><span style=\"font-weight: 400;\">. Um local imperd\u00edvel para todos os que passam por esta aldeia.<\/span><\/p>\n<h3><b>O Cebreiro e o Santo Graal<\/b><\/h3>\n<p><span style=\"font-weight: 400;\">Segundo a lenda, o Santo Graal \u00e9 o c\u00e1lice usado durante a \u00daltima Ceia por Jesus Cristo. Foi levado para a Britannia, onde seria criada uma dinastia com os seus guardi\u00f5es para toda a eternidade, no entanto, nunca chegou ao seu destino.<\/span><\/p>\n<p><span style=\"font-weight: 400;\">No in\u00edcio do s\u00e9culo XIV, durante um inverno rigoroso, um campon\u00eas da aldeia exp\u00f4s-se \u00e0 dureza do clima para ouvir a missa. Uma vez no templo, o sacerdote local repreendeu-o pela sua ousadia e por expor dessa forma a sua vida.<\/span><\/p>\n<p><span style=\"font-weight: 400;\">Durante a missa, na Consagra\u00e7\u00e3o, a h\u00f3stia transformou-se em carne e o vinho em sangue. Al\u00e9m disso, o sacerdote que havia menosprezado o campon\u00eas, morreu imediatamente. <\/span><b>As campainhas da igreja come\u00e7aram a tocar sozinhas<\/b><span style=\"font-weight: 400;\">, o que chamou a aten\u00e7\u00e3o de todos os habitantes da aldeia que se aproximaram para contemplar o milagre.<\/span><\/p>\n<p><span style=\"font-weight: 400;\">Os mais velhos contam que<\/span><b> a imagem da Virgem Maria que estava situada no altar maior, virando a cabe\u00e7a para o lado,<\/b><span style=\"font-weight: 400;\"> observou o milagre. Imagem que se conserva nesta posi\u00e7\u00e3o atualmente.<\/span><\/p>\n<p><span style=\"font-weight: 400;\">O relato do milagre espalhou-se rapidamente pela Europa e gra\u00e7as a este, o santu\u00e1rio recebeu visitas de grandes personagens. Alguns deles foram <\/span><b>os Reis Cat\u00f3licos na sua peregrina\u00e7\u00e3o a Santiago de Compostela em 1486.<\/b><span style=\"font-weight: 400;\"> Nessa altura, doaram os relic\u00e1rios e o c\u00e1lice que se encontram atualmente na igreja de Santa Maria do Cebreiro.<\/span><\/p>\n<p><img decoding=\"async\" class=\"size-full wp-image-30461 aligncenter\" src=\"https:\/\/www.mundiplus.com\/wp-content\/uploads\/2024\/04\/o-cebreiro-camino-santiago.jpg\" alt=\"Rota Jacobeia O Cebreiro\" width=\"1000\" height=\"667\" \/><\/p>\n<h2><b>Outras Rotas Jacobeias<\/b><\/h2>\n<p><span style=\"font-weight: 400;\">Todo peregrino que aprecie o Caminho de Santiago, n\u00e3o pode deixar de conhecer outras rotas de peregrina\u00e7\u00e3o para Compostela.<\/span><\/p>\n<p><span style=\"font-weight: 400;\">Uma das que oferece os paisagens mais pitorescas ao caminhante \u00e9 o<\/span> <a href=\"https:\/\/www.mundiplus.com\/pt-pt\/caminos\/a-pie\/camino-norte\"><span style=\"font-weight: 400;\">Caminho do Norte<\/span><\/a><span style=\"font-weight: 400;\">, que vai de oeste a este pela costa do mar Cant\u00e1brico, podendo ser feito em cerca de 35 etapas. \u00c9 um dos mais exigentes, sendo prefer\u00edvel faz\u00ea-lo no ver\u00e3o, pois no inverno o clima tende a ser muito hostil.<\/span><\/p>\n<p><span style=\"font-weight: 400;\">E falando em costas, na do oceano Atl\u00e2ntico, o<\/span> <a href=\"https:\/\/www.mundiplus.com\/pt-pt\/caminos\/a-pie\/camino-portugues\"><span style=\"font-weight: 400;\">Caminho Portugu\u00eas da Costa<\/span><\/a><span style=\"font-weight: 400;\">, que sai do Porto, passa por Viana do Castelo e Vigo, podendo ser feito em cerca de duas semanas. Para o reduzir em uns 75 quil\u00f3metros, alguns peregrinos preferem come\u00e7\u00e1-lo em Viana do Castelo.<\/span><\/p>\n<p><span style=\"font-weight: 400;\">Finalmente, o<\/span> <a href=\"https:\/\/www.mundiplus.com\/pt-pt\/caminos\/a-pie\/camino-portugues\/camino-de-santiago-desde-tui\"><span style=\"font-weight: 400;\">Caminho Portugu\u00eas de Tui<\/span><\/a><span style=\"font-weight: 400;\">, que embora inicie em Lisboa, muitos decidem faz\u00ea-lo a partir da cidade fronteiri\u00e7a de Tui (Pontevedra), em cerca de 8 dias.<\/span><\/p>\n","protected":false},"excerpt":{"rendered":"<p>O seu nome completo \u00e9 Pedrafita do Cebreiro. Trata-se de uma localidade da prov\u00edncia de Lugo e que, por sua vez, depende da comarca de Os Ancares. Tem uma \u00e1rea de 105 km\u00b2 e uma popula\u00e7\u00e3o que mal ultrapassa os mil habitantes, o que a torna encantadora, tranquila e, acima de tudo, com uma grande [&hellip;]<\/p>\n","protected":false},"author":1,"featured_media":114547,"comment_status":"open","ping_status":"open","sticky":false,"template":"","format":"standard","meta":{"footnotes":""},"categories":[574,602],"tags":[],"class_list":["post-114546","post","type-post","status-publish","format-standard","has-post-thumbnail","hentry","category-blog-do-caminho","category-vilas-e-comarcas"],"_links":{"self":[{"href":"https:\/\/www.mundiplus.com\/pt-pt\/wp-json\/wp\/v2\/posts\/114546","targetHints":{"allow":["GET"]}}],"collection":[{"href":"https:\/\/www.mundiplus.com\/pt-pt\/wp-json\/wp\/v2\/posts"}],"about":[{"href":"https:\/\/www.mundiplus.com\/pt-pt\/wp-json\/wp\/v2\/types\/post"}],"author":[{"embeddable":true,"href":"https:\/\/www.mundiplus.com\/pt-pt\/wp-json\/wp\/v2\/users\/1"}],"replies":[{"embeddable":true,"href":"https:\/\/www.mundiplus.com\/pt-pt\/wp-json\/wp\/v2\/comments?post=114546"}],"version-history":[{"count":0,"href":"https:\/\/www.mundiplus.com\/pt-pt\/wp-json\/wp\/v2\/posts\/114546\/revisions"}],"wp:featuredmedia":[{"embeddable":true,"href":"https:\/\/www.mundiplus.com\/pt-pt\/wp-json\/wp\/v2\/media\/114547"}],"wp:attachment":[{"href":"https:\/\/www.mundiplus.com\/pt-pt\/wp-json\/wp\/v2\/media?parent=114546"}],"wp:term":[{"taxonomy":"category","embeddable":true,"href":"https:\/\/www.mundiplus.com\/pt-pt\/wp-json\/wp\/v2\/categories?post=114546"},{"taxonomy":"post_tag","embeddable":true,"href":"https:\/\/www.mundiplus.com\/pt-pt\/wp-json\/wp\/v2\/tags?post=114546"}],"curies":[{"name":"wp","href":"https:\/\/api.w.org\/{rel}","templated":true}]}}