{"id":114552,"date":"2024-02-05T13:49:29","date_gmt":"2024-02-05T13:49:29","guid":{"rendered":"https:\/\/www.mundiplus.com\/os-melhores-momentos-do-caminho-de-santiago-experiencias-inesqueciveis\/"},"modified":"2024-11-25T12:31:28","modified_gmt":"2024-11-25T12:31:28","slug":"os-melhores-momentos-do-caminho-de-santiago-experiencias-inesqueciveis","status":"publish","type":"post","link":"https:\/\/www.mundiplus.com\/pt-pt\/blog\/melhores-momentos-do-caminho-de-santiago\/","title":{"rendered":"Os melhores momentos do Caminho de Santiago: experi\u00eancias inesquec\u00edveis"},"content":{"rendered":"<p><span style=\"font-weight: 400;\">O Caminho de Santiago \u00e9 mais do que uma simples rota de peregrina\u00e7\u00e3o, \u00e9 uma <\/span><b>viagem de autodescoberta<\/b><span style=\"font-weight: 400;\">, um comp\u00eandio de experi\u00eancias humanas tecido ao longo de quil\u00f3metros de trilhos serpenteantes. <\/span><\/p>\n<p><span style=\"font-weight: 400;\">Este artigo procura captar a ess\u00eancia dos <\/span><b>melhores momentos vividos no Caminho de Santiago<\/b><span style=\"font-weight: 400;\">. <\/span><span style=\"font-weight: 400;\">Falar\u00e1 de experi\u00eancias inesquec\u00edveis que ficam gravadas na alma daqueles que se atrevem a percorr\u00ea-lo. Desde a majestade das paisagens que mudam a cada passo at\u00e9 os encontros com peregrinos de todo o mundo, oferece uma riqueza de momentos que v\u00e3o al\u00e9m do tang\u00edvel.<\/span><\/p>\n<p><span style=\"font-weight: 400;\">Cada pegada deixada aqui \u00e9 uma <\/span><b>hist\u00f3ria de coragem, resist\u00eancia e esperan\u00e7a<\/b><span style=\"font-weight: 400;\">. Atrav\u00e9s de florestas sussurrantes, sobre pontes antigas e sob c\u00e9us estrelados, os peregrinos encontram os seus pensamentos mais \u00edntimos e as suas emo\u00e7\u00f5es mais profundas. Este relato \u00e9 uma homenagem a essas hist\u00f3rias, um retrato dos momentos mais emocionantes e transformadores que o Caminho de Santiago oferece.<\/span><\/p>\n<p><img fetchpriority=\"high\" decoding=\"async\" class=\"size-full wp-image-30644 aligncenter\" src=\"https:\/\/www.mundiplus.com\/wp-content\/uploads\/2024\/04\/peregrinos-camino-siluetas.jpg\" alt=\"Melhores momentos do Caminho de Santiago: Monte do Gozo\" width=\"1000\" height=\"667\" \/><\/p>\n<h2><b>Prepara\u00e7\u00e3o e antecipa\u00e7\u00e3o<\/b><\/h2>\n<p><span style=\"font-weight: 400;\">A antecipa\u00e7\u00e3o desta jornada come\u00e7a muito antes de dar o primeiro passo. Esta etapa de prepara\u00e7\u00e3o \u00e9 um <\/span><b>crisol de emo\u00e7\u00f5es<\/b><span style=\"font-weight: 400;\">, onde a expectativa e o nervosismo se entrela\u00e7am. <\/span><\/p>\n<p><span style=\"font-weight: 400;\">Para muitos,<\/span><b> os preparativos s\u00e3o um ritual em si mesmos<\/b><span style=\"font-weight: 400;\">, impregnados de leituras, planeamento de rotas e escolha cuidadosa do equipamento. Al\u00e9m disso, trata-se de <\/span><b>condicionar o corpo<\/b><span style=\"font-weight: 400;\"> para a exigente travessia, desde caminhadas de pr\u00e1tica at\u00e9 exerc\u00edcios espec\u00edficos.<\/span><\/p>\n<p><span style=\"font-weight: 400;\">Al\u00e9m disso, mentalmente, \u00e9 um <\/span><b>tempo de reflex\u00e3o e de defini\u00e7\u00e3o de inten\u00e7\u00f5es<\/b><span style=\"font-weight: 400;\">. Nestes momentos anteriores, forja-se a determina\u00e7\u00e3o e desperta-se o esp\u00edrito aventureiro, essenciais para embarcar nesta jornada transformadora.<\/span><\/p>\n<p><span style=\"font-weight: 400;\">Para maior seguran\u00e7a e confian\u00e7a sobre como preparar a aventura, pode-se sempre recorrer a um <\/span><a href=\"https:\/\/www.mundiplus.com\/pt-pt\/\"><b>pacote organizado do Caminho de Santiago<\/b><\/a><span style=\"font-weight: 400;\">. Ag\u00eancias especializadas ajudar\u00e3o em tudo relacionado a este importante passo.<\/span><\/p>\n<h2><b>Os tr\u00eas Caminhos mais populares<\/b><\/h2>\n<p><span style=\"font-weight: 400;\">Na hora de escolher a rota Jacobeia a percorrer, existem v\u00e1rias op\u00e7\u00f5es, dependendo de onde queres come\u00e7ar e quantos dias podes dedicar \u00e0 peregrina\u00e7\u00e3o. As tr\u00eas mais escolhidas pelos caminhantes s\u00e3o:<\/span><\/p>\n<ul>\n<li style=\"font-weight: 400;\" aria-level=\"1\"><span style=\"font-weight: 400;\">O<\/span><a href=\"https:\/\/www.mundiplus.com\/pt-pt\/caminos\/a-pie\/camino-norte\"> <span style=\"font-weight: 400;\">Caminho do Norte<\/span><\/a><span style=\"font-weight: 400;\">, paralelo \u00e0s costas de Cant\u00e1bria e Ast\u00farias at\u00e9 chegar \u00e0 Galiza. N\u00e3o recomendado para iniciantes, muito menos no inverno, visto que o clima \u00e9 bastante severo.<\/span><\/li>\n<li style=\"font-weight: 400;\" aria-level=\"1\"><span style=\"font-weight: 400;\">O<\/span><a href=\"https:\/\/www.mundiplus.com\/pt-pt\/caminos\/a-pie\/camino-portugues-costa\"> <span style=\"font-weight: 400;\">Caminho Portugu\u00eas da Costa<\/span><\/a><span style=\"font-weight: 400;\">, desde o Porto (Portugal), em dire\u00e7\u00e3o Norte. Alguns encurtam, come\u00e7ando em Viana do Castelo.<\/span><\/li>\n<li style=\"font-weight: 400;\" aria-level=\"1\"><span style=\"font-weight: 400;\">O<\/span><a href=\"https:\/\/www.mundiplus.com\/pt-pt\/caminos\/a-pie\/camino-portugues\/camino-de-santiago-desde-tui\"> <span style=\"font-weight: 400;\">Caminho Portugu\u00eas de Tui<\/span><\/a><span style=\"font-weight: 400;\">, que podes fazer em pouco mais de uma semana, partindo da cidade fronteiri\u00e7a de Tui, junto ao rio Mi\u00f1o.<\/span><\/li>\n<\/ul>\n<p><img decoding=\"async\" class=\"size-full wp-image-30645 aligncenter\" src=\"https:\/\/www.mundiplus.com\/wp-content\/uploads\/2024\/04\/Signo-camino.jpg\" alt=\"Melhores momentos do Caminho de Santiago: sinais na rota\" width=\"1000\" height=\"667\" \/><\/p>\n<h2><b>A partida: o primeiro passo<\/b><\/h2>\n<p><span style=\"font-weight: 400;\">O primeiro passo no Caminho de Santiago \u00e9 um momento carregado de emo\u00e7\u00e3o e simbolismo, que marca o in\u00edcio de uma jornada tanto f\u00edsica como espiritual. No in\u00edcio, sente-se uma mistura de emo\u00e7\u00e3o, antecipa\u00e7\u00e3o e uma pitada de incerteza. <\/span><\/p>\n<p><span style=\"font-weight: 400;\">Para muitos, este momento vive-se em Roncesvalles ou em Saint-Jean-Pied-de-Port, pontos de partida cl\u00e1ssicos que j\u00e1 palpitam com hist\u00f3rias de peregrinos passados e presentes. Outra excelente alternativa \u00e9 fazer a <\/span><span style=\"font-weight: 400;\">viagem do <\/span><a href=\"https:\/\/www.mundiplus.com\/pt-pt\/caminos\/a-pie\/camino-frances\/camino-de-santiago-desde-sarria\"><b>Caminho a Santiago desde Sarria<\/b><\/a><span style=\"font-weight: 400;\">, dist\u00e2ncia m\u00ednima para te darem <\/span><a href=\"https:\/\/www.mundiplus.com\/pt-pt\/blog\/como-obter-a-compostela\"><span style=\"font-weight: 400;\">a Compostela<\/span><\/a><span style=\"font-weight: 400;\">.<\/span><\/p>\n<p><span style=\"font-weight: 400;\">Enquanto ergues o olhar para o caminho que se estende \u00e0 frente, h\u00e1 uma sensa\u00e7\u00e3o de transcend\u00eancia, como se cada passo estivesse carregado de s\u00e9culos de hist\u00f3ria e tradi\u00e7\u00e3o.<\/span><\/p>\n<p><span style=\"font-weight: 400;\">As expectativas iniciais tendem a ser t\u00e3o diversas quanto os pr\u00f3prios peregrinos. Alguns procuram uma experi\u00eancia espiritual profunda, outros uma prova f\u00edsica, e h\u00e1 quem queira simplesmente desconectar do barulho mundano e encontrar paz na simplicidade de caminhar. Contudo, h\u00e1 um fio comum:<\/span><b> a expectativa de uma viagem transformadora<\/b><span style=\"font-weight: 400;\">, cheia de desafios, descobertas e autodescoberta.<\/span><\/p>\n<p><span style=\"font-weight: 400;\">Nesse primeiro passo, ressoa uma promessa silenciosa, a de uma aventura que desafiar\u00e1 e mudar\u00e1 o peregrino de maneiras que ainda n\u00e3o pode imaginar.<\/span><\/p>\n<h2><b>Encontros no caminho<\/b><\/h2>\n<p><span style=\"font-weight: 400;\">Os <\/span><b>encontros com outros peregrinos<\/b><span style=\"font-weight: 400;\"> tecem uma rede de amizades e camaradagem t\u00e3o diversa quanto enriquecedora. Aqui fundem-se hist\u00f3rias, culturas e motiva\u00e7\u00f5es<span style=\"font-weight: 400;\">, criando um mosaico humano \u00fanico. Ao partilhar rotas, albergues e refei\u00e7\u00f5es, os peregrinos descobrem que, para al\u00e9m das diferen\u00e7as de l\u00edngua ou origem, h\u00e1 uma linguagem comum de empatia e apoio m\u00fatuo.<\/span><\/span><\/p>\n<p><span style=\"font-weight: 400;\">As hist\u00f3rias pessoais s\u00e3o t\u00e3o variadas quanto os caminheiros que se encontram ao longo do Caminho de Santiago: desde aqueles que buscam curar feridas emocionais, at\u00e9 os aventureiros \u00e1vidos por novas experi\u00eancias, ou aqueles que caminham em busca de respostas espirituais. No Caminho, cada pessoa leva consigo n\u00e3o s\u00f3 a sua mochila, mas tamb\u00e9m as suas <\/span><b>esperan\u00e7as, sonhos e desafios<\/b><span style=\"font-weight: 400;\">.<\/span><\/p>\n<p><span style=\"font-weight: 400;\">Os dias enchem-se de <\/span><b>conversas profundas e momentos partilhados<\/b><span style=\"font-weight: 400;\"> que frequentemente se transformam em amizades duradouras. Esses encontros fortuitos, por vezes breves mas intensos, enriquecem a experi\u00eancia do Caminho, ensinando aos peregrinos o valor da solidariedade, toler\u00e2ncia e partilha. <\/span><\/p>\n<h2><b>Paisagens e natureza<\/b><\/h2>\n<p><span style=\"font-weight: 400;\">O Caminho de Santiago \u00e9 uma ode \u00e0 beleza natural, uma tela onde cada pincelada \u00e9 uma paisagem de cortar a respira\u00e7\u00e3o. Para come\u00e7ar, os <\/span><b>amanheceres<\/b><span style=\"font-weight: 400;\"> criam momentos de sublime beleza que ficam gravados na mem\u00f3ria.<\/span><\/p>\n<p><span style=\"font-weight: 400;\">Desde os <\/span><b>verdes exuberantes da Galiza<\/b><span style=\"font-weight: 400;\"> at\u00e9 os vastos <\/span><b>campos de trigo da plan\u00edcie<\/b><span style=\"font-weight: 400;\">, o caminho oferece uma diversidade de cen\u00e1rios que encantam e revigoram o esp\u00edrito. Da mesma forma, ao atravessar as <\/span><b>florestas m\u00e1gicas de Navarra<\/b><span style=\"font-weight: 400;\">, o peregrino sente uma conex\u00e3o profunda com a terra. <\/span><\/p>\n<p><img decoding=\"async\" class=\"size-full wp-image-30643 aligncenter\" src=\"https:\/\/www.mundiplus.com\/wp-content\/uploads\/2024\/04\/peregrinos-camino-santiago.jpg\" alt=\"Melhores momentos do Caminho de Santiago: peregrinos\" width=\"1000\" height=\"667\" \/><\/p>\n<p><span style=\"font-weight: 400;\">A natureza no Caminho de Santiago, seja qual for a rota escolhida, n\u00e3o \u00e9 apenas um espet\u00e1culo para os olhos, \u00e9 tamb\u00e9m um <\/span><b>b\u00e1lsamo para a alma<\/b><span style=\"font-weight: 400;\">. O som do vento nos campos, o murm\u00fario dos rios e o canto dos p\u00e1ssaros tornam-se uma melodia constante que acompanha o caminheiro, convidando \u00e0 reflex\u00e3o e ao encontro interior.<\/span><\/p>\n<p><span style=\"font-weight: 400;\">Esta imers\u00e3o na natureza tem um <\/span><b>efeito terap\u00eautico<\/b><span style=\"font-weight: 400;\">, libertando o peregrino das preocupa\u00e7\u00f5es cotidianas e reconectando-o com aspectos fundamentais da vida. <\/span><\/p>\n<h2><b>Chegada a Santiago de Compostela<\/b><\/h2>\n<p><b>A chegada a Santiago de Compostela<\/b><span style=\"font-weight: 400;\"> \u00e9 um momento de emo\u00e7\u00f5es avassaladoras e realiza\u00e7\u00e3o profunda. Ao avistar as torres da Catedral, muitos peregrinos sentem uma <\/span><b>mistura de j\u00fabilo, gratid\u00e3o e al\u00edvio<\/b><span style=\"font-weight: 400;\">. \u00c9 o culminar de uma jornada cheia de esfor\u00e7o, reflex\u00e3o e descobertas. Esta conquista n\u00e3o \u00e9 apenas f\u00edsica, \u00e9 tamb\u00e9m espiritual e pessoal.<\/span><\/p>\n<p><span style=\"font-weight: 400;\">Para muitos, ter peregrinado pelo Caminho de Santiago significa <\/span><b>ter completado uma busca interior<\/b><span style=\"font-weight: 400;\">, enfrentado desafios pessoais e crescido em resili\u00eancia e autoconhecimento. A chegada n\u00e3o \u00e9 apenas um fim, mas um novo come\u00e7o, marcando um ponto de transforma\u00e7\u00e3o na vida do peregrino.<\/span><\/p>\n<p><span style=\"font-weight: 400;\">Esta experi\u00eancia torna-se um <\/span><b>espelho de introspe\u00e7\u00e3o e crescimento<\/b><span style=\"font-weight: 400;\">. Os peregrinos regressam com uma maior compreens\u00e3o de si mesmos e do mundo, levando consigo li\u00e7\u00f5es de <\/span><b>resili\u00eancia, paci\u00eancia e compaix\u00e3o<\/b><span style=\"font-weight: 400;\">. Na vida cotidiana, esses aprendizados traduzem-se numa maior abertura, for\u00e7a e uma renovada aprecia\u00e7\u00e3o pelas pequenas alegrias da vida.<\/span><\/p>\n","protected":false},"excerpt":{"rendered":"<p>O Caminho de Santiago \u00e9 mais do que uma simples rota de peregrina\u00e7\u00e3o, \u00e9 uma viagem de autodescoberta, um comp\u00eandio de experi\u00eancias humanas tecido ao longo de quil\u00f3metros de trilhos serpenteantes. Este artigo procura captar a ess\u00eancia dos melhores momentos vividos no Caminho de Santiago. Falar\u00e1 de experi\u00eancias inesquec\u00edveis que ficam gravadas na alma daqueles [&hellip;]<\/p>\n","protected":false},"author":1,"featured_media":114553,"comment_status":"open","ping_status":"open","sticky":false,"template":"","format":"standard","meta":{"footnotes":""},"categories":[574,578],"tags":[],"class_list":["post-114552","post","type-post","status-publish","format-standard","has-post-thumbnail","hentry","category-blog-do-caminho","category-caminho-a-pe"],"_links":{"self":[{"href":"https:\/\/www.mundiplus.com\/pt-pt\/wp-json\/wp\/v2\/posts\/114552","targetHints":{"allow":["GET"]}}],"collection":[{"href":"https:\/\/www.mundiplus.com\/pt-pt\/wp-json\/wp\/v2\/posts"}],"about":[{"href":"https:\/\/www.mundiplus.com\/pt-pt\/wp-json\/wp\/v2\/types\/post"}],"author":[{"embeddable":true,"href":"https:\/\/www.mundiplus.com\/pt-pt\/wp-json\/wp\/v2\/users\/1"}],"replies":[{"embeddable":true,"href":"https:\/\/www.mundiplus.com\/pt-pt\/wp-json\/wp\/v2\/comments?post=114552"}],"version-history":[{"count":0,"href":"https:\/\/www.mundiplus.com\/pt-pt\/wp-json\/wp\/v2\/posts\/114552\/revisions"}],"wp:featuredmedia":[{"embeddable":true,"href":"https:\/\/www.mundiplus.com\/pt-pt\/wp-json\/wp\/v2\/media\/114553"}],"wp:attachment":[{"href":"https:\/\/www.mundiplus.com\/pt-pt\/wp-json\/wp\/v2\/media?parent=114552"}],"wp:term":[{"taxonomy":"category","embeddable":true,"href":"https:\/\/www.mundiplus.com\/pt-pt\/wp-json\/wp\/v2\/categories?post=114552"},{"taxonomy":"post_tag","embeddable":true,"href":"https:\/\/www.mundiplus.com\/pt-pt\/wp-json\/wp\/v2\/tags?post=114552"}],"curies":[{"name":"wp","href":"https:\/\/api.w.org\/{rel}","templated":true}]}}