{"id":114580,"date":"2024-01-16T18:42:44","date_gmt":"2024-01-16T18:42:44","guid":{"rendered":"https:\/\/www.mundiplus.com\/o-que-ver-em-villafranca-del-bierzo\/"},"modified":"2024-11-25T15:38:34","modified_gmt":"2024-11-25T15:38:34","slug":"o-que-ver-em-villafranca-del-bierzo","status":"publish","type":"post","link":"https:\/\/www.mundiplus.com\/pt-pt\/blog\/villafranca-del-bierzo\/","title":{"rendered":"O que ver em Villafranca del Bierzo"},"content":{"rendered":"<p><span style=\"font-weight: 400;\">A uma dist\u00e2ncia de <\/span><b>132 km da cidade de <\/b><a href=\"https:\/\/www.mundiplus.com\/pt-pt\/blog\/que-ver-en-leon\"><b>Le\u00f3n<\/b><\/a><span style=\"font-weight: 400;\">, esta linda e encantadora vila convida ao descanso e ao desapego, pois aqui parece que o tempo parou. A sua hist\u00f3ria remonta \u00e0 \u00e9poca romana, que, devido \u00e0 sua localiza\u00e7\u00e3o geogr\u00e1fica estrat\u00e9gica,<\/span> <span style=\"font-weight: 400;\">esteve <\/span><b>s\u00f3 sempre ligada a conflitos b\u00e9licos.<\/b><\/p>\n<p><span style=\"font-weight: 400;\">Durante esta \u00e9poca, Villafranca del Bierzo foi uma fortaleza militar que servia para <\/span><b>proteger a conhecida rota do ouro<\/b><span style=\"font-weight: 400;\">. Mais tarde, devido \u00e0 sua localiza\u00e7\u00e3o no <\/span><b>in\u00edcio do vale do Rio Valcarce,<\/b><span style=\"font-weight: 400;\"> a vila tornou-se um ponto de passagem obrigat\u00f3ria para os peregrinos que iam at\u00e9 Compostela a partir de Le\u00f3n.<\/span><\/p>\n<p><span style=\"font-weight: 400;\">Seja para fazer a peregrina\u00e7\u00e3o por conta pr\u00f3pria ou atrav\u00e9s de alguma das <\/span><a href=\"https:\/\/www.mundiplus.com\/pt-pt\/\"><span style=\"font-weight: 400;\">ag\u00eancias de viagens para o Caminho de Santiago<\/span><\/a><span style=\"font-weight: 400;\">, se percorreres a <\/span><a href=\"https:\/\/www.mundiplus.com\/pt-pt\/caminos\/a-pie\/camino-frances\"><span style=\"font-weight: 400;\">rota francesa<\/span><\/a><span style=\"font-weight: 400;\"> a partir de Le\u00f3n, passar\u00e1s por esta pitoresca cidade.<\/span><\/p>\n<p><span style=\"font-weight: 400;\">Entre os locais que poder\u00e1s ver em Villafranca del Bierzo, encontram-se:<\/span><\/p>\n<h2><b>A Igreja de Santiago Ap\u00f3stol<\/b><\/h2>\n<p><span style=\"font-weight: 400;\">Este \u00e9 um dos monumentos mais importantes desta rota jacobeia.<\/span> <span style=\"font-weight: 400;\">Foi constru\u00edda no <\/span><b>s\u00e9culo XII.<\/b><span style=\"font-weight: 400;\"> Nessa altura, o bispo de Astorga pediu ao Papa uma autoriza\u00e7\u00e3o especial para construir um templo em honra do Ap\u00f3stolo Santiago. Era para que os <\/span><b>peregrinos que n\u00e3o podiam chegar at\u00e9 Compostela por motivos de sa\u00fade tamb\u00e9m pudessem alcan\u00e7ar o Jubileu.<\/b><\/p>\n<p><span style=\"font-weight: 400;\">Os peregrinos devem atravessar a famosa <\/span><b>Porta do Perd\u00e3o<\/b><span style=\"font-weight: 400;\">, que s\u00f3 se abre durante o Jubileu. Como curiosidade, deves saber que permaneceu <\/span><b>fechada durante os s\u00e9culos XIX e XX<\/b><span style=\"font-weight: 400;\"> devido \u00e0 peste que assolou a regi\u00e3o, al\u00e9m dos saques.<\/span><\/p>\n<p><span style=\"font-weight: 400;\">\u00c9 um templo de uma \u00fanica nave, com arcos de meio ponto. No seu interior, poder\u00e1s ver a cabeceira, com o \u00e1bside pr\u00f3prio deste tipo de igrejas, de tambor, al\u00e9m de um Cristo Crucificado de tamanho natural que data do s\u00e9culo XIV.<\/span><\/p>\n<p><img fetchpriority=\"high\" decoding=\"async\" class=\"size-full wp-image-30405 aligncenter\" src=\"https:\/\/www.mundiplus.com\/wp-content\/uploads\/2024\/04\/Villafranca-bierzo-iglesia-santiago-apostol.jpg\" alt=\"Igreja de Santiago Ap\u00f3stol em Villafranca del Bierzo\" width=\"1000\" height=\"667\" \/><\/p>\n<h2><b>Castelo dos Marqueses de Villafranca<\/b><\/h2>\n<p><span style=\"font-weight: 400;\">Trata-se de um <\/span><b>castelo de planta quadrada<\/b><span style=\"font-weight: 400;\"> e umas amplas torres circulares nos seus cantos. Foi constru\u00eddo no <\/span><b>in\u00edcio do s\u00e9culo XVI pelo II Marqu\u00eas de Villafranca<\/b><span style=\"font-weight: 400;\">. Hoje, \u00e9 uma propriedade privada e infelizmente n\u00e3o podemos conhecer o seu interior.<\/span><\/p>\n<p><span style=\"font-weight: 400;\">Esta constru\u00e7\u00e3o foi erguida <\/span><b>sobre as ru\u00ednas de outro castelo mais antigo chamado <\/b><b><i>A For\u00e7a. <\/i><\/b><span style=\"font-weight: 400;\">Durante a invas\u00e3o francesa, foi <\/span><b>saqueado pelos ingleses<\/b><span style=\"font-weight: 400;\"> que fugiam em dire\u00e7\u00e3o a Lugo e, posteriormente, <\/span><b>as tropas francesas destru\u00edram-no <\/b><span style=\"font-weight: 400;\">e incendiaram tudo \u00e0 sua passagem.<\/span><\/p>\n<h2><b>A Igreja de S\u00e3o Francisco<\/b><\/h2>\n<p><span style=\"font-weight: 400;\">No final da rua San Jer\u00f3nimo, encontra-se a <\/span><b>Igreja de S\u00e3o Francisco<\/b><span style=\"font-weight: 400;\">. Trata-se de <\/span><b>um antigo convento franciscano constru\u00eddo no s\u00e9culo XII,<\/b><span style=\"font-weight: 400;\"> embora atualmente apenas se conserve o templo.<\/span><\/p>\n<p><span style=\"font-weight: 400;\">A sua <\/span><b>fachada em <\/b><a href=\"https:\/\/www.mundiplus.com\/pt-pt\/blog\/romanico-en-el-camino-frances\"><b>estilo rom\u00e2nico<\/b><\/a><span style=\"font-weight: 400;\"> \u00e9 uma verdadeira beleza, embora tamb\u00e9m tenha alguns detalhes barrocos e g\u00f3ticos que foram acrescentados \u00e0 medida que foram feitas diferentes amplia\u00e7\u00f5es.<\/span><\/p>\n<p><span style=\"font-weight: 400;\">No interior, poder\u00e1s ver o seu enorme <\/span><b>Ret\u00e1bulo Maior,<\/b><span style=\"font-weight: 400;\"> que \u00e9 de estilo churrigueresco, al\u00e9m de uma linda pintura de Cristo Eucar\u00edstico da escola de Juan de Flandes. Outro dos pontos mais chamativos \u00e9 o <\/span><b>coro<\/b><span style=\"font-weight: 400;\">, de estilo plateresco, muito condizente com o estilo austero dos franciscanos.<\/span><\/p>\n<p><span style=\"font-weight: 400;\">Aqui tamb\u00e9m <\/span><b>encontram-se v\u00e1rios t\u00famulos<\/b><span style=\"font-weight: 400;\"> de diferentes cavaleiros e damas de grande relev\u00e2ncia na sociedade Villafranca.<\/span><\/p>\n<h2><b>A Colegiada de Santa Maria<\/b><\/h2>\n<p><span style=\"font-weight: 400;\">Erguida sobre um <\/span><b>antigo mosteiro<\/b><span style=\"font-weight: 400;\"> que foi instalado na vila a meio do s\u00e9culo XII sob a Ordem de Cluny. Serviu de alojamento para peregrinos franceses, al\u00e9m de ser um local onde se incentivava a agricultura vin\u00edcola na regi\u00e3o.<\/span><\/p>\n<p><span style=\"font-weight: 400;\">Este \u00e9 um claro exemplo da <\/span><b>arquitetura berciana do s\u00e9culo XVI<\/b><span style=\"font-weight: 400;\"> que tamb\u00e9m foi muito popular na regi\u00e3o. Deves saber que esta constru\u00e7\u00e3o<\/span><b> demorou cerca de 200 anos a ser conclu\u00edda<\/b><span style=\"font-weight: 400;\">.<\/span><\/p>\n<p><span style=\"font-weight: 400;\">A igreja foi constru\u00edda por ordem do Marqu\u00eas de Villafranca. No seu interior, podes ver diferentes ab\u00f3badas e uma linda c\u00fapula que, entre outras coisas, guarda v\u00e1rios ret\u00e1bulos e um maravilhoso coro barroco \u2013 rococ\u00f3.<\/span><\/p>\n<p><img decoding=\"async\" class=\"size-full wp-image-30406 aligncenter\" src=\"https:\/\/www.mundiplus.com\/wp-content\/uploads\/2024\/04\/Villafranca-bierzo.jpg\" alt=\"Ponte em Villafranca del Bierzo\" width=\"1000\" height=\"667\" \/><\/p>\n<h2><b>O Convento de S\u00e3o Nicolau<\/b><\/h2>\n<p><span style=\"font-weight: 400;\">O seu nome oficial \u00e9 <\/span><b>Convento de S\u00e3o Nicolau El Real<\/b><span style=\"font-weight: 400;\">, que, juntamente com a igreja, forma um dos complexos religiosos mais importantes de toda a regi\u00e3o. Foi <\/span><b>constru\u00eddo durante o s\u00e9culo XVII<\/b><span style=\"font-weight: 400;\">, com um design muito tradicional da Companhia de Jesus, que o concebeu como uma escola para crian\u00e7as.<\/span><\/p>\n<p><span style=\"font-weight: 400;\">Tem uma impressionante fachada coroada pelo bras\u00e3o dos jesu\u00edtas. No seu interior, guarda a imagem do padroeiro de Villafranca, o Cristo da Esperan\u00e7a.<\/span><\/p>\n<h2><b>Pra\u00e7a Maior de Villafranca del Bierzo<\/b><\/h2>\n<p><span style=\"font-weight: 400;\">Como em qualquer vila de Espanha, uma visita \u00e0 Pra\u00e7a Maior de Villafranca del Bierzo \u00e9 necess\u00e1ria para conhecer de perto o seu quotidiano. Est\u00e1 presidida pela c\u00e2mara municipal e, ao longo dos anos, foram acrescentados p\u00f3rticos que ajudam a proteger do sol as diferentes esplanadas de bares e restaurantes que se encontram \u00e0 volta.<\/span><\/p>\n<p><span style=\"font-weight: 400;\">Este \u00e9 o lugar indicado se queres desfrutar um pouco da gastronomia local ou simplesmente tomar algo enquanto aprecias as vistas. Indiscutivelmente, \u00e9 uma das <\/span><a href=\"https:\/\/www.mundiplus.com\/pt-pt\/blog\/pueblos-pintorescos-camino-de-santiago\"><span style=\"font-weight: 400;\">vilas mais pitorescas<\/span><\/a><span style=\"font-weight: 400;\"> da rota jacobeia, por isso, marca no teu mapa do Caminho de Santiago Franc\u00eas.<\/span><\/p>\n<h2><b>Rua da \u00c1gua<\/b><\/h2>\n<p><span style=\"font-weight: 400;\">Por \u00faltimo, mas n\u00e3o menos importante, encontra-se a Rua da \u00c1gua, para alguns, <\/span><b>a mais famosa de toda Villafranca del Bierzo<\/b><span style=\"font-weight: 400;\">, rodeada de lindas<\/span><b> casas de estilo senhorial,<\/b><span style=\"font-weight: 400;\"> muitas delas com bras\u00f5es de armas, alguns pal\u00e1cios e, al\u00e9m disso, adegas.<\/span><\/p>\n<p><span style=\"font-weight: 400;\">Villafranca del Bierzo est\u00e1 a poucos quil\u00f3metros da fronteira entre Le\u00f3n e Lugo, por isso, se est\u00e1s a planear fazer o <\/span><a href=\"https:\/\/www.mundiplus.com\/pt-pt\/caminos\/a-pie\/camino-frances\/camino-de-santiago-desde-sarria\"><span style=\"font-weight: 400;\">Caminho Franc\u00eas de Santiago a partir de Sarria<\/span><\/a><span style=\"font-weight: 400;\">, talvez te interesse reorganizar o percurso e come\u00e7ar um pouco antes. Isso representar\u00e1 apenas mais cerca de 65 km de peregrina\u00e7\u00e3o, mas realmente vale a pena.<\/span><\/p>\n<p><img decoding=\"async\" class=\"size-full wp-image-30407 aligncenter\" src=\"https:\/\/www.mundiplus.com\/wp-content\/uploads\/2024\/04\/peregrino-solitario-atardecer-1.jpg\" alt=\"Peregrino em Villafranca del Bierzo\" width=\"1000\" height=\"601\" \/><\/p>\n<h2><b>Outras rotas jacobeias<\/b><\/h2>\n<p><span style=\"font-weight: 400;\">Al\u00e9m do Caminho Franc\u00eas, carregado de hist\u00f3ria e tradi\u00e7\u00f5es, podes considerar para futuras peregrina\u00e7\u00f5es as outras tr\u00eas rotas mais populares: <\/span><\/p>\n<ul>\n<li style=\"font-weight: 400;\" aria-level=\"1\"><span style=\"font-weight: 400;\">O<\/span><a href=\"https:\/\/www.mundiplus.com\/pt-pt\/caminos\/a-pie\/camino-norte\"> <span style=\"font-weight: 400;\">Caminho do Norte<\/span><\/a><span style=\"font-weight: 400;\">, que percorre a costa cant\u00e1brica de Este a Oeste.<\/span><\/li>\n<li style=\"font-weight: 400;\" aria-level=\"1\"><span style=\"font-weight: 400;\">O<\/span><a href=\"https:\/\/www.mundiplus.com\/pt-pt\/caminos\/a-pie\/camino-portugues-costa\"> <span style=\"font-weight: 400;\">Caminho Portugu\u00eas da Costa<\/span><\/a><span style=\"font-weight: 400;\">, desde Porto (Portugal), passando por Viana do Castelo e Vigo.<\/span><\/li>\n<li style=\"font-weight: 400;\" aria-level=\"1\"><span style=\"font-weight: 400;\">O<\/span><a href=\"https:\/\/www.mundiplus.com\/pt-pt\/caminos\/a-pie\/camino-portugues\/camino-de-santiago-desde-tui\"> <span style=\"font-weight: 400;\">Caminho Portugu\u00eas de Tui<\/span><\/a><span style=\"font-weight: 400;\">, que pode ser percorrido em cerca de 8 dias.<\/span><\/li>\n<\/ul>\n<p><span style=\"font-weight: 400;\">Indiscutivelmente, a rota jacobeia pode lev\u00e1-lo pelas vilas e regi\u00f5es mais pitorescas de toda a pen\u00ednsula. Uma travessia que une a aventura com a espiritualidade.<\/span><\/p>\n","protected":false},"excerpt":{"rendered":"<p>A uma dist\u00e2ncia de 132 km da cidade de Le\u00f3n, esta linda e encantadora vila convida ao descanso e ao desapego, pois aqui parece que o tempo parou. A sua hist\u00f3ria remonta \u00e0 \u00e9poca romana, que, devido \u00e0 sua localiza\u00e7\u00e3o geogr\u00e1fica estrat\u00e9gica, esteve s\u00f3 sempre ligada a conflitos b\u00e9licos. Durante esta \u00e9poca, Villafranca del Bierzo [&hellip;]<\/p>\n","protected":false},"author":1,"featured_media":114581,"comment_status":"open","ping_status":"open","sticky":false,"template":"","format":"standard","meta":{"footnotes":""},"categories":[574,602],"tags":[],"class_list":["post-114580","post","type-post","status-publish","format-standard","has-post-thumbnail","hentry","category-blog-do-caminho","category-vilas-e-comarcas"],"_links":{"self":[{"href":"https:\/\/www.mundiplus.com\/pt-pt\/wp-json\/wp\/v2\/posts\/114580","targetHints":{"allow":["GET"]}}],"collection":[{"href":"https:\/\/www.mundiplus.com\/pt-pt\/wp-json\/wp\/v2\/posts"}],"about":[{"href":"https:\/\/www.mundiplus.com\/pt-pt\/wp-json\/wp\/v2\/types\/post"}],"author":[{"embeddable":true,"href":"https:\/\/www.mundiplus.com\/pt-pt\/wp-json\/wp\/v2\/users\/1"}],"replies":[{"embeddable":true,"href":"https:\/\/www.mundiplus.com\/pt-pt\/wp-json\/wp\/v2\/comments?post=114580"}],"version-history":[{"count":0,"href":"https:\/\/www.mundiplus.com\/pt-pt\/wp-json\/wp\/v2\/posts\/114580\/revisions"}],"wp:featuredmedia":[{"embeddable":true,"href":"https:\/\/www.mundiplus.com\/pt-pt\/wp-json\/wp\/v2\/media\/114581"}],"wp:attachment":[{"href":"https:\/\/www.mundiplus.com\/pt-pt\/wp-json\/wp\/v2\/media?parent=114580"}],"wp:term":[{"taxonomy":"category","embeddable":true,"href":"https:\/\/www.mundiplus.com\/pt-pt\/wp-json\/wp\/v2\/categories?post=114580"},{"taxonomy":"post_tag","embeddable":true,"href":"https:\/\/www.mundiplus.com\/pt-pt\/wp-json\/wp\/v2\/tags?post=114580"}],"curies":[{"name":"wp","href":"https:\/\/api.w.org\/{rel}","templated":true}]}}