{"id":114609,"date":"2023-11-28T11:38:11","date_gmt":"2023-11-28T11:38:11","guid":{"rendered":"https:\/\/www.mundiplus.com\/o-que-ver-em-caldas-de-reis\/"},"modified":"2024-11-25T17:49:31","modified_gmt":"2024-11-25T17:49:31","slug":"o-que-ver-em-caldas-de-reis","status":"publish","type":"post","link":"https:\/\/www.mundiplus.com\/pt-pt\/blog\/o-que-ver-em-caldas-de-reis\/","title":{"rendered":"O que ver em Caldas de Reis"},"content":{"rendered":"<p><span style=\"font-weight: 400;\">No cora\u00e7\u00e3o da Galiza, onde a natureza e a hist\u00f3ria tecem uma melodia cativante, encontra-se <\/span><b>Caldas de Reis<\/b><span style=\"font-weight: 400;\">, um recanto ainda n\u00e3o saturado pelas ondas de turismo massivo.\u00a0<\/span><\/p>\n<p><span style=\"font-weight: 400;\">Imagina um lugar onde as \u00e1guas termais fluem desde os tempos romanos, um ref\u00fagio de paz onde cada pedra e cada \u00e1rvore t\u00eam uma hist\u00f3ria para contar. Este pitoresco<\/span> <span style=\"font-weight: 400;\">enclave galego \u00e9 <\/span><b>muito mais do que um simples destino tur\u00edstico,<\/b><span style=\"font-weight: 400;\"> \u00e9 uma porta para a hist\u00f3ria, a cultura e a inigual\u00e1vel beleza do noroeste de Espanha.<\/span><\/p>\n<p><span style=\"font-weight: 400;\">Esta pitoresca vila galega n\u00e3o s\u00f3 te convida a mergulhar nas suas famosas \u00e1guas medicinais. Tamb\u00e9m te convida a perder-te pelas suas ruelas, a descobrir as suas antigas pontes e a testemunhar os seus moinhos que, silenciosamente, desafiaram o passar do tempo.\u00a0<\/span><\/p>\n<p><span style=\"font-weight: 400;\">Acompanhado pelo murm\u00fario do rio Umia e o aroma a terra fresca, este lugar transforma-se no ref\u00fagio perfeito. Sobretudo para aqueles que procuram desconectar e viver uma experi\u00eancia aut\u00eantica. Claro, tamb\u00e9m para todos os peregrinos que optam por viver a aventura do Caminho Portugu\u00eas.<\/span><\/p>\n<p><span style=\"font-weight: 400;\">Se est\u00e1s pronto para uma aventura fora do comum, deixa-te seduzir por esta pitoresca vila. Vamos embarcar juntos nesta viagem pelo cora\u00e7\u00e3o da Galiza!<\/span><\/p>\n<h2><b>Caldas de Reis e o Caminho de Santiago<\/b><\/h2>\n<p><img fetchpriority=\"high\" decoding=\"async\" class=\"size-full wp-image-30107 aligncenter\" src=\"https:\/\/www.mundiplus.com\/wp-content\/uploads\/2024\/04\/Caldas-de-Rei-peregrina.jpg\" alt=\"\" width=\"1000\" height=\"667\" \/><\/p>\n<p><span style=\"font-weight: 400;\">Caldas de Reis e o seu v\u00ednculo inquebrant\u00e1vel com o Caminho de Santiago manifesta-se em cada esquina desta hist\u00f3rica vila galega. Esta localidade ergue-se como um ponto de passagem essencial na rota portuguesa rumo a Santiago de Compostela, oferecendo um abra\u00e7o caloroso aos milhares de peregrinos que anualmente a atravessam.<\/span><\/p>\n<p><span style=\"font-weight: 400;\">Desde os tempos antigos, os peregrinos encontraram aqui um<\/span><b> ref\u00fagio onde as fadigas do caminho se aliviam<\/b><span style=\"font-weight: 400;\">.\u00a0<\/span><\/p>\n<p><span style=\"font-weight: 400;\">As conhecidas <\/span><b>\u00e1guas termais<\/b><span style=\"font-weight: 400;\"> da vila n\u00e3o s\u00e3o apenas um tesouro pelas suas propriedades curativas, tamb\u00e9m um presente para os caminheiros exaustos que procuram um merecido descanso. A reconfortante sensa\u00e7\u00e3o de imergir os p\u00e9s nessas \u00e1guas \u00e9 uma experi\u00eancia que muitos guardam na mem\u00f3ria.<\/span><\/p>\n<p><span style=\"font-weight: 400;\">Al\u00e9m do seu patrim\u00f3nio natural, Caldas de Reis resplandece pela sua rica heran\u00e7a cultural. As pontes hist\u00f3ricas, igrejas ancestrais e ruelas pitorescas falam de s\u00e9culos de hist\u00f3ria e devo\u00e7\u00e3o. Nesse sentido, a ajuda de uma <\/span><a href=\"https:\/\/www.mundiplus.com\/pt-pt\/\"><span style=\"font-weight: 400;\">empresa para fazer o Caminho de Santiago de Compostela<\/span><\/a><span style=\"font-weight: 400;\"> tem-se tornado cada vez mais proeminente.<\/span><\/p>\n<p><span style=\"font-weight: 400;\">Essas empresas oferecem servi\u00e7os que facilitam a experi\u00eancia da peregrina\u00e7\u00e3o, desde o transporte de bagagens at\u00e9 a organiza\u00e7\u00e3o de rotas personalizadas. Para aqueles que procuram combinar a tradi\u00e7\u00e3o do Caminho com as comodidades modernas, essas empresas s\u00e3o a ponte perfeita.<\/span><\/p>\n<h2><b>\u00c1guas termais: um presente da natureza<\/b><\/h2>\n<p><img decoding=\"async\" class=\"size-full wp-image-30108 aligncenter\" src=\"https:\/\/www.mundiplus.com\/wp-content\/uploads\/2024\/04\/Caldas-de-Rei-aguas-termales.jpg\" alt=\"\" width=\"1000\" height=\"667\" \/><\/p>\n<p><span style=\"font-weight: 400;\">Brota das profundezas da terra, as \u00e1guas termais s\u00e3o um fen\u00f3meno natural que muitas vezes \u00e9 descrito como um milagre da natureza. Em Caldas de Reis, essas \u00e1guas n\u00e3o s\u00f3 fazem parte da paisagem geogr\u00e1fica, mas tamb\u00e9m da paisagem cultural e emocional dos seus habitantes e visitantes.<\/span><\/p>\n<h3><b>Hist\u00f3ria e lendas associadas<\/b><\/h3>\n<p><span style=\"font-weight: 400;\">Caldas de Reis, cujo nome se traduz literalmente como &#8220;\u00c1guas Quentes dos Reis&#8221;, tem sido desde a antiguidade um<\/span><b> ponto de refer\u00eancia para aqueles que procuram cura e descanso<\/b><span style=\"font-weight: 400;\">. Diz-se que os romanos, conhecidos pelo seu amor aos banhos termais, j\u00e1 utilizavam estas \u00e1guas para os seus rituais de limpeza e relaxamento.<\/span><\/p>\n<p><span style=\"font-weight: 400;\">Mas para al\u00e9m da hist\u00f3ria registrada, as \u00e1guas deram origem a v\u00e1rias lendas locais. Uma das mais populares conta que um rei, aflito por uma doen\u00e7a incur\u00e1vel, encontrou a cura imergindo nessas \u00e1guas m\u00e1gicas. Desde esse dia, as \u00e1guas ficaram conhecidas como o &#8220;Presente do Rei&#8221; ao seu povo.<\/span><\/p>\n<h3><b>Benef\u00edcios terap\u00eauticos<\/b><\/h3>\n<p><span style=\"font-weight: 400;\">Para al\u00e9m das lendas, as \u00e1guas termais de Caldas de Reis possuem propriedades terap\u00eauticas reconhecidas. <\/span><b>Ricas em minerais como magn\u00e9sio, c\u00e1lcio e sil\u00edcio<\/b><span style=\"font-weight: 400;\">, acredita-se que ajudam a aliviar problemas de pele, dores musculares e artrite. Al\u00e9m disso, o ato de mergulhar em \u00e1guas quentes por si s\u00f3 promove o relaxamento, reduzindo o stress e favorecendo o bem-estar geral.<\/span><\/p>\n<h2><b>Lugares destacados para as desfrutar<\/b><\/h2>\n<p><img decoding=\"async\" class=\"size-full wp-image-30109 aligncenter\" src=\"https:\/\/www.mundiplus.com\/wp-content\/uploads\/2024\/04\/Caldas-de-Reis-rio-2.jpg\" alt=\"\" width=\"1000\" height=\"667\" \/><\/p>\n<p><span style=\"font-weight: 400;\">Embora existam v\u00e1rias fontes termais espalhadas por toda a regi\u00e3o, existem locais particularmente emblem\u00e1ticos em Caldas de Reis:<\/span><\/p>\n<ol>\n<li style=\"font-weight: 400;\" aria-level=\"1\"><b>As Termas Romanas<\/b><span style=\"font-weight: 400;\">: Restauradas para conservar a sua ess\u00eancia hist\u00f3rica, estas termas oferecem uma experi\u00eancia que combina o encanto do passado com os benef\u00edcios das \u00e1guas.<\/span><\/li>\n<li style=\"font-weight: 400;\" aria-level=\"1\"><b>O Balne\u00e1rio de Caldas de Reis<\/b><span style=\"font-weight: 400;\">: Este moderno estabelecimento oferece servi\u00e7os de spa, onde as \u00e1guas termais se tornam o protagonista de tratamentos relaxantes e terap\u00eauticos.<\/span><\/li>\n<li style=\"font-weight: 400;\" aria-level=\"1\"><b>As Po\u00e7as ao Ar Livre<\/b><span style=\"font-weight: 400;\">: Situadas junto ao rio, estas po\u00e7as naturais permitem aos visitantes desfrutar das \u00e1guas termais num ambiente natural e refrescante.<\/span><\/li>\n<\/ol>\n<p><span style=\"font-weight: 400;\">Uma viagem aqui n\u00e3o estaria completa sem mergulhar no presente l\u00edquido que a natureza concedeu a esta terra. \u00c9 uma experi\u00eancia que conecta corpo, mente e alma num banho de hist\u00f3ria, sa\u00fade e beleza.<\/span><\/p>\n<h2><b>J\u00f3ias Arquitet\u00f3nicas: Testemunhas do Tempo<\/b><\/h2>\n<p><span style=\"font-weight: 400;\">As cidades e vilas, ao longo dos s\u00e9culos, tornam-se um tapete vivo onde cada estrutura conta uma hist\u00f3ria.\u00a0<\/span><\/p>\n<p><span style=\"font-weight: 400;\">Caldas de Reis, com a sua rica hist\u00f3ria e posi\u00e7\u00e3o geogr\u00e1fica estrat\u00e9gica, n\u00e3o \u00e9 exce\u00e7\u00e3o. Os seus edif\u00edcios, pra\u00e7as e pontes atuam como testemunhas silenciosas do passar do tempo, guardando segredos e anedotas de gera\u00e7\u00f5es passadas e atuais. Ao entrar nos seus recantos, encontra-se num di\u00e1logo constante entre o passado e o presente.<\/span><\/p>\n<h3><b>Pontes Hist\u00f3ricas<\/b><\/h3>\n<p><span style=\"font-weight: 400;\">As pontes deste local s\u00e3o muito mais do que simples estruturas que cruzam rios. S\u00e3o<\/span><b> s\u00edmbolos de conex\u00e3o<\/b><span style=\"font-weight: 400;\">, n\u00e3o apenas geogr\u00e1fica, mas tamb\u00e9m hist\u00f3rica e cultural. Ao longo dos s\u00e9culos, permitiram o fluxo de pessoas, bens e, claro, peregrinos que se dirigem a Santiago.<\/span><br \/>\n<span style=\"font-weight: 400;\">Uma anedota popular diz que um pr\u00edncipe, fugindo dos seus perseguidores, atravessou uma dessas pontes na mais profunda escurid\u00e3o da noite, salvando-se gra\u00e7as \u00e0 orienta\u00e7\u00e3o de um anci\u00e3o local. Embora a hist\u00f3ria n\u00e3o seja verificada, ela exemplifica as narrativas associadas a esses hist\u00f3ricos passos.<\/span><\/p>\n<p><img loading=\"lazy\" decoding=\"async\" class=\"size-full wp-image-30111 aligncenter\" src=\"https:\/\/www.mundiplus.com\/wp-content\/uploads\/2024\/04\/Caldas-de-Reis-hito.jpg\" alt=\"\" width=\"1000\" height=\"667\" \/><\/p>\n<h3><b>Igrejas e constru\u00e7\u00f5es Sacras<\/b><\/h3>\n<p><span style=\"font-weight: 400;\">As igrejas deste emblem\u00e1tico local n\u00e3o s\u00e3o apenas edif\u00edcios, s\u00e3o monumentos \u00e0 f\u00e9 e \u00e0 devo\u00e7\u00e3o dos seus habitantes. Cada pedra esculpida, cada vitral colorido, fala de s\u00e9culos de rever\u00eancia e celebra\u00e7\u00e3o. Muitos peregrinos que escolhem o Caminho Portugu\u00eas fazem uma pausa em Caldas de Reis, encontrando nas suas igrejas um lugar de reflex\u00e3o e ora\u00e7\u00e3o antes de continuar a sua viagem espiritual at\u00e9 Santiago de Compostela. <\/span><\/p>\n<h3><b>Ruelas e pra\u00e7as<\/b><\/h3>\n<p><span style=\"font-weight: 400;\">As estreitas ruelas e as pra\u00e7as de Caldas de Reis n\u00e3o s\u00e3o apenas locais de tr\u00e2nsito. S\u00e3o <\/span><b>cen\u00e1rios onde a vida cotidiana se desenrola<\/b><span style=\"font-weight: 400;\">, mostrando a ess\u00eancia da cultura local. Aqui, as crian\u00e7as brincam, os idosos partilham hist\u00f3rias e as fam\u00edlias celebram.<\/span><\/p>\n<p><span style=\"font-weight: 400;\">Cada pra\u00e7a e cada canto acolhe festividades ao longo do ano. Desde festas tradicionais at\u00e9 celebra\u00e7\u00f5es modernas, estes espa\u00e7os tornam-se o cora\u00e7\u00e3o pulsante da localidade, onde a comunidade se re\u00fane para celebrar e conviver.<\/span><\/p>\n<h3><b>Gastronomia local<\/b><\/h3>\n<p><span style=\"font-weight: 400;\">A alma de um lugar percebe-se n\u00e3o s\u00f3 nas suas paisagens ou arquitetura, mas tamb\u00e9m na ess\u00eancia dos seus sabores e aromas. Em Caldas de Reis, a gastronomia \u00e9 uma janela para o cora\u00e7\u00e3o da Galiza, um reflexo da sua rica hist\u00f3ria, da sua geografia diversificada e da sua cultura apaixonada.<\/span><\/p>\n<p><b>Cada mordida \u00e9 uma viagem, uma recorda\u00e7\u00e3o, uma celebra\u00e7\u00e3o<\/b><span style=\"font-weight: 400;\">. Desde pratos que sobreviveram por gera\u00e7\u00f5es at\u00e9 aos recantos onde s\u00e3o servidos, a experi\u00eancia culin\u00e1ria \u00e9 uma aventura que cativa tanto o paladar quanto o esp\u00edrito.<\/span><\/p>\n<h3><b>Pratos tradicionais de Caldas de Reis<\/b><\/h3>\n<p><span style=\"font-weight: 400;\">Caldas de Reis orgulha-se dos seus pratos tradicionais, muitos dos quais t\u00eam as suas ra\u00edzes em antigas receitas familiares. O &#8220;<\/span><b>Lac\u00f3n com Grelos<\/b><span style=\"font-weight: 400;\">&#8220;, um suculento prato de carne de porco acompanhado de brotos de nabos, \u00e9 um cl\u00e1ssico imperd\u00edvel. As &#8220;Empanadas Galegas&#8221;, recheadas com diferentes ingredientes conforme a esta\u00e7\u00e3o, s\u00e3o um testemunho da versatilidade e riqueza da culin\u00e1ria local.<\/span><\/p>\n<h2><b>O que fazer em Caldas de Reis?<\/b><\/h2>\n<p><img loading=\"lazy\" decoding=\"async\" class=\"size-full wp-image-30110 aligncenter\" src=\"https:\/\/www.mundiplus.com\/wp-content\/uploads\/2024\/04\/Caldas-de-Rei-senderismo.jpg\" alt=\"\" width=\"1000\" height=\"667\" \/><\/p>\n<p><span style=\"font-weight: 400;\">A paisagem verde e ondulada, atravessada por rios e adornada com densas florestas, convida o visitante a perder-se na magia da Galiza. Aqui, o ar \u00e9 um suspiro de frescura e cada passo \u00e9 uma descoberta. <\/span><\/p>\n<p><span style=\"font-weight: 400;\">Independente de procurares a serenidade de um passeio junto ao rio ou a emo\u00e7\u00e3o de um trilho que te leve a miradouros escondidos, Caldas de Reis oferece-te esse &#8220;respiro galego&#8221; que renova o esp\u00edrito.<\/span><\/p>\n<h3><b>Trilhos de caminhada<\/b><\/h3>\n<p><span style=\"font-weight: 400;\">Este lugar \u00e9 um <\/span><b>para\u00edso para os amantes da caminhada<\/b><span style=\"font-weight: 400;\">. Os seus trilhos serpenteiam por florestas de eucaliptos, carvalhos e castanheiros, oferecendo panor\u00e2micas espetaculares da paisagem galega. A <\/span><i><span style=\"font-weight: 400;\">Rota das \u00c1guas<\/span><\/i><span style=\"font-weight: 400;\">, por exemplo, \u00e9 um percurso que segue antigos moinhos de \u00e1gua, levando o caminhante por uma viagem hist\u00f3rica e natural simultaneamente.<\/span><\/p>\n<h3><b>\u00c1reas de piquenique junto ao Rio Umia<\/b><\/h3>\n<p><span style=\"font-weight: 400;\">O <\/span><b>Rio Umia<\/b><span style=\"font-weight: 400;\">, com suas \u00e1guas cristalinas, \u00e9 o local perfeito para uma pausa reconfortante. Ao longo do seu curso, existem v\u00e1rias \u00e1reas preparadas para piqueniques, onde fam\u00edlias e grupos de amigos se costumam reunir, especialmente nos dias de sol.<\/span><\/p>\n<h3><b>Miradouros e lugares secretos para contemplar a paisagem<\/b><\/h3>\n<p><span style=\"font-weight: 400;\">A Galiza \u00e9 terra de miradouros, e Caldas de Reis n\u00e3o fica para tr\u00e1s. <\/span><b>O <\/b><b><i>Miradouro do Rio Umia<\/i><\/b><span style=\"font-weight: 400;\">, por exemplo, oferece vistas panor\u00e2micas inigual\u00e1veis da regi\u00e3o, tornando-se um local perfeito para reflex\u00e3o e admira\u00e7\u00e3o. <\/span><\/p>\n<p><span style=\"font-weight: 400;\">Al\u00e9m disso, para aqueles dispostos a explorar um pouco mais, existem cantos secretos, conhecidos principalmente pelos locais, que oferecem perspectivas \u00fanicas e momentos de serenidade absoluta.<\/span><\/p>\n<h2><b>Dicas para o viajante<\/b><\/h2>\n<p><span style=\"font-weight: 400;\">Se est\u00e1s a planear uma visita, aqui ficam algumas dicas para aproveitar ao m\u00e1ximo a tua estadia:<\/span><\/p>\n<ol>\n<li style=\"font-weight: 400;\" aria-level=\"1\"><b>Melhor \u00e9poca para visitar:<\/b><span style=\"font-weight: 400;\"> Embora seja bonita em qualquer \u00e9poca do ano, a primavera e o outono s\u00e3o particularmente atrativos pelo seu clima ameno e o esplendor natural das esta\u00e7\u00f5es. O ver\u00e3o \u00e9 ideal se preferires temperaturas mais quentes, mas pode ser mais concorrido pelos peregrinos do Caminho de Santiago.<\/span><\/li>\n<li style=\"font-weight: 400;\" aria-level=\"1\"><b>Cal\u00e7ado adequado:<\/b><span style=\"font-weight: 400;\"> Se planeias aproveitar os trilhos e explorar o ambiente natural, \u00e9 essencial usar um bom cal\u00e7ado de montanha, confort\u00e1vel e resistente \u00e0 \u00e1gua.<\/span><\/li>\n<li style=\"font-weight: 400;\" aria-level=\"1\"><b>Visita as termas:<\/b><span style=\"font-weight: 400;\"> N\u00e3o podes ir a Caldas de Reis sem desfrutar das suas famosas \u00e1guas termais. Leva um fato de banho e relaxa nestas \u00e1guas curativas que s\u00e3o apreciadas desde os tempos romanos.<\/span><\/li>\n<li style=\"font-weight: 400;\" aria-level=\"1\"><b>Festas e festivais:<\/b><span style=\"font-weight: 400;\"> Informar-se sobre as festividades locais pode enriquecer a tua experi\u00eancia. Esta localidade costuma celebrar eventos gastron\u00f3micos, culturais e religiosos ao longo do ano.<\/span><\/li>\n<li style=\"font-weight: 400;\" aria-level=\"1\"><b>Respeito pela natureza:<\/b><span style=\"font-weight: 400;\"> Se decidires aventurar-te pelos espa\u00e7os naturais, lembra-te de levar o teu lixo contigo e respeitar as \u00e1reas protegidas. A conserva\u00e7\u00e3o desses espa\u00e7os \u00e9 essencial para manter a sua beleza e biodiversidade.<\/span><\/li>\n<li style=\"font-weight: 400;\" aria-level=\"1\"><b>Transporte:<\/b><span style=\"font-weight: 400;\"> Embora Caldas de Reis seja acess\u00edvel de carro, tamb\u00e9m podes chegar de transporte p\u00fablico desde as principais cidades galegas. Uma vez na localidade, \u00e9 f\u00e1cil deslocar-se a p\u00e9 ou de bicicleta.<\/span><\/li>\n<li style=\"font-weight: 400;\" aria-level=\"1\"><b>Alojamento:<\/b><span style=\"font-weight: 400;\"> Desde albergues para peregrinos at\u00e9 hot\u00e9is encantadores, h\u00e1 op\u00e7\u00f5es para todos os or\u00e7amentos. \u00c9 recomend\u00e1vel reservar com anteced\u00eancia, especialmente na \u00e9poca alta.<\/span><\/li>\n<li style=\"font-weight: 400;\" aria-level=\"1\"><b>Conhece os locais:<\/b><span style=\"font-weight: 400;\"> Os habitantes de Caldas de Reis s\u00e3o amig\u00e1veis e acolhedores. N\u00e3o hesites em iniciar conversas, pedir recomenda\u00e7\u00f5es ou aprender mais sobre as tradi\u00e7\u00f5es e a hist\u00f3ria local.<\/span><\/li>\n<\/ol>\n<p><span style=\"font-weight: 400;\">Como podes ver, o Caminho Portugu\u00eas \u00e9 uma maravilhosa alternativa ao <\/span><a href=\"https:\/\/www.mundiplus.com\/pt-pt\/caminos\/a-pie\/camino-frances\/camino-de-santiago-desde-sarria\"><b>Caminho de Santiago franc\u00eas desde Sarria organizado<\/b><\/a><span style=\"font-weight: 400;\">. E dentro dessa rota, um dos passos mais obrigat\u00f3rios \u00e9 Caldas de Reis. Aqui, n\u00e3o s\u00f3 a beleza natural te cativar\u00e1, como as suas \u00e1guas termais te proporcionar\u00e3o a energia necess\u00e1ria at\u00e9 chegar a Santiago.<\/span><\/p>\n","protected":false},"excerpt":{"rendered":"<p>No cora\u00e7\u00e3o da Galiza, onde a natureza e a hist\u00f3ria tecem uma melodia cativante, encontra-se Caldas de Reis, um recanto ainda n\u00e3o saturado pelas ondas de turismo massivo.\u00a0 Imagina um lugar onde as \u00e1guas termais fluem desde os tempos romanos, um ref\u00fagio de paz onde cada pedra e cada \u00e1rvore t\u00eam uma hist\u00f3ria para contar. [&hellip;]<\/p>\n","protected":false},"author":1,"featured_media":114610,"comment_status":"open","ping_status":"open","sticky":false,"template":"","format":"standard","meta":{"footnotes":""},"categories":[574,602],"tags":[],"class_list":["post-114609","post","type-post","status-publish","format-standard","has-post-thumbnail","hentry","category-blog-do-caminho","category-vilas-e-comarcas"],"_links":{"self":[{"href":"https:\/\/www.mundiplus.com\/pt-pt\/wp-json\/wp\/v2\/posts\/114609","targetHints":{"allow":["GET"]}}],"collection":[{"href":"https:\/\/www.mundiplus.com\/pt-pt\/wp-json\/wp\/v2\/posts"}],"about":[{"href":"https:\/\/www.mundiplus.com\/pt-pt\/wp-json\/wp\/v2\/types\/post"}],"author":[{"embeddable":true,"href":"https:\/\/www.mundiplus.com\/pt-pt\/wp-json\/wp\/v2\/users\/1"}],"replies":[{"embeddable":true,"href":"https:\/\/www.mundiplus.com\/pt-pt\/wp-json\/wp\/v2\/comments?post=114609"}],"version-history":[{"count":0,"href":"https:\/\/www.mundiplus.com\/pt-pt\/wp-json\/wp\/v2\/posts\/114609\/revisions"}],"wp:featuredmedia":[{"embeddable":true,"href":"https:\/\/www.mundiplus.com\/pt-pt\/wp-json\/wp\/v2\/media\/114610"}],"wp:attachment":[{"href":"https:\/\/www.mundiplus.com\/pt-pt\/wp-json\/wp\/v2\/media?parent=114609"}],"wp:term":[{"taxonomy":"category","embeddable":true,"href":"https:\/\/www.mundiplus.com\/pt-pt\/wp-json\/wp\/v2\/categories?post=114609"},{"taxonomy":"post_tag","embeddable":true,"href":"https:\/\/www.mundiplus.com\/pt-pt\/wp-json\/wp\/v2\/tags?post=114609"}],"curies":[{"name":"wp","href":"https:\/\/api.w.org\/{rel}","templated":true}]}}