{"id":115174,"date":"2023-09-03T13:16:08","date_gmt":"2023-09-03T13:16:08","guid":{"rendered":"https:\/\/www.mundiplus.com\/as-aldeias-mais-pitorescas-do-caminho-de-santiago\/"},"modified":"2023-09-03T13:16:08","modified_gmt":"2023-09-03T13:16:08","slug":"as-aldeias-mais-pitorescas-do-caminho-de-santiago","status":"publish","type":"post","link":"https:\/\/www.mundiplus.com\/pt-pt\/blog\/cidades-pitorescas-caminho-de-santiago\/","title":{"rendered":"As aldeias mais pitorescas do Caminho de Santiago"},"content":{"rendered":"<p><span style=\"font-weight: 400;\">A <a href=\"https:\/\/www.mundiplus.com\/pt-pt\/caminhos\/a-pe\/camino-frances\/camino-de-santiago-desde-sarria\"><span data-sheets-value=\"{&quot;1&quot;:2,&quot;2&quot;:&quot;viagem do caminho franc\u00eas de Sarria a Santiago de Compostela&quot;}\" data-sheets-userformat=\"{&quot;2&quot;:15295,&quot;3&quot;:{&quot;1&quot;:0},&quot;4&quot;:{&quot;1&quot;:2,&quot;2&quot;:11982760},&quot;5&quot;:{&quot;1&quot;:[{&quot;1&quot;:2,&quot;2&quot;:0,&quot;5&quot;:{&quot;1&quot;:2,&quot;2&quot;:0}},{&quot;1&quot;:0,&quot;2&quot;:0,&quot;3&quot;:3},{&quot;1&quot;:1,&quot;2&quot;:0,&quot;4&quot;:1}]},&quot;6&quot;:{&quot;1&quot;:[{&quot;1&quot;:2,&quot;2&quot;:0,&quot;5&quot;:{&quot;1&quot;:2,&quot;2&quot;:0}},{&quot;1&quot;:0,&quot;2&quot;:0,&quot;3&quot;:3},{&quot;1&quot;:1,&quot;2&quot;:0,&quot;4&quot;:1}]},&quot;7&quot;:{&quot;1&quot;:[{&quot;1&quot;:2,&quot;2&quot;:0,&quot;5&quot;:{&quot;1&quot;:2,&quot;2&quot;:0}},{&quot;1&quot;:0,&quot;2&quot;:0,&quot;3&quot;:3},{&quot;1&quot;:1,&quot;2&quot;:0,&quot;4&quot;:1}]},&quot;8&quot;:{&quot;1&quot;:[{&quot;1&quot;:2,&quot;2&quot;:0,&quot;5&quot;:{&quot;1&quot;:2,&quot;2&quot;:0}},{&quot;1&quot;:0,&quot;2&quot;:0,&quot;3&quot;:3},{&quot;1&quot;:1,&quot;2&quot;:0,&quot;4&quot;:1}]},&quot;10&quot;:2,&quot;11&quot;:0,&quot;12&quot;:0,&quot;14&quot;:{&quot;1&quot;:2,&quot;2&quot;:0},&quot;15&quot;:&quot;Calibri, sans-serif&quot;,&quot;16&quot;:11}\">viagem do caminho franc\u00eas de Sarria a Santiago de Compostela<\/span><\/a>, com as suas m\u00faltiplas rotas e trilhos, \u00e9 uma travessia espiritual e cultural que atrai peregrinos de todo o mundo h\u00e1 s\u00e9culos. Para al\u00e9m do seu significado religioso, o Caminho tamb\u00e9m oferece uma viagem por <strong>paisagens deslumbrantes<\/strong>, rica hist\u00f3ria e encantadoras aldeias que salpicam as rotas.<\/span><\/p>\n<p><span style=\"font-weight: 400;\">Estas aldeias pitorescas n\u00e3o s\u00f3 oferecem descanso aos peregrinos, como tamb\u00e9m cativam com a sua <strong>arquitetura hist\u00f3rica<\/strong>, tradi\u00e7\u00f5es enraizadas e uma atmosfera que parece parar no tempo.<\/span><\/p>\n<p>&nbsp;<\/p>\n<h2><strong>Aldeias em Lugo do Caminho de Santiago<\/strong><\/h2>\n<h3><strong>O Cebreiro<\/strong><\/h3>\n<p><img fetchpriority=\"high\" decoding=\"async\" class=\"alignnone wp-image-21606 size-full\" src=\"https:\/\/www.mundiplus.com\/wp-content\/uploads\/2024\/04\/vistas-o-cebreiro-scaled-1.jpg\" alt=\"vistas o cebreiro\" width=\"2560\" height=\"1440\" \/><\/p>\n<p><span style=\"font-weight: 400;\">No alto das montanhas de Lugo, O Cebreiro surge como um tesouro pitoresco no Caminho de Santiago. As suas casinhas de pedra com telhados de palha parecem ter sa\u00eddo de um conto de fadas. Aqui, a 1.300 metros acima do n\u00edvel do mar, come\u00e7a um dos <strong>\u00faltimos tro\u00e7os do Caminho Franc\u00eas<\/strong>.<\/span><\/p>\n<p><span style=\"font-weight: 400;\">\u00c0 medida que os peregrinos avan\u00e7am por este caminho cal\u00e7ado, s\u00e3o recebidos por verdes pradarias que se estendem at\u00e9 onde a vista alcan\u00e7a, criando um cen\u00e1rio m\u00e1gico e cheio de serenidade.<\/span><\/p>\n<p><img decoding=\"async\" class=\"alignnone size-medium wp-image-29686\" src=\"https:\/\/www.mundiplus.com\/wp-content\/uploads\/2024\/04\/que-ver-en-Melide-1024x769.jpg\" alt=\"\" width=\"1024\" height=\"769\" \/><\/p>\n<h3><strong>Melide<\/strong><\/h3>\n<p>&nbsp;<\/p>\n<p><span style=\"font-weight: 400;\">Aqui, os peregrinos percorrem os seus \u00faltimos quil\u00f3metros antes de chegar \u00e0 majestosa <strong>Catedral de Santiago<\/strong>. Este \u00faltimo tro\u00e7o n\u00e3o \u00e9 apenas uma culmina\u00e7\u00e3o da viagem f\u00edsica, mas tamb\u00e9m um presente para os sentidos, gra\u00e7as \u00e0s paisagens \u00fanicas que rodeiam Melide, enraizadas numa hist\u00f3ria medieval.<\/span><\/p>\n<p><span style=\"font-weight: 400;\">No s\u00e9culo XIV, esta localidade estava resguardada por muralhas que hoje s\u00e3o um vest\u00edgio e protegida por um antigo castelo, o qual foi destru\u00eddo ap\u00f3s as <strong>revoltas irmandi\u00f1as do s\u00e9culo XV<\/strong>.<\/span><\/p>\n<p><span style=\"font-weight: 400;\">O m\u00eas de agosto brilha com as <strong>festas de S\u00e3o Roque<\/strong>, de 15 a 21, onde a comunidade se mergulha em eventos gastron\u00f3micos, atividades culturais e as tradicionais verbenas. Ao longo do ano, outras celebra\u00e7\u00f5es tamb\u00e9m marcam o calend\u00e1rio. A <strong>festividade em honra de Nossa Senhora do Carmo<\/strong>, a 16 de julho, e as <strong>festas dedicadas a S\u00e3o Pedro<\/strong>, o padroeiro local, a 29 de junho, s\u00e3o apenas alguns exemplos.<\/span><\/p>\n<p><span style=\"font-weight: 400;\">No entanto, a <strong>festa de S\u00e3o Caralampio<\/strong>, conhecida como a festa dos b\u00eabados, rouba a aten\u00e7\u00e3o. No segundo domingo de setembro, os devotos entregam a sua alma \u00e0 divindade do vinho nos bares e tabernas da localidade.<\/span><\/p>\n<p>&nbsp;<\/p>\n<h2><strong>Aldeias em Le\u00f3n do Caminho de Santiago<\/strong><\/h2>\n<h3><strong>Villafranca del Bierzo<\/strong><\/h3>\n<p><img decoding=\"async\" class=\"alignnone size-medium wp-image-29664\" src=\"https:\/\/www.mundiplus.com\/wp-content\/uploads\/2024\/04\/mejores-pueblos-camino-de-santiago-1024x683.jpg\" alt=\"\" width=\"1024\" height=\"683\" \/><\/p>\n<p><span style=\"font-weight: 400;\">\u00c0 medida que nos aproximamos da Galiza, \u00e9-nos apresentada a elegante Villafranca del Bierzo. Esta encantadora <strong>aldeia medieval<\/strong> ergue-se como uma paragem imprescind\u00edvel no Caminho. A sua fortaleza feudal, habitada atualmente, \u00e9 apenas o come\u00e7o da rica hist\u00f3ria que Villafranca oferece.<\/span><\/p>\n<p><span style=\"font-weight: 400;\">As suas ruas cal\u00e7adas guiam-nos at\u00e9 \u00e0 majestosa <strong>Igreja de Santiago Ap\u00f3stolo<\/strong>, \u00e0 <strong>Igreja de S\u00e3o Jo\u00e3o<\/strong> e ao <strong>Convento dos Padres Paulistas<\/strong>, todos testemunhos silenciosos de s\u00e9culos de devo\u00e7\u00e3o e cultura.<\/span><\/p>\n<p>&nbsp;<\/p>\n<h3><strong>Castrillo de los Polvazares<\/strong><\/h3>\n<p><img loading=\"lazy\" decoding=\"async\" class=\"alignnone size-medium wp-image-29665\" src=\"https:\/\/www.mundiplus.com\/wp-content\/uploads\/2024\/04\/pueblos-del-camino-de-santiago-1024x683.jpg\" alt=\"\" width=\"1024\" height=\"683\" \/><\/p>\n<p><span style=\"font-weight: 400;\">No cora\u00e7\u00e3o de Le\u00f3n, encontramos <strong>Castrillo de los Polvazares<\/strong>, um verdadeiro tesouro hist\u00f3rico que se mant\u00e9m como um v\u00ednculo vivo com o passado do Caminho de Santiago.<\/span><\/p>\n<p><span style=\"font-weight: 400;\">Declarada <strong>Conjunto Hist\u00f3rico-Art\u00edstico<\/strong>, esta aldeia cativa com as suas ruas cal\u00e7adas e antigas constru\u00e7\u00f5es, cada uma a contar uma hist\u00f3ria \u00fanica. O ar de autenticidade que impregna Castrillo de los Polvazares faz com que cada passo seja uma imers\u00e3o na rica hist\u00f3ria que rodeia este caminho milenar.<\/span><\/p>\n<p>&nbsp;<\/p>\n<h3><strong>Molinaseca<\/strong><\/h3>\n<p><img loading=\"lazy\" decoding=\"async\" class=\"alignnone size-medium wp-image-29666\" src=\"https:\/\/www.mundiplus.com\/wp-content\/uploads\/2024\/04\/pueblos-pintorescos-camino-de-santiago-1024x576.jpg\" alt=\"\" width=\"1024\" height=\"576\" \/><\/p>\n<p><span style=\"font-weight: 400;\">Encravada nas montanhas de Le\u00f3n, Molinaseca apresenta-se como um o\u00e1sis de beleza no meio do Caminho de Santiago. Nomeada <strong>uma das aldeias mais bonitas de Espanha<\/strong>, este lugar \u00e9 um destino que combina a majestade das montanhas com a serenidade da sua praia fluvial.<\/span><\/p>\n<p><span style=\"font-weight: 400;\">A ponte medieval que atravessa as \u00e1guas acrescenta um toque de encanto a esta paragem, tornando-a inesquec\u00edvel para cada peregrino que passa por aqui.<\/span><\/p>\n<p>&nbsp;<\/p>\n<h3><strong>Astorga<\/strong><\/h3>\n<p><img loading=\"lazy\" decoding=\"async\" class=\"alignnone size-medium wp-image-29667\" src=\"https:\/\/www.mundiplus.com\/wp-content\/uploads\/2024\/04\/pueblos-que-ver-en-el-camino-de-santiago-1024x683.jpg\" alt=\"\" width=\"1024\" height=\"683\" \/><\/p>\n<p><span style=\"font-weight: 400;\">Com uma riqueza arquitet\u00f3nica que abrange desde a sua Catedral at\u00e9 o <strong>Pal\u00e1cio Episcopal projetado pelo ic\u00f4nico Gaud\u00ed<\/strong>, Astorga \u00e9 um local repleto de tesouros culturais. Esta cidade leonesa atrai os peregrinos com a sua hist\u00f3ria, monumentos e encanto.<\/span><\/p>\n<p><span style=\"font-weight: 400;\">A <strong>Ciudadela<\/strong>, o museu do chocolate e os detalhes arquitet\u00f3nicos \u00fanicos s\u00e3o apenas algumas das raz\u00f5es pelas quais Astorga se torna uma paragem obrigat\u00f3ria no Caminho de Santiago e um dos locais indispens\u00e1veis ao embarcar numa <a href=\"https:\/\/www.mundiplus.com\/pt-pt\/\"><span data-sheets-value=\"{&quot;1&quot;:2,&quot;2&quot;:&quot;viagem organizada do caminho de Santiago de Compostela&quot;}\" data-sheets-userformat=\"{&quot;2&quot;:15295,&quot;3&quot;:{&quot;1&quot;:0},&quot;4&quot;:{&quot;1&quot;:2,&quot;2&quot;:11982760},&quot;5&quot;:{&quot;1&quot;:[{&quot;1&quot;:2,&quot;2&quot;:0,&quot;5&quot;:{&quot;1&quot;:2,&quot;2&quot;:0}},{&quot;1&quot;:0,&quot;2&quot;:0,&quot;3&quot;:3},{&quot;1&quot;:1,&quot;2&quot;:0,&quot;4&quot;:1}]},&quot;6&quot;:{&quot;1&quot;:[{&quot;1&quot;:2,&quot;2&quot;:0,&quot;5&quot;:{&quot;1&quot;:2,&quot;2&quot;:0}},{&quot;1&quot;:0,&quot;2&quot;:0,&quot;3&quot;:3},{&quot;1&quot;:1,&quot;2&quot;:0,&quot;4&quot;:1}]},&quot;7&quot;:{&quot;1&quot;:[{&quot;1&quot;:2,&quot;2&quot;:0,&quot;5&quot;:{&quot;1&quot;:2,&quot;2&quot;:0}},{&quot;1&quot;:0,&quot;2&quot;:0,&quot;3&quot;:3},{&quot;1&quot;:1,&quot;2&quot;:0,&quot;4&quot;:1}]},&quot;8&quot;:{&quot;1&quot;:[{&quot;1&quot;:2,&quot;2&quot;:0,&quot;5&quot;:{&quot;1&quot;:2,&quot;2&quot;:0}},{&quot;1&quot;:0,&quot;2&quot;:0,&quot;3&quot;:3},{&quot;1&quot;:1,&quot;2&quot;:0,&quot;4&quot;:1}]},&quot;10&quot;:2,&quot;11&quot;:0,&quot;12&quot;:0,&quot;14&quot;:{&quot;1&quot;:2,&quot;2&quot;:0},&quot;15&quot;:&quot;Calibri, sans-serif&quot;,&quot;16&quot;:11}\">viagem organizada do caminho de Santiago de Compostela<\/span><\/a>.<\/span><\/p>\n<p>&nbsp;<\/p>\n<h2><strong>Santo Domingo de la Calzada (La Rioja)<\/strong><\/h2>\n<p><img loading=\"lazy\" decoding=\"async\" class=\"alignnone size-medium wp-image-29687\" src=\"https:\/\/www.mundiplus.com\/wp-content\/uploads\/2024\/04\/que-ver-en-Santo-Domingo-de-la-Calzada-1024x679.jpg\" alt=\"\" width=\"1024\" height=\"679\" \/><\/p>\n<p><span style=\"font-weight: 400;\">Mergulhando na regi\u00e3o de La Rioja, encontramos Santo Domingo de la Calzada, uma aldeia que respira hist\u00f3ria ligada ao Caminho de Santiago. O seu nome evoca a hist\u00f3ria do fundador do local, Domingo Garc\u00eda, cujos esfor\u00e7os culminaram na constru\u00e7\u00e3o de uma ponte, um hospital e uma igreja.<\/span><\/p>\n<p><span style=\"font-weight: 400;\"><strong>A lenda do galo e da galinha<\/strong> que ganha vida nesta localidade acrescenta um toque de magia \u00e0 sua atmosfera. Enquanto exploramos as suas ruas de cal\u00e7ada e monumentos hist\u00f3ricos, somos testemunhas da devo\u00e7\u00e3o que perdura ao longo dos s\u00e9culos.<\/span><\/p>\n<p>&nbsp;<\/p>\n<h2><strong>Jaca (Huesca)<\/strong><\/h2>\n<p><img loading=\"lazy\" decoding=\"async\" class=\"alignnone size-medium wp-image-29668\" src=\"https:\/\/www.mundiplus.com\/wp-content\/uploads\/2024\/04\/pueblos-unicos-camino-de-santiago-1024x768.jpg\" alt=\"\" width=\"1024\" height=\"768\" \/><\/p>\n<p><span style=\"font-weight: 400;\">Na variante aragonesa do Caminho, encontramos Jaca, um destino que combina hist\u00f3ria com a beleza natural. Rodeada pelo majestoso Parque Nacional de Ordesa e Monte Perdido, Jaca \u00e9 uma <strong>vila medieval<\/strong> que evoca uma sensa\u00e7\u00e3o de viagem no tempo.<\/span><\/p>\n<p><span style=\"font-weight: 400;\">A imponente <strong>Ciudadela de Jaca<\/strong>, uma fortifica\u00e7\u00e3o constru\u00edda no s\u00e9culo XVI, ergue-se como um s\u00edmbolo da rica hist\u00f3ria da regi\u00e3o. Al\u00e9m disso, a sua proximidade aos picos nevados e as atividades de inverno acrescentam um atrativo adicional a este encantador local.<\/span><\/p>\n<p>&nbsp;<\/p>\n<h2><strong>Aldeias em Navarra do Caminho de Santiago<\/strong><\/h2>\n<h3><strong>Estella<\/strong><\/h3>\n<p><img loading=\"lazy\" decoding=\"async\" class=\"alignnone size-medium wp-image-29688\" src=\"https:\/\/www.mundiplus.com\/wp-content\/uploads\/2024\/04\/que-ver-en-estella-1024x642.jpg\" alt=\"\" width=\"1024\" height=\"642\" \/><\/p>\n<p><span style=\"font-weight: 400;\">Conhecida como <strong>&#8220;A Toledo do norte&#8221;<\/strong>, Estella torna-se um local de paragem obrigat\u00f3ria para os peregrinos que buscam a uni\u00e3o entre a arquitetura e a tradi\u00e7\u00e3o.<\/span><\/p>\n<p><span style=\"font-weight: 400;\">Esta j\u00f3ia de Navarra est\u00e1 rodeada por montanhas e banhada pelo rio Ega, criando um ambiente que \u00e9 t\u00e3o pitoresco quanto hist\u00f3rico. As <strong>Igrejas de S\u00e3o Pedro de la R\u00faa e S\u00e3o Miguel<\/strong>, juntamente com o imponente Pal\u00e1cio dos Reis de Navarra, s\u00e3o apenas alguns exemplos da rica heran\u00e7a arquitet\u00f3nica que Estella oferece aos visitantes.<\/span><\/p>\n<p>&nbsp;<\/p>\n<h3><strong>Puente la Reina<\/strong><\/h3>\n<p><img loading=\"lazy\" decoding=\"async\" class=\"alignnone size-medium wp-image-29689\" src=\"https:\/\/www.mundiplus.com\/wp-content\/uploads\/2024\/04\/que-ver-en-Puente-la-Reina-1024x642.jpg\" alt=\"\" width=\"1024\" height=\"642\" \/><\/p>\n<p><span style=\"font-weight: 400;\">No ponto onde as rotas do Caminho de Santiago se entrela\u00e7am desde Orreaga\/Roncesvalles e Somport, encontra-se o encantador Puente la Reina. Esta aldeia hist\u00f3rica, com a sua ic\u00f3nica ponte rom\u00e2nica sobre o <strong>rio Arga<\/strong>, tem sido testemunha de s\u00e9culos de viajantes e peregrinos que procuram unir os seus caminhos neste cruzamento de culturas e rotas.<\/span><\/p>\n<p><span style=\"font-weight: 400;\">A arquitetura e a hist\u00f3ria que envolvem <strong>Puente la Reina<\/strong> tornam-na um local com uma energia \u00fanica no Caminho.<\/span><\/p>\n<p>&nbsp;<\/p>\n<h3><strong>Roncesvalles<\/strong><\/h3>\n<p><img loading=\"lazy\" decoding=\"async\" class=\"alignnone size-medium wp-image-29669\" src=\"https:\/\/www.mundiplus.com\/wp-content\/uploads\/2024\/04\/pueblos-para-descansar-camino-de-santiago-1024x683.jpg\" alt=\"\" width=\"1024\" height=\"683\" \/><\/p>\n<p><span style=\"font-weight: 400;\">Para os peregrinos que iniciam a sua viagem do lado franc\u00eas, Roncesvalles \u00e9 o ponto de partida cheio de significado. A sua imponente <strong>Real Colegiada de Santa Maria<\/strong> ergue-se como um guardi\u00e3o das hist\u00f3rias e tradi\u00e7\u00f5es que perduram ao longo dos s\u00e9culos.<\/span><\/p>\n<p><span style=\"font-weight: 400;\">A solenidade deste lugar marca o in\u00edcio de uma travessia espiritual e cultural que se entrela\u00e7a com a pr\u00f3pria hist\u00f3ria do Caminho de Santiago.<\/span><\/p>\n<p><span style=\"font-weight: 400;\">\u00c0 medida que percorres o Caminho de Santiago, estas aldeias pitorescas convidam-te a explorar as suas ruelas de cal\u00e7ada, contemplar a majestade dos seus monumentos hist\u00f3ricos e imergir na autenticidade das suas tradi\u00e7\u00f5es.<\/span><\/p>\n<p><span style=\"font-weight: 400;\">Cada uma destas localidades acrescenta um cap\u00edtulo \u00fanico \u00e0 tua viagem, tecendo hist\u00f3rias que se entrela\u00e7am com o esp\u00edrito do Caminho e proporcionando uma experi\u00eancia que vai al\u00e9m das palavras. Com a sua arquitetura evocadora, lendas cativantes e beleza intemporal, estas aldeias s\u00e3o verdadeiras joias ao longo do teu peregrinagem.<\/span><\/p>\n","protected":false},"excerpt":{"rendered":"<p>A viagem do caminho franc\u00eas de Sarria a Santiago de Compostela, com as suas m\u00faltiplas rotas e trilhos, \u00e9 uma travessia espiritual e cultural que atrai peregrinos de todo o mundo h\u00e1 s\u00e9culos. Para al\u00e9m do seu significado religioso, o Caminho tamb\u00e9m oferece uma viagem por paisagens deslumbrantes, rica hist\u00f3ria e encantadoras aldeias que salpicam [&hellip;]<\/p>\n","protected":false},"author":1,"featured_media":115175,"comment_status":"open","ping_status":"open","sticky":false,"template":"","format":"standard","meta":{"footnotes":""},"categories":[574,606,602],"tags":[],"class_list":["post-115174","post","type-post","status-publish","format-standard","has-post-thumbnail","hentry","category-blog-do-caminho","category-locais-iconicos","category-vilas-e-comarcas"],"_links":{"self":[{"href":"https:\/\/www.mundiplus.com\/pt-pt\/wp-json\/wp\/v2\/posts\/115174","targetHints":{"allow":["GET"]}}],"collection":[{"href":"https:\/\/www.mundiplus.com\/pt-pt\/wp-json\/wp\/v2\/posts"}],"about":[{"href":"https:\/\/www.mundiplus.com\/pt-pt\/wp-json\/wp\/v2\/types\/post"}],"author":[{"embeddable":true,"href":"https:\/\/www.mundiplus.com\/pt-pt\/wp-json\/wp\/v2\/users\/1"}],"replies":[{"embeddable":true,"href":"https:\/\/www.mundiplus.com\/pt-pt\/wp-json\/wp\/v2\/comments?post=115174"}],"version-history":[{"count":0,"href":"https:\/\/www.mundiplus.com\/pt-pt\/wp-json\/wp\/v2\/posts\/115174\/revisions"}],"wp:featuredmedia":[{"embeddable":true,"href":"https:\/\/www.mundiplus.com\/pt-pt\/wp-json\/wp\/v2\/media\/115175"}],"wp:attachment":[{"href":"https:\/\/www.mundiplus.com\/pt-pt\/wp-json\/wp\/v2\/media?parent=115174"}],"wp:term":[{"taxonomy":"category","embeddable":true,"href":"https:\/\/www.mundiplus.com\/pt-pt\/wp-json\/wp\/v2\/categories?post=115174"},{"taxonomy":"post_tag","embeddable":true,"href":"https:\/\/www.mundiplus.com\/pt-pt\/wp-json\/wp\/v2\/tags?post=115174"}],"curies":[{"name":"wp","href":"https:\/\/api.w.org\/{rel}","templated":true}]}}