{"id":115236,"date":"2023-07-24T15:07:59","date_gmt":"2023-07-24T15:07:59","guid":{"rendered":"https:\/\/www.mundiplus.com\/sao-francisco-de-assis-e-o-caminho-de-santiago\/"},"modified":"2023-07-24T15:07:59","modified_gmt":"2023-07-24T15:07:59","slug":"sao-francisco-de-assis-e-o-caminho-de-santiago","status":"publish","type":"post","link":"https:\/\/www.mundiplus.com\/pt-pt\/blog\/sao-francisco-de-assis-e-o-caminho-de-santiago\/","title":{"rendered":"S\u00e3o Francisco de Assis e o Caminho de Santiago"},"content":{"rendered":"<p>A peregrina\u00e7\u00e3o com destino a Santiago de Compostela tornou-se uma tradi\u00e7\u00e3o h\u00e1 v\u00e1rios s\u00e9culos. Uma grande quantidade de peregrinos, provenientes de diferentes partes do mundo, percorreu essa rota. De fato, os especialistas acreditam que <strong>S\u00e3o Francisco de Assis<\/strong> foi um deles.<\/p>\n<h2><strong>S\u00e3o Francisco de Assis: Quem \u00e9?<\/strong><\/h2>\n<p>Francisco de Assis \u00e9 <strong>um santo de It\u00e1lia<\/strong>, filho de um comerciante rico que viveu em extrema pobreza. Viveu entre os s\u00e9culos XII e XIII e fundou uma ordem franciscana. Tamb\u00e9m contribuiu para a funda\u00e7\u00e3o da ordem das irm\u00e3s Clarissas, trabalhando ao lado de Clara de Assis.<\/p>\n<p>Por isso, foi canonizado dois anos ap\u00f3s a sua morte e, atualmente, \u00e9 considerado<strong> uma grande figura do catolicismo<\/strong>. Acredita-se at\u00e9 que ele faz parte da hist\u00f3ria acumulada do Caminho de Santiago.<\/p>\n<p>A seguir, a Mundiplus, uma das principais <a href=\"https:\/\/www.mundiplus.com\/pt-pt\/\" target=\"_blank\" rel=\"noopener\">empresas para fazer o Caminho de Santiago<\/a>, quer contar-lhe um pouco mais sobre a sua hist\u00f3ria.<\/p>\n<h2><strong>Qual a rela\u00e7\u00e3o entre o Caminho de Santiago e S\u00e3o Francisco de Assis?<\/strong><\/h2>\n<p>A rela\u00e7\u00e3o entre o Caminho de Santiago e S\u00e3o Francisco de Assis est\u00e1 <strong>fundamentada numa tradi\u00e7\u00e3o escrita e oral<\/strong> desde o s\u00e9culo XIV. A hist\u00f3ria conta que Francisco iniciou o Caminho pela zona aragonesa, passando depois por Navarra (especificamente Rocaforte).<\/p>\n<p>Isso aconteceu entre maio de 1213 e novembro de 1215. Ou seja, depois da P\u00e1scoa, mas antes da sua participa\u00e7\u00e3o no IV Conc\u00edlio de Latr\u00e3o. Nesse per\u00edodo, deixou Bernardo di Quintavalle no <strong>eremit\u00e9rio dedicado a S\u00e3o Bartolomeu<\/strong>.<\/p>\n<p><strong>Esse edif\u00edcio ainda est\u00e1 de p\u00e9<\/strong> devido ao trabalho de restaura\u00e7\u00e3o recente da C\u00e2mara Municipal e da antiga comunidade franciscana. Os membros dessa comunidade habitaram o edif\u00edcio at\u00e9 a desamortiza\u00e7\u00e3o do s\u00e9culo XIX.<\/p>\n<p>O eremit\u00e9rio tem as suas pr\u00f3prias lendas, tal como outros locais simb\u00f3licos para os cat\u00f3licos. Um dos elementos dessa lenda, o tronco ou vara de Francisco, permanece no orat\u00f3rio. Assim, \u00e9 considerado um s\u00edmbolo que vincula <strong>S\u00e3o Francisco de Assis<\/strong> ao Caminho de Santiago.<\/p>\n<h2><strong>Rastros de S\u00e3o Francisco de Assis no Caminho de Santiago<\/strong><\/h2>\n<p>A presen\u00e7a de <strong>S\u00e3o Francisco de Assis<\/strong> em v\u00e1rias partes do Caminho de Santiago deixou rastros. Estes podem ser percebidos at\u00e9 hoje, ao percorrer o <a href=\"https:\/\/www.mundiplus.com\/pt-pt\/caminhos\/a-pe\/caminho-frances\/camino-de-santiago-desde-sarria\" target=\"_blank\" rel=\"noopener\">Caminho de Santiago de Sarria a Santiago de Compostela<\/a>.<\/p>\n<p>Alguns est\u00e3o em pinturas, outros em imagens feitas de pedra e <strong>alguns s\u00e3o apenas tradi\u00e7\u00f5es ou lendas<\/strong>. No entanto, \u00e9 poss\u00edvel encontr\u00e1-los em v\u00e1rias cidades do famoso Caminho de Santiago.<\/p>\n<h3><strong>Ca\u00f1as<\/strong><\/h3>\n<p>As freiras da ordem cisterciense de Ca\u00f1as tinham duas tradi\u00e7\u00f5es orais. Uma estava relacionada ao local onde estava sepultada Urraca L\u00f3pez de Haro. Esta abadesa faleceu em 1262 aos 92 anos de idade. A segunda tradi\u00e7\u00e3o baseia-se na amizade entre essa <strong>abadesa e S\u00e3o Francisco de Assis<\/strong>.<\/p>\n<p>Em 1898, foram realizadas escava\u00e7\u00f5es nas quais foi encontrado o sepulcro com grava\u00e7\u00f5es dos que assistiram ao enterro. Na lista, est\u00e3o dois franciscanos que, segundo a hist\u00f3ria contada, <strong>S\u00e3o Francisco de Assis<\/strong> pediu para estarem presentes. Dessa forma, mostrou sua aten\u00e7\u00e3o \u00e0 amizade que tinha com essa mulher.<\/p>\n<p><img fetchpriority=\"high\" decoding=\"async\" class=\"alignnone size-medium wp-image-29203\" src=\"https:\/\/www.mundiplus.com\/wp-content\/uploads\/2024\/04\/Puerta_de_la_Coroneria_Catedral_de_Burgos-scaled.jpg\" alt=\"Puerta Coroneria Catedral Burgos\" width=\"1024\" height=\"576\" \/><\/p>\n<h3><strong>Caminho de Santiago de Burgos a Le\u00f3n<\/strong><\/h3>\n<p>Conta Gonzaga que <strong>S\u00e3o Francisco de Assis<\/strong> teve um encontro com o ent\u00e3o Rei de Castela. Esse encontro, cujo objetivo era apresentar a regra da ordem franciscana, est\u00e1 representado em duas catedrais:<\/p>\n<ul>\n<li><strong>Catedral de Burgos<\/strong>, onde Francisco est\u00e1 na fila para apresentar sua oferenda ao Santo Fernando III. A cena est\u00e1 localizada na porta de Coroner\u00eda.<\/li>\n<li>Enquanto a outra est\u00e1 na <strong>porta do Poente, em Le\u00f3n<\/strong>. Nesse caso, Francisco est\u00e1 em frente ao Rei. As duas cenas est\u00e3o situadas no contexto de um Ju\u00edzo Final.<\/li>\n<\/ul>\n<p>Por outro lado, embora n\u00e3o existam registros que o comprovem, diz-se que Villafranca tem uma tradi\u00e7\u00e3o franciscana viva. Acredita-se que Francisco <strong>esteve hospedado no antigo Hospital <\/strong>de Senhor Santiago (atualmente convento das Clarisas).<\/p>\n<h3><strong>Santiago de Compostela<\/strong><\/h3>\n<p>Existem v\u00e1rias tradi\u00e7\u00f5es que refletem a presen\u00e7a de <strong>S\u00e3o Francisco de Assis<\/strong> no Caminho de Santiago.<\/p>\n<p>Diz-se que o <strong>Mosteiro de S\u00e3o Bento<\/strong> deu um terreno a Francisco para construir seu convento. Em troca, ele comprometeu-se a pagar uma renda de uma cesta de peixes todos os anos. Essa tradi\u00e7\u00e3o foi mantida at\u00e9 o s\u00e9culo XIX.<\/p>\n<p>Mas a tradi\u00e7\u00e3o mais forte foi a de <strong>Carbonero Cotolay<\/strong>, que viveu no Monte Pedroso. Falando mais especificamente, ele morava ao lado da ermida de S\u00e3o Paio.<\/p>\n<p>A hist\u00f3ria conta que Cotolay acolheu Francisco e o ajudou na constru\u00e7\u00e3o do convento. Por isso, n\u00e3o \u00e9 surpreendente que dentro da ermida de S\u00e3o Paio estivesse uma imagem de S\u00e3o Francisco. Essa <strong>imagem data do s\u00e9culo XIII<\/strong> e era considerada uma representa\u00e7\u00e3o do homem que foi visto nesse local.<\/p>\n<p><img decoding=\"async\" class=\"alignnone size-medium wp-image-29204\" src=\"https:\/\/www.mundiplus.com\/wp-content\/uploads\/2024\/04\/catedral_interior-1024x685.jpg\" alt=\"Catedral Cidade Rodrigo\" width=\"1024\" height=\"685\" \/><\/p>\n<h3><strong>Cidade Rodrigo<\/strong><\/h3>\n<p>Outra das tradi\u00e7\u00f5es atribu\u00eddas \u00e0 presen\u00e7a de S\u00e3o Francisco de Assis no Caminho de Santiago est\u00e1 associada a essa vila. O testemunho \u00e9 uma surpreendente <strong>iconografia na Catedral de Cidade Rodrigo<\/strong>. Al\u00e9m das cenas franciscanas, h\u00e1 uma imagem do s\u00e9culo XIII feita de pedra.<\/p>\n<p>Voc\u00ea poder\u00e1 v\u00ea-la na ab\u00f3bada n\u00famero tr\u00eas. Ela caracteriza S\u00e3o Francisco sem barba, descal\u00e7o e com um b\u00e1culo. A verdade \u00e9 que <strong>aparece como o descreve o bi\u00f3grafo Celano<\/strong>. Por isso, conta-se que essa imagem foi esculpida para lembrar que ele passou por essa cidade.<\/p>\n<h3><strong>Tudela<\/strong><\/h3>\n<p>No retorno de S\u00e3o Francisco de Assis ao norte, tamb\u00e9m h\u00e1 v\u00e1rias localidades que possuem vest\u00edgios da sua presen\u00e7a.<\/p>\n<p>Em <strong>Tudela<\/strong>, conta-se que uma fam\u00edlia (os Veraiz) acolheu Francisco e promoveu sua presen\u00e7a no local. Algumas tradi\u00e7\u00f5es da cidade indicam que seu itiner\u00e1rio para retornar a It\u00e1lia passava pelo popular caminho jacobeu. Isso abrange Torrelavega, Oviedo, Viveda, Santander, S\u00e3o Sebasti\u00e3o e Vitoria.<\/p>\n<p>\u00c9 importante esclarecer que existem outras tradi\u00e7\u00f5es que indicam um itiner\u00e1rio diferente do mencionado antes. Mas algumas s\u00e3o mais coerentes que outras, por isso \u00e9 mais f\u00e1cil descartar e identificar as verdadeiras possibilidades.<\/p>\n<p>A Ordem Franciscana inaugurou em 17 de janeiro de 2014 o <a href=\"https:\/\/www.mundiplus.com\/pt-pt\/blog\/ano-franciscano-2014\" target=\"_blank\" rel=\"noopener\">Ano Franciscano Jubilar<\/a>, que comemorou o oitavo anivers\u00e1rio da peregrina\u00e7\u00e3o de S\u00e3o Francisco de Assis a Santiago de Compostela.<\/p>\n","protected":false},"excerpt":{"rendered":"<p>A peregrina\u00e7\u00e3o com destino a Santiago de Compostela tornou-se uma tradi\u00e7\u00e3o h\u00e1 v\u00e1rios s\u00e9culos. Uma grande quantidade de peregrinos, provenientes de diferentes partes do mundo, percorreu essa rota. De fato, os especialistas acreditam que S\u00e3o Francisco de Assis foi um deles. S\u00e3o Francisco de Assis: Quem \u00e9? Francisco de Assis \u00e9 um santo de It\u00e1lia, [&hellip;]<\/p>\n","protected":false},"author":1,"featured_media":115237,"comment_status":"open","ping_status":"open","sticky":false,"template":"","format":"standard","meta":{"footnotes":""},"categories":[574,606],"tags":[],"class_list":["post-115236","post","type-post","status-publish","format-standard","has-post-thumbnail","hentry","category-blog-do-caminho","category-locais-iconicos"],"_links":{"self":[{"href":"https:\/\/www.mundiplus.com\/pt-pt\/wp-json\/wp\/v2\/posts\/115236","targetHints":{"allow":["GET"]}}],"collection":[{"href":"https:\/\/www.mundiplus.com\/pt-pt\/wp-json\/wp\/v2\/posts"}],"about":[{"href":"https:\/\/www.mundiplus.com\/pt-pt\/wp-json\/wp\/v2\/types\/post"}],"author":[{"embeddable":true,"href":"https:\/\/www.mundiplus.com\/pt-pt\/wp-json\/wp\/v2\/users\/1"}],"replies":[{"embeddable":true,"href":"https:\/\/www.mundiplus.com\/pt-pt\/wp-json\/wp\/v2\/comments?post=115236"}],"version-history":[{"count":0,"href":"https:\/\/www.mundiplus.com\/pt-pt\/wp-json\/wp\/v2\/posts\/115236\/revisions"}],"wp:featuredmedia":[{"embeddable":true,"href":"https:\/\/www.mundiplus.com\/pt-pt\/wp-json\/wp\/v2\/media\/115237"}],"wp:attachment":[{"href":"https:\/\/www.mundiplus.com\/pt-pt\/wp-json\/wp\/v2\/media?parent=115236"}],"wp:term":[{"taxonomy":"category","embeddable":true,"href":"https:\/\/www.mundiplus.com\/pt-pt\/wp-json\/wp\/v2\/categories?post=115236"},{"taxonomy":"post_tag","embeddable":true,"href":"https:\/\/www.mundiplus.com\/pt-pt\/wp-json\/wp\/v2\/tags?post=115236"}],"curies":[{"name":"wp","href":"https:\/\/api.w.org\/{rel}","templated":true}]}}