{"id":115249,"date":"2023-07-11T15:02:28","date_gmt":"2023-07-11T15:02:28","guid":{"rendered":"https:\/\/www.mundiplus.com\/os-10-monumentos-mais-importantes-do-caminho-portugues\/"},"modified":"2023-07-11T15:02:28","modified_gmt":"2023-07-11T15:02:28","slug":"os-10-monumentos-mais-importantes-do-caminho-portugues","status":"publish","type":"post","link":"https:\/\/www.mundiplus.com\/pt-pt\/blog\/os-10-monumentos-mais-importantes-do-caminho-portugues\/","title":{"rendered":"Os 10 monumentos mais importantes do Caminho Portugu\u00eas"},"content":{"rendered":"<p>S\u00e3o muitas as raz\u00f5es que podem ser tidas em conta ao tomar a decis\u00e3o de fazer o Caminho de Santiago. Independentemente de qual das rotas dispon\u00edveis seja escolhida, esta \u00e9 uma experi\u00eancia que oferece v\u00e1rios atrativos. Desde o crescimento espiritual e pessoal at\u00e9 o desportivo, devido ao esfor\u00e7o f\u00edsico que exige.<\/p>\n<p>Mas, sem d\u00favida, uma das maiores satisfa\u00e7\u00f5es \u00e9 a <strong>grande quantidade de joias a n\u00edvel hist\u00f3rico e arquitet\u00f3nico<\/strong> que podem ser apreciadas ao longo do percurso.<\/p>\n<p>O <a href=\"https:\/\/www.mundiplus.com\/pt-pt\/caminos\/a-pie\/camino-portugues\" target=\"_blank\" rel=\"noopener\">Caminho Portugu\u00eas<\/a> est\u00e1 cheio de pontos de interesse que n\u00e3o pode deixar de visitar. Qualquer um destes pontos ajuda o peregrino a se imergir na experi\u00eancia e a desfrutar de uma viv\u00eancia mais aut\u00eantica.<\/p>\n<h2><strong>Estes s\u00e3o os monumentos mais importantes do Caminho Portugu\u00eas que n\u00e3o pode perder<\/strong><\/h2>\n<p>Catedrais, castelos, aldeias que parecem ter ficado presas no tempo, <strong>s\u00e3o muitos os locais e pontos de interesse<\/strong> que podem ser apreciados, e o Caminho Portugu\u00eas n\u00e3o escapa a isso.<\/p>\n<p>Antes de continuar, esclare\u00e7o que alguns destes pontos est\u00e3o em terras portuguesas. H\u00e1 quem inicie esta rota em Tui, mas oficialmente sugerimos que a inicie a partir do Porto, que \u00e9 menos movimentado do que o tradicional e popular <a href=\"https:\/\/www.mundiplus.com\/pt-pt\/caminos\/a-pie\/camino-frances\/camino-de-santiago-desde-sarria\" target=\"_blank\" rel=\"noopener\">Caminho de Santiago de Compostela desde Sarria<\/a>.<\/p>\n<h3><img fetchpriority=\"high\" decoding=\"async\" class=\"alignnone size-medium wp-image-29026\" src=\"https:\/\/www.mundiplus.com\/wp-content\/uploads\/2024\/04\/catedral-vieja-de-coimbra-1024x685.jpg\" alt=\"catedral-vieja-de-coimbra\" width=\"1024\" height=\"685\" \/><\/h3>\n<h3><strong>S\u00e9 Velha (Coimbra)<\/strong><\/h3>\n<p>Depois de Lisboa e do Porto, Coimbra \u00e9 <strong>considerada a terceira cidade mais importante de Portugal<\/strong>. A <strong>Catedral da S\u00e9 Velha<\/strong> \u00e9 um dos edif\u00edcios mais importantes do Caminho Portugu\u00eas.<\/p>\n<p>Tamb\u00e9m conhecida como <em>a catedral velha<\/em>, <strong>a sua constru\u00e7\u00e3o ocorreu nos primeiros anos do s\u00e9culo XII.<\/strong> \u00c9 a \u00fanica constru\u00e7\u00e3o religiosa deste tipo que data da \u00e9poca da Reconquista. Embora tenha sofrido algumas reformas m\u00ednimas, a obra original permanece praticamente intacta at\u00e9 hoje.<\/p>\n<p>Atualmente, a catedral <strong>funciona como museu<\/strong>. Al\u00e9m de poder apreciar esta magn\u00edfica obra, os peregrinos <strong>tamb\u00e9m podem visitar a capela renascentista de S\u00e3o Jo\u00e3o de Ru\u00e3o<\/strong> e o claustro g\u00f3tico cuja constru\u00e7\u00e3o data do s\u00e9culo XIII.<\/p>\n<p><img decoding=\"async\" class=\"alignnone size-full wp-image-29027\" src=\"https:\/\/www.mundiplus.com\/wp-content\/uploads\/2024\/04\/universidade-coimbra.jpeg\" alt=\"universida-de-coimbra\" width=\"1024\" height=\"768\" \/><\/p>\n<h3><strong>Universidade de Coimbra<\/strong><\/h3>\n<p>Fundada em 1920, faz parte das <strong>tr\u00eas mais antigas do continente<\/strong>. De facto, foi <strong>declarada Patrim\u00f3nio Mundial da Humanidade pela UNESCO em 2013.<\/strong> Este \u00e9 o s\u00edmbolo cultural da cidade por excel\u00eancia, al\u00e9m de ser um importante motor econ\u00f3mico.<\/p>\n<p>Est\u00e1 situada no centro hist\u00f3rico, pelo que o ambiente \u00e9 uma verdadeira maravilha sob qualquer ponto de vista. Para a visitar, \u00e9 necess\u00e1rio adquirir um bilhete, embora existam op\u00e7\u00f5es para todos os gostos e or\u00e7amentos. Em qualquer caso, a experi\u00eancia vale a pena de qualquer perspectiva.<\/p>\n<p><img decoding=\"async\" class=\"alignnone size-medium wp-image-29029\" src=\"https:\/\/www.mundiplus.com\/wp-content\/uploads\/2024\/04\/Catedral-de-Tui-1024x683.jpg\" alt=\"\" width=\"1024\" height=\"683\" \/><\/p>\n<h3><strong>Catedral de Santa Maria de Tui<\/strong><\/h3>\n<p>Outro dos edif\u00edcios mais importantes do Caminho Portugu\u00eas. Esta catedral <strong>foi constru\u00edda durante o s\u00e9culo XII<\/strong> num estilo rom\u00e2nico. No entanto, tamb\u00e9m podem ser vistos alguns detalhes g\u00f3ticos que foram acrescentados ao longo do tempo.<\/p>\n<p>De facto, a sua entrada \u00e9 considerada o <strong>primeiro conjunto escult\u00f3rico de estilo g\u00f3tico de toda a Pen\u00ednsula Ib\u00e9rica.<\/strong> Destaca-se tamb\u00e9m pelo maravilhoso <strong>claustro medieval<\/strong>, \u00fanico no seu estilo em toda a regi\u00e3o da Galiza.<\/p>\n<p>Est\u00e1 situada numa das colinas mais altas da cidade de Tui, pelo que as vistas s\u00e3o simplesmente imbat\u00edveis em qualquer dire\u00e7\u00e3o.<\/p>\n<h3><strong>Concatedral de Santa Maria de Vigo<\/strong><\/h3>\n<p>Conhecida entre os habitantes locais como <strong><em>A Colegiada.<\/em><\/strong> Este \u00e9 um dos maiores exemplos da arquitetura religiosa da cidade de Vigo e da arte neocl\u00e1ssica galega, sem deixar de ser o templo de maior import\u00e2ncia.<\/p>\n<p>Constru\u00edda no cora\u00e7\u00e3o do bairro hist\u00f3rico de Vigo, <strong>foi erguida em 1811 sobre os restos de uma antiga igreja do s\u00e9culo XV.<\/strong> A sua fachada tem uma ornamenta\u00e7\u00e3o simples, onde se destaca o rel\u00f3gio de sol que, ao contr\u00e1rio das tradi\u00e7\u00f5es deste tipo de constru\u00e7\u00e3o, n\u00e3o est\u00e1 orientado para o sul.<\/p>\n<p>Aqui \u00e9 poss\u00edvel visitar a imagem do <strong><em>Cristo da Vit\u00f3ria<\/em><\/strong>, o s\u00edmbolo religioso mais importante de Vigo. Ele sai em prociss\u00e3o no primeiro domingo de agosto, quando come\u00e7am as festividades da cidade.<\/p>\n<h3><strong>Igreja de Santiago de Redondela<\/strong><\/h3>\n<p>Encontra-se entre os monumentos mais importantes do Caminho Portugu\u00eas. De grande valor hist\u00f3rico e arquitet\u00f3nico, <strong>data do s\u00e9culo XI.<\/strong><\/p>\n<p>\u00c9 especialmente not\u00e1vel pela <strong>forma do seu teto<\/strong>, que \u00e9 composto por uma s\u00e9rie de ab\u00f3badas de ojiva. Al\u00e9m disso, tem a figura do Ap\u00f3stolo Santiago no ret\u00e1bulo do altar-mor.<\/p>\n<p><img loading=\"lazy\" decoding=\"async\" class=\"alignnone size-medium wp-image-29032\" src=\"https:\/\/www.mundiplus.com\/wp-content\/uploads\/2024\/04\/Ponte-Sampaio.jpg\" alt=\"\" width=\"1000\" height=\"665\" \/><\/p>\n<h3><strong>Ponte Sampaio<\/strong><\/h3>\n<p>De origens romanas, conserva muito pouco da constru\u00e7\u00e3o inicial, pois o <strong>ponte atual data da Idade M\u00e9dia.<\/strong> Tem um formato alongado, composto por 10 arcos.<\/p>\n<p>Neste local, aconteceu a famosa <strong><em>batalha de Ponte Sampaio<\/em><\/strong> em 1809, durante a Guerra da Independ\u00eancia. Aqui, as tropas francesas enfrentaram-se com as do general Ney.<\/p>\n<p>Em geral, \u00e9 um lugar extremamente bonito, com vistas que parecem sa\u00eddas de um postal de viagens.<\/p>\n<h3><strong>Igreja da Virgem do Caminho<\/strong><\/h3>\n<p>Declarada <em>Monumento Nacional<\/em>, a igreja original foi constru\u00edda no s\u00e9culo XV. Nessa \u00e9poca, <strong>servia de albergue para os peregrinos que seguiam para Santiago de Compostela.<\/strong><\/p>\n<p>Foi constru\u00edda no local onde, em 1505, segundo a lenda, <strong>apareceu a Virgem Maria a um pastor.<\/strong> Inicialmente, foi constru\u00edda uma pequena ermida, que posteriormente foi substitu\u00edda pela atual no s\u00e9culo XVIII.<\/p>\n<p><img loading=\"lazy\" decoding=\"async\" class=\"alignnone size-medium wp-image-29066\" src=\"https:\/\/www.mundiplus.com\/wp-content\/uploads\/2024\/04\/San-Bartolome-1024x719.jpg\" alt=\"San Bartolome\" width=\"1024\" height=\"719\" \/><\/p>\n<h3><strong>Igreja de S\u00e3o Bartolomeu<\/strong><\/h3>\n<p>Constru\u00edda no estilo barroco, \u00e9 uma linda e muito importante constru\u00e7\u00e3o entre os pontos de interesse do Caminho Portugu\u00eas. Aqui <strong>se guardam esculturas e obras muito importantes a n\u00edvel art\u00edstico e cultural,<\/strong> como os ret\u00e1bulos de Pedro de Mena.<\/p>\n<p>Entre os lugares mais bonitos e impressionantes do conjunto, est\u00e3o <strong>a linda escada que data de 1772 e o claustro<\/strong>. Ambos s\u00e3o visitas obrigat\u00f3rias.<\/p>\n<h3><strong>Ponte de Cesures<\/strong><\/h3>\n<p>Constru\u00edda sobre o rio Ulla, <strong>\u00e9 uma obra cujas origens remontam ao ano 25 a.C.<\/strong> Alguns s\u00e9culos depois, no s\u00e9culo XI, o bispo de Iria e Compostela ordenou a constru\u00e7\u00e3o das <em>Torres do Oeste.<\/em> O objetivo era proteger e defender a cidade contra os ataques dos vikings atrav\u00e9s desta via fluvial.<\/p>\n<h3><strong>Padr\u00e3o<\/strong><\/h3>\n<p>Mais do que um monumento ou constru\u00e7\u00e3o, \u00e9 uma localidade onde pode encontrar v\u00e1rios atrativos.<\/p>\n<p><strong>Ber\u00e7o de escritores,<\/strong> Padr\u00e3o \u00e9 um dos pontos de interesse do Caminho Portugu\u00eas. Aqui nasceram Rosal\u00eda de Castro, considerada uma das maiores expoentes da literatura galega, e o Pr\u00e9mio Nobel, Camilo Jos\u00e9 Cela.<\/p>\n<p>Como uma das principais <a href=\"https:\/\/www.mundiplus.com\/pt-pt\/\" target=\"_blank\" rel=\"noopener\">ag\u00eancias organizadoras do Caminho de Santiago,<\/a> recomendamos-lhe, al\u00e9m de visitar os museus de ambos os artistas, esta localidade como uma excelente op\u00e7\u00e3o para descansar e <strong>desfrutar da gastronomia tradicional da regi\u00e3o.<\/strong> Suponho que j\u00e1 tenha ouvido falar dos pimentos de Padr\u00e3o (alguns picam, outros n\u00e3o, atreve-se a experimentar?).<\/p>\n","protected":false},"excerpt":{"rendered":"<p>S\u00e3o muitas as raz\u00f5es que podem ser tidas em conta ao tomar a decis\u00e3o de fazer o Caminho de Santiago. Independentemente de qual das rotas dispon\u00edveis seja escolhida, esta \u00e9 uma experi\u00eancia que oferece v\u00e1rios atrativos. Desde o crescimento espiritual e pessoal at\u00e9 o desportivo, devido ao esfor\u00e7o f\u00edsico que exige. Mas, sem d\u00favida, uma [&hellip;]<\/p>\n","protected":false},"author":1,"featured_media":115250,"comment_status":"open","ping_status":"open","sticky":false,"template":"","format":"standard","meta":{"footnotes":""},"categories":[574,606],"tags":[],"class_list":["post-115249","post","type-post","status-publish","format-standard","has-post-thumbnail","hentry","category-blog-do-caminho","category-locais-iconicos"],"_links":{"self":[{"href":"https:\/\/www.mundiplus.com\/pt-pt\/wp-json\/wp\/v2\/posts\/115249","targetHints":{"allow":["GET"]}}],"collection":[{"href":"https:\/\/www.mundiplus.com\/pt-pt\/wp-json\/wp\/v2\/posts"}],"about":[{"href":"https:\/\/www.mundiplus.com\/pt-pt\/wp-json\/wp\/v2\/types\/post"}],"author":[{"embeddable":true,"href":"https:\/\/www.mundiplus.com\/pt-pt\/wp-json\/wp\/v2\/users\/1"}],"replies":[{"embeddable":true,"href":"https:\/\/www.mundiplus.com\/pt-pt\/wp-json\/wp\/v2\/comments?post=115249"}],"version-history":[{"count":0,"href":"https:\/\/www.mundiplus.com\/pt-pt\/wp-json\/wp\/v2\/posts\/115249\/revisions"}],"wp:featuredmedia":[{"embeddable":true,"href":"https:\/\/www.mundiplus.com\/pt-pt\/wp-json\/wp\/v2\/media\/115250"}],"wp:attachment":[{"href":"https:\/\/www.mundiplus.com\/pt-pt\/wp-json\/wp\/v2\/media?parent=115249"}],"wp:term":[{"taxonomy":"category","embeddable":true,"href":"https:\/\/www.mundiplus.com\/pt-pt\/wp-json\/wp\/v2\/categories?post=115249"},{"taxonomy":"post_tag","embeddable":true,"href":"https:\/\/www.mundiplus.com\/pt-pt\/wp-json\/wp\/v2\/tags?post=115249"}],"curies":[{"name":"wp","href":"https:\/\/api.w.org\/{rel}","templated":true}]}}