{"id":115330,"date":"2023-05-19T13:48:30","date_gmt":"2023-05-19T13:48:30","guid":{"rendered":"https:\/\/www.mundiplus.com\/as-melhores-praias-do-caminho-do-norte\/"},"modified":"2023-05-19T13:48:30","modified_gmt":"2023-05-19T13:48:30","slug":"as-melhores-praias-do-caminho-do-norte","status":"publish","type":"post","link":"https:\/\/www.mundiplus.com\/pt-pt\/blog\/as-melhores-praias-do-caminho-do-norte\/","title":{"rendered":"As melhores praias do Caminho do Norte"},"content":{"rendered":"<p>Fazer o Caminho de Santiago \u00e9 uma experi\u00eancia maravilhosa de qualquer ponto de vista. No entanto, desfrutar deste incr\u00edvel percurso guiado pela costa acrescenta uma dose extra de atratividade. Al\u00e9m disso, <strong>permite apreciar paisagens<\/strong> que parecem retiradas de um postal de ag\u00eancia de viagens.<\/p>\n<p>O <a href=\"https:\/\/www.mundiplus.com\/pt-pt\/caminos\/a-pie\/camino-norte\" target=\"_blank\" rel=\"noopener\">Caminho do Norte<\/a> especificamente est\u00e1 cheio de tantos e t\u00e3o bonitos lugares que \u00e9 realmente <strong>dif\u00edcil escolher um como favorito.<\/strong> Neste guia, vamos nomear aqueles que, para n\u00f3s, s\u00e3o as melhores praias deste popular percurso.<\/p>\n<h2><strong>Refrescantes banhos durante o caminho no Cant\u00e1brico<\/strong><\/h2>\n<p>O Mar Cant\u00e1brico, belo e imponente, pode ser considerado o protagonista deste caminho. Todos os peregrinos que escolhem esta rota em particular podem <strong>tomar alguns banhos ou tirar as mais bonitas fotografias<\/strong> enquanto se dirigem at\u00e9 Santiago de Compostela. A jun\u00e7\u00e3o de ambos os atributos permite criar recorda\u00e7\u00f5es que permanecer\u00e3o para sempre na mem\u00f3ria.<\/p>\n<p><img fetchpriority=\"high\" decoding=\"async\" class=\"alignnone wp-image-20797 size-full\" src=\"https:\/\/www.mundiplus.com\/wp-content\/uploads\/2024\/04\/Camino-del-norte-San-Sebastian.jpg\" alt=\"Camino del Norte\" width=\"2048\" height=\"1536\" \/><\/p>\n<p>Entre as melhores praias do Caminho do Norte, e que como <a href=\"https:\/\/www.mundiplus.com\/pt-pt\/\" target=\"_blank\" rel=\"noopener\">empresa para o Caminho de Santiago<\/a> queremos recomendar aos peregrinos que percorrem esta rota, est\u00e3o as seguintes:<\/p>\n<h3><strong>Praia da Concha<\/strong><\/h3>\n<p>Para come\u00e7ar em grande. A primeira etapa do Caminho do Norte termina em San Sebasti\u00e1n e a protagonista incompar\u00e1vel desta cidade \u00e9 a <strong>Praia da Concha<\/strong>. De facto, \u00e9 uma das mais famosas de toda a pen\u00ednsula.<\/p>\n<p>Com mais de 1300 metros e uma largura de 40 metros, \u00e9 uma <strong>praia urbana de areia fina e branca com \u00e1guas azul intenso.<\/strong> Est\u00e1 inclu\u00edda entre as cinco melhores deste tipo em todo o mundo, al\u00e9m de se manter ano ap\u00f3s ano no top 10 de Espanha.<\/p>\n<p>Embora tenha pouco a ver com o Caminho de Santiago, aqui realiza-se o Festival de Cinema de San Sebasti\u00e1n. As suas estatuetas s\u00e3o uma esp\u00e9cie de homenagem aos postes de ilumina\u00e7\u00e3o do passeio da Praia da Concha.<\/p>\n<p>Quem realizar o percurso durante o ver\u00e3o ter\u00e1 a oportunidade de <strong>visitar a ilha de Santa Clara<\/strong>. Esta \u00e9 uma pequena forma\u00e7\u00e3o com uma linda praia de 30 metros. Os viajantes podem apanhar uma embarca\u00e7\u00e3o no porto a cada meia hora e desfrutar de um dia de sol e \u00e1guas quentes.<\/p>\n<p><img decoding=\"async\" class=\"alignnone size-medium wp-image-28533\" src=\"https:\/\/www.mundiplus.com\/wp-content\/uploads\/2024\/04\/playa-Zarutz.jpg-scaled.webp\" alt=\"playa_Zarutz\" width=\"1024\" height=\"683\" \/><\/p>\n<h3><strong>Praia de Zarautz<\/strong><\/h3>\n<p>Muito perto da anterior. Situada na cidade de Zarautz, em Guip\u00fazcoa, \u00e9 outra paragem obrigat\u00f3ria, seja para um refrescante mergulho ou para desfrutar de uma bebida numa das suas bonitas esplanadas.<\/p>\n<p>\u00c9 uma praia <strong>perfeita para os amantes do surf<\/strong> e dos desportos aqu\u00e1ticos, j\u00e1 que <strong>tem ondas fortes, mas mar\u00e9 baixa.<\/strong> Nos seus arredores, existem v\u00e1rias escolas para aqueles viajantes que optam por aprender a surfar, com aulas a partir de uma hora.<\/p>\n<p>Tem 2500 metros de extens\u00e3o, por isso h\u00e1 espa\u00e7o para todos. De facto, <strong>\u00e9 a praia mais extensa de toda a Costa Basca e uma das mais longas de todo o Cant\u00e1brico<\/strong>, raz\u00e3o pela qual tamb\u00e9m \u00e9 conhecida como <em>a Rainha das Praias.<\/em><\/p>\n<h3><strong>Praia de Ori\u00f1\u00f3n<\/strong><\/h3>\n<p>Na localidade de Castro Urdiales, em Cant\u00e1bria, Ori\u00f1\u00f3n \u00e9 outra das praias mais bonitas do Caminho do Norte. Est\u00e1 situada <strong>entre os maci\u00e7os de Cerredo e Candina,<\/strong> pelo que a sua beleza natural \u00e9 simplesmente inigual\u00e1vel.<\/p>\n<p>A praia \u00e9 ampla, de areia dourada e fina, onde tamb\u00e9m <strong>se destacam as suas grandes rochas.<\/strong> De facto, h\u00e1 uma muito famosa, a que est\u00e1 no cabo. Pela sua forma, \u00e9 conhecida como a <em>baleia de Ori\u00f1\u00f3n.<\/em><\/p>\n<p><img decoding=\"async\" class=\"alignnone size-full wp-image-28545\" src=\"https:\/\/www.mundiplus.com\/wp-content\/uploads\/2024\/04\/Playa-de-Meron-en-San-Vicente-de-la-Barquera-Cantabria-C-800x533-1.jpg\" alt=\"Playa de Meron\" width=\"800\" height=\"533\" \/><\/p>\n<h3><strong>Praia de El Mer\u00f3n<\/strong><\/h3>\n<p>Bela e muito ampla, a Praia de El Mer\u00f3n <strong>tem mais de tr\u00eas quil\u00f3metros de extens\u00e3o.<\/strong> Encontra-se perto da povoa\u00e7\u00e3o de San Vicente de la Barquera, em Cant\u00e1bria.<\/p>\n<p>Conta com a distin\u00e7\u00e3o de bandeira azul. Os peregrinos poder\u00e3o desfrutar de um dia de <strong>atividades aqu\u00e1ticas e deliciosa gastronomia<\/strong> em qualquer um dos quiosques dos arredores.<\/p>\n<h3><strong>Praia de Andr\u00edn<\/strong><\/h3>\n<p>Claro que, a Ast\u00farias n\u00e3o poderia ficar de fora da lista, quando nesta regi\u00e3o existem praias t\u00e3o bonitas. Especificamente no concelho de Llanes, <strong>Andr\u00edn destaca pela sua preciosa areia branca e pelas suas \u00e1guas turquesas.<\/strong> Al\u00e9m disso, est\u00e1 rodeada por impressionantes fal\u00e9sias.<\/p>\n<p>Entre os atrativos que tem Andr\u00edn, al\u00e9m da sua beleza, est\u00e1 o facto de ser <strong>pouco frequentada.<\/strong> No entanto, \u00e9 necess\u00e1rio destacar que tem ondas fortes e correntes imprevis\u00edveis, pelo que \u00e9 necess\u00e1rio ter bastante cuidado.<\/p>\n<p>\u00c9 uma praia com todas as comodidades e mant\u00e9m-se praticamente virgem, pelo que quase n\u00e3o existe quiosque nas redondezas.<\/p>\n<p><img loading=\"lazy\" decoding=\"async\" class=\"alignnone size-medium wp-image-27557\" src=\"https:\/\/www.mundiplus.com\/wp-content\/uploads\/2024\/04\/playas_camino_del-norte-1024x576.jpg\" alt=\"Playa de las catedrales\" width=\"1024\" height=\"576\" \/><\/p>\n<h3><strong>Praia das Catedrais<\/strong><\/h3>\n<p>Embora o seu nome verdadeiro seja <strong>Praia de Aguas Santa<\/strong>, todos a conhecem como a Praia das Catedrais. Encontra-se em Ribadeo, localidade galega de paisagens preciosas que <strong>marca a fronteira com Ast\u00farias, justo na costa norte de Lugo.<\/strong><\/p>\n<p>Esta \u00e9 uma das praias mais populares da regi\u00e3o. Deve este nome \u00e0s enormes rochas que se encontram na areia e que as ondas do mar Cant\u00e1brico t\u00eam esculpido. S\u00e3o <strong>muito semelhantes \u00e0s catedrais g\u00f3ticas,<\/strong> t\u00e3o famosas nesta regi\u00e3o.<\/p>\n<p>\u00c9 outra praia com distin\u00e7\u00e3o de bandeira azul. Al\u00e9m disso, tem sido v\u00e1rias vezes <strong>inclu\u00edda na lista das 10 melhores de Espanha.<\/strong><\/p>\n<p>Se optou pelo <a href=\"https:\/\/www.mundiplus.com\/pt-pt\/caminos\/a-pie\/camino-frances\/camino-de-santiago-desde-sarria\" target=\"_blank\" rel=\"noopener\">Caminho de Santiago desde Sarria<\/a>, em vez do Caminho de Santiago do Norte, de Sarria at\u00e9 a Praia das Catedrais estar\u00e1 a 1h 20&#8242;. S\u00f3 ter\u00e1 de adicionar um dia ao in\u00edcio da sua rota, a Praia das Catedrais bem merece uma escapadela.<\/p>\n","protected":false},"excerpt":{"rendered":"<p>Fazer o Caminho de Santiago \u00e9 uma experi\u00eancia maravilhosa de qualquer ponto de vista. No entanto, desfrutar deste incr\u00edvel percurso guiado pela costa acrescenta uma dose extra de atratividade. Al\u00e9m disso, permite apreciar paisagens que parecem retiradas de um postal de ag\u00eancia de viagens. O Caminho do Norte especificamente est\u00e1 cheio de tantos e t\u00e3o [&hellip;]<\/p>\n","protected":false},"author":1,"featured_media":115331,"comment_status":"open","ping_status":"open","sticky":false,"template":"","format":"standard","meta":{"footnotes":""},"categories":[574,594],"tags":[],"class_list":["post-115330","post","type-post","status-publish","format-standard","has-post-thumbnail","hentry","category-blog-do-caminho","category-para-estrangeiros"],"_links":{"self":[{"href":"https:\/\/www.mundiplus.com\/pt-pt\/wp-json\/wp\/v2\/posts\/115330","targetHints":{"allow":["GET"]}}],"collection":[{"href":"https:\/\/www.mundiplus.com\/pt-pt\/wp-json\/wp\/v2\/posts"}],"about":[{"href":"https:\/\/www.mundiplus.com\/pt-pt\/wp-json\/wp\/v2\/types\/post"}],"author":[{"embeddable":true,"href":"https:\/\/www.mundiplus.com\/pt-pt\/wp-json\/wp\/v2\/users\/1"}],"replies":[{"embeddable":true,"href":"https:\/\/www.mundiplus.com\/pt-pt\/wp-json\/wp\/v2\/comments?post=115330"}],"version-history":[{"count":0,"href":"https:\/\/www.mundiplus.com\/pt-pt\/wp-json\/wp\/v2\/posts\/115330\/revisions"}],"wp:featuredmedia":[{"embeddable":true,"href":"https:\/\/www.mundiplus.com\/pt-pt\/wp-json\/wp\/v2\/media\/115331"}],"wp:attachment":[{"href":"https:\/\/www.mundiplus.com\/pt-pt\/wp-json\/wp\/v2\/media?parent=115330"}],"wp:term":[{"taxonomy":"category","embeddable":true,"href":"https:\/\/www.mundiplus.com\/pt-pt\/wp-json\/wp\/v2\/categories?post=115330"},{"taxonomy":"post_tag","embeddable":true,"href":"https:\/\/www.mundiplus.com\/pt-pt\/wp-json\/wp\/v2\/tags?post=115330"}],"curies":[{"name":"wp","href":"https:\/\/api.w.org\/{rel}","templated":true}]}}