{"id":115396,"date":"2023-02-23T13:39:05","date_gmt":"2023-02-23T13:39:05","guid":{"rendered":"https:\/\/www.mundiplus.com\/os-10-monumentos-mais-importantes-do-caminho-primitivo\/"},"modified":"2023-02-23T13:39:05","modified_gmt":"2023-02-23T13:39:05","slug":"os-10-monumentos-mais-importantes-do-caminho-primitivo","status":"publish","type":"post","link":"https:\/\/www.mundiplus.com\/pt-pt\/blog\/os-10-monumento-mais-importantes-do-caminho-primitivo\/","title":{"rendered":"Os 10 monumentos mais importantes do Caminho Primitivo"},"content":{"rendered":"<p>Para chegar a Santiago de Compostela e fazer uma <a href=\"https:\/\/www.mundiplus.com\/pt-pt\/\" target=\"_blank\" rel=\"noopener\">viagem ao Caminho de Santiago organizado<\/a> existem v\u00e1rias op\u00e7\u00f5es. Por isso, \u00e9 f\u00e1cil encontrar a que melhor se adapta \u00e0s exig\u00eancias de cada peregrino.<\/p>\n<p>O <strong>Caminho Primitivo<\/strong> \u00e9 a rota que come\u00e7a em Oviedo e posteriormente se junta ao Caminho Franc\u00eas em Melide (sendo o <a href=\"https:\/\/www.mundiplus.com\/pt-pt\/caminos\/a-pie\/camino-frances\/camino-de-santiago-desde-sarria\" target=\"_blank\" rel=\"noopener\">Caminho de Santiago de Sarria a Santiago<\/a> a op\u00e7\u00e3o mais popular desta \u00faltima variante). O seu nome deve-se ao facto de ter sido justamente <strong>o primeiro do qual existem refer\u00eancias hist\u00f3ricas.<\/strong><\/p>\n<p>Foi o rei Alfonso II das Ast\u00farias quem, acompanhado do seu s\u00e9quito, partiu de Oviedo em peregrina\u00e7\u00e3o at\u00e9 ao t\u00famulo do Ap\u00f3stolo Santiago, que tinha sido <strong>descoberto h\u00e1 alguns anos, no s\u00e9culo IX.<\/strong> Essa travessia foi documentada e a peregrina\u00e7\u00e3o guarda bastantes semelhan\u00e7as com o tra\u00e7ado atual.<\/p>\n<h2><strong>Estes s\u00e3o os monumentos mais importantes do Caminho Primitivo que n\u00e3o pode perder<\/strong><\/h2>\n<p>S\u00e3o muitos os pontos de interesse do <a href=\"https:\/\/www.mundiplus.com\/pt-pt\/caminos\/a-pie\/camino-primitivo\" target=\"_blank\" rel=\"noopener\">Caminho Primitivo<\/a> que podem ser apreciados. Para n\u00f3s, os mais destacados s\u00e3o os seguintes.<\/p>\n<h3><strong>Catedral de San Salvador de Oviedo<\/strong><\/h3>\n<p>Sem d\u00favida, este \u00e9 um dos edif\u00edcios mais importantes do Caminho Primitivo e pode at\u00e9 visit\u00e1-lo antes de come\u00e7ar a rota. Esta <strong>\u00e9 uma catedral de estilo g\u00f3tico, tamb\u00e9m conhecida como <\/strong><strong><em>Sancta Ovetensis,<\/em><\/strong> devido \u00e0 grande quantidade de rel\u00edquias que l\u00e1 repousam.<\/p>\n<p>Come\u00e7ou a ser constru\u00edda <strong>no final do s\u00e9culo XIII,<\/strong> com a edifica\u00e7\u00e3o do claustro e da sala capitular. Esta obra prolongou-se durante pelo menos tr\u00eas s\u00e9culos, quando a torre foi conclu\u00edda no s\u00e9culo XVI. Mais tarde, continuaram a ser acrescentadas algumas pe\u00e7as, como as capelas.<\/p>\n<p>Foi erguida onde, no s\u00e9culo IX, funcionava um conjunto catedral\u00edcio de estilo prerrom\u00e2nico. De facto, ainda podem ser vistos alguns desses antigos elementos. <strong>A Unesco declarou a <\/strong><strong><em>C\u00e2mara Santa <\/em><\/strong><strong>como Patrim\u00f3nio da Humanidade<\/strong>. Este \u00e9 o local onde se encontram as cruzes dos anjos e da vit\u00f3ria, os principais s\u00edmbolos de Oviedo e das Ast\u00farias.<\/p>\n<h3><strong>Universidade de Oviedo<\/strong><\/h3>\n<p>Foi fundada no s\u00e9culo XVI pelo arcebispo da cidade, Fernando Vald\u00e9s Salas, <strong>Iniciou as suas atividades acad\u00e9micas em 1608<\/strong> com as faculdades de Leis, Teologia, C\u00e2nones e Artes, embora o seu impulsionador tenha morrido em 1568.<\/p>\n<p><strong>Em 1934,<\/strong> no contexto do golpe contra a Rep\u00fablica, <strong>comunistas e socialistas incendiaram-na e destru\u00edram-na,<\/strong> incluindo a pinacoteca e a biblioteca. Ap\u00f3s a Guerra Civil, foi reconstru\u00edda, embora alguns tivessem inten\u00e7\u00f5es de a transferir para Santander.<\/p>\n<h3><strong>Mosteiro de San Salvador de Cornellana<\/strong><\/h3>\n<p>Outro dos edif\u00edcios mais importantes do Caminho Primitivo. <strong>Foi fundado pela infanta Cristina,<\/strong> filha do rei Bermudo II, e pela sua m\u00e3e, a rainha Velasquita, em 1024. A \u00faltima viveu neste local ap\u00f3s a morte do monarca.<\/p>\n<p>Este conjunto arquitet\u00f3nico inclui ainda uma igreja com planta basilical de tr\u00eas naves separadas por pilares cruciformes. Ap\u00f3s a morte da infanta Cristina, <strong>o mosteiro passou para as m\u00e3os dos monges de Cluny em 1122.<\/strong><\/p>\n<p>Ainda permanece sobre a porta do jardim, um famoso relevo de uma ursa amamentando uma crian\u00e7a, com duas cabe\u00e7as de le\u00e3o de cada lado. Conta-se a lenda que uma menina, a infanta, se perdeu na floresta quando ainda era muito pequena e conseguiu sobreviver gra\u00e7as \u00e0 prote\u00e7\u00e3o deste animal.<\/p>\n<h3><strong>Colegiada de Santa Mar\u00eda la Mayor<\/strong><\/h3>\n<p>Situada na localidade de Toro, em Zamora, \u00e9 uma <strong>igreja de estilo g\u00f3tico-rom\u00e2nico<\/strong>. Come\u00e7ou a ser constru\u00edda por volta de 1170, durante o reinado de Fernando II de Le\u00e3o, embora s\u00f3 tenha sido conclu\u00edda no s\u00e9culo XIII.<\/p>\n<p>Nesta constru\u00e7\u00e3o \u00e9 poss\u00edvel <strong>distinguir duas \u00e9pocas diferentes<\/strong>: A primeira, de estilo rom\u00e2nico com pedra calc\u00e1ria de tons claros, e a segunda, com elementos menos evolu\u00eddos, como a pedra aren\u00edtica avermelhada que cobre o templo.<\/p>\n<p>Aqui <strong>\u00e9 poss\u00edvel desfrutar do museu,<\/strong> que exibe valiosas obras de escultura e pintura de \u00edndole religiosa.<\/p>\n<h3><strong>Mosteiro de Santa Mar\u00eda la Real de Obona<\/strong><\/h3>\n<p>Embora exista um documento fundacional do mosteiro, <strong>as suas origens n\u00e3o s\u00e3o totalmente claras<\/strong>. A sua funda\u00e7\u00e3o \u00e9 atribu\u00edda ao filho do rei Silo, Adelgaster, no ano 871. Por outro lado, alguns documentos certificam que j\u00e1 no s\u00e9culo X e XII era um importante centro beneditino.<\/p>\n<p>O rei Alfonso IX, ap\u00f3s visit\u00e1-lo, deu-lhe a potestade de ser <strong>passagem obrigat\u00f3ria dos peregrinos para Santiago<\/strong>. A sua \u00e9poca de maior esplendor foi por volta do s\u00e9culo XII, quando os monges ministravam aulas, al\u00e9m de ser um importante centro de explora\u00e7\u00e3o pecu\u00e1ria e agr\u00edcola.<\/p>\n<p>O conjunto \u00e9 composto pelo <strong>templo, depend\u00eancias conventuais, o claustro e a hospedeira<\/strong>. A igreja \u00e9 o edif\u00edcio mais antigo atualmente.<\/p>\n<h3><strong>Pal\u00e1cio dos Cienfuegos de Pe\u00f1alba<\/strong><\/h3>\n<p>Est\u00e1 situado sobre um <strong>antigo castro<\/strong>, numa colina pr\u00f3xima de Pola de Allande. Originalmente pertencente aos Ponce, passou posteriormente para as m\u00e3os dos Condes de Luna e, desde 1515, para os Cienfuegos.<\/p>\n<p>Em 1520 foi reedificado sobre o edif\u00edcio original do s\u00e9culo XIV, embora mais tarde tenha sofrido outras reformas. Isso fez com que o seu <strong>estilo g\u00f3tico original tenha permanecido apenas no piso t\u00e9rreo<\/strong>.<\/p>\n<p>Tem forma de L, com tr\u00eas torres, duas das quais possuem planta quadrada, enquanto a terceira \u00e9 rectangular.<\/p>\n<h3><strong>Igreja paroquial do Salvador de Grandas de Salime<\/strong><\/h3>\n<p><strong>Antiga colegiada<\/strong>. As suas origens remontam a 1186, quando j\u00e1 aparecia como um dos pontos de interesse do Caminho Primitivo. Com o tempo, <strong>sofreu v\u00e1rias reformas, pelo que os estilos foram combinados,<\/strong> conservando apenas a antiga fachada rom\u00e2nica.<\/p>\n<p>A igreja tem planta em forma de cruz latina e uma \u00fanica torre. Esta est\u00e1 rodeada por um p\u00f3rtico que foi <strong>erguido no s\u00e9culo XIX, onde se acolhiam os peregrinos.<\/strong><\/p>\n<h3><strong>Chao Samart\u00edn<\/strong><\/h3>\n<p>Esta <strong>necr\u00f3pole medieval<\/strong> foi reconhecida como Castro apenas em 1967. Acredita-se que a origem deste assentamento remonta \u00e0 Idade do Bronze, <strong>cerca do ano 800 a.C.<\/strong> Foi estabelecido na explanada superior, <strong>sendo considerado o primeiro recinto fortificado.<\/strong><\/p>\n<p>Mais tarde, na Idade do Ferro, as suas defesas foram renovadas em v\u00e1rias ocasi\u00f5es. Posteriormente, na \u00e9poca romana, atingiu um papel de destaque a n\u00edvel administrativo. Finalmente, no s\u00e9culo II, foi destru\u00eddo quase na sua totalidade por um devastador terramoto.<\/p>\n<h3><strong>Puerto de Acebo<\/strong><\/h3>\n<p>Um dos paisagens mais belas de todo o Caminho Primitivo. Trata-se de <strong>uma s\u00e9rie de moinhos<\/strong>, os de Cornellana, que oferecem uma imagem maravilhosa gra\u00e7as ao seu tamanho imponente e perfeito tom branco.<\/p>\n<p>S\u00e3o de \u00faltima tecnologia, que combinam perfeitamente com o brejo que cria um belo tapete.<\/p>\n<p><img fetchpriority=\"high\" decoding=\"async\" class=\"alignnone wp-image-27776 size-full\" src=\"https:\/\/www.mundiplus.com\/wp-content\/uploads\/2024\/04\/las-murallas-romanas-3.jpg\" alt=\"Murallas romana de Lugo\" width=\"1200\" height=\"795\" \/><\/p>\n<h3><strong>Muralha de Lugo<\/strong><\/h3>\n<p>O \u00faltimo, mas n\u00e3o menos importante, de todos os monumentos mais importantes do Caminho Primitivo. A <strong>Muralha Romana de Lugo<\/strong> goza do privil\u00e9gio de ser <strong>a \u00fanica no mundo que se conserva inteira,<\/strong> sendo declarada Patrim\u00f3nio da Humanidade pela Unesco.<\/p>\n<p><strong>Tem uma extens\u00e3o de 2.266 metros e 71 torres, embora originalmente fossem 85<\/strong>. Delimitam perfeitamente o centro hist\u00f3rico de Lugo.<\/p>\n<p>Foi constru\u00edda por volta do s\u00e9culo XIII a.C. Segundo a lenda, n\u00e3o foi precisamente para proteger a cidade, mas sim a Floresta Sagrada de <em>Lucus Augusti,<\/em> da qual nasceu o nome de Lugo s\u00e9culos mais tarde.<\/p>\n","protected":false},"excerpt":{"rendered":"<p>Para chegar a Santiago de Compostela e fazer uma viagem ao Caminho de Santiago organizado existem v\u00e1rias op\u00e7\u00f5es. Por isso, \u00e9 f\u00e1cil encontrar a que melhor se adapta \u00e0s exig\u00eancias de cada peregrino. O Caminho Primitivo \u00e9 a rota que come\u00e7a em Oviedo e posteriormente se junta ao Caminho Franc\u00eas em Melide (sendo o Caminho [&hellip;]<\/p>\n","protected":false},"author":1,"featured_media":115397,"comment_status":"open","ping_status":"open","sticky":false,"template":"","format":"standard","meta":{"footnotes":""},"categories":[574,586,606],"tags":[],"class_list":["post-115396","post","type-post","status-publish","format-standard","has-post-thumbnail","hentry","category-blog-do-caminho","category-historia-pt","category-locais-iconicos"],"_links":{"self":[{"href":"https:\/\/www.mundiplus.com\/pt-pt\/wp-json\/wp\/v2\/posts\/115396","targetHints":{"allow":["GET"]}}],"collection":[{"href":"https:\/\/www.mundiplus.com\/pt-pt\/wp-json\/wp\/v2\/posts"}],"about":[{"href":"https:\/\/www.mundiplus.com\/pt-pt\/wp-json\/wp\/v2\/types\/post"}],"author":[{"embeddable":true,"href":"https:\/\/www.mundiplus.com\/pt-pt\/wp-json\/wp\/v2\/users\/1"}],"replies":[{"embeddable":true,"href":"https:\/\/www.mundiplus.com\/pt-pt\/wp-json\/wp\/v2\/comments?post=115396"}],"version-history":[{"count":0,"href":"https:\/\/www.mundiplus.com\/pt-pt\/wp-json\/wp\/v2\/posts\/115396\/revisions"}],"wp:featuredmedia":[{"embeddable":true,"href":"https:\/\/www.mundiplus.com\/pt-pt\/wp-json\/wp\/v2\/media\/115397"}],"wp:attachment":[{"href":"https:\/\/www.mundiplus.com\/pt-pt\/wp-json\/wp\/v2\/media?parent=115396"}],"wp:term":[{"taxonomy":"category","embeddable":true,"href":"https:\/\/www.mundiplus.com\/pt-pt\/wp-json\/wp\/v2\/categories?post=115396"},{"taxonomy":"post_tag","embeddable":true,"href":"https:\/\/www.mundiplus.com\/pt-pt\/wp-json\/wp\/v2\/tags?post=115396"}],"curies":[{"name":"wp","href":"https:\/\/api.w.org\/{rel}","templated":true}]}}