{"id":115432,"date":"2023-02-15T19:00:36","date_gmt":"2023-02-15T19:00:36","guid":{"rendered":"https:\/\/www.mundiplus.com\/o-que-vestir-para-o-caminho\/"},"modified":"2023-02-15T19:00:36","modified_gmt":"2023-02-15T19:00:36","slug":"o-que-vestir-para-o-caminho","status":"publish","type":"post","link":"https:\/\/www.mundiplus.com\/pt-pt\/blog\/o-que-vestir-para-o-caminho\/","title":{"rendered":"O que vestir para o Caminho"},"content":{"rendered":"<p>Ent\u00e3o, decidiste fazer o <a href=\"https:\/\/www.mundiplus.com\/pt-pt\/\" target=\"_blank\" rel=\"noopener\">Caminho de Santiago organizado<\/a>. Certamente tens um mar de perguntas e d\u00favidas a inundar a tua cabe\u00e7a, mas n\u00e3o tens de te preocupar, aos poucos todas ter\u00e3o resposta. Basta seguir a ordem das prioridades e, claro, a primeira dever\u00e1 ser escolher qual o caminho que mais te conv\u00e9m para fazer a peregrina\u00e7\u00e3o.<\/p>\n<p>Depois de coordenar a hospedagem, \u00e9 hora de passar para a etapa da <strong>bagagem para o Caminho de Santiago<\/strong>. Dependendo da esta\u00e7\u00e3o ou do clima que se aproxima, deves planear a tua mochila para n\u00e3o carregar nem demais nem de menos.<\/p>\n<p>Sim, quanto menos bagagem levares, mais agrad\u00e1vel a n\u00edvel f\u00edsico ser\u00e1 a viagem, mas pode ser que sintas frio a mais ou que n\u00e3o consigas lavar as tuas roupas como elas merecem. Se contratares os servi\u00e7os da nossa ag\u00eancia de Viagens, inclu\u00edmos o transporte da tua bagagem para o teu maior conforto e comodidade. Ao chegares a cada alojamento, a tua mala estar\u00e1 \u00e0 tua espera, s\u00f3 precisar\u00e1s de levar uma mochila com o essencial.<\/p>\n<p>Neste artigo, vamos falar sobre as roupas que deves levar para fazer o Caminho de Santiago dependendo da esta\u00e7\u00e3o do ano em que inicias esta aventura.<\/p>\n<h2><strong>Por que \u00e9 importante ter este ponto em conta?<\/strong><\/h2>\n<p>Porque <strong>uma m\u00e1 escolha pode arruinar por completo a aventura.<\/strong> Pouca roupa de abrigo nos meses mais frios ou excesso de bagagem na temporada de ver\u00e3o \u00e9, em qualquer caso, contraproducente.<\/p>\n<p>N\u00e3o se trata de levares tudo um pouco do teu arm\u00e1rio, mas, ao contr\u00e1rio, de escolheres muito bem que tipo de pe\u00e7as de roupa deves incluir. Deves ter cuidado para <strong>que a mochila ou a bagagem n\u00e3o ultrapassem o peso permitido,<\/strong> pois isso tamb\u00e9m vai influenciar o teu deslocamento e ningu\u00e9m quer caminhar tantas horas com uns quilos a mais nas costas.<\/p>\n<h2><strong>Primeiro, considera se \u00e9 no ver\u00e3o ou no inverno<\/strong><\/h2>\n<p>Claro que a \u00e9poca do ano \u00e9 fundamental. Embora haja alguns meses mais recomendados para fazer a peregrina\u00e7\u00e3o, <strong>no final, a \u00faltima palavra ser\u00e1 sempre tua e da disponibilidade de tempo que tiveres.<\/strong><\/p>\n<p>Na hora de preparar a bagagem para o Caminho de Santiago <strong>deves primeiro ter claro em que esta\u00e7\u00e3o vais<\/strong>. Est\u00e1 claro que n\u00e3o \u00e9 a mesma roupa que precisas no ver\u00e3o e no inverno. Por exemplo, no ver\u00e3o precisas de estar mais fresco e protegido do sol, enquanto no inverno as temperaturas s\u00e3o mais baixas e h\u00e1 mais risco de precipita\u00e7\u00f5es.<\/p>\n<p>Agora, vamos <strong>explicar-te um pouco sobre alguns itens essenciais<\/strong> que deves ter em mente na hora de fazer a tua mala.<\/p>\n<p><img fetchpriority=\"high\" decoding=\"async\" class=\"alignnone wp-image-21941 size-full\" src=\"https:\/\/www.mundiplus.com\/wp-content\/uploads\/2024\/04\/Equipaje-scaled-1.jpg\" alt=\"Mochila Camino de Santiago\" width=\"2560\" height=\"1707\" \/><\/p>\n<h3><strong>Que roupa levar para fazer o Caminho de Santiago no ver\u00e3o<\/strong><\/h3>\n<p>Como deves imaginar, o ver\u00e3o \u00e9 a \u00e9poca em que mais peregrinos decidem fazer o Caminho de Santiago. Isto acontece porque, basicamente, <strong>coincide com os dias de f\u00e9rias da maioria,<\/strong> sendo o momento da aventura.<\/p>\n<p>Uma das vantagens do ver\u00e3o, em rela\u00e7\u00e3o \u00e0 bagagem, \u00e9 que <strong>preparar a mochila \u00e9 mais f\u00e1cil,<\/strong> pois as pe\u00e7as de roupa costumam ser muito mais leves e o peso extra est\u00e1 a mais, comparado com os casacos.<\/p>\n<p>Antes de continuar, deves ter em mente que, embora seja ver\u00e3o, <strong>se a rota que escolheste atravessar passa por montanhas,<\/strong> tamb\u00e9m deves ter uma ou outra <strong>pe\u00e7a de roupa para te abrigar.<\/strong> Lembra-te de que as temperaturas baixam nas zonas de maior altitude. Se fizeres o <a href=\"https:\/\/www.mundiplus.com\/pt-pt\/caminos\/a-pie\/camino-frances\/camino-de-santiago-desde-sarria\" target=\"_blank\" rel=\"noopener\">Caminho de Santiago desde Sarria at\u00e9 Santiago<\/a>, que \u00e9 o tramo mais popular, n\u00e3o ter\u00e1s de te preocupar com zonas montanhosas, pois a regi\u00e3o \u00e9 muito plana.<\/p>\n<p>Por outro lado, mas n\u00e3o menos importante, <strong>como vais atravessar a Galiza, lembra-te de que esta regi\u00e3o \u00e9 mais chuvosa que o resto da Espanha,<\/strong> at\u00e9 no ver\u00e3o. Em qualquer caso, o imperme\u00e1vel n\u00e3o pode faltar.<\/p>\n<h4><strong>Lista de roupa para o ver\u00e3o<\/strong><\/h4>\n<p>Bem distribu\u00edda, <strong>uma mochila de 20 litros ser\u00e1 mais do que suficiente<\/strong> para a travessia. Em rela\u00e7\u00e3o ao cal\u00e7ado, tens duas op\u00e7\u00f5es: <strong>t\u00e9nis ou sand\u00e1lias, sempre que sejam de trekking,<\/strong> assim os teus p\u00e9s estar\u00e3o mais ventilados.<\/p>\n<p>Agora, vamos deixar-te algumas sugest\u00f5es de roupa para o Caminho de Santiago:<\/p>\n<ul>\n<li>Tr\u00eas t-shirts respir\u00e1veis de manga curta, preferencialmente t\u00e9cnicas<\/li>\n<li>Dois cal\u00e7\u00f5es<\/li>\n<li>Um casaco leve<\/li>\n<li>Cal\u00e7\u00f5es para dormir<\/li>\n<li>Um fato de banho, para um mergulho<\/li>\n<li>Chinelos para o duche e para descansar os p\u00e9s ap\u00f3s cada etapa.<\/li>\n<li>Imperme\u00e1vel<\/li>\n<li>Tr\u00eas pares de roupa interior<\/li>\n<li>Chap\u00e9u para o sol<\/li>\n<\/ul>\n<p><strong>Quanto \u00e0s \u00f3culos de sol, deixamos ao teu crit\u00e9rio.<\/strong> Para alguns, n\u00e3o s\u00e3o confort\u00e1veis, enquanto para outros s\u00e3o indispens\u00e1veis.<\/p>\n<p>Claro que outro item essencial a incluir na mochila \u00e9, sem d\u00favida, <strong>o protetor solar.<\/strong> Embora seja ver\u00e3o, primavera, outono ou inverno, estar\u00e1s exposto aos raios UV durante v\u00e1rias horas. Deves proteger-te sempre, especialmente nos meses de ver\u00e3o, quando a incid\u00eancia solar \u00e9 mais forte.<\/p>\n<p><img decoding=\"async\" class=\"alignnone wp-image-27697 size-medium\" src=\"https:\/\/www.mundiplus.com\/wp-content\/uploads\/2024\/04\/shutterstock_337246814-scaled.jpg\" alt=\"que roupa levar ao caminho de santiago\" width=\"1024\" height=\"689\" \/><\/p>\n<h3><strong>Que roupa levar para fazer o Caminho de Santiago no inverno<\/strong><\/h3>\n<p>Se, pelo contr\u00e1rio, decidires fazer o Caminho de Santiago durante o inverno, <strong>obviamente, a tua indument\u00e1ria deve ser muito mais quente.<\/strong> Para preparar a tua bagagem, deves primeiro verificar se vais atravessar tramos onde provavelmente encontrar\u00e1s neve. Isto influenciar\u00e1 imediatamente as roupas que precisas para suportar temperaturas muito baixas.<\/p>\n<p>Para esta temporada, <strong>a mochila tem de ser muito maior, com cerca de 50 ou at\u00e9 60 litros.<\/strong> A roupa de abrigo, al\u00e9m de gerar mais peso, ocupa muito mais espa\u00e7o. Em rela\u00e7\u00e3o ao cal\u00e7ado, o mais aconselh\u00e1vel \u00e9 que leves <strong>botas de montanha.<\/strong> Al\u00e9m de te protegerem mais, ser\u00e3o mais apropriadas para certos caminhos.<\/p>\n<h4><strong>Lista de roupa para o Caminho de Santiago no inverno<\/strong><\/h4>\n<ul>\n<li>Tr\u00eas t-shirts t\u00e9cnicas, que v\u00e3o ajudar a manter a temperatura corporal<\/li>\n<li>Duase t-shirts de algod\u00e3o<\/li>\n<li>Leggings t\u00e9rmicas para usar por baixo dos cal\u00e7\u00f5es<\/li>\n<li>Dois pares de cal\u00e7as longas, preferencialmente imperme\u00e1veis<\/li>\n<li>Um casaco polar grosso<\/li>\n<li>Cal\u00e7as para dormir<\/li>\n<li>Corta-vento ou casaco quente<\/li>\n<li>Um imperme\u00e1vel<\/li>\n<li>Chinelos para o duche e para descansar os p\u00e9s no final do dia<\/li>\n<li>Tr\u00eas pares de roupa interior.<\/li>\n<li>Gorro de l\u00e3.<\/li>\n<li>Cachecol para proteger o pesco\u00e7o.<\/li>\n<\/ul>\n<p>Se as cal\u00e7as que tens n\u00e3o s\u00e3o imperme\u00e1veis, um <strong>protetor pl\u00e1stico<\/strong> pode ajudar bastante.<\/p>\n<p>Pode ser que decidam incluir algumas pe\u00e7as adicionais. Podemos garantir-te que, com o que te indicamos, estar\u00e1s mais do que preparado para enfrentar o desafio que tens pela frente. Lembra-te que, para outros acess\u00f3rios, ao longo do caminho sempre poder\u00e1s encontrar lojas e farm\u00e1cias, por isso tenta aliviar todo o peso que puderes antes de partir.<\/p>\n","protected":false},"excerpt":{"rendered":"<p>Ent\u00e3o, decidiste fazer o Caminho de Santiago organizado. Certamente tens um mar de perguntas e d\u00favidas a inundar a tua cabe\u00e7a, mas n\u00e3o tens de te preocupar, aos poucos todas ter\u00e3o resposta. Basta seguir a ordem das prioridades e, claro, a primeira dever\u00e1 ser escolher qual o caminho que mais te conv\u00e9m para fazer a [&hellip;]<\/p>\n","protected":false},"author":1,"featured_media":115433,"comment_status":"open","ping_status":"open","sticky":false,"template":"","format":"standard","meta":{"footnotes":""},"categories":[590,574],"tags":[],"class_list":["post-115432","post","type-post","status-publish","format-standard","has-post-thumbnail","hentry","category-a-mochila","category-blog-do-caminho"],"_links":{"self":[{"href":"https:\/\/www.mundiplus.com\/pt-pt\/wp-json\/wp\/v2\/posts\/115432","targetHints":{"allow":["GET"]}}],"collection":[{"href":"https:\/\/www.mundiplus.com\/pt-pt\/wp-json\/wp\/v2\/posts"}],"about":[{"href":"https:\/\/www.mundiplus.com\/pt-pt\/wp-json\/wp\/v2\/types\/post"}],"author":[{"embeddable":true,"href":"https:\/\/www.mundiplus.com\/pt-pt\/wp-json\/wp\/v2\/users\/1"}],"replies":[{"embeddable":true,"href":"https:\/\/www.mundiplus.com\/pt-pt\/wp-json\/wp\/v2\/comments?post=115432"}],"version-history":[{"count":0,"href":"https:\/\/www.mundiplus.com\/pt-pt\/wp-json\/wp\/v2\/posts\/115432\/revisions"}],"wp:featuredmedia":[{"embeddable":true,"href":"https:\/\/www.mundiplus.com\/pt-pt\/wp-json\/wp\/v2\/media\/115433"}],"wp:attachment":[{"href":"https:\/\/www.mundiplus.com\/pt-pt\/wp-json\/wp\/v2\/media?parent=115432"}],"wp:term":[{"taxonomy":"category","embeddable":true,"href":"https:\/\/www.mundiplus.com\/pt-pt\/wp-json\/wp\/v2\/categories?post=115432"},{"taxonomy":"post_tag","embeddable":true,"href":"https:\/\/www.mundiplus.com\/pt-pt\/wp-json\/wp\/v2\/tags?post=115432"}],"curies":[{"name":"wp","href":"https:\/\/api.w.org\/{rel}","templated":true}]}}