{"id":115559,"date":"2021-02-18T09:52:49","date_gmt":"2021-02-18T09:52:49","guid":{"rendered":"https:\/\/www.mundiplus.com\/caminho-de-santiago-com-criancas\/"},"modified":"2021-02-18T09:52:49","modified_gmt":"2021-02-18T09:52:49","slug":"caminho-de-santiago-com-criancas","status":"publish","type":"post","link":"https:\/\/www.mundiplus.com\/pt-pt\/blog\/caminho-de-santiago-com-criancas\/","title":{"rendered":"Caminho de Santiago com crian\u00e7as"},"content":{"rendered":"<p>H\u00e1 muitas pessoas que desejam fazer o <strong><a href=\"https:\/\/www.mundiplus.com\/pt-pt\/\" target=\"_blank\" rel=\"noopener\">Caminho de Santiago organizado<\/a> com crian\u00e7as<\/strong>, toda a fam\u00edlia junta caminhando em dire\u00e7\u00e3o a Santiago de Compostela. Uma oportunidade de nos conhecermos ainda melhor em um ambiente diferente e com um objetivo comum. Em muitos casos, as crian\u00e7as ser\u00e3o menores de idade e querem desfrutar desta magn\u00edfica experi\u00eancia com os seus pais.<\/p>\n<p>O esfor\u00e7o, a generosidade, a divers\u00e3o, o respeito pela natureza e o amor ser\u00e3o os nossos companheiros de viagem neste Caminho de Santiago em fam\u00edlia. Valores e sentimentos ir\u00e3o aflorar na rota com maior intensidade e num per\u00edodo de tempo mais concentrado do que o que acontece na nossa rotina di\u00e1ria. Por isso, estaremos perante uma bela prova para ajudar a evoluir toda a fam\u00edlia e fortalecer ainda mais os la\u00e7os afetivos.<\/p>\n<div class=\"mp-box mp-box--check\">\n<p>\u00a1\u00a1Mais tempo juntos na natureza, afastados da rotina e das cargas laborais ser\u00e3o a melhor recompensa para todos!!<\/p>\n<\/div>\n<h2>QUAIS AS IDADES PARA FAZER O CAMINHO DE SANTIAGO COM CRIAN\u00c7AS?<\/h2>\n<p>Se j\u00e1 leram as nossas perguntas frequentes, dizemos sempre que n\u00e3o h\u00e1 idade para fazer o Caminho de Santiago, embora realmente a idade aconselh\u00e1vel seja aos 3 anos, pois crian\u00e7as mais pequenas necessitam de mais aten\u00e7\u00e3o por parte dos pais: biber\u00f5es, troca de fraldas&#8230; o que pode tornar o Caminho ainda mais exaustivo. No entanto, se a crian\u00e7a j\u00e1 caminha e tem pelo menos at\u00e9 aos 6 anos, seria recomend\u00e1vel que levassem um carrinho com rodas de montanha para quando a crian\u00e7a estiver cansada.<\/p>\n<h2>PROBLEMAS AO CAMINHAR?<\/h2>\n<p>A primeira pergunta que os pais fazem antes de come\u00e7arem a organizar a viagem ao Caminho de Santiago com crian\u00e7as \u00e9 se os filhos ser\u00e3o capazes de caminhar os quil\u00f3metros de cada uma das diferentes etapas. E respondemos sempre que, ao contr\u00e1rio do que os pais pensam, costuma acontecer que as crian\u00e7as caminham muito melhor e sem se queixar do cansa\u00e7o, ao contr\u00e1rio de muitos adultos. Obviamente, cada crian\u00e7a \u00e9 um mundo e podem ficar cansadas. Por isso, no vosso Caminho de Santiago em fam\u00edlia, ter\u00e3o sempre, desde o in\u00edcio at\u00e9 ao final da viagem, a nossa <strong>aten\u00e7\u00e3o e assist\u00eancia com ve\u00edculo para emerg\u00eancias ou cansa\u00e7o<\/strong>, caso precisem, pelo que poder\u00e3o enfrentar as vossas etapas di\u00e1rias com total tranquilidade e seguran\u00e7a.<\/p>\n<p><img fetchpriority=\"high\" decoding=\"async\" class=\"alignnone size-medium wp-image-21509\" src=\"https:\/\/www.mundiplus.com\/wp-content\/uploads\/2024\/04\/Camino-de-Santiago-con-ninos-scaled.jpg\" alt=\"Caminho de Santiago em fam\u00edlia\" width=\"300\" height=\"200\" \/><\/p>\n<h2>QUAL O CAMINHO RECOMENDADO?<\/h2>\n<p>Se \u00e9 a vossa primeira vez a fazer o Caminho de Santiago com crian\u00e7as, adapt\u00e1mos as etapas do <a href=\"https:\/\/www.mundiplus.com\/pt-pt\/caminos\/a-pie\/camino-frances\/sarria-santiago-etapas-cortas\" target=\"_blank\" rel=\"noopener\">Caminho de Santiago de Sarria a Santiago<\/a> (itiner\u00e1rio mais popular), fazendo etapas com menos quil\u00f3metros do que o habitual, e que consideramos ser uma das melhores op\u00e7\u00f5es de inicia\u00e7\u00e3o no \u201cCaminho das Estrelas\u201d, pois est\u00e1 perfeitamente sinalizado, tem uma orografia plana e terreno sem ondula\u00e7\u00f5es excessivas. \u00c9, de acordo com as estat\u00edsticas, o <a href=\"https:\/\/www.mundiplus.com\/pt-pt\/caminos\/a-pie\" target=\"_blank\" rel=\"noopener\">itiner\u00e1rio do Caminho de Santiago<\/a> mais percorrido por peregrinos de todo o mundo, pelo que em todo o momento se sentir\u00e3o acompanhados.<\/p>\n<p>No entanto, se acharem que esta proposta n\u00e3o se ajusta \u00e0s vossas necessidades, pode ser alterada em qualquer ponto que nos solicitem, reduzindo ainda mais a quilometragem di\u00e1ria, para podermos atender todas as vossas necessidades particulares. Se j\u00e1 fizeram o Caminho antes, contactem-nos e adaptaremos outra das nossas rotas \u00e0s vossas necessidades. Por outro lado, se os vossos filhos s\u00e3o mais velhos e acham que n\u00e3o haver\u00e1 problemas nas etapas habituais, poder\u00e3o sempre <a href=\"https:\/\/www.mundiplus.com\/pt-pt\/caminos\/a-pie\/camino-frances\/camino-de-santiago-desde-sarria\" target=\"_blank\" rel=\"noopener\">fazer o Caminho de Santiago de Sarria<\/a>.<\/p>\n<p>Com esta rota do <a href=\"https:\/\/www.mundiplus.com\/pt-pt\/caminos\/a-pie\/camino-frances\" target=\"_blank\" rel=\"noopener\">Caminho Franc\u00eas<\/a>, desenhada \u00e0 medida e apta para todos, t\u00eam a op\u00e7\u00e3o de obter o famoso certificado de \u201cLa Compostela\u201d \u00e0 chegada a Santiago de Compostela, se assim o desejarem.<\/p>\n<p>\u00c9 um percurso que vos oferece uma vasta gama de servi\u00e7os e infraestruturas em cada etapa, para atender qualquer tipo de necessidade que possam ter no vosso dia a dia.<\/p>\n<h2>PREPARA\u00c7\u00c3O F\u00cdSICA<\/h2>\n<p>Quer seja adulto ou crian\u00e7a, e mesmo que tenha alguma limita\u00e7\u00e3o f\u00edsica, \u00e9 conveniente e altamente recomend\u00e1vel que preparemos o nosso corpo e m\u00fasculos para as futuras caminhadas. Deixamos aqui alguns <a href=\"https:\/\/www.mundiplus.com\/pt-pt\/blog\/preparacion-fisica-para-el-camino-de-santiago\" target=\"_blank\" rel=\"noopener\">conselhos para nos prepararmos<\/a> antes de come\u00e7armos a nossa Viagem organizada ao Caminho de Santiago.<\/p>\n<p>&nbsp;<\/p>\n<div>\n<h3 style=\"text-align: center;\">\u00a1\u00a1DESCONTOS ESPECIAIS PARA FAM\u00cdLIAS. CONTACTE-NOS!!<\/h3>\n<\/div>\n<p>&nbsp;<\/p>\n","protected":false},"excerpt":{"rendered":"<p>H\u00e1 muitas pessoas que desejam fazer o Caminho de Santiago organizado com crian\u00e7as, toda a fam\u00edlia junta caminhando em dire\u00e7\u00e3o a Santiago de Compostela. Uma oportunidade de nos conhecermos ainda melhor em um ambiente diferente e com um objetivo comum. Em muitos casos, as crian\u00e7as ser\u00e3o menores de idade e querem desfrutar desta magn\u00edfica experi\u00eancia [&hellip;]<\/p>\n","protected":false},"author":1,"featured_media":115560,"comment_status":"open","ping_status":"open","sticky":false,"template":"","format":"standard","meta":{"footnotes":""},"categories":[574,570],"tags":[],"class_list":["post-115559","post","type-post","status-publish","format-standard","has-post-thumbnail","hentry","category-blog-do-caminho","category-condicionamento-fisico"],"_links":{"self":[{"href":"https:\/\/www.mundiplus.com\/pt-pt\/wp-json\/wp\/v2\/posts\/115559","targetHints":{"allow":["GET"]}}],"collection":[{"href":"https:\/\/www.mundiplus.com\/pt-pt\/wp-json\/wp\/v2\/posts"}],"about":[{"href":"https:\/\/www.mundiplus.com\/pt-pt\/wp-json\/wp\/v2\/types\/post"}],"author":[{"embeddable":true,"href":"https:\/\/www.mundiplus.com\/pt-pt\/wp-json\/wp\/v2\/users\/1"}],"replies":[{"embeddable":true,"href":"https:\/\/www.mundiplus.com\/pt-pt\/wp-json\/wp\/v2\/comments?post=115559"}],"version-history":[{"count":0,"href":"https:\/\/www.mundiplus.com\/pt-pt\/wp-json\/wp\/v2\/posts\/115559\/revisions"}],"wp:featuredmedia":[{"embeddable":true,"href":"https:\/\/www.mundiplus.com\/pt-pt\/wp-json\/wp\/v2\/media\/115560"}],"wp:attachment":[{"href":"https:\/\/www.mundiplus.com\/pt-pt\/wp-json\/wp\/v2\/media?parent=115559"}],"wp:term":[{"taxonomy":"category","embeddable":true,"href":"https:\/\/www.mundiplus.com\/pt-pt\/wp-json\/wp\/v2\/categories?post=115559"},{"taxonomy":"post_tag","embeddable":true,"href":"https:\/\/www.mundiplus.com\/pt-pt\/wp-json\/wp\/v2\/tags?post=115559"}],"curies":[{"name":"wp","href":"https:\/\/api.w.org\/{rel}","templated":true}]}}