{"id":115637,"date":"2025-01-06T18:43:24","date_gmt":"2025-01-06T18:43:24","guid":{"rendered":"https:\/\/www.mundiplus.com\/?p=115637"},"modified":"2025-01-07T13:00:19","modified_gmt":"2025-01-07T13:00:19","slug":"pessoas-famosas-que-completaram-o-caminho-de-santiago-quem-sao-e-porque-o-fizeram","status":"publish","type":"post","link":"https:\/\/www.mundiplus.com\/pt-pt\/celebridades-que-fizeram-o-caminho-de-santiago\/","title":{"rendered":"Pessoas famosas que completaram o Caminho de Santiago: quem s\u00e3o e porque o fizeram?"},"content":{"rendered":"<p><img fetchpriority=\"high\" decoding=\"async\" class=\"alignnone wp-image-115522 size-full\" src=\"https:\/\/www.mundiplus.com\/wp-content\/uploads\/2024\/12\/Juan-Pablo-II-Mundiplus.jpg\" alt=\"\" width=\"1024\" height=\"683\" srcset=\"https:\/\/www.mundiplus.com\/wp-content\/uploads\/2024\/12\/Juan-Pablo-II-Mundiplus.jpg 1024w, https:\/\/www.mundiplus.com\/wp-content\/uploads\/2024\/12\/Juan-Pablo-II-Mundiplus-300x200.jpg 300w, https:\/\/www.mundiplus.com\/wp-content\/uploads\/2024\/12\/Juan-Pablo-II-Mundiplus-768x512.jpg 768w, https:\/\/www.mundiplus.com\/wp-content\/uploads\/2024\/12\/Juan-Pablo-II-Mundiplus-600x400.jpg 600w\" sizes=\"(max-width: 1024px) 100vw, 1024px\" \/><\/p>\n<p><span style=\"font-weight: 400;\">A hist\u00f3ria do Caminho de Santiago est\u00e1 cheia de relatos inspiradores e personagens c\u00e9lebres que decidiram realizar esta travessia. Reis, papas, artistas e escritores, cada um encontrou nesta caminhada um motivo pessoal para fazer a peregrina\u00e7\u00e3o.<\/span><\/p>\n<p><span style=\"font-weight: 400;\">O que leva uma figura p\u00fablica a caminhar por trilhos que foram percorridos ao longo de s\u00e9culos? Ser\u00e1 a busca por paz interior, a conex\u00e3o com a natureza ou simplesmente a aventura? A seguir, vamos conhecer <\/span><b>quem s\u00e3o estes famosos peregrinos<\/b><span style=\"font-weight: 400;\"> e as raz\u00f5es por tr\u00e1s da sua viagem.<\/span><\/p>\n<p>&nbsp;<\/p>\n<h2><b>A peregrina\u00e7\u00e3o no Caminho de Santiago<\/b><\/h2>\n<p><span style=\"font-weight: 400;\">A <\/span><a href=\"https:\/\/www.mundiplus.com\/pt-pt\/\"><b>peregrina\u00e7\u00e3o no Caminho de Santiago<\/b><\/a><span style=\"font-weight: 400;\"> atraiu milh\u00f5es de visitantes ao longo da hist\u00f3ria. Esta antiga viagem espiritual pode ser uma experi\u00eancia f\u00edsica, assim como um percurso emocional e reflexivo. <\/span><\/p>\n<ul>\n<li style=\"font-weight: 400;\" aria-level=\"1\"><span style=\"font-weight: 400;\">Alguns optaram por realizar o <\/span><a href=\"https:\/\/www.mundiplus.com\/pt-pt\/caminos\/a-pie\/camino-primitivo\/\"><b>Caminho Primitivo completo<\/b><\/a><span style=\"font-weight: 400;\">, um dos mais antigos e aut\u00eanticos.<\/span><\/li>\n<li style=\"font-weight: 400;\" aria-level=\"1\"><span style=\"font-weight: 400;\">Outros partilharam as suas <\/span><a href=\"https:\/\/www.mundiplus.com\/pt-pt\/caminos\/a-pie\/camino-finisterre\/camino-de-santiago-a-finisterre\/\"><b>experi\u00eancias em Finisterra<\/b><\/a><span style=\"font-weight: 400;\">, o ponto mais ocidental da Pen\u00ednsula Ib\u00e9rica, onde muitos peregrinos sentem que a sua viagem culmina.<\/span><\/li>\n<li style=\"font-weight: 400;\" aria-level=\"1\"><span style=\"font-weight: 400;\">O <\/span><a href=\"https:\/\/www.mundiplus.com\/pt-pt\/caminos\/a-pie\/camino-ingles\/camino-de-santiago-desde-ferrol\/\"><b>Caminho desde Ferrol<\/b><\/a><span style=\"font-weight: 400;\"> ganhou popularidade, especialmente entre os <\/span><a href=\"https:\/\/www.mundiplus.com\/pt-pt\/caminos\/a-pie\/camino-ingles\/\"><b>peregrinos no Caminho Ingl\u00eas<\/b><\/a><span style=\"font-weight: 400;\">, que procuram uma experi\u00eancia menos concorrida, mas igualmente enriquecedora. <\/span><\/li>\n<li style=\"font-weight: 400;\" aria-level=\"1\"><span style=\"font-weight: 400;\">As <\/span><a href=\"https:\/\/www.mundiplus.com\/pt-pt\/caminos\/a-pie\/camino-frances\/camino-de-santiago-desde-o-cebreiro\/\"><b>hist\u00f3rias do Caminho Franc\u00eas<\/b><\/a><span style=\"font-weight: 400;\"> s\u00e3o talvez as mais conhecidas, repletas de relatos de transforma\u00e7\u00e3o pessoal e descoberta.<\/span><\/li>\n<\/ul>\n<p>&nbsp;<\/p>\n<h2><b>Famosos no Caminho: um olhar sobre os peregrinos hist\u00f3ricos<\/b><\/h2>\n<p><span style=\"font-weight: 400;\">Ao longo da hist\u00f3ria, figuras not\u00e1veis percorreram o Caminho de Santiago, deixando a sua marca nesta rota milenar. <\/span><\/p>\n<p><span style=\"font-weight: 400;\">Entre eles encontram-se os <\/span><b>Reis Cat\u00f3licos<\/b><span style=\"font-weight: 400;\">, Isabel I de Castela e Fernando II de Arag\u00e3o, que realizaram a sua peregrina\u00e7\u00e3o em <\/span><b>1486<\/b><span style=\"font-weight: 400;\">. Esta viagem teve um significado espiritual. Al\u00e9m disso, impulsionou a cria\u00e7\u00e3o de um<\/span><b> hospital para peregrinos e a reconstru\u00e7\u00e3o do templo de Santa Maria do Cebreiro<\/b><span style=\"font-weight: 400;\">. O seu passo deixou um legado na infraestrutura que hoje ainda apoia os caminhantes.<\/span><\/p>\n<p><span style=\"font-weight: 400;\">Outro destaque foi <\/span><b>Jo\u00e3o Paulo II<\/b><span style=\"font-weight: 400;\">. Este tornou-se o primeiro Papa peregrino ao visitar Santiago em <\/span><b>1982<\/b><span style=\"font-weight: 400;\"> e novamente em <\/span><b>1989<\/b><span style=\"font-weight: 400;\">. A sua presen\u00e7a revitalizou a popularidade do trajeto nos anos 80, atraindo a aten\u00e7\u00e3o mundial para esta tradi\u00e7\u00e3o. <\/span><\/p>\n<p><span style=\"font-weight: 400;\">Estes monarcas e l\u00edderes religiosos contribu\u00edram para a hist\u00f3ria da rota e inspiraram outros a seguir os seus passos. Fomentaram um renascimento do interesse por esta antiga rota de peregrina\u00e7\u00e3o que continua a atrair milhares de pessoas todos os anos.<\/span><\/p>\n<p>&nbsp;<\/p>\n<h2><b>Celebrities contempor\u00e2neas que percorreram o Caminho<\/b><\/h2>\n<p><img decoding=\"async\" class=\"alignnone wp-image-115528 size-full\" src=\"https:\/\/www.mundiplus.com\/wp-content\/uploads\/2024\/12\/Shirley-McLaine-Mundiplus.jpg\" alt=\"\" width=\"1024\" height=\"683\" srcset=\"https:\/\/www.mundiplus.com\/wp-content\/uploads\/2024\/12\/Shirley-McLaine-Mundiplus.jpg 1024w, https:\/\/www.mundiplus.com\/wp-content\/uploads\/2024\/12\/Shirley-McLaine-Mundiplus-300x200.jpg 300w, https:\/\/www.mundiplus.com\/wp-content\/uploads\/2024\/12\/Shirley-McLaine-Mundiplus-768x512.jpg 768w, https:\/\/www.mundiplus.com\/wp-content\/uploads\/2024\/12\/Shirley-McLaine-Mundiplus-600x400.jpg 600w\" sizes=\"(max-width: 1024px) 100vw, 1024px\" \/><\/p>\n<p><span style=\"font-weight: 400;\">Em tempos mais recentes, celebridades como <\/span><b>Paulo Coelho<\/b><span style=\"font-weight: 400;\"> e <\/span><b>Shirley MacLaine<\/b><span style=\"font-weight: 400;\"> partilharam as suas experi\u00eancias neste local, o que contribuiu para a sua popularidade contempor\u00e2nea.<\/span><\/p>\n<ul>\n<li style=\"font-weight: 400;\" aria-level=\"1\"><span style=\"font-weight: 400;\">Coelho completou parte do percurso em <\/span><b>1986<\/b><span style=\"font-weight: 400;\">, uma experi\u00eancia que o inspirou a escrever o romance &#8220;<\/span><b>O Peregrino de Compostela<\/b><span style=\"font-weight: 400;\">&#8220;, onde narra a busca por respostas e conex\u00e3o espiritual. Atrav\u00e9s do relato, os leitores podem sentir a intensidade da sua viagem e a transforma\u00e7\u00e3o que viveu.<\/span><\/li>\n<li style=\"font-weight: 400;\" aria-level=\"1\"><span style=\"font-weight: 400;\">Por sua vez, MacLaine fez o percurso menor em <\/span><b>1994<\/b><span style=\"font-weight: 400;\">, \u00e0 procura de uma conex\u00e3o espiritual profunda e um sentido renovado de si mesma. No livro &#8220;<\/span><b>The Camino: A Journey of the Spirit<\/b><span style=\"font-weight: 400;\">&#8220;, descreve como o percurso lhe permitiu refletir sobre a vida e as suas cren\u00e7as.<\/span><\/li>\n<\/ul>\n<p><span style=\"font-weight: 400;\">A busca por inspira\u00e7\u00e3o pessoal \u00e9 um fio comum entre estes peregrinos contempor\u00e2neos. Utilizam as suas viagens para explorar a paisagem f\u00edsica e tamb\u00e9m o seu pr\u00f3prio mundo interior. Este fen\u00f3meno levou a que mais pessoas se interessassem pelo trajeto, reconhecendo o seu potencial como uma viagem transformadora que transcende o f\u00edsico.<\/span><\/p>\n<p>&nbsp;<\/p>\n<h2><b>Outros peregrinos ilustres<\/b><\/h2>\n<p><img decoding=\"async\" class=\"alignnone wp-image-115516 size-full\" src=\"https:\/\/www.mundiplus.com\/wp-content\/uploads\/2024\/12\/David-Beckham-Mundiplus.jpg\" alt=\"\" width=\"1024\" height=\"601\" srcset=\"https:\/\/www.mundiplus.com\/wp-content\/uploads\/2024\/12\/David-Beckham-Mundiplus.jpg 1024w, https:\/\/www.mundiplus.com\/wp-content\/uploads\/2024\/12\/David-Beckham-Mundiplus-300x176.jpg 300w, https:\/\/www.mundiplus.com\/wp-content\/uploads\/2024\/12\/David-Beckham-Mundiplus-768x451.jpg 768w, https:\/\/www.mundiplus.com\/wp-content\/uploads\/2024\/12\/David-Beckham-Mundiplus-600x352.jpg 600w\" sizes=\"(max-width: 1024px) 100vw, 1024px\" \/><\/p>\n<ul>\n<li aria-level=\"1\"><b>Anthony Quinn. <\/b><span style=\"font-weight: 400;\">O lend\u00e1rio ator de Hollywood, conhecido por filmes como <\/span><i><span style=\"font-weight: 400;\">Zorba, o Grego<\/span><\/i><span style=\"font-weight: 400;\">, percorreu parte do Caminho de Santiago em busca de conex\u00e3o espiritual e renova\u00e7\u00e3o pessoal. A sua experi\u00eancia, embora menos documentada, reflete o seu interesse pelas tradi\u00e7\u00f5es culturais e espirituais.<\/span><\/li>\n<\/ul>\n<ul>\n<li aria-level=\"1\"><b>Stephen Hawking. <\/b><span style=\"font-weight: 400;\">Embora n\u00e3o tenha podido percorrer o Caminho de forma tradicional devido \u00e0 sua condi\u00e7\u00e3o f\u00edsica, visitou Santiago de Compostela como parte de um percurso cultural e espiritual. A sua viagem, embora simb\u00f3lica, destacou o impacto que o Caminho tem at\u00e9 mesmo naqueles que n\u00e3o o percorrem fisicamente.<\/span><\/li>\n<\/ul>\n<ul>\n<li aria-level=\"1\"><b>Angela Merkel<\/b><span style=\"font-weight: 400;\">. A chanceler alem\u00e3 fez parte do Caminho de Santiago durante uma visita \u00e0 Galiza. Embora o seu percurso tenha sido breve, destacou o seu interesse pelo patrim\u00f3nio cultural e espiritual da regi\u00e3o.<\/span><\/li>\n<\/ul>\n<ul>\n<li aria-level=\"1\"><b>Miguel Indur\u00e1in<\/b><span style=\"font-weight: 400;\">. O ciclista e vencedor do Tour de Fran\u00e7a percorreu o Caminho de Santiago de bicicleta.<\/span><\/li>\n<\/ul>\n<ul>\n<li aria-level=\"1\"><b>David Beckham<\/b><span style=\"font-weight: 400;\">. Embora n\u00e3o tenha sido confirmado se completou todo o Caminho, o ex-futebolista foi fotografado em algumas etapas do percurso, especialmente no Caminho Franc\u00eas. <\/span><\/li>\n<\/ul>\n<ul>\n<li aria-level=\"1\"><b>Pierce Brosnan<\/b><span style=\"font-weight: 400;\">. O ex-James Bond mostrou interesse pelo Caminho e percorreu alguns tro\u00e7os durante as suas visitas a Espanha. Embora n\u00e3o tenha partilhado detalhes extensivos, a sua participa\u00e7\u00e3o destaca a atratividade internacional desta rota.<\/span><\/li>\n<\/ul>\n<ul>\n<li aria-level=\"1\"><b>Jane Fonda. <\/b><span style=\"font-weight: 400;\">A atriz e ativista mencionou numa entrevista que percorreu uma parte do Caminho como parte da sua busca por paz interior e espiritualidade. A sua experi\u00eancia refor\u00e7a a ideia de que o Caminho atrai pessoas de diversas trajet\u00f3rias.<\/span><\/li>\n<\/ul>\n<ul>\n<li aria-level=\"1\"><b>Orlando Bloom<\/b><span style=\"font-weight: 400;\">. O ator brit\u00e2nico \u00e9 conhecido pela sua paix\u00e3o por viagens e espiritualidade. Embora o seu percurso pelo Caminho n\u00e3o esteja amplamente documentado, foi mencionado em entrevistas que percorreu algumas etapas \u00e0 procura de uma conex\u00e3o mais profunda consigo mesmo.<\/span><\/li>\n<\/ul>\n<p>&nbsp;<\/p>\n<h2><b>O Caminho como experi\u00eancia transformadora<\/b><\/h2>\n<p><span style=\"font-weight: 400;\">A experi\u00eancia tem um efeito profundo na vida daqueles que a percorrem. Muitos testemunhos revelam como esta viagem mudou a sua perspetiva sobre a vida.<\/span><\/p>\n<p><b>Paulo Coelho<\/b><span style=\"font-weight: 400;\">, por exemplo, mencionou que tinha <\/span><b>encontrado o que procurava antes de chegar a Santiago<\/b><span style=\"font-weight: 400;\">, destacando a clareza e a paz que o percurso lhe ofereceu. Da mesma forma, Shirley MacLaine descreveu a sua experi\u00eancia como uma <\/span><b>rota espiritual que come\u00e7a verdadeiramente ao finaliz\u00e1-la<\/b><span style=\"font-weight: 400;\">. Enfatizou a import\u00e2ncia da introspe\u00e7\u00e3o e do autodescobrimento.<\/span><\/p>\n<p><span style=\"font-weight: 400;\">Esta transforma\u00e7\u00e3o pessoal n\u00e3o \u00e9 exclusiva dos famosos. Muitos peregrinos an\u00f3nimos tamb\u00e9m reportam mudan\u00e7as significativas. Alguns encontram respostas a quest\u00f5es existenciais, enquanto outros descobrem uma nova conex\u00e3o com a natureza e consigo mesmos.<\/span><\/p>\n<p><span style=\"font-weight: 400;\">A compara\u00e7\u00e3o entre as motiva\u00e7\u00f5es destas figuras p\u00fablicas e as dos caminhantes comuns destaca a universalidade do Caminho como uma experi\u00eancia transformadora, onde cada passo pode levar a uma revela\u00e7\u00e3o \u00fanica.<\/span><\/p>\n<p>&nbsp;<\/p>\n<h2><b>O impacto cultural do Caminho de Santiago<\/b><\/h2>\n<p><span style=\"font-weight: 400;\">As hist\u00f3rias de figuras famosas tiveram um efeito not\u00e1vel na promo\u00e7\u00e3o deste local. Filmes como &#8220;<\/span><b>The Way<\/b><span style=\"font-weight: 400;\">&#8220;, protagonizado por <\/span><b>Martin Sheen<\/b><span style=\"font-weight: 400;\">, ajudaram a aumentar o interesse por esta rota hist\u00f3rica.<\/span><\/p>\n<p><span style=\"font-weight: 400;\">O filme narrou a experi\u00eancia de um peregrino e mostrou a beleza e a espiritualidade, inspirando muitos a iniciar a travessia. Livros e document\u00e1rios destacaram as experi\u00eancias pessoais de peregrinos c\u00e9lebres, tornando o percurso num fen\u00f3meno cultural global.<\/span><\/p>\n<p><span style=\"font-weight: 400;\">O impacto cultural tem fomentado um crescimento not\u00e1vel no turismo para Santiago, atraindo pessoas de diversas partes do mundo. Este aumento no n\u00famero de peregrinos revitalizou economias locais e promoveu a preserva\u00e7\u00e3o de tradi\u00e7\u00f5es e patrim\u00f3nio arquitet\u00f3nico ao longo das rotas.<\/span><\/p>\n<p><span style=\"font-weight: 400;\">Al\u00e9m disso, o local tem servido como um <\/span><b>espa\u00e7o para o interc\u00e2mbio cultural<\/b><span style=\"font-weight: 400;\">, onde se entrela\u00e7am hist\u00f3rias e tradi\u00e7\u00f5es de diferentes nacionalidades. A influ\u00eancia dessas celebridades levou a uma maior visibilidade, tornando-o num s\u00edmbolo de busca pessoal e conex\u00e3o espiritual.<\/span><\/p>\n<p>&nbsp;<\/p>\n<h2><b>A universalidade do Caminho<\/b><\/h2>\n<p><span style=\"font-weight: 400;\">O Caminho de Santiago continua a ser um lugar onde convergem pessoas de todas as esferas sociais. A experi\u00eancia pessoal torna-se um v\u00ednculo comum que une todos os peregrinos, independentemente da sua fama ou posi\u00e7\u00e3o social. Cada passo dado por estas <\/span><b>figuras ilustres<\/b><span style=\"font-weight: 400;\"> ressoa com as viv\u00eancias an\u00f3nimas que s\u00e3o partilhadas por outros caminhantes.<\/span><\/p>\n<p><span style=\"font-weight: 400;\">Esta conex\u00e3o coletiva convida \u00e0 reflex\u00e3o sobre a import\u00e2ncia da viagem pessoal dentro do contexto da peregrina\u00e7\u00e3o. O desejo comum de encontrar significado faz deste um espa\u00e7o \u00fanico para todos aqueles que decidem percorr\u00ea-lo.<\/span><\/p>\n<p><span style=\"font-weight: 400;\">A diversidade de personagens que percorreram o local reflete o atractivo atemporal e a universalidade. As figuras hist\u00f3ricas e as celebridades contempor\u00e2neas, todos partilham uma busca: <\/span><b>a conex\u00e3o com algo maior do que eles pr\u00f3prios<\/b><span style=\"font-weight: 400;\">. O seu legado continua a inspirar novas gera\u00e7\u00f5es a explorar os seus trilhos e a descobrir as suas pr\u00f3prias hist\u00f3rias pessoais nesta viagem milenar at\u00e9 Santiago.<\/span><\/p>\n","protected":false},"excerpt":{"rendered":"<p>A hist\u00f3ria do Caminho de Santiago est\u00e1 cheia de relatos inspiradores e personagens c\u00e9lebres que decidiram realizar esta travessia. Reis, papas, artistas e escritores, cada um encontrou nesta caminhada um motivo pessoal para fazer a peregrina\u00e7\u00e3o. O que leva uma figura p\u00fablica a caminhar por trilhos que foram percorridos ao longo de s\u00e9culos? Ser\u00e1 a [&hellip;]<\/p>\n","protected":false},"author":1,"featured_media":115527,"comment_status":"open","ping_status":"open","sticky":false,"template":"","format":"standard","meta":{"footnotes":""},"categories":[574,578,586],"tags":[],"class_list":["post-115637","post","type-post","status-publish","format-standard","has-post-thumbnail","hentry","category-blog-do-caminho","category-caminho-a-pe","category-historia-pt"],"_links":{"self":[{"href":"https:\/\/www.mundiplus.com\/pt-pt\/wp-json\/wp\/v2\/posts\/115637","targetHints":{"allow":["GET"]}}],"collection":[{"href":"https:\/\/www.mundiplus.com\/pt-pt\/wp-json\/wp\/v2\/posts"}],"about":[{"href":"https:\/\/www.mundiplus.com\/pt-pt\/wp-json\/wp\/v2\/types\/post"}],"author":[{"embeddable":true,"href":"https:\/\/www.mundiplus.com\/pt-pt\/wp-json\/wp\/v2\/users\/1"}],"replies":[{"embeddable":true,"href":"https:\/\/www.mundiplus.com\/pt-pt\/wp-json\/wp\/v2\/comments?post=115637"}],"version-history":[{"count":0,"href":"https:\/\/www.mundiplus.com\/pt-pt\/wp-json\/wp\/v2\/posts\/115637\/revisions"}],"wp:featuredmedia":[{"embeddable":true,"href":"https:\/\/www.mundiplus.com\/pt-pt\/wp-json\/wp\/v2\/media\/115527"}],"wp:attachment":[{"href":"https:\/\/www.mundiplus.com\/pt-pt\/wp-json\/wp\/v2\/media?parent=115637"}],"wp:term":[{"taxonomy":"category","embeddable":true,"href":"https:\/\/www.mundiplus.com\/pt-pt\/wp-json\/wp\/v2\/categories?post=115637"},{"taxonomy":"post_tag","embeddable":true,"href":"https:\/\/www.mundiplus.com\/pt-pt\/wp-json\/wp\/v2\/tags?post=115637"}],"curies":[{"name":"wp","href":"https:\/\/api.w.org\/{rel}","templated":true}]}}