{"id":115650,"date":"2022-02-25T12:38:59","date_gmt":"2022-02-25T12:38:59","guid":{"rendered":"https:\/\/www.mundiplus.com\/os-10-monumentos-mais-importantes-do-caminho-do-norte\/"},"modified":"2022-02-25T12:38:59","modified_gmt":"2022-02-25T12:38:59","slug":"os-10-monumentos-mais-importantes-do-caminho-do-norte","status":"publish","type":"post","link":"https:\/\/www.mundiplus.com\/pt-pt\/blog\/monumentos-caminho-del-norte\/","title":{"rendered":"Os 10 monumentos mais importantes do Caminho do Norte"},"content":{"rendered":"<p>Entre todas as rotas jacobeias existentes para fazer o Caminho de Santiago, sempre haver\u00e1 algumas que se destacam um pouco mais em compara\u00e7\u00e3o com as outras, como \u00e9 o caso do <a href=\"https:\/\/www.mundiplus.com\/pt-pt\/caminos\/a-pie\/camino-norte\" target=\"_blank\" rel=\"noopener\">Caminho do Norte<\/a>.<\/p>\n<p>Embora seja uma das rotas mais longas, podemos tamb\u00e9m dizer que <strong>\u00e9 uma das mais impressionantes.<\/strong> Isso deve-se \u00e0s paisagens e monumentos que l\u00e1 encontramos, tornando-a a favorita de peregrinos de todo o mundo. Se pretende fazer um trecho mais curto e chegar a Santiago de Compostela em 7 dias, recomendamos o <a href=\"https:\/\/www.mundiplus.com\/pt-pt\/caminos\/a-pie\/camino-frances\/camino-de-santiago-desde-sarria\" target=\"_blank\" rel=\"noopener\">Caminho de Santiago organizado desde Sarria<\/a>.<\/p>\n<h2><strong>Estes s\u00e3o os monumentos mais importantes do Caminho do Norte que n\u00e3o deve perder&#8230;<\/strong><\/h2>\n<p>S\u00e3o muitos os pontos de interesse deste <a href=\"https:\/\/www.mundiplus.com\/pt-pt\/\" target=\"_blank\" rel=\"noopener\">Caminho de Santiago com Viagem organizada<\/a> pelo Norte de Espanha que poder\u00edamos mencionar, e levaria muito tempo falar de todos. No entanto, entre os que gozam de <strong>maior valor hist\u00f3rico e beleza a n\u00edvel arquitet\u00f3nico,<\/strong> vale a pena destacar os seguintes:<\/p>\n<h3><strong>ERMITA DE GUADALUPE<\/strong><\/h3>\n<p>Est\u00e1 localizada em Fuenterrab\u00eda, considerada uma das vilas mais bonitas de todo o Pa\u00eds Basco. Podemos considerar que a Ermita <strong>de Guadalupe \u00e9 um bom ponto de in\u00edcio para come\u00e7ar a rota,<\/strong> ou ent\u00e3o, partir da localidade pr\u00f3xima e fronteiri\u00e7a de Ir\u00fan, que seria o in\u00edcio natural do Caminho de Santiago do norte, e cujo primeiro trecho seria o Caminho desde <a href=\"https:\/\/www.mundiplus.com\/pt-pt\/caminos\/a-pie\/camino-norte\/camino-de-santiago-desde-irun\" target=\"_blank\" rel=\"noopener\">Caminho desde Ir\u00fan a Bilbao<\/a>.<\/p>\n<p>Embora a constru\u00e7\u00e3o original n\u00e3o tenha uma data exata, j\u00e1 em 1526 era mencionada numa doa\u00e7\u00e3o feita \u00e0 igreja da vila por parte de Juan Sebasti\u00e1n Elcano. Muitos anos depois foi destru\u00edda e reconstru\u00edda devido aos ataques e invas\u00f5es.<\/p>\n<p><strong>A atual ermita data do s\u00e9culo XIX.<\/strong> Trata-se de uma igreja com uma \u00fanica nave, com testada plana e um \u00fanico cruzeiro. Um dos seus elementos mais chamativos \u00e9 o capitel de pedra, datado de cerca de 1860.<\/p>\n<h3><strong>GUGGENHEIM<\/strong><\/h3>\n<p>Sem d\u00favida, \u00e9 um dos edif\u00edcios mais importantes do Caminho do Norte, gra\u00e7as \u00e0 sua beleza arquitet\u00f3nica. O <a href=\"https:\/\/www.guggenheim-bilbao.eus\" target=\"_blank\" rel=\"nofollow noopener\"><strong>Guggenheim<\/strong> <strong>de Bilbao<\/strong><\/a>, dedicado \u00e0 arte contempor\u00e2nea, foi projetado pelo arquiteto de origem canadiana Frank O. Gehry.<\/p>\n<p>Embora as negocia\u00e7\u00f5es para a sua constru\u00e7\u00e3o tenham come\u00e7ado em 1991, s\u00f3 em 1997 \u00e9 que as obras foram finalmente conclu\u00eddas. Foi inaugurado pelo rei Juan Carlos I de Espanha.<\/p>\n<p>A sua fachada \u00e9 um dos elementos mais caracter\u00edsticos e chamativos de todo o complexo, onde se destacam as <strong>formas retorcidas e curvil\u00edneas<\/strong>. Estas foram revestidas com cortinas de vidro, calc\u00e1rio e chapas de tit\u00e2nio. Tem uma \u00e1rea de 24.000 metros quadrados, dos quais cerca de 11.000 s\u00e3o destinados a exposi\u00e7\u00f5es, distribu\u00eddas por 19 galerias.<\/p>\n<p><img fetchpriority=\"high\" decoding=\"async\" class=\"alignnone wp-image-3470 size-full\" src=\"https:\/\/www.mundiplus.com\/wp-content\/uploads\/2024\/04\/Guggenheim_Museum.jpg\" alt=\"Guggenheim_Museum\" width=\"1600\" height=\"1066\" \/><\/p>\n<h3><strong>BAS\u00cdLICA DE BEGO\u00d1A<\/strong><\/h3>\n<p>Com uma constru\u00e7\u00e3o que levou mais de 100 anos, <strong>os trabalhos come\u00e7aram em 1511 e foram conclu\u00eddos em 1621.<\/strong> Foi desenvolvida sob um <strong>estilo g\u00f3tico<\/strong>, embora durante todo o tempo de constru\u00e7\u00e3o tenha sofrido algumas altera\u00e7\u00f5es, com a adi\u00e7\u00e3o de detalhes de outras correntes.<\/p>\n<p>Em 1835, a torre foi destru\u00edda e quase toda a sua fachada, pelo que teve de ser novamente intervencionada. <strong>A fachada atual foi finalizada em 1907.<\/strong><\/p>\n<p>Destaca-se a preciosa imagem de madeira policromada da Virgem de Bego\u00f1a, feita no in\u00edcio do s\u00e9culo XIV. No entanto, foi restaurada v\u00e1rias vezes. Outros detalhes que merecem ser apreciados s\u00e3o o ret\u00e1bulo maior, a zona do Sagr\u00e1rio, que \u00e9 feita em pedra; o \u00f3rg\u00e3o do coro e, claro, todos os quadros.<\/p>\n<h3><strong>CONJUNTO DE CASTRO URDIALES<\/strong><\/h3>\n<p>Considerado um dos monumentos mais importantes do Caminho do Norte, <strong>combina perfeitamente o melhor da \u00e9poca antiga com a modernidade,<\/strong> em meio a edifica\u00e7\u00f5es carregadas de encanto e beleza.<\/p>\n<p>Aqui encontra-se <strong>a igreja de estilo g\u00f3tico mais importante de toda a Cant\u00e1bria<\/strong>. Al\u00e9m disso, tamb\u00e9m poder\u00e1 desfrutar do bonito castelo medieval e da Casa Consistorial, desenvolvida em torno da pra\u00e7a.<\/p>\n<p>A igreja de Santa Maria da Assun\u00e7\u00e3o, como j\u00e1 foi mencionado, \u00e9 de grande import\u00e2ncia. <strong>A sua constru\u00e7\u00e3o remonta ao s\u00e9culo XII<\/strong>. \u00c9 desenvolvida com uma planta basilical, flanqueada por duas torres. O castelo Faro, ao lado do templo, \u00e9 um dos poucos que se conservam na regi\u00e3o. Era o principal fortim defensivo da vila na antiguidade.<\/p>\n<p><img decoding=\"async\" class=\"alignnone wp-image-3474 size-large\" src=\"https:\/\/www.mundiplus.com\/wp-content\/uploads\/2024\/04\/castro-urdiales-1024x691-1.jpg\" alt=\"castro_urdiales\" width=\"1024\" height=\"691\" \/><\/p>\n<h3><strong>PAL\u00c1CIO DA MAGDALENA<\/strong><\/h3>\n<p>O Pal\u00e1cio Real da Magdalena \u00e9 um dos edif\u00edcios mais importantes do Caminho do Norte, al\u00e9m de ser <strong>protagonista em toda a regi\u00e3o da Cant\u00e1bria.<\/strong><\/p>\n<p>Embora n\u00e3o tenha um estilo arquitet\u00f3nico definido, <strong>destaque-se pela sua impressionante beleza.<\/strong> Combina influ\u00eancias francesas e inglesas na sua constru\u00e7\u00e3o, al\u00e9m de alguns elementos t\u00edpicos da regi\u00e3o montanhosa.<\/p>\n<p>Tem uma extens\u00e3o de 28 hectares, coroado por belos jardins. Aqui \u00e9 poss\u00edvel desfrutar do piso t\u00e9rreo, primeiro e principal, al\u00e9m dos est\u00e1bulos e do antigo paraninfo, agora convertido em audit\u00f3rio.<\/p>\n<h3><strong>ERMITA DE SAN SALVADOR DE PRIESCA<\/strong><\/h3>\n<p>Localizada na localidade de Priesca, Ast\u00farias, \u00e9 considerada uma <strong>das melhores express\u00f5es da arquitetura pr\u00e9-rom\u00e2nica<\/strong> t\u00edpica da regi\u00e3o. De acordo com documentos antigos, esta ermida <strong>foi consagrada por volta do ano 921,<\/strong> embora nem tudo o que se conserva atualmente perten\u00e7a \u00e0 constru\u00e7\u00e3o original.<\/p>\n<p>Tem planta basilical, com tr\u00eas naves que foram rematadas por capelas absidiais. Foi incendiada durante a Guerra Civil Espanhola, e desde ent\u00e3o recebeu duas restaura\u00e7\u00f5es. No entanto, estas n\u00e3o fizeram grandes altera\u00e7\u00f5es ao estilo original.<\/p>\n<h3><strong>CENTRO HIST\u00d3RICO DE AVIL\u00c9S<\/strong><\/h3>\n<p>Visitar este local \u00e9 definitivamente <strong>viajar no tempo.<\/strong> Declarado como Conjunto Hist\u00f3rico-Art\u00edstico, \u00e9 um dos pontos de interesse do Caminho do Norte por excel\u00eancia. Por onde quer que passe, pode desfrutar de preciosos legados hist\u00f3ricos, tornando o percurso uma experi\u00eancia enriquecedora de qualquer ponto de vista.<\/p>\n<p>Aqui destaca-se, entre outros edif\u00edcios, o <strong>Pal\u00e1cio do Marqu\u00eas de Camposagrado<\/strong>. A sua constru\u00e7\u00e3o data do s\u00e9culo XVII. Por outro lado, o antigo <strong>Pal\u00e1cio de Valdecarzana<\/strong> \u00e9 o mais antigo de toda a cidade e um dos melhores exemplos da arquitetura g\u00f3tica.<\/p>\n<p>Tamb\u00e9m \u00e9 poss\u00edvel desfrutar do Pal\u00e1cio de Balsera, do teatro Pal\u00e1cio Vald\u00e9s, e de casas pitorescas e bonitas como a de Eladio Mu\u00f1iz, Arias de la Noceda ou a de Garc\u00eda Pumarino.<\/p>\n<p><img decoding=\"async\" class=\"alignnone size-full wp-image-24940\" src=\"https:\/\/www.mundiplus.com\/wp-content\/uploads\/2024\/04\/Palacio_de_Camposagrado.jpeg\" alt=\"Palacio_de_Camposagrado\" width=\"1024\" height=\"662\" \/><\/p>\n<h3><strong>MONAST\u00c9RIO DE SAN SALVADOR, DE LOURENZ\u00c1<\/strong><\/h3>\n<p>Declarado Monumento Hist\u00f3rico Nacional em 1974, o mosteiro de San Salvador <strong>foi fundado por volta do ano 969,<\/strong> sendo assim uma parada obrigat\u00f3ria entre os monumentos mais importantes do Caminho do Norte.<\/p>\n<p>Apesar da sua longa hist\u00f3ria, <strong>os edif\u00edcios que ainda se mant\u00eam de p\u00e9 s\u00e3o do s\u00e9culo XVII e XVIII.<\/strong> Os religiosos habitaram esta \u00e1rea at\u00e9 a metade do s\u00e9culo passado.<\/p>\n<p>Acredita-se que a fachada do mosteiro possa ter sido a anterior da pr\u00f3pria Catedral de Santiago, sendo a antiga c\u00e2mara abacial atualmente a sede da C\u00e2mara Municipal de Vilanova.<\/p>\n<p>Neste recinto encontram-se os restos de v\u00e1rias personalidades da nobreza.<\/p>\n<p><img loading=\"lazy\" decoding=\"async\" class=\"alignnone wp-image-24934 size-medium\" src=\"https:\/\/www.mundiplus.com\/wp-content\/uploads\/2024\/04\/Monasterio_de_san_salvador-1024x786.jpeg\" alt=\"monumentos_mas_importantes_del_Camino_del_Norte\" width=\"1024\" height=\"786\" \/><\/p>\n<h3><strong>CATEDRAL DE MONDO\u00d1EDO<\/strong><\/h3>\n<p>Imponente e com muita hist\u00f3ria, <strong>a sua constru\u00e7\u00e3o teve in\u00edcio por volta de 1219,<\/strong> embora Mondo\u00f1edo j\u00e1 fosse sede episcopal desde 100 anos antes.<\/p>\n<p>A sua constru\u00e7\u00e3o foi bastante lenta, j\u00e1 que teve que ser interrompida v\u00e1rias vezes, sendo conclu\u00edda no s\u00e9culo XIV. Em 1902, foi declarada <strong>Monumento Nacional<\/strong>. Possui tr\u00eas naves, mantendo o roset\u00e3o g\u00f3tico original do s\u00e9culo XIV.<\/p>\n<h3><strong>MONAST\u00c9RIO DE SANTA MAR\u00cdA, EN SOBRADO DOS MONXES<\/strong><\/h3>\n<p>De <strong>origem medieval<\/strong>, \u00e9 considerado um dos principais mosteiros de toda a regi\u00e3o da Galiza e um dos monumentos mais importantes do Caminho do Norte. Foi fundado no ano 952 pelo conde de Presaras, <strong>que faleceu neste local anos mais tarde.<\/strong><\/p>\n<p>A igreja que faz parte do complexo foi constru\u00edda no final do s\u00e9culo XVII e finalmente consagrada em 1708. Em 1834, o mosteiro foi suprimido e todos os bens foram vendidos. A meio da d\u00e9cada de 1950 iniciou-se a sua recupera\u00e7\u00e3o e desde 1966 voltou a ser habitado por monges.<\/p>\n","protected":false},"excerpt":{"rendered":"<p>Entre todas as rotas jacobeias existentes para fazer o Caminho de Santiago, sempre haver\u00e1 algumas que se destacam um pouco mais em compara\u00e7\u00e3o com as outras, como \u00e9 o caso do Caminho do Norte. Embora seja uma das rotas mais longas, podemos tamb\u00e9m dizer que \u00e9 uma das mais impressionantes. Isso deve-se \u00e0s paisagens e [&hellip;]<\/p>\n","protected":false},"author":1,"featured_media":109102,"comment_status":"open","ping_status":"open","sticky":false,"template":"","format":"standard","meta":{"footnotes":""},"categories":[574,606],"tags":[],"class_list":["post-115650","post","type-post","status-publish","format-standard","has-post-thumbnail","hentry","category-blog-do-caminho","category-locais-iconicos"],"_links":{"self":[{"href":"https:\/\/www.mundiplus.com\/pt-pt\/wp-json\/wp\/v2\/posts\/115650","targetHints":{"allow":["GET"]}}],"collection":[{"href":"https:\/\/www.mundiplus.com\/pt-pt\/wp-json\/wp\/v2\/posts"}],"about":[{"href":"https:\/\/www.mundiplus.com\/pt-pt\/wp-json\/wp\/v2\/types\/post"}],"author":[{"embeddable":true,"href":"https:\/\/www.mundiplus.com\/pt-pt\/wp-json\/wp\/v2\/users\/1"}],"replies":[{"embeddable":true,"href":"https:\/\/www.mundiplus.com\/pt-pt\/wp-json\/wp\/v2\/comments?post=115650"}],"version-history":[{"count":0,"href":"https:\/\/www.mundiplus.com\/pt-pt\/wp-json\/wp\/v2\/posts\/115650\/revisions"}],"wp:featuredmedia":[{"embeddable":true,"href":"https:\/\/www.mundiplus.com\/pt-pt\/wp-json\/wp\/v2\/media\/109102"}],"wp:attachment":[{"href":"https:\/\/www.mundiplus.com\/pt-pt\/wp-json\/wp\/v2\/media?parent=115650"}],"wp:term":[{"taxonomy":"category","embeddable":true,"href":"https:\/\/www.mundiplus.com\/pt-pt\/wp-json\/wp\/v2\/categories?post=115650"},{"taxonomy":"post_tag","embeddable":true,"href":"https:\/\/www.mundiplus.com\/pt-pt\/wp-json\/wp\/v2\/tags?post=115650"}],"curies":[{"name":"wp","href":"https:\/\/api.w.org\/{rel}","templated":true}]}}