{"id":115782,"date":"2020-11-13T09:32:02","date_gmt":"2020-11-13T09:32:02","guid":{"rendered":"https:\/\/www.mundiplus.com\/botafumeiro\/"},"modified":"2020-11-13T09:32:02","modified_gmt":"2020-11-13T09:32:02","slug":"botafumeiro","status":"publish","type":"post","link":"https:\/\/www.mundiplus.com\/pt-pt\/blog\/botafumeiro\/","title":{"rendered":"Botafumeiro"},"content":{"rendered":"<p><strong>Botafumeiro<\/strong> ou Turibulum Magnum \u00e9 um gigantesco incens\u00e1rio ou, em terminologia popular, um &#8220;lan\u00e7ador de fumo&#8221;, que provavelmente foi fabricado entre os S\u00e9culos XII ou XIII, uma vez que n\u00e3o h\u00e1 certeza sobre a data exata.<\/p>\n<h2>CHEIRAVA MAL NA CATEDRAL DE SANTIAGO?<\/h2>\n<p>A sua constru\u00e7\u00e3o foi encomendada para mitigar os odores acumulados na <a href=\"https:\/\/www.mundiplus.com\/pt-pt\/blog\/catedral-de-santiago-de-compostela\" target=\"_blank\" rel=\"noopener\">Catedral de Santiago<\/a>, devido aos numerosos peregrinos que, ap\u00f3s conclu\u00edrem a sua peregrina\u00e7\u00e3o a Santiago de Compostela, ficavam a dormir no seu interior. Os peregrinos da \u00e9poca medieval usavam as mesmas roupas desde o in\u00edcio da peregrina\u00e7\u00e3o nas suas cidades natais&#8230; Imaginem o mau cheiro! Posteriormente, os peregrinos faziam o <a href=\"https:\/\/www.mundiplus.com\/pt-pt\/caminos\/a-pie\/camino-finisterre\/santiago-de-compostela-finisterre\" target=\"_blank\" rel=\"noopener\">Caminho at\u00e9 Finisterre<\/a>, o que se acreditava ser &#8220;o fim do mundo&#8221;, e l\u00e1 a tradi\u00e7\u00e3o era queimar essas roupas.<\/p>\n<p>O \u201cperfume\u201d utilizado para atenuar esse mau cheiro era o <strong>incenso<\/strong>, que \u00e9 queimado com peda\u00e7os de carv\u00e3o colocados no seu interior. Da\u00ed vem a tradi\u00e7\u00e3o deste magn\u00edfico incens\u00e1rio.<\/p>\n<h2>PARA QUE \u00c9 UTILIZADO O BOTAFUMEIRO ATUALMENTE?<\/h2>\n<p>Atualmente, o uso do botafumeiro mudou totalmente, sendo agora utilizado para dar solenidade \u00e0s celebra\u00e7\u00f5es religiosas, incluindo a celebra\u00e7\u00e3o da missa das 12:00 (Missa do Peregrino), \u00e0 qual assistem o maior n\u00famero de peregrinos que terminam o <a href=\"https:\/\/www.mundiplus.com\/pt-pt\/caminos\/a-pie\/camino-frances\/camino-de-santiago-desde-sarria\" target=\"_blank\" rel=\"noopener\">Caminho de Santiago desde Sarria<\/a>, o que constitui uma das grandes atra\u00e7\u00f5es que a Catedral de Santiago oferece aos seus visitantes.<\/p>\n<h2>QUANTOS BOTAFUMEIROS TEM A CATEDRAL DE SANTIAGO?<\/h2>\n<p>Ao longo da <a href=\"https:\/\/www.mundiplus.com\/pt-pt\/blog\/historia-del-camino-de-santiago\" target=\"_blank\" rel=\"noopener noreferrer\">hist\u00f3ria do Caminho de Santiago<\/a>, a Catedral de Santiago teve 4 incens\u00e1rios. O primeiro durou at\u00e9 1530, sendo posteriormente constru\u00eddo outro, mas que foi roubado pelos franceses em 1809, durante a invas\u00e3o de Espanha. O terceiro botafumeiro foi utilizado at\u00e9 1851, tendo sido financiado pelo rei Lu\u00eds XI de Fran\u00e7a.<\/p>\n<p>Atualmente, a Catedral conta com dois botafumeiros, que est\u00e3o guardados na Biblioteca; o que habitualmente \u00e9 usado em todas as celebra\u00e7\u00f5es religiosas \u00e9 feito de lat\u00e3o banhado a prata. Mede 1,60 metros e pesa cerca de 62 kg. O outro botafumeiro \u00e9 uma r\u00e9plica, que foi oferecida pelos Alf\u00e9reces Provis\u00f3rios em 1971 e \u00e9 usado quando o anterior est\u00e1 em repara\u00e7\u00e3o.<\/p>\n<p>Devido ao peso e volume do Botafumeiro, s\u00e3o necess\u00e1rias 8 pessoas, os \u201ctiraboleiros\u201d, para o seu funcionamento, atrav\u00e9s de um sistema de cordas e polias, criando um \u201cbalan\u00e7o\u201d ao longo do cruzamento longitudinal da catedral, que vai desde a pra\u00e7a da Azabacheria at\u00e9 a Pra\u00e7a de Platerias.<\/p>\n<div class=\"mp-box mp-box--excl\">A sensa\u00e7\u00e3o que se tem \u00e9 que, a qualquer momento, o Botafumeiro pode bater no teto da Catedral ou a corda que o sustenta pode partir, o que, segundo a hist\u00f3ria, j\u00e1 aconteceu em duas ocasi\u00f5es: uma quando Catarina de Arag\u00e3o, futura rainha de Inglaterra, visitou a Catedral, antes de casar, em 1501, e a segunda em 1622, mas por sorte, em ambos os casos, n\u00e3o houve danos.<\/div>\n<p><img fetchpriority=\"high\" decoding=\"async\" class=\"size-medium wp-image-20642 aligncenter\" src=\"https:\/\/www.mundiplus.com\/wp-content\/uploads\/2024\/04\/Botafumeiro-300x225.jpg\" alt=\"Botafumeiro-catedral-santiago-de-compostela\" width=\"300\" height=\"225\" \/><\/p>\n<h2>EM QUE DIAS PODE SER VISTO EM FUNCIONAMENTO O BOTAFUMEIRO?<\/h2>\n<p>O Botafumeiro \u00e9 posto em funcionamento em determinadas datas religiosas solenes, al\u00e9m de em v\u00e1rias missas das 12:00 (Missa do Peregrino), embora n\u00e3o em todas. Por isso, se o virem a cruzar as naves da <a href=\"http:\/\/catedraldesantiago.es\/catedral\/\" target=\"_blank\" rel=\"noopener\">Catedral<\/a>, aproveitem esse momento m\u00e1gico e \u00fanico. Al\u00e9m disso, existem algumas datas no calend\u00e1rio em que o seu funcionamento est\u00e1 estipulado, pois s\u00e3o dias especiais:<\/p>\n<ul>\n<li>Epifania do Senhor (6 de janeiro)<\/li>\n<li>Domingo de Ressurrei\u00e7\u00e3o<\/li>\n<li>Ascens\u00e3o do Senhor<\/li>\n<li>Batalha de Clavijo (23 de maio)<\/li>\n<li>Festa de Santiago de Compostela (25 de julho)<\/li>\n<li>Assun\u00e7\u00e3o de Nossa Senhora (15 de agosto)<\/li>\n<li>Dia de Todos os Santos (1 de novembro)<\/li>\n<li>Festa de Cristo Rei<\/li>\n<li>Imaculada Concei\u00e7\u00e3o (8 de dezembro)<\/li>\n<li>Festa da Natividade (24 de dezembro)<\/li>\n<li>Traslada\u00e7\u00e3o do Ap\u00f3stolo Santiago (30 de dezembro), nos Anos Santos\/Xacobeos<\/li>\n<li>Liturgia da missa de comemora\u00e7\u00e3o da abertura dos Anos Santos\/Xacobeos (31 de dezembro)<\/li>\n<\/ul>\n<p>Al\u00e9m dessas datas especiais, \u00e9 poss\u00edvel v\u00ea-lo em funcionamento caso alguma pessoa, grupo ou <a href=\"https:\/\/www.mundiplus.com\/pt-pt\/\" target=\"_blank\" rel=\"noopener\">empresa para o Caminho de Santiago organizado<\/a> o solicite, para alguma celebra\u00e7\u00e3o especial, como a conclus\u00e3o de uma peregrina\u00e7\u00e3o a Santiago, em sinal de agradecimento (esta solicita\u00e7\u00e3o tem um custo econ\u00f3mico).<\/p>\n<p>At\u00e9 2016, todas as sextas-feiras, na missa das 19:30, tamb\u00e9m era poss\u00edvel assistir ao &#8220;voo&#8221; do incens\u00e1rio, promovido pela C\u00e2mara de Com\u00e9rcio de Santiago de Compostela.<\/p>\n<p>Devido \u00e0s obras de restauro realizadas na Catedral de Santiago nos \u00faltimos anos, n\u00e3o foi poss\u00edvel desfrutar do espet\u00e1culo do Turibulum Magnum, mas est\u00e1 previsto que o mesmo esteja dispon\u00edvel para os atos comemorativos do in\u00edcio do <a href=\"https:\/\/www.mundiplus.com\/pt-pt\/blog\/ano-santo-2021\" target=\"_blank\" rel=\"noopener noreferrer\">Ano Santo 2021<\/a> (Traslada\u00e7\u00e3o do Ap\u00f3stolo, no dia 30 de dezembro, e liturgia da abertura do Ano Santo, no dia 31 de dezembro), com o que a Catedral volta a contar com um dos seus principais s\u00edmbolos para o deleite de peregrinos e visitantes de todo o mundo.<\/p>\n","protected":false},"excerpt":{"rendered":"<p>Botafumeiro ou Turibulum Magnum \u00e9 um gigantesco incens\u00e1rio ou, em terminologia popular, um &#8220;lan\u00e7ador de fumo&#8221;, que provavelmente foi fabricado entre os S\u00e9culos XII ou XIII, uma vez que n\u00e3o h\u00e1 certeza sobre a data exata. CHEIRAVA MAL NA CATEDRAL DE SANTIAGO? A sua constru\u00e7\u00e3o foi encomendada para mitigar os odores acumulados na Catedral de [&hellip;]<\/p>\n","protected":false},"author":1,"featured_media":115783,"comment_status":"open","ping_status":"open","sticky":false,"template":"","format":"standard","meta":{"footnotes":""},"categories":[574,586],"tags":[],"class_list":["post-115782","post","type-post","status-publish","format-standard","has-post-thumbnail","hentry","category-blog-do-caminho","category-historia-pt"],"_links":{"self":[{"href":"https:\/\/www.mundiplus.com\/pt-pt\/wp-json\/wp\/v2\/posts\/115782","targetHints":{"allow":["GET"]}}],"collection":[{"href":"https:\/\/www.mundiplus.com\/pt-pt\/wp-json\/wp\/v2\/posts"}],"about":[{"href":"https:\/\/www.mundiplus.com\/pt-pt\/wp-json\/wp\/v2\/types\/post"}],"author":[{"embeddable":true,"href":"https:\/\/www.mundiplus.com\/pt-pt\/wp-json\/wp\/v2\/users\/1"}],"replies":[{"embeddable":true,"href":"https:\/\/www.mundiplus.com\/pt-pt\/wp-json\/wp\/v2\/comments?post=115782"}],"version-history":[{"count":0,"href":"https:\/\/www.mundiplus.com\/pt-pt\/wp-json\/wp\/v2\/posts\/115782\/revisions"}],"wp:featuredmedia":[{"embeddable":true,"href":"https:\/\/www.mundiplus.com\/pt-pt\/wp-json\/wp\/v2\/media\/115783"}],"wp:attachment":[{"href":"https:\/\/www.mundiplus.com\/pt-pt\/wp-json\/wp\/v2\/media?parent=115782"}],"wp:term":[{"taxonomy":"category","embeddable":true,"href":"https:\/\/www.mundiplus.com\/pt-pt\/wp-json\/wp\/v2\/categories?post=115782"},{"taxonomy":"post_tag","embeddable":true,"href":"https:\/\/www.mundiplus.com\/pt-pt\/wp-json\/wp\/v2\/tags?post=115782"}],"curies":[{"name":"wp","href":"https:\/\/api.w.org\/{rel}","templated":true}]}}