{"id":115808,"date":"2020-05-15T10:58:07","date_gmt":"2020-05-15T10:58:07","guid":{"rendered":"https:\/\/www.mundiplus.com\/ferrol-arsenais-e-castelos\/"},"modified":"2020-05-15T10:58:07","modified_gmt":"2020-05-15T10:58:07","slug":"ferrol-arsenais-e-castelos","status":"publish","type":"post","link":"https:\/\/www.mundiplus.com\/pt-pt\/blog\/ferrol-arsenais-eccastelos\/","title":{"rendered":"Ferrol. Arsenais e castelos."},"content":{"rendered":"<p class=\"p1\"><span class=\"s1\">Ferrol, cidade galega situada na prov\u00edncia da Corunha, \u00e9 o ponto de partida do <a href=\"https:\/\/www.mundiplus.com\/pt-pt\/caminos\/a-pie\/camino-ingles\/ferrol-santiago\" target=\"_blank\" rel=\"noopener noreferrer\">Caminho de Santiago Ingl\u00eas desde Ferrol<\/a>. O nome &#8220;Ingl\u00eas&#8221; deve-se ao facto de ser o lugar, juntamente com A Corunha, em menor medida, onde chegavam, por via mar\u00edtima, os peregrinos escandinavos, centro-europeus e ingleses, para realizar a sua peregrina\u00e7\u00e3o a Santiago de Compostela na Idade M\u00e9dia, a partir do s\u00e9culo XII. Acredita-se que a primeira peregrina\u00e7\u00e3o deste Caminho tenha ocorrido no ano de 1147.<\/span><\/p>\n<p class=\"p1\"><span class=\"s1\">Cidade eminentemente ligada, desde a sua funda\u00e7\u00e3o, \u00e0s atividades relacionadas com o mar, o que determinou o seu modo de vida, arte, cultura, vida social, urbanismo e ind\u00fastria. Vale a pena um passeio relaxante pelas suas estreitas e irregulares ruas de tra\u00e7ado medieval.<\/span><\/p>\n<p class=\"p1\"><span class=\"s1\">Nos seus primeiros tempos, a principal atividade da cidade era a ind\u00fastria pesqueira. Foi a partir do s\u00e9culo XVI (ano de 1557), no reinado de Filipe II, que se iniciou o crescimento da cidade, com a constru\u00e7\u00e3o de instala\u00e7\u00f5es militares para proteger a cidade de futuros ataques, principalmente de Inglaterra e Fran\u00e7a, que eram as pot\u00eancias europeias rivais de Espanha.<\/span><\/p>\n<p class=\"p3\"><span class=\"s1\">Como resultado disso, foram constru\u00eddos, \u00e0 entrada da ria, tr\u00eas castelos &#8211; S\u00e3o Filipe (o mais importante, Bem de Interesse Cultural), La Palma e S\u00e3o Martinho &#8211; que formavam um tri\u00e2ngulo de fogo defensivo, intranspon\u00edvel por mar. Ao longo dos s\u00e9culos, sofreram v\u00e1rias remodela\u00e7\u00f5es, que terminaram no s\u00e9culo XVIII (ano de 1775). Hoje em dia, o <a href=\"https:\/\/visitferrol.com\/castillo-de-san-felipe\/\" target=\"_blank\" rel=\"nofollow noopener\">Castelo de S\u00e3o Filipe<\/a> e o Castelo de La Palma est\u00e3o bem preservados, mas o de S\u00e3o Martinho j\u00e1 n\u00e3o.<\/span><\/p>\n<p><img fetchpriority=\"high\" decoding=\"async\" class=\"aligncenter wp-image-15584 size-full\" src=\"https:\/\/www.mundiplus.com\/wp-content\/uploads\/2024\/04\/ria-ferrol.jpg\" alt=\"ria-ferrol-camino-ingles\" width=\"843\" height=\"450\" \/><\/p>\n<p class=\"p1\"><span class=\"s1\">Devido \u00e0 importante presen\u00e7a naval e militar em Ferrol, consolidou-se a atividade relacionada com a constru\u00e7\u00e3o e manuten\u00e7\u00e3o de navios militares e civis, o que explica o facto de a cidade contar hoje com importantes estaleiros navais.<\/span><\/p>\n<p class=\"p1\"><span class=\"s1\">A cidade foi-se desenvolvendo a partir do mar em dire\u00e7\u00e3o ao interior. Inicialmente, com humildes casas para pescadores e marinheiros, com toda a infraestrutura subsidi\u00e1ria. Como principal exemplo, foi constru\u00eddo o Bairro de Esteiro, o primeiro bairro oper\u00e1rio da Galiza, criado para os trabalhadores que constru\u00edram o Arsenal, onde ainda se podem ver, como exemplo, a Casa do Pat\u00edn e o antigo Hospital da Marinha.<\/span><\/p>\n<p class=\"p1\"><span class=\"s1\">De import\u00e2ncia especial para a cidade, devemos citar o Marqu\u00eas de la Ensenada, que foi Secret\u00e1rio da Marinha no s\u00e9culo XVIII e durante o seu mandato foi constru\u00eddo o Arsenal da Marinha, o que impulsionou o crescimento da cidade a todos os n\u00edveis.<\/span><\/p>\n<p class=\"p1\"><span class=\"s1\">Outra figura de grande import\u00e2ncia para a cidade foi Jorge Juan e Santacilia, que desenhou o Arsenal, onde se destaca a Sala de Armas, e planeou o Bairro da Magdalena.<\/span><\/p>\n<p><img decoding=\"async\" class=\"aligncenter wp-image-15580 size-large\" src=\"https:\/\/www.mundiplus.com\/wp-content\/uploads\/2024\/04\/TEATRO-JOFRE-FERROL-1024x577.jpg\" alt=\"teatro-jofre-ferrol\" width=\"1024\" height=\"577\" \/><\/p>\n<p class=\"p1\"><span class=\"s1\">Como elementos culturais e ornamentais mais relevantes da cidade, podemos citar tamb\u00e9m:<\/span><\/p>\n<p class=\"p1\"><span class=\"s1\">A Fonte de S\u00e3o Roque: Situada na parte posterior da Igreja de S\u00e3o Francisco, data de 1784 e \u00e9 um dos emblemas da cidade, onde figura o antigo bras\u00e3o de Ferrol.<\/span><\/p>\n<p class=\"p1\"><span class=\"s1\">Teatro Jofre: Inaugurado em 1892, \u00e9 um local emblem\u00e1tico da cultura ferrolana.<\/span><\/p>\n<p><span class=\"s1\">Igreja de S\u00e3o Juli\u00e3o, dedicada ao padroeiro da cidade, que data de 1765 (Conjunto Hist\u00f3rico-Art\u00edstico)<\/span><\/p>\n<p>Se fizermos este <a href=\"https:\/\/www.mundiplus.com\/pt-pt\/\" target=\"_blank\" rel=\"noopener\">Caminho de Santiago com viagem organizada<\/a> <span class=\"s1\">encontraremos localidades como Neda, Puentedeume, Betanzos, Bruma, Sigueiro, entre outras. \u00c0<\/span> nossa chegada a Santiago, receberemos &#8220;a famosa Compostela&#8221;, que certifica que caminh\u00e1mos pelo menos os \u00faltimos 100 quil\u00f3metros do Caminho de Santiago, que no caso de o iniciar a partir de Ferrol, seriam 121 quil\u00f3metros. Outras alternativas muito populares para obter a Compostela s\u00e3o principalmente: o <a href=\"https:\/\/www.mundiplus.com\/pt-pt\/caminos\/a-pie\/camino-frances\/camino-de-santiago-desde-sarria\" target=\"_blank\" rel=\"noopener\">Caminho de Santiago desde Sarria<\/a> e o <a href=\"https:\/\/www.mundiplus.com\/pt-pt\/caminos\/a-pie\/camino-portugues\/tui-santiago\" target=\"_blank\" rel=\"noopener noreferrer\">Caminho de Santiago Portugu\u00eas desde Tui<\/a>.<\/p>\n","protected":false},"excerpt":{"rendered":"<p>Ferrol, cidade galega situada na prov\u00edncia da Corunha, \u00e9 o ponto de partida do Caminho de Santiago Ingl\u00eas desde Ferrol. O nome &#8220;Ingl\u00eas&#8221; deve-se ao facto de ser o lugar, juntamente com A Corunha, em menor medida, onde chegavam, por via mar\u00edtima, os peregrinos escandinavos, centro-europeus e ingleses, para realizar a sua peregrina\u00e7\u00e3o a Santiago [&hellip;]<\/p>\n","protected":false},"author":1,"featured_media":115809,"comment_status":"open","ping_status":"open","sticky":false,"template":"","format":"standard","meta":{"footnotes":""},"categories":[574,602],"tags":[],"class_list":["post-115808","post","type-post","status-publish","format-standard","has-post-thumbnail","hentry","category-blog-do-caminho","category-vilas-e-comarcas"],"_links":{"self":[{"href":"https:\/\/www.mundiplus.com\/pt-pt\/wp-json\/wp\/v2\/posts\/115808","targetHints":{"allow":["GET"]}}],"collection":[{"href":"https:\/\/www.mundiplus.com\/pt-pt\/wp-json\/wp\/v2\/posts"}],"about":[{"href":"https:\/\/www.mundiplus.com\/pt-pt\/wp-json\/wp\/v2\/types\/post"}],"author":[{"embeddable":true,"href":"https:\/\/www.mundiplus.com\/pt-pt\/wp-json\/wp\/v2\/users\/1"}],"replies":[{"embeddable":true,"href":"https:\/\/www.mundiplus.com\/pt-pt\/wp-json\/wp\/v2\/comments?post=115808"}],"version-history":[{"count":0,"href":"https:\/\/www.mundiplus.com\/pt-pt\/wp-json\/wp\/v2\/posts\/115808\/revisions"}],"wp:featuredmedia":[{"embeddable":true,"href":"https:\/\/www.mundiplus.com\/pt-pt\/wp-json\/wp\/v2\/media\/115809"}],"wp:attachment":[{"href":"https:\/\/www.mundiplus.com\/pt-pt\/wp-json\/wp\/v2\/media?parent=115808"}],"wp:term":[{"taxonomy":"category","embeddable":true,"href":"https:\/\/www.mundiplus.com\/pt-pt\/wp-json\/wp\/v2\/categories?post=115808"},{"taxonomy":"post_tag","embeddable":true,"href":"https:\/\/www.mundiplus.com\/pt-pt\/wp-json\/wp\/v2\/tags?post=115808"}],"curies":[{"name":"wp","href":"https:\/\/api.w.org\/{rel}","templated":true}]}}