{"id":115944,"date":"2020-03-24T13:07:55","date_gmt":"2020-03-24T13:07:55","guid":{"rendered":"https:\/\/www.mundiplus.com\/el-pedron\/"},"modified":"2024-12-21T10:57:38","modified_gmt":"2024-12-21T10:57:38","slug":"el-pedron","status":"publish","type":"post","link":"https:\/\/www.mundiplus.com\/pt-pt\/blog\/el-pedron-origem-del-camino-de-santiago\/","title":{"rendered":"El Pedron"},"content":{"rendered":"<p><strong>O Pedr\u00f3n \u00e9 um Ara romana de granito<\/strong>, dedicada ao Deus Netuno, Deus do mar, que foi constru\u00edda, provavelmente, no s\u00e9culo II e que deu nome \u00e0 cidade de Padr\u00f3n, localizada no <a href=\"https:\/\/www.mundiplus.com\/pt-pt\/caminos\/a-pie\/camino-portugues\/tui-santiago\" target=\"_blank\" rel=\"noopener noreferrer\">Caminho Portugu\u00eas desde Tui<\/a>.<\/p>\n<p>Na mesma aparece a seguinte inscri\u00e7\u00e3o: &#8220;NO ORIS ESES D S P&#8221;, que \u00e9 interpretada como &#8220;A Netuno, o F\u00f3rum Iriense, com o seu dinheiro&#8221; ou &#8220;A Netuno, os Orieses colocaram \u00e0s suas expensas este monumento&#8221; (j\u00e1 que desapareceram numerosas letras apagadas pelo desgaste do tempo e pela tradi\u00e7\u00e3o medieval de abra\u00e7ar a &#8220;pedra&#8221; pelos peregrinos que faziam <a href=\"https:\/\/www.mundiplus.com\/pt-pt\/\" target=\"_blank\" rel=\"noopener\">viagens organizadas ao Caminho de Santiago<\/a>).<\/p>\n<p><img fetchpriority=\"high\" decoding=\"async\" class=\"aligncenter wp-image-13308 size-full\" src=\"https:\/\/www.mundiplus.com\/wp-content\/uploads\/2024\/04\/Iglesia-santiago-padron.jpg\" alt=\"Iglesia-santiago-pedron\" width=\"1024\" height=\"683\" \/><\/p>\n<p>Era usada para amarrar as embarca\u00e7\u00f5es no porto exterior de Iria Flavia, pelos fen\u00edcios e, segundo a tradi\u00e7\u00e3o, o &#8220;Pedr\u00f3n&#8221; serviu para amarrar a embarca\u00e7\u00e3o que transportou o corpo do Ap\u00f3stolo Santiago de Palestina at\u00e9 \u00e0 Galiza. Pode ser considerada parte do cais milenar de Iria Flavia. Por este motivo, foi derivada a grande import\u00e2ncia que teve, nos primeiros anos de peregrina\u00e7\u00e3o, a cidade de Padr\u00f3n e, de facto, entre os peregrinos ouvia-se o seguinte ditado: &#8220;Quem vai a Santiago e n\u00e3o vai a Padr\u00f3n, ou faz a Romaria ou n\u00e3o&#8221;.<\/p>\n<p>Encontra-se situada sob o altar-mor da Igreja de Santiago de Padr\u00f3n, que se encontra junto ao rio Sar. Muitos dizem que \u00e9 aqui que realmente come\u00e7a a origem do Caminho de Santiago.<\/p>\n<p><img decoding=\"async\" class=\"alignnone wp-image-21337 size-large\" src=\"https:\/\/www.mundiplus.com\/wp-content\/uploads\/2024\/04\/ermita-santiaguino-do-monte-1024x512.jpg\" alt=\"ermita santiaguino do monte\" width=\"1024\" height=\"512\" \/><\/p>\n<p>&nbsp;<\/p>\n<p>Muito pr\u00f3xima encontra-se, num monte pr\u00f3ximo, o Altar do Ap\u00f3stolo, <a href=\"https:\/\/www.guiarepsol.com\/es\/fichas\/monumento\/ermita-de-santiaguino-del-monte-14842\/\" target=\"_blank\" rel=\"nofollow noopener\">Ermida de Santiagu\u00ed\u00f1o do Monte<\/a>, numa zona rochosa onde existe um cruzeiro e a figura do ap\u00f3stolo, onde, segundo a tradi\u00e7\u00e3o, ele esteve pregando aos gentios e onde fez brotar com o seu b\u00e1culo a fonte milagrosa que se encontra debaixo da ermida, perto da mesma. Na Idade M\u00e9dia, os peregrinos costumavam subir os seus degraus de joelhos, rezando em cada um deles, pelo inferno, pelo c\u00e9u e pelo purgat\u00f3rio, como assim o chamavam.<\/p>\n<p>\u00c0 localidade de Padr\u00f3n pode-se chegar a p\u00e9, fazendo a etapa Caldas de Rei-Padr\u00f3n, ou pode-se fazer a <a href=\"https:\/\/www.mundiplus.com\/pt-pt\/blog\/variante-espiritual-del-camino-portugues-la-translatio\" target=\"_blank\" rel=\"noopener noreferrer\">variante espiritual<\/a> com a Translatio de barco, e os \u00faltimos 2,5 km a p\u00e9. Outros peregrinos decidem <a href=\"https:\/\/www.mundiplus.com\/pt-pt\/caminos\/a-pie\/camino-frances\/camino-de-santiago-desde-sarria\" target=\"_blank\" rel=\"noopener\">fazer o Caminho de Santiago desde Sarria<\/a> como primeiro contacto, dada a sua popularidade, e posteriormente passam para o Caminho Portugu\u00eas, onde j\u00e1 podem ver o Pedr\u00f3n.<\/p>\n","protected":false},"excerpt":{"rendered":"<p>O Pedr\u00f3n \u00e9 um Ara romana de granito, dedicada ao Deus Netuno, Deus do mar, que foi constru\u00edda, provavelmente, no s\u00e9culo II e que deu nome \u00e0 cidade de Padr\u00f3n, localizada no Caminho Portugu\u00eas desde Tui. Na mesma aparece a seguinte inscri\u00e7\u00e3o: &#8220;NO ORIS ESES D S P&#8221;, que \u00e9 interpretada como &#8220;A Netuno, o [&hellip;]<\/p>\n","protected":false},"author":1,"featured_media":109151,"comment_status":"open","ping_status":"open","sticky":false,"template":"","format":"standard","meta":{"footnotes":""},"categories":[574,578],"tags":[],"class_list":["post-115944","post","type-post","status-publish","format-standard","has-post-thumbnail","hentry","category-blog-do-caminho","category-caminho-a-pe"],"_links":{"self":[{"href":"https:\/\/www.mundiplus.com\/pt-pt\/wp-json\/wp\/v2\/posts\/115944","targetHints":{"allow":["GET"]}}],"collection":[{"href":"https:\/\/www.mundiplus.com\/pt-pt\/wp-json\/wp\/v2\/posts"}],"about":[{"href":"https:\/\/www.mundiplus.com\/pt-pt\/wp-json\/wp\/v2\/types\/post"}],"author":[{"embeddable":true,"href":"https:\/\/www.mundiplus.com\/pt-pt\/wp-json\/wp\/v2\/users\/1"}],"replies":[{"embeddable":true,"href":"https:\/\/www.mundiplus.com\/pt-pt\/wp-json\/wp\/v2\/comments?post=115944"}],"version-history":[{"count":0,"href":"https:\/\/www.mundiplus.com\/pt-pt\/wp-json\/wp\/v2\/posts\/115944\/revisions"}],"wp:featuredmedia":[{"embeddable":true,"href":"https:\/\/www.mundiplus.com\/pt-pt\/wp-json\/wp\/v2\/media\/109151"}],"wp:attachment":[{"href":"https:\/\/www.mundiplus.com\/pt-pt\/wp-json\/wp\/v2\/media?parent=115944"}],"wp:term":[{"taxonomy":"category","embeddable":true,"href":"https:\/\/www.mundiplus.com\/pt-pt\/wp-json\/wp\/v2\/categories?post=115944"},{"taxonomy":"post_tag","embeddable":true,"href":"https:\/\/www.mundiplus.com\/pt-pt\/wp-json\/wp\/v2\/tags?post=115944"}],"curies":[{"name":"wp","href":"https:\/\/api.w.org\/{rel}","templated":true}]}}